{"id":17377,"date":"2021-01-16T13:33:16","date_gmt":"2021-01-16T13:33:16","guid":{"rendered":"https:\/\/www.vegaintro-projekti.com\/pilar-stari\/?p=17377"},"modified":"2021-02-12T16:41:48","modified_gmt":"2021-02-12T16:41:48","slug":"dr-sc-sandra-cvikic-mirna-reintegracija-i-tranzicijska-pravda-u-republici-hrvatskoj","status":"publish","type":"post","link":"https:\/\/www.vegaintro-projekti.com\/pilar-stari\/2021\/01\/dr-sc-sandra-cvikic-mirna-reintegracija-i-tranzicijska-pravda-u-republici-hrvatskoj\/","title":{"rendered":"Dr. sc. Sandra Cviki\u0107: Mirna reintegracija i tranzicijska pravda u Republici Hrvatskoj"},"content":{"rendered":"<p><strong>Povodom 23. obljetnice uspje\u0161no provedene mirne reintegracije hrvatskog Podunavlja i zavr\u0161etka mandata UNTAES-a, Vukovarsko-srijemska \u017eupanije organizirala je 15. sije\u010dnja 2021. predstavljanje publikacije \u201eMirna reintegracija \u2013 pobjeda razuma\u201c u prostorijama Hrvatskoga doma Vukovar u Vukovaru. Glavni urednik publikacije je Branko Pek, a izdava\u010di su Studio HS Internet d.o.o. Osijek i Zajednica povratnika Osje\u010dko-baranjske \u017eupanije. Dr. sc. Sandra Cviki\u0107 autorica je priloga \u201eMirna reintegracija i tranzicijska pravda u RH\u201c.<\/strong> &#8211; <a href=\"https:\/\/www.vegaintro-projekti.com\/pilar-stari\/wp-content\/uploads\/2021\/01\/Mirna_reintegracija_Web.pdf\">Puni tekst publikacije<\/a><\/p>\n<p><a href=\"https:\/\/www.vegaintro-projekti.com\/pilar-stari\/wp-content\/uploads\/2021\/01\/Mirna_reintegracija_Web.pdf\"><img decoding=\"async\" loading=\"lazy\" class=\"alignnone wp-image-17373 size-full\" src=\"https:\/\/www.vegaintro-projekti.com\/pilar-stari\/wp-content\/uploads\/2021\/01\/Knjiga.jpg\" alt=\"\" width=\"620\" height=\"900\" srcset=\"https:\/\/www.vegaintro-projekti.com\/pilar-stari\/wp-content\/uploads\/2021\/01\/Knjiga.jpg 620w, https:\/\/www.vegaintro-projekti.com\/pilar-stari\/wp-content\/uploads\/2021\/01\/Knjiga-207x300.jpg 207w\" sizes=\"(max-width: 620px) 100vw, 620px\" \/><\/a><\/p>\n<p>&#8211; <a href=\"https:\/\/www.vegaintro-projekti.com\/pilar-stari\/wp-content\/uploads\/2021\/01\/Pozivnica.pdf\">Pozivnica za obilje\u017eavanje 23. obljetnice uspje\u0161no provedene mirne reintegracije hrvatskog Podunavlja i zavr\u0161etka mandata UNTAES-a, 15. sije\u010dnja 2021.<\/a><br \/>\n&#8211; <strong>Publikacija:<\/strong> <a href=\"https:\/\/www.vegaintro-projekti.com\/pilar-stari\/wp-content\/uploads\/2021\/01\/Mirna_reintegracija_Web.pdf\">Mirna reintegracija \u2013 pobjeda razuma, Osijek, 2021.<\/a><\/p>\n<p><span style=\"font-size: 14pt;\">Iz medija<\/span><\/p>\n<p>&#8211; <a href=\"https:\/\/radio.hrt.hr\/radio-osijek\/clanak\/mirna-reintegracija-pobjeda-razumom\/256994\/\">https:\/\/radio.hrt.hr\/radio-osijek\/clanak\/mirna-reintegracija-pobjeda-razumom\/256994\/<\/a><br \/>\n&#8211; <a href=\"http:\/\/www.vusz.hr\/novosti-najave-i-sluzbene-obavijesti\/odana-pocast-i-predstavljena-knjiga-mirna-reintegracija-pobjeda-razumom\">http:\/\/www.vusz.hr\/novosti-najave-i-sluzbene-obavijesti\/odana-pocast-i-predstavljena-knjiga-mirna-reintegracija-pobjeda-razumom<\/a><br \/>\n&#8211; <a href=\"https:\/\/kamenjar.com\/mirna-reintegracija-pobjeda-razumom\/\">https:\/\/kamenjar.com\/mirna-reintegracija-pobjeda-razumom\/<\/a><br \/>\n&#8211; <a href=\"https:\/\/ika.hkm.hr\/novosti\/u-vukovaru-predstavljena-knjiga-mirna-reintegracija-pobjeda-razumom\/\">https:\/\/ika.hkm.hr\/novosti\/u-vukovaru-predstavljena-knjiga-mirna-reintegracija-pobjeda-razumom\/<\/a><br \/>\n&#8211; <a href=\"https:\/\/www.vecernji.hr\/vijesti\/povodom-obljetnice-reintegriranja-podunavlja-objavljena-knjiga-trebala-bi-biti-udzbenik-1461224\">https:\/\/www.vecernji.hr\/vijesti\/povodom-obljetnice-reintegriranja-podunavlja-objavljena-knjiga-trebala-bi-biti-udzbenik-1461224<\/a><br \/>\n&#8211; <a href=\"https:\/\/www.radio-baranja.hr\/vijesti\/kultura\/13851-pobjeda-razumom\">https:\/\/www.radio-baranja.hr\/vijesti\/kultura\/13851-pobjeda-razumom<\/a><br \/>\n&#8211; <a href=\"https:\/\/hr.n1info.com\/vijesti\/odana-pocast-i-predstavljena-knjiga-mirna-reintegracija-pobjeda-razumom\/\">https:\/\/hr.n1info.com\/vijesti\/odana-pocast-i-predstavljena-knjiga-mirna-reintegracija-pobjeda-razumom\/<\/a><br \/>\n&#8211; <a href=\"https:\/\/www.glas-slavonije.hr\/453981\/4\/Predstavljena-knjiga-Mirna-reintegracija--pobjeda-razumom\">https:\/\/www.glas-slavonije.hr\/453981\/4\/Predstavljena-knjiga-Mirna-reintegracija&#8211;pobjeda-razumom<\/a><br \/>\n&#8211; <a href=\"https:\/\/youtu.be\/19rvraVI988\">https:\/\/youtu.be\/19rvraVI988<\/a> (Dnevnik Osje\u010dke televizije)<br \/>\n&#8211; <a href=\"https:\/\/youtu.be\/LRbk-FmT68M\">https:\/\/youtu.be\/LRbk-FmT68M<\/a> (Vijesti STV)<br \/>\n&#8211; <a href=\"https:\/\/osijeknews.hr\/dan-mirne-reintegracije-obiljezen-u-vukovaru\/\">https:\/\/osijeknews.hr\/dan-mirne-reintegracije-obiljezen-u-vukovaru\/<\/a><br \/>\n&#8211; <a href=\"https:\/\/vijesti.hrt.hr\/700692\/vukovar-obiljezio-obljetnicu-mirne-reintegracije-hrvatskog-podunavlja\">https:\/\/vijesti.hrt.hr\/700692\/vukovar-obiljezio-obljetnicu-mirne-reintegracije-hrvatskog-podunavlja<\/a><br \/>\n&#8211; <a href=\"https:\/\/www.morh.hr\/obiljezene-obljetnice-medunarodnog-priznanja-rh-i-mirne-reintegracije\/\">https:\/\/www.morh.hr\/obiljezene-obljetnice-medunarodnog-priznanja-rh-i-mirne-reintegracije\/<\/a><br \/>\n&#8211; <a href=\"https:\/\/www.tportal.hr\/vijesti\/clanak\/penava-o-velikoj-obljetnici-ne-smijemo-zaboraviti-te-najteze-dane-i-teret-koji-su-pojedinci-ali-i-mi-svi-skupa-kao-narod-iznijeli-20210115\">https:\/\/www.tportal.hr\/vijesti\/clanak\/penava-o-velikoj-obljetnici-ne-smijemo-zaboraviti-te-najteze-dane-i-teret-koji-su-pojedinci-ali-i-mi-svi-skupa-kao-narod-iznijeli-20210115<\/a><\/p>\n<blockquote><p><a href=\"https:\/\/www.vegaintro-projekti.com\/pilar-stari\/2018\/04\/podruni-centar-vukovar-2\/\">Podru\u010dni centar Vukovar<\/a><\/p><\/blockquote>\n","protected":false},"excerpt":{"rendered":"<p>Povodom 23. obljetnice uspje\u0161no provedene mirne reintegracije hrvatskog Podunavlja i zavr\u0161etka mandata UNTAES-a, Vukovarsko-srijemska \u017eupanije organizirala je 15. sije\u010dnja 2021. predstavljanje publikacije \u201eMirna reintegracija \u2013 pobjeda razuma\u201c u prostorijama Hrvatskoga doma Vukovar u Vukovaru. Glavni urednik publikacije je Branko Pek, a izdava\u010di su Studio HS Internet d.o.o. Osijek i Zajednica povratnika Osje\u010dko-baranjske \u017eupanije. Dr. sc.&hellip; <a class=\"continue\" href=\"https:\/\/www.vegaintro-projekti.com\/pilar-stari\/2021\/01\/dr-sc-sandra-cvikic-mirna-reintegracija-i-tranzicijska-pravda-u-republici-hrvatskoj\/\">Pro\u010ditaj vi\u0161e o<span> Dr. sc. Sandra Cviki\u0107: Mirna reintegracija i tranzicijska pravda u Republici Hrvatskoj<\/span><\/a><\/p>\n","protected":false},"author":7,"featured_media":17383,"comment_status":"closed","ping_status":"closed","sticky":false,"template":"","format":"standard","meta":{"inline_featured_image":false,"ngg_post_thumbnail":0,"footnotes":""},"categories":[48,11],"tags":[],"yoast_head":"<!-- This site is optimized with the Yoast SEO plugin v21.2 - https:\/\/yoast.com\/wordpress\/plugins\/seo\/ -->\n<title>Dr. sc. Sandra Cviki\u0107: Mirna reintegracija i tranzicijska pravda u Republici Hrvatskoj - Institut dru&scaron;tvenih znanosti Ivo Pilar<\/title>\n<meta name=\"robots\" content=\"noindex, follow, max-snippet:-1, max-image-preview:large, max-video-preview:-1\" \/>\n<meta property=\"og:locale\" content=\"hr_HR\" \/>\n<meta property=\"og:type\" content=\"article\" \/>\n<meta property=\"og:title\" content=\"Dr. sc. Sandra Cviki\u0107: Mirna reintegracija i tranzicijska pravda u Republici Hrvatskoj - Institut dru&scaron;tvenih znanosti Ivo Pilar\" \/>\n<meta property=\"og:description\" content=\"Povodom 23. obljetnice uspje\u0161no provedene mirne reintegracije hrvatskog Podunavlja i zavr\u0161etka mandata UNTAES-a, Vukovarsko-srijemska \u017eupanije organizirala je 15. sije\u010dnja 2021. predstavljanje publikacije \u201eMirna reintegracija \u2013 pobjeda razuma\u201c u prostorijama Hrvatskoga doma Vukovar u Vukovaru. Glavni urednik publikacije je Branko Pek, a izdava\u010di su Studio HS Internet d.o.o. Osijek i Zajednica povratnika Osje\u010dko-baranjske \u017eupanije. Dr. sc.&hellip; Pro\u010ditaj vi\u0161e o Dr. sc. Sandra Cviki\u0107: Mirna reintegracija i tranzicijska pravda u Republici Hrvatskoj\" \/>\n<meta property=\"og:url\" content=\"https:\/\/www.vegaintro-projekti.com\/pilar-stari\/2021\/01\/dr-sc-sandra-cvikic-mirna-reintegracija-i-tranzicijska-pravda-u-republici-hrvatskoj\/\" \/>\n<meta property=\"og:site_name\" content=\"Institut dru&scaron;tvenih znanosti Ivo Pilar\" \/>\n<meta property=\"article:published_time\" content=\"2021-01-16T13:33:16+00:00\" \/>\n<meta property=\"article:modified_time\" content=\"2021-02-12T16:41:48+00:00\" \/>\n<meta property=\"og:image\" content=\"https:\/\/www.vegaintro-projekti.com\/pilar-stari\/wp-content\/uploads\/2021\/01\/Knjiga_4fi.jpg\" \/>\n\t<meta property=\"og:image:width\" content=\"586\" \/>\n\t<meta property=\"og:image:height\" content=\"293\" \/>\n\t<meta property=\"og:image:type\" content=\"image\/jpeg\" \/>\n<meta name=\"author\" content=\"Boris\" \/>\n<meta name=\"twitter:card\" content=\"summary_large_image\" \/>\n<meta name=\"twitter:label1\" content=\"Napisao\/la\" \/>\n\t<meta name=\"twitter:data1\" content=\"Boris\" \/>\n\t<meta name=\"twitter:label2\" content=\"Procijenjeno vrijeme \u010ditanja\" \/>\n\t<meta name=\"twitter:data2\" content=\"1 minuta\" \/>\n<script type=\"application\/ld+json\" class=\"yoast-schema-graph\">{\"@context\":\"https:\/\/schema.org\",\"@graph\":[{\"@type\":\"WebPage\",\"@id\":\"https:\/\/www.vegaintro-projekti.com\/pilar-stari\/2021\/01\/dr-sc-sandra-cvikic-mirna-reintegracija-i-tranzicijska-pravda-u-republici-hrvatskoj\/\",\"url\":\"https:\/\/www.vegaintro-projekti.com\/pilar-stari\/2021\/01\/dr-sc-sandra-cvikic-mirna-reintegracija-i-tranzicijska-pravda-u-republici-hrvatskoj\/\",\"name\":\"Dr. sc. Sandra Cviki\u0107: Mirna reintegracija i tranzicijska pravda u Republici Hrvatskoj - Institut dru&scaron;tvenih znanosti Ivo Pilar\",\"isPartOf\":{\"@id\":\"https:\/\/www.vegaintro-projekti.com\/pilar-stari\/#website\"},\"datePublished\":\"2021-01-16T13:33:16+00:00\",\"dateModified\":\"2021-02-12T16:41:48+00:00\",\"author\":{\"@id\":\"https:\/\/www.vegaintro-projekti.com\/pilar-stari\/#\/schema\/person\/ddd404c9f1e15e4ffef5986ac6a5d28b\"},\"breadcrumb\":{\"@id\":\"https:\/\/www.vegaintro-projekti.com\/pilar-stari\/2021\/01\/dr-sc-sandra-cvikic-mirna-reintegracija-i-tranzicijska-pravda-u-republici-hrvatskoj\/#breadcrumb\"},\"inLanguage\":\"hr\",\"potentialAction\":[{\"@type\":\"ReadAction\",\"target\":[\"https:\/\/www.vegaintro-projekti.com\/pilar-stari\/2021\/01\/dr-sc-sandra-cvikic-mirna-reintegracija-i-tranzicijska-pravda-u-republici-hrvatskoj\/\"]}]},{\"@type\":\"BreadcrumbList\",\"@id\":\"https:\/\/www.vegaintro-projekti.com\/pilar-stari\/2021\/01\/dr-sc-sandra-cvikic-mirna-reintegracija-i-tranzicijska-pravda-u-republici-hrvatskoj\/#breadcrumb\",\"itemListElement\":[{\"@type\":\"ListItem\",\"position\":1,\"name\":\"Home\",\"item\":\"https:\/\/www.vegaintro-projekti.com\/pilar-stari\/\"},{\"@type\":\"ListItem\",\"position\":2,\"name\":\"Dr. sc. Sandra Cviki\u0107: Mirna reintegracija i tranzicijska pravda u Republici Hrvatskoj\"}]},{\"@type\":\"WebSite\",\"@id\":\"https:\/\/www.vegaintro-projekti.com\/pilar-stari\/#website\",\"url\":\"https:\/\/www.vegaintro-projekti.com\/pilar-stari\/\",\"name\":\"Institut dru&scaron;tvenih znanosti Ivo Pilar\",\"description\":\"Pilar\",\"potentialAction\":[{\"@type\":\"SearchAction\",\"target\":{\"@type\":\"EntryPoint\",\"urlTemplate\":\"https:\/\/www.vegaintro-projekti.com\/pilar-stari\/?s={search_term_string}\"},\"query-input\":\"required name=search_term_string\"}],\"inLanguage\":\"hr\"},{\"@type\":\"Person\",\"@id\":\"https:\/\/www.vegaintro-projekti.com\/pilar-stari\/#\/schema\/person\/ddd404c9f1e15e4ffef5986ac6a5d28b\",\"name\":\"Boris\",\"image\":{\"@type\":\"ImageObject\",\"inLanguage\":\"hr\",\"@id\":\"https:\/\/www.vegaintro-projekti.com\/pilar-stari\/#\/schema\/person\/image\/\",\"url\":\"https:\/\/secure.gravatar.com\/avatar\/29557b161a6ce6ab86ac1503164f1e90?s=96&d=mm&r=g\",\"contentUrl\":\"https:\/\/secure.gravatar.com\/avatar\/29557b161a6ce6ab86ac1503164f1e90?s=96&d=mm&r=g\",\"caption\":\"Boris\"},\"url\":\"https:\/\/www.vegaintro-projekti.com\/pilar-stari\/author\/boris\/\"}]}<\/script>\n<!-- \/ Yoast SEO plugin. -->","yoast_head_json":{"title":"Dr. sc. Sandra Cviki\u0107: Mirna reintegracija i tranzicijska pravda u Republici Hrvatskoj - Institut dru&scaron;tvenih znanosti Ivo Pilar","robots":{"index":"noindex","follow":"follow","max-snippet":"max-snippet:-1","max-image-preview":"max-image-preview:large","max-video-preview":"max-video-preview:-1"},"og_locale":"hr_HR","og_type":"article","og_title":"Dr. sc. Sandra Cviki\u0107: Mirna reintegracija i tranzicijska pravda u Republici Hrvatskoj - Institut dru&scaron;tvenih znanosti Ivo Pilar","og_description":"Povodom 23. obljetnice uspje\u0161no provedene mirne reintegracije hrvatskog Podunavlja i zavr\u0161etka mandata UNTAES-a, Vukovarsko-srijemska \u017eupanije organizirala je 15. sije\u010dnja 2021. predstavljanje publikacije \u201eMirna reintegracija \u2013 pobjeda razuma\u201c u prostorijama Hrvatskoga doma Vukovar u Vukovaru. Glavni urednik publikacije je Branko Pek, a izdava\u010di su Studio HS Internet d.o.o. Osijek i Zajednica povratnika Osje\u010dko-baranjske \u017eupanije. Dr. sc.&hellip; Pro\u010ditaj vi\u0161e o Dr. sc. Sandra Cviki\u0107: Mirna reintegracija i tranzicijska pravda u Republici Hrvatskoj","og_url":"https:\/\/www.vegaintro-projekti.com\/pilar-stari\/2021\/01\/dr-sc-sandra-cvikic-mirna-reintegracija-i-tranzicijska-pravda-u-republici-hrvatskoj\/","og_site_name":"Institut dru&scaron;tvenih znanosti Ivo Pilar","article_published_time":"2021-01-16T13:33:16+00:00","article_modified_time":"2021-02-12T16:41:48+00:00","og_image":[{"width":586,"height":293,"url":"https:\/\/www.vegaintro-projekti.com\/pilar-stari\/wp-content\/uploads\/2021\/01\/Knjiga_4fi.jpg","type":"image\/jpeg"}],"author":"Boris","twitter_card":"summary_large_image","twitter_misc":{"Napisao\/la":"Boris","Procijenjeno vrijeme \u010ditanja":"1 minuta"},"schema":{"@context":"https:\/\/schema.org","@graph":[{"@type":"WebPage","@id":"https:\/\/www.vegaintro-projekti.com\/pilar-stari\/2021\/01\/dr-sc-sandra-cvikic-mirna-reintegracija-i-tranzicijska-pravda-u-republici-hrvatskoj\/","url":"https:\/\/www.vegaintro-projekti.com\/pilar-stari\/2021\/01\/dr-sc-sandra-cvikic-mirna-reintegracija-i-tranzicijska-pravda-u-republici-hrvatskoj\/","name":"Dr. sc. Sandra Cviki\u0107: Mirna reintegracija i tranzicijska pravda u Republici Hrvatskoj - Institut dru&scaron;tvenih znanosti Ivo Pilar","isPartOf":{"@id":"https:\/\/www.vegaintro-projekti.com\/pilar-stari\/#website"},"datePublished":"2021-01-16T13:33:16+00:00","dateModified":"2021-02-12T16:41:48+00:00","author":{"@id":"https:\/\/www.vegaintro-projekti.com\/pilar-stari\/#\/schema\/person\/ddd404c9f1e15e4ffef5986ac6a5d28b"},"breadcrumb":{"@id":"https:\/\/www.vegaintro-projekti.com\/pilar-stari\/2021\/01\/dr-sc-sandra-cvikic-mirna-reintegracija-i-tranzicijska-pravda-u-republici-hrvatskoj\/#breadcrumb"},"inLanguage":"hr","potentialAction":[{"@type":"ReadAction","target":["https:\/\/www.vegaintro-projekti.com\/pilar-stari\/2021\/01\/dr-sc-sandra-cvikic-mirna-reintegracija-i-tranzicijska-pravda-u-republici-hrvatskoj\/"]}]},{"@type":"BreadcrumbList","@id":"https:\/\/www.vegaintro-projekti.com\/pilar-stari\/2021\/01\/dr-sc-sandra-cvikic-mirna-reintegracija-i-tranzicijska-pravda-u-republici-hrvatskoj\/#breadcrumb","itemListElement":[{"@type":"ListItem","position":1,"name":"Home","item":"https:\/\/www.vegaintro-projekti.com\/pilar-stari\/"},{"@type":"ListItem","position":2,"name":"Dr. sc. Sandra Cviki\u0107: Mirna reintegracija i tranzicijska pravda u Republici Hrvatskoj"}]},{"@type":"WebSite","@id":"https:\/\/www.vegaintro-projekti.com\/pilar-stari\/#website","url":"https:\/\/www.vegaintro-projekti.com\/pilar-stari\/","name":"Institut dru&scaron;tvenih znanosti Ivo Pilar","description":"Pilar","potentialAction":[{"@type":"SearchAction","target":{"@type":"EntryPoint","urlTemplate":"https:\/\/www.vegaintro-projekti.com\/pilar-stari\/?s={search_term_string}"},"query-input":"required name=search_term_string"}],"inLanguage":"hr"},{"@type":"Person","@id":"https:\/\/www.vegaintro-projekti.com\/pilar-stari\/#\/schema\/person\/ddd404c9f1e15e4ffef5986ac6a5d28b","name":"Boris","image":{"@type":"ImageObject","inLanguage":"hr","@id":"https:\/\/www.vegaintro-projekti.com\/pilar-stari\/#\/schema\/person\/image\/","url":"https:\/\/secure.gravatar.com\/avatar\/29557b161a6ce6ab86ac1503164f1e90?s=96&d=mm&r=g","contentUrl":"https:\/\/secure.gravatar.com\/avatar\/29557b161a6ce6ab86ac1503164f1e90?s=96&d=mm&r=g","caption":"Boris"},"url":"https:\/\/www.vegaintro-projekti.com\/pilar-stari\/author\/boris\/"}]}},"_links":{"self":[{"href":"https:\/\/www.vegaintro-projekti.com\/pilar-stari\/wp-json\/wp\/v2\/posts\/17377"}],"collection":[{"href":"https:\/\/www.vegaintro-projekti.com\/pilar-stari\/wp-json\/wp\/v2\/posts"}],"about":[{"href":"https:\/\/www.vegaintro-projekti.com\/pilar-stari\/wp-json\/wp\/v2\/types\/post"}],"author":[{"embeddable":true,"href":"https:\/\/www.vegaintro-projekti.com\/pilar-stari\/wp-json\/wp\/v2\/users\/7"}],"replies":[{"embeddable":true,"href":"https:\/\/www.vegaintro-projekti.com\/pilar-stari\/wp-json\/wp\/v2\/comments?post=17377"}],"version-history":[{"count":6,"href":"https:\/\/www.vegaintro-projekti.com\/pilar-stari\/wp-json\/wp\/v2\/posts\/17377\/revisions"}],"predecessor-version":[{"id":17390,"href":"https:\/\/www.vegaintro-projekti.com\/pilar-stari\/wp-json\/wp\/v2\/posts\/17377\/revisions\/17390"}],"wp:featuredmedia":[{"embeddable":true,"href":"https:\/\/www.vegaintro-projekti.com\/pilar-stari\/wp-json\/wp\/v2\/media\/17383"}],"wp:attachment":[{"href":"https:\/\/www.vegaintro-projekti.com\/pilar-stari\/wp-json\/wp\/v2\/media?parent=17377"}],"wp:term":[{"taxonomy":"category","embeddable":true,"href":"https:\/\/www.vegaintro-projekti.com\/pilar-stari\/wp-json\/wp\/v2\/categories?post=17377"},{"taxonomy":"post_tag","embeddable":true,"href":"https:\/\/www.vegaintro-projekti.com\/pilar-stari\/wp-json\/wp\/v2\/tags?post=17377"}],"curies":[{"name":"wp","href":"https:\/\/api.w.org\/{rel}","templated":true}]}}