{"id":17611,"date":"2021-02-05T16:53:08","date_gmt":"2021-02-05T16:53:08","guid":{"rendered":"https:\/\/www.vegaintro-projekti.com\/pilar-stari\/?p=17611"},"modified":"2022-04-07T09:40:05","modified_gmt":"2022-04-07T09:40:05","slug":"prostori-doma-socio-kulturni-aspekti-urbanog-stanovanja-u-hrvatskoj","status":"publish","type":"post","link":"https:\/\/www.vegaintro-projekti.com\/pilar-stari\/2021\/02\/prostori-doma-socio-kulturni-aspekti-urbanog-stanovanja-u-hrvatskoj\/","title":{"rendered":"Prostori doma: socio-kulturni aspekti urbanog stanovanja u Hrvatskoj"},"content":{"rendered":"<p><strong>U razdoblju od 1. 12. 2020. do 30. 11. 2022. Institut dru\u0161tvenih znanosti Ivo Pilar provodi projekt &#8220;Prostori doma: socio-kulturni aspekti urbanog stanovanja u Hrvatskoj&#8221;. Voditeljica projekta je dr. sc. Sara Ursi\u0107. <\/strong>&#8211; <a href=\"#novosti\">Novosti<\/a><\/p>\n<p><img decoding=\"async\" loading=\"lazy\" class=\"alignnone wp-image-17610 size-full\" src=\"https:\/\/www.vegaintro-projekti.com\/pilar-stari\/wp-content\/uploads\/2021\/02\/prostor_doma.jpg\" alt=\"\" width=\"620\" height=\"412\" srcset=\"https:\/\/www.vegaintro-projekti.com\/pilar-stari\/wp-content\/uploads\/2021\/02\/prostor_doma.jpg 620w, https:\/\/www.vegaintro-projekti.com\/pilar-stari\/wp-content\/uploads\/2021\/02\/prostor_doma-300x199.jpg 300w, https:\/\/www.vegaintro-projekti.com\/pilar-stari\/wp-content\/uploads\/2021\/02\/prostor_doma-310x205.jpg 310w\" sizes=\"(max-width: 620px) 100vw, 620px\" \/><\/p>\n<p><strong>Stanovanje je multidimenzionalan proces<\/strong> u kojem se u teorijskom i istra\u017eiva\u010dkom smislu preklapaju razli\u010dite grane sociologije (sociologija stanovanja, sociologija svakodnevice, sociologija prostora i mjesta te sociologija kulture), te je izrazito multidisciplinaran s vrijednim doprinosima iz podru\u010dja antropologije, psihologije i humane geografije, ali i ekonomije, prava i politi\u010dkih znanosti. Takva \u0161irina govori o kompleksnosti fenomena, ali i o potencijalno problemati\u010dnom istra\u017eiva\u010dkom pitanju: \u0161to je stanovanje?<\/p>\n<p>Pitanje je posebno va\u017eno u suvremenom kontekstu. U vrijeme masovnih putovanja i mega mobilnosti, globalna zdravstvena kriza prisilila je urbano stanovni\u0161tvo da (pre)biva doma.<br \/>\nIstra\u017euju\u0107i stanovanje nalazimo se u vrtlogu dihotomija. S jedne strane proces stjecanja stambenog prostora je kompleksan proces na sustavnoj i individualnoj razini, tro\u0161kovi stjecanja i odr\u017eavanja stambenog prostora predstavljaju zna\u010dajan dio financijske konstrukcije svakog ku\u0107anstva \u0161to nerijetko izaziva egzistencijalni gr\u010d. Istovremeno stanovanje simbolizira uto\u010di\u0161te, privatnost i slobodu ili, naravno, nedostatak navedenog.<\/p>\n<p>Ishodi\u0161te projekta je konceptualizacija stambenog prostora kao doma gdje je dom definiran kao proces koji se transformira ovisno o temporalnim, prostornim i dru\u0161tvenim uvjetima.<br \/>\nProjekt se temelji na pretpostavci da prostori doma imaju svoju intrizi\u010dnu logiku koja nam govori o na\u010dinu \u017eivota, vrijednostima i pona\u0161anju ljudi te da istra\u017eivanjem konstrukcije i prakse doma mo\u017eemo dobiti uvid u funkcioniranje razli\u010ditih dimenzija dru\u0161tva. Govore\u0107i vi\u0161e u teorijskim konstruktima zanimaju nas prakse i rituali stanovanja i svakodnevice i zna\u010denja koja povezujemo s prostorom doma.<\/p>\n<p>Interdisciplinarnost i slojevitost stanovanja omogu\u0107ava istra\u017eivanje na makro i mikro razini, a sociolo\u0161ka istra\u017eivanja se u najve\u0107em dijelu bave makro razinom koriste\u0107i klasi\u010dna kvantitativna istra\u017eivanja da bi se objasnili pojedini aspekti stanovanja, ostavljaju\u0107i odre\u0111ene razine stanovanja donekle neistra\u017eenima, posebno kada je rije\u010d o hrvatskom kontekstu. Interes za ovu temu generiran je polo\u017eajem istra\u017eivanja doma unutar sociologije stanovanja gdje je koncept doma marginaliziran u odnosu na makro istra\u017eivanja stambenih politika ili kvalitete \u017eivota u kojima se prostor doma ne pojavljuje ili se pojavljuje kao sporedan koncept. Uzimaju\u0107i u obzir sve navedeno u projektu koristimo mikrosociolo\u0161ku analizu u svrhu identificiranja socio-kulturnih aspekata stambenih praksi u svakodnevnom \u017eivotu. Istra\u017eivanje \u0107e se provesti kvalitativnom metodologijom kombiniraju\u0107i metodu intervjua, vizualnog narativa i mapiranja. Istra\u017eivanje je fenomenolo\u0161ko s obzirom da je cilj dubinski, iscrpno i detaljno istra\u017eiti i razumjeti fenomen stanovanja kroz konceptualizaciju prostora doma kao ishodi\u0161ta i produkta dru\u0161tvene zbilje.<\/p>\n<p>Cilj projekta je dobiti uvid u svakodnevne prakse stanovanja, s posebnim naglaskom na vrijednosti i zna\u010denja koja se prepisuju domu. Mapiranje prostora doma i identifikacija razli\u010ditih modela kori\u0161tenja stambenog prostora s obzirom na socio-kulturne aspekte stanovanja posebni su ciljevi projekta.<\/p>\n<p><a id=\"novosti\"><\/a><span style=\"font-size: 14pt;\">Novosti<\/span><\/p>\n<p>&#8211; <a href=\"https:\/\/www.vegaintro-projekti.com\/pilar-stari\/2021\/12\/dr-sc-sara-ursic-na-konferenciji-green-urbanism-5th-edition-6-7-12-2021\/\">Dr. sc. Sara Ursi\u0107 na konferenciji Green Urbanism \u2013 5th Edition, 6.-7. 12. 2021.<\/a><br \/>\n&#8211; <a href=\"https:\/\/www.vegaintro-projekti.com\/pilar-stari\/2021\/12\/dr-sc-sara-ursic-i-dr-sc-raseljka-krnic-na-konferenciji-environments-by-design-health-wellbeing-and-place-1-3-12-2021\/\">Dr. sc. Sara Ursi\u0107 i dr. sc. Ra\u0161eljka Krni\u0107 na konferenciji Environments by design &#8211; Health, Wellbeing and Place, 1.-3. 12. 2021.<\/a><\/p>\n","protected":false},"excerpt":{"rendered":"<p>U razdoblju od 1. 12. 2020. do 30. 11. 2022. Institut dru\u0161tvenih znanosti Ivo Pilar provodi projekt &#8220;Prostori doma: socio-kulturni aspekti urbanog stanovanja u Hrvatskoj&#8221;. Voditeljica projekta je dr. sc. Sara Ursi\u0107. &#8211; Novosti Stanovanje je multidimenzionalan proces u kojem se u teorijskom i istra\u017eiva\u010dkom smislu preklapaju razli\u010dite grane sociologije (sociologija stanovanja, sociologija svakodnevice, sociologija&hellip; <a class=\"continue\" href=\"https:\/\/www.vegaintro-projekti.com\/pilar-stari\/2021\/02\/prostori-doma-socio-kulturni-aspekti-urbanog-stanovanja-u-hrvatskoj\/\">Pro\u010ditaj vi\u0161e o<span> Prostori doma: socio-kulturni aspekti urbanog stanovanja u Hrvatskoj<\/span><\/a><\/p>\n","protected":false},"author":7,"featured_media":17610,"comment_status":"closed","ping_status":"closed","sticky":false,"template":"","format":"standard","meta":{"inline_featured_image":false,"ngg_post_thumbnail":0,"footnotes":""},"categories":[29],"tags":[],"yoast_head":"<!-- This site is optimized with the Yoast SEO plugin v21.2 - https:\/\/yoast.com\/wordpress\/plugins\/seo\/ -->\n<title>Prostori doma: socio-kulturni aspekti urbanog stanovanja u Hrvatskoj - Institut dru&scaron;tvenih znanosti Ivo Pilar<\/title>\n<meta name=\"robots\" content=\"noindex, follow, max-snippet:-1, max-image-preview:large, max-video-preview:-1\" \/>\n<meta property=\"og:locale\" content=\"hr_HR\" \/>\n<meta property=\"og:type\" content=\"article\" \/>\n<meta property=\"og:title\" content=\"Prostori doma: socio-kulturni aspekti urbanog stanovanja u Hrvatskoj - Institut dru&scaron;tvenih znanosti Ivo Pilar\" \/>\n<meta property=\"og:description\" content=\"U razdoblju od 1. 12. 2020. do 30. 11. 2022. Institut dru\u0161tvenih znanosti Ivo Pilar provodi projekt &#8220;Prostori doma: socio-kulturni aspekti urbanog stanovanja u Hrvatskoj&#8221;. Voditeljica projekta je dr. sc. Sara Ursi\u0107. &#8211; Novosti Stanovanje je multidimenzionalan proces u kojem se u teorijskom i istra\u017eiva\u010dkom smislu preklapaju razli\u010dite grane sociologije (sociologija stanovanja, sociologija svakodnevice, sociologija&hellip; Pro\u010ditaj vi\u0161e o Prostori doma: socio-kulturni aspekti urbanog stanovanja u Hrvatskoj\" \/>\n<meta property=\"og:url\" content=\"https:\/\/www.vegaintro-projekti.com\/pilar-stari\/2021\/02\/prostori-doma-socio-kulturni-aspekti-urbanog-stanovanja-u-hrvatskoj\/\" \/>\n<meta property=\"og:site_name\" content=\"Institut dru&scaron;tvenih znanosti Ivo Pilar\" \/>\n<meta property=\"article:published_time\" content=\"2021-02-05T16:53:08+00:00\" \/>\n<meta property=\"article:modified_time\" content=\"2022-04-07T09:40:05+00:00\" \/>\n<meta property=\"og:image\" content=\"https:\/\/www.vegaintro-projekti.com\/pilar-stari\/wp-content\/uploads\/2021\/02\/prostor_doma.jpg\" \/>\n\t<meta property=\"og:image:width\" content=\"620\" \/>\n\t<meta property=\"og:image:height\" content=\"412\" \/>\n\t<meta property=\"og:image:type\" content=\"image\/jpeg\" \/>\n<meta name=\"author\" content=\"Boris\" \/>\n<meta name=\"twitter:card\" content=\"summary_large_image\" \/>\n<meta name=\"twitter:label1\" content=\"Napisao\/la\" \/>\n\t<meta name=\"twitter:data1\" content=\"Boris\" \/>\n\t<meta name=\"twitter:label2\" content=\"Procijenjeno vrijeme \u010ditanja\" \/>\n\t<meta name=\"twitter:data2\" content=\"3 minute\" \/>\n<script type=\"application\/ld+json\" class=\"yoast-schema-graph\">{\"@context\":\"https:\/\/schema.org\",\"@graph\":[{\"@type\":\"WebPage\",\"@id\":\"https:\/\/www.vegaintro-projekti.com\/pilar-stari\/2021\/02\/prostori-doma-socio-kulturni-aspekti-urbanog-stanovanja-u-hrvatskoj\/\",\"url\":\"https:\/\/www.vegaintro-projekti.com\/pilar-stari\/2021\/02\/prostori-doma-socio-kulturni-aspekti-urbanog-stanovanja-u-hrvatskoj\/\",\"name\":\"Prostori doma: socio-kulturni aspekti urbanog stanovanja u Hrvatskoj - Institut dru&scaron;tvenih znanosti Ivo Pilar\",\"isPartOf\":{\"@id\":\"https:\/\/www.vegaintro-projekti.com\/pilar-stari\/#website\"},\"datePublished\":\"2021-02-05T16:53:08+00:00\",\"dateModified\":\"2022-04-07T09:40:05+00:00\",\"author\":{\"@id\":\"https:\/\/www.vegaintro-projekti.com\/pilar-stari\/#\/schema\/person\/ddd404c9f1e15e4ffef5986ac6a5d28b\"},\"breadcrumb\":{\"@id\":\"https:\/\/www.vegaintro-projekti.com\/pilar-stari\/2021\/02\/prostori-doma-socio-kulturni-aspekti-urbanog-stanovanja-u-hrvatskoj\/#breadcrumb\"},\"inLanguage\":\"hr\",\"potentialAction\":[{\"@type\":\"ReadAction\",\"target\":[\"https:\/\/www.vegaintro-projekti.com\/pilar-stari\/2021\/02\/prostori-doma-socio-kulturni-aspekti-urbanog-stanovanja-u-hrvatskoj\/\"]}]},{\"@type\":\"BreadcrumbList\",\"@id\":\"https:\/\/www.vegaintro-projekti.com\/pilar-stari\/2021\/02\/prostori-doma-socio-kulturni-aspekti-urbanog-stanovanja-u-hrvatskoj\/#breadcrumb\",\"itemListElement\":[{\"@type\":\"ListItem\",\"position\":1,\"name\":\"Home\",\"item\":\"https:\/\/www.vegaintro-projekti.com\/pilar-stari\/\"},{\"@type\":\"ListItem\",\"position\":2,\"name\":\"Prostori doma: socio-kulturni aspekti urbanog stanovanja u Hrvatskoj\"}]},{\"@type\":\"WebSite\",\"@id\":\"https:\/\/www.vegaintro-projekti.com\/pilar-stari\/#website\",\"url\":\"https:\/\/www.vegaintro-projekti.com\/pilar-stari\/\",\"name\":\"Institut dru&scaron;tvenih znanosti Ivo Pilar\",\"description\":\"Pilar\",\"potentialAction\":[{\"@type\":\"SearchAction\",\"target\":{\"@type\":\"EntryPoint\",\"urlTemplate\":\"https:\/\/www.vegaintro-projekti.com\/pilar-stari\/?s={search_term_string}\"},\"query-input\":\"required name=search_term_string\"}],\"inLanguage\":\"hr\"},{\"@type\":\"Person\",\"@id\":\"https:\/\/www.vegaintro-projekti.com\/pilar-stari\/#\/schema\/person\/ddd404c9f1e15e4ffef5986ac6a5d28b\",\"name\":\"Boris\",\"image\":{\"@type\":\"ImageObject\",\"inLanguage\":\"hr\",\"@id\":\"https:\/\/www.vegaintro-projekti.com\/pilar-stari\/#\/schema\/person\/image\/\",\"url\":\"https:\/\/secure.gravatar.com\/avatar\/29557b161a6ce6ab86ac1503164f1e90?s=96&d=mm&r=g\",\"contentUrl\":\"https:\/\/secure.gravatar.com\/avatar\/29557b161a6ce6ab86ac1503164f1e90?s=96&d=mm&r=g\",\"caption\":\"Boris\"},\"url\":\"https:\/\/www.vegaintro-projekti.com\/pilar-stari\/author\/boris\/\"}]}<\/script>\n<!-- \/ Yoast SEO plugin. -->","yoast_head_json":{"title":"Prostori doma: socio-kulturni aspekti urbanog stanovanja u Hrvatskoj - Institut dru&scaron;tvenih znanosti Ivo Pilar","robots":{"index":"noindex","follow":"follow","max-snippet":"max-snippet:-1","max-image-preview":"max-image-preview:large","max-video-preview":"max-video-preview:-1"},"og_locale":"hr_HR","og_type":"article","og_title":"Prostori doma: socio-kulturni aspekti urbanog stanovanja u Hrvatskoj - Institut dru&scaron;tvenih znanosti Ivo Pilar","og_description":"U razdoblju od 1. 12. 2020. do 30. 11. 2022. Institut dru\u0161tvenih znanosti Ivo Pilar provodi projekt &#8220;Prostori doma: socio-kulturni aspekti urbanog stanovanja u Hrvatskoj&#8221;. Voditeljica projekta je dr. sc. Sara Ursi\u0107. &#8211; Novosti Stanovanje je multidimenzionalan proces u kojem se u teorijskom i istra\u017eiva\u010dkom smislu preklapaju razli\u010dite grane sociologije (sociologija stanovanja, sociologija svakodnevice, sociologija&hellip; Pro\u010ditaj vi\u0161e o Prostori doma: socio-kulturni aspekti urbanog stanovanja u Hrvatskoj","og_url":"https:\/\/www.vegaintro-projekti.com\/pilar-stari\/2021\/02\/prostori-doma-socio-kulturni-aspekti-urbanog-stanovanja-u-hrvatskoj\/","og_site_name":"Institut dru&scaron;tvenih znanosti Ivo Pilar","article_published_time":"2021-02-05T16:53:08+00:00","article_modified_time":"2022-04-07T09:40:05+00:00","og_image":[{"width":620,"height":412,"url":"https:\/\/www.vegaintro-projekti.com\/pilar-stari\/wp-content\/uploads\/2021\/02\/prostor_doma.jpg","type":"image\/jpeg"}],"author":"Boris","twitter_card":"summary_large_image","twitter_misc":{"Napisao\/la":"Boris","Procijenjeno vrijeme \u010ditanja":"3 minute"},"schema":{"@context":"https:\/\/schema.org","@graph":[{"@type":"WebPage","@id":"https:\/\/www.vegaintro-projekti.com\/pilar-stari\/2021\/02\/prostori-doma-socio-kulturni-aspekti-urbanog-stanovanja-u-hrvatskoj\/","url":"https:\/\/www.vegaintro-projekti.com\/pilar-stari\/2021\/02\/prostori-doma-socio-kulturni-aspekti-urbanog-stanovanja-u-hrvatskoj\/","name":"Prostori doma: socio-kulturni aspekti urbanog stanovanja u Hrvatskoj - Institut dru&scaron;tvenih znanosti Ivo Pilar","isPartOf":{"@id":"https:\/\/www.vegaintro-projekti.com\/pilar-stari\/#website"},"datePublished":"2021-02-05T16:53:08+00:00","dateModified":"2022-04-07T09:40:05+00:00","author":{"@id":"https:\/\/www.vegaintro-projekti.com\/pilar-stari\/#\/schema\/person\/ddd404c9f1e15e4ffef5986ac6a5d28b"},"breadcrumb":{"@id":"https:\/\/www.vegaintro-projekti.com\/pilar-stari\/2021\/02\/prostori-doma-socio-kulturni-aspekti-urbanog-stanovanja-u-hrvatskoj\/#breadcrumb"},"inLanguage":"hr","potentialAction":[{"@type":"ReadAction","target":["https:\/\/www.vegaintro-projekti.com\/pilar-stari\/2021\/02\/prostori-doma-socio-kulturni-aspekti-urbanog-stanovanja-u-hrvatskoj\/"]}]},{"@type":"BreadcrumbList","@id":"https:\/\/www.vegaintro-projekti.com\/pilar-stari\/2021\/02\/prostori-doma-socio-kulturni-aspekti-urbanog-stanovanja-u-hrvatskoj\/#breadcrumb","itemListElement":[{"@type":"ListItem","position":1,"name":"Home","item":"https:\/\/www.vegaintro-projekti.com\/pilar-stari\/"},{"@type":"ListItem","position":2,"name":"Prostori doma: socio-kulturni aspekti urbanog stanovanja u Hrvatskoj"}]},{"@type":"WebSite","@id":"https:\/\/www.vegaintro-projekti.com\/pilar-stari\/#website","url":"https:\/\/www.vegaintro-projekti.com\/pilar-stari\/","name":"Institut dru&scaron;tvenih znanosti Ivo Pilar","description":"Pilar","potentialAction":[{"@type":"SearchAction","target":{"@type":"EntryPoint","urlTemplate":"https:\/\/www.vegaintro-projekti.com\/pilar-stari\/?s={search_term_string}"},"query-input":"required name=search_term_string"}],"inLanguage":"hr"},{"@type":"Person","@id":"https:\/\/www.vegaintro-projekti.com\/pilar-stari\/#\/schema\/person\/ddd404c9f1e15e4ffef5986ac6a5d28b","name":"Boris","image":{"@type":"ImageObject","inLanguage":"hr","@id":"https:\/\/www.vegaintro-projekti.com\/pilar-stari\/#\/schema\/person\/image\/","url":"https:\/\/secure.gravatar.com\/avatar\/29557b161a6ce6ab86ac1503164f1e90?s=96&d=mm&r=g","contentUrl":"https:\/\/secure.gravatar.com\/avatar\/29557b161a6ce6ab86ac1503164f1e90?s=96&d=mm&r=g","caption":"Boris"},"url":"https:\/\/www.vegaintro-projekti.com\/pilar-stari\/author\/boris\/"}]}},"_links":{"self":[{"href":"https:\/\/www.vegaintro-projekti.com\/pilar-stari\/wp-json\/wp\/v2\/posts\/17611"}],"collection":[{"href":"https:\/\/www.vegaintro-projekti.com\/pilar-stari\/wp-json\/wp\/v2\/posts"}],"about":[{"href":"https:\/\/www.vegaintro-projekti.com\/pilar-stari\/wp-json\/wp\/v2\/types\/post"}],"author":[{"embeddable":true,"href":"https:\/\/www.vegaintro-projekti.com\/pilar-stari\/wp-json\/wp\/v2\/users\/7"}],"replies":[{"embeddable":true,"href":"https:\/\/www.vegaintro-projekti.com\/pilar-stari\/wp-json\/wp\/v2\/comments?post=17611"}],"version-history":[{"count":4,"href":"https:\/\/www.vegaintro-projekti.com\/pilar-stari\/wp-json\/wp\/v2\/posts\/17611\/revisions"}],"predecessor-version":[{"id":22044,"href":"https:\/\/www.vegaintro-projekti.com\/pilar-stari\/wp-json\/wp\/v2\/posts\/17611\/revisions\/22044"}],"wp:featuredmedia":[{"embeddable":true,"href":"https:\/\/www.vegaintro-projekti.com\/pilar-stari\/wp-json\/wp\/v2\/media\/17610"}],"wp:attachment":[{"href":"https:\/\/www.vegaintro-projekti.com\/pilar-stari\/wp-json\/wp\/v2\/media?parent=17611"}],"wp:term":[{"taxonomy":"category","embeddable":true,"href":"https:\/\/www.vegaintro-projekti.com\/pilar-stari\/wp-json\/wp\/v2\/categories?post=17611"},{"taxonomy":"post_tag","embeddable":true,"href":"https:\/\/www.vegaintro-projekti.com\/pilar-stari\/wp-json\/wp\/v2\/tags?post=17611"}],"curies":[{"name":"wp","href":"https:\/\/api.w.org\/{rel}","templated":true}]}}