{"id":17705,"date":"2021-02-12T15:21:48","date_gmt":"2021-02-12T15:21:48","guid":{"rendered":"https:\/\/www.vegaintro-projekti.com\/pilar-stari\/?p=17705"},"modified":"2021-02-22T21:31:45","modified_gmt":"2021-02-22T21:31:45","slug":"dr-sc-mislav-gabelica-imenovan-glavnim-i-odgovornim-urednikom-casopisa-pilar-12-2-2021","status":"publish","type":"post","link":"https:\/\/www.vegaintro-projekti.com\/pilar-stari\/2021\/02\/dr-sc-mislav-gabelica-imenovan-glavnim-i-odgovornim-urednikom-casopisa-pilar-12-2-2021\/","title":{"rendered":"Dr. sc. Mislav Gabelica imenovan glavnim i odgovornim urednikom \u010casopisa Pilar, 12. 2. 2021."},"content":{"rendered":"<p><strong>Sukladno Prethodnom mi\u0161ljenju Znanstvenog vije\u0107a i prijedloga ravnatelja Instituta Pilar znanstveni suradnik dr. sc. Mislav Gabelica imenovan je za glavnog i odgovornog urednika \u010casopisa za dru\u0161tvene i humanisti\u010dke studije PILAR.<\/strong> &#8211; <a href=\"https:\/\/www.vegaintro-projekti.com\/pilar-stari\/biografije\/user-bio\/?my_user_id=26\">Dr. sc. Mislav Gabelica<\/a><\/p>\n<p><img decoding=\"async\" loading=\"lazy\" class=\"alignnone wp-image-17708 size-full\" src=\"https:\/\/www.vegaintro-projekti.com\/pilar-stari\/wp-content\/uploads\/2021\/02\/P_logo-e1613143711236.jpg\" alt=\"\" width=\"620\" height=\"403\"><\/p>\n<p>&#8211; <a href=\"https:\/\/www.vegaintro-projekti.com\/pilar-stari\/wp-content\/uploads\/2021\/02\/Odluka_gl-odg_urednik_Casopisa_Pilar.pdf\">Odluka o imenovanju glavnog i odgovornog urednika \u010casopisa Pilar, 21. 1. 2021.<\/a><\/p>\n<p>Mandat glavnog i odgovornog urednika traje dvije godine, u razdoblju od 12. velja\u010de 2021. do 11. velja\u010de 2023. godine. Imenovani glavni i odgovorni urednik predlo\u017eio je 15. velja\u010de 2021.&nbsp; ravnatelju Instituta zamjenika glavnog urednika, tajnika \u010dasopisa i \u010dlanove uredni\u010dkog vije\u0107a koji su odlukom i imenovani:<\/p>\n<p>&#8211; <a href=\"https:\/\/www.vegaintro-projekti.com\/pilar-stari\/wp-content\/uploads\/2021\/02\/Casopis_Pilar-Ur_vijece.pdf\">Odluka o imenovanju zamjenika glavnog i odgovornog urednika, tajnice i uredni\u010dkog vije\u0107a \u010dasopisa, 15. 2. 2021.<\/a>&nbsp;<\/p>\n<blockquote><p><a href=\"https:\/\/www.vegaintro-projekti.com\/pilar-stari\/2017\/12\/asopis-pilar\/\">\u010casopis PILAR<\/a><\/p><\/blockquote>\n","protected":false},"excerpt":{"rendered":"<p>Sukladno Prethodnom mi\u0161ljenju Znanstvenog vije\u0107a i prijedloga ravnatelja Instituta Pilar znanstveni suradnik dr. sc. Mislav Gabelica imenovan je za glavnog i odgovornog urednika \u010casopisa za dru\u0161tvene i humanisti\u010dke studije PILAR. &#8211; Dr. sc. Mislav Gabelica &#8211; Odluka o imenovanju glavnog i odgovornog urednika \u010casopisa Pilar, 21. 1. 2021. Mandat glavnog i odgovornog urednika traje dvije&hellip; <a class=\"continue\" href=\"https:\/\/www.vegaintro-projekti.com\/pilar-stari\/2021\/02\/dr-sc-mislav-gabelica-imenovan-glavnim-i-odgovornim-urednikom-casopisa-pilar-12-2-2021\/\">Pro\u010ditaj vi\u0161e o<span> Dr. sc. Mislav Gabelica imenovan glavnim i odgovornim urednikom \u010casopisa Pilar, 12. 2. 2021.<\/span><\/a><\/p>\n","protected":false},"author":7,"featured_media":17708,"comment_status":"closed","ping_status":"closed","sticky":false,"template":"","format":"standard","meta":{"inline_featured_image":false,"ngg_post_thumbnail":0,"footnotes":""},"categories":[9],"tags":[],"yoast_head":"<!-- This site is optimized with the Yoast SEO plugin v21.2 - https:\/\/yoast.com\/wordpress\/plugins\/seo\/ -->\n<title>Dr. sc. Mislav Gabelica imenovan glavnim i odgovornim urednikom \u010casopisa Pilar, 12. 2. 2021. - Institut dru&scaron;tvenih znanosti Ivo Pilar<\/title>\n<meta name=\"robots\" content=\"noindex, follow, max-snippet:-1, max-image-preview:large, max-video-preview:-1\" \/>\n<meta property=\"og:locale\" content=\"hr_HR\" \/>\n<meta property=\"og:type\" content=\"article\" \/>\n<meta property=\"og:title\" content=\"Dr. sc. Mislav Gabelica imenovan glavnim i odgovornim urednikom \u010casopisa Pilar, 12. 2. 2021. - Institut dru&scaron;tvenih znanosti Ivo Pilar\" \/>\n<meta property=\"og:description\" content=\"Sukladno Prethodnom mi\u0161ljenju Znanstvenog vije\u0107a i prijedloga ravnatelja Instituta Pilar znanstveni suradnik dr. sc. Mislav Gabelica imenovan je za glavnog i odgovornog urednika \u010casopisa za dru\u0161tvene i humanisti\u010dke studije PILAR. &#8211; Dr. sc. Mislav Gabelica &#8211; Odluka o imenovanju glavnog i odgovornog urednika \u010casopisa Pilar, 21. 1. 2021. Mandat glavnog i odgovornog urednika traje dvije&hellip; Pro\u010ditaj vi\u0161e o Dr. sc. Mislav Gabelica imenovan glavnim i odgovornim urednikom \u010casopisa Pilar, 12. 2. 2021.\" \/>\n<meta property=\"og:url\" content=\"https:\/\/www.vegaintro-projekti.com\/pilar-stari\/2021\/02\/dr-sc-mislav-gabelica-imenovan-glavnim-i-odgovornim-urednikom-casopisa-pilar-12-2-2021\/\" \/>\n<meta property=\"og:site_name\" content=\"Institut dru&scaron;tvenih znanosti Ivo Pilar\" \/>\n<meta property=\"article:published_time\" content=\"2021-02-12T15:21:48+00:00\" \/>\n<meta property=\"article:modified_time\" content=\"2021-02-22T21:31:45+00:00\" \/>\n<meta property=\"og:image\" content=\"https:\/\/www.vegaintro-projekti.com\/pilar-stari\/wp-content\/uploads\/2021\/02\/P_logo-e1613143711236.jpg\" \/>\n\t<meta property=\"og:image:width\" content=\"620\" \/>\n\t<meta property=\"og:image:height\" content=\"403\" \/>\n\t<meta property=\"og:image:type\" content=\"image\/jpeg\" \/>\n<meta name=\"author\" content=\"Boris\" \/>\n<meta name=\"twitter:card\" content=\"summary_large_image\" \/>\n<meta name=\"twitter:label1\" content=\"Napisao\/la\" \/>\n\t<meta name=\"twitter:data1\" content=\"Boris\" \/>\n\t<meta name=\"twitter:label2\" content=\"Procijenjeno vrijeme \u010ditanja\" \/>\n\t<meta name=\"twitter:data2\" content=\"1 minuta\" \/>\n<script type=\"application\/ld+json\" class=\"yoast-schema-graph\">{\"@context\":\"https:\/\/schema.org\",\"@graph\":[{\"@type\":\"WebPage\",\"@id\":\"https:\/\/www.vegaintro-projekti.com\/pilar-stari\/2021\/02\/dr-sc-mislav-gabelica-imenovan-glavnim-i-odgovornim-urednikom-casopisa-pilar-12-2-2021\/\",\"url\":\"https:\/\/www.vegaintro-projekti.com\/pilar-stari\/2021\/02\/dr-sc-mislav-gabelica-imenovan-glavnim-i-odgovornim-urednikom-casopisa-pilar-12-2-2021\/\",\"name\":\"Dr. sc. Mislav Gabelica imenovan glavnim i odgovornim urednikom \u010casopisa Pilar, 12. 2. 2021. - Institut dru&scaron;tvenih znanosti Ivo Pilar\",\"isPartOf\":{\"@id\":\"https:\/\/www.vegaintro-projekti.com\/pilar-stari\/#website\"},\"datePublished\":\"2021-02-12T15:21:48+00:00\",\"dateModified\":\"2021-02-22T21:31:45+00:00\",\"author\":{\"@id\":\"https:\/\/www.vegaintro-projekti.com\/pilar-stari\/#\/schema\/person\/ddd404c9f1e15e4ffef5986ac6a5d28b\"},\"breadcrumb\":{\"@id\":\"https:\/\/www.vegaintro-projekti.com\/pilar-stari\/2021\/02\/dr-sc-mislav-gabelica-imenovan-glavnim-i-odgovornim-urednikom-casopisa-pilar-12-2-2021\/#breadcrumb\"},\"inLanguage\":\"hr\",\"potentialAction\":[{\"@type\":\"ReadAction\",\"target\":[\"https:\/\/www.vegaintro-projekti.com\/pilar-stari\/2021\/02\/dr-sc-mislav-gabelica-imenovan-glavnim-i-odgovornim-urednikom-casopisa-pilar-12-2-2021\/\"]}]},{\"@type\":\"BreadcrumbList\",\"@id\":\"https:\/\/www.vegaintro-projekti.com\/pilar-stari\/2021\/02\/dr-sc-mislav-gabelica-imenovan-glavnim-i-odgovornim-urednikom-casopisa-pilar-12-2-2021\/#breadcrumb\",\"itemListElement\":[{\"@type\":\"ListItem\",\"position\":1,\"name\":\"Home\",\"item\":\"https:\/\/www.vegaintro-projekti.com\/pilar-stari\/\"},{\"@type\":\"ListItem\",\"position\":2,\"name\":\"Dr. sc. Mislav Gabelica imenovan glavnim i odgovornim urednikom \u010casopisa Pilar, 12. 2. 2021.\"}]},{\"@type\":\"WebSite\",\"@id\":\"https:\/\/www.vegaintro-projekti.com\/pilar-stari\/#website\",\"url\":\"https:\/\/www.vegaintro-projekti.com\/pilar-stari\/\",\"name\":\"Institut dru&scaron;tvenih znanosti Ivo Pilar\",\"description\":\"Pilar\",\"potentialAction\":[{\"@type\":\"SearchAction\",\"target\":{\"@type\":\"EntryPoint\",\"urlTemplate\":\"https:\/\/www.vegaintro-projekti.com\/pilar-stari\/?s={search_term_string}\"},\"query-input\":\"required name=search_term_string\"}],\"inLanguage\":\"hr\"},{\"@type\":\"Person\",\"@id\":\"https:\/\/www.vegaintro-projekti.com\/pilar-stari\/#\/schema\/person\/ddd404c9f1e15e4ffef5986ac6a5d28b\",\"name\":\"Boris\",\"image\":{\"@type\":\"ImageObject\",\"inLanguage\":\"hr\",\"@id\":\"https:\/\/www.vegaintro-projekti.com\/pilar-stari\/#\/schema\/person\/image\/\",\"url\":\"https:\/\/secure.gravatar.com\/avatar\/29557b161a6ce6ab86ac1503164f1e90?s=96&d=mm&r=g\",\"contentUrl\":\"https:\/\/secure.gravatar.com\/avatar\/29557b161a6ce6ab86ac1503164f1e90?s=96&d=mm&r=g\",\"caption\":\"Boris\"},\"url\":\"https:\/\/www.vegaintro-projekti.com\/pilar-stari\/author\/boris\/\"}]}<\/script>\n<!-- \/ Yoast SEO plugin. -->","yoast_head_json":{"title":"Dr. sc. Mislav Gabelica imenovan glavnim i odgovornim urednikom \u010casopisa Pilar, 12. 2. 2021. - Institut dru&scaron;tvenih znanosti Ivo Pilar","robots":{"index":"noindex","follow":"follow","max-snippet":"max-snippet:-1","max-image-preview":"max-image-preview:large","max-video-preview":"max-video-preview:-1"},"og_locale":"hr_HR","og_type":"article","og_title":"Dr. sc. Mislav Gabelica imenovan glavnim i odgovornim urednikom \u010casopisa Pilar, 12. 2. 2021. - Institut dru&scaron;tvenih znanosti Ivo Pilar","og_description":"Sukladno Prethodnom mi\u0161ljenju Znanstvenog vije\u0107a i prijedloga ravnatelja Instituta Pilar znanstveni suradnik dr. sc. Mislav Gabelica imenovan je za glavnog i odgovornog urednika \u010casopisa za dru\u0161tvene i humanisti\u010dke studije PILAR. &#8211; Dr. sc. Mislav Gabelica &#8211; Odluka o imenovanju glavnog i odgovornog urednika \u010casopisa Pilar, 21. 1. 2021. Mandat glavnog i odgovornog urednika traje dvije&hellip; Pro\u010ditaj vi\u0161e o Dr. sc. Mislav Gabelica imenovan glavnim i odgovornim urednikom \u010casopisa Pilar, 12. 2. 2021.","og_url":"https:\/\/www.vegaintro-projekti.com\/pilar-stari\/2021\/02\/dr-sc-mislav-gabelica-imenovan-glavnim-i-odgovornim-urednikom-casopisa-pilar-12-2-2021\/","og_site_name":"Institut dru&scaron;tvenih znanosti Ivo Pilar","article_published_time":"2021-02-12T15:21:48+00:00","article_modified_time":"2021-02-22T21:31:45+00:00","og_image":[{"width":620,"height":403,"url":"https:\/\/www.vegaintro-projekti.com\/pilar-stari\/wp-content\/uploads\/2021\/02\/P_logo-e1613143711236.jpg","type":"image\/jpeg"}],"author":"Boris","twitter_card":"summary_large_image","twitter_misc":{"Napisao\/la":"Boris","Procijenjeno vrijeme \u010ditanja":"1 minuta"},"schema":{"@context":"https:\/\/schema.org","@graph":[{"@type":"WebPage","@id":"https:\/\/www.vegaintro-projekti.com\/pilar-stari\/2021\/02\/dr-sc-mislav-gabelica-imenovan-glavnim-i-odgovornim-urednikom-casopisa-pilar-12-2-2021\/","url":"https:\/\/www.vegaintro-projekti.com\/pilar-stari\/2021\/02\/dr-sc-mislav-gabelica-imenovan-glavnim-i-odgovornim-urednikom-casopisa-pilar-12-2-2021\/","name":"Dr. sc. Mislav Gabelica imenovan glavnim i odgovornim urednikom \u010casopisa Pilar, 12. 2. 2021. - Institut dru&scaron;tvenih znanosti Ivo Pilar","isPartOf":{"@id":"https:\/\/www.vegaintro-projekti.com\/pilar-stari\/#website"},"datePublished":"2021-02-12T15:21:48+00:00","dateModified":"2021-02-22T21:31:45+00:00","author":{"@id":"https:\/\/www.vegaintro-projekti.com\/pilar-stari\/#\/schema\/person\/ddd404c9f1e15e4ffef5986ac6a5d28b"},"breadcrumb":{"@id":"https:\/\/www.vegaintro-projekti.com\/pilar-stari\/2021\/02\/dr-sc-mislav-gabelica-imenovan-glavnim-i-odgovornim-urednikom-casopisa-pilar-12-2-2021\/#breadcrumb"},"inLanguage":"hr","potentialAction":[{"@type":"ReadAction","target":["https:\/\/www.vegaintro-projekti.com\/pilar-stari\/2021\/02\/dr-sc-mislav-gabelica-imenovan-glavnim-i-odgovornim-urednikom-casopisa-pilar-12-2-2021\/"]}]},{"@type":"BreadcrumbList","@id":"https:\/\/www.vegaintro-projekti.com\/pilar-stari\/2021\/02\/dr-sc-mislav-gabelica-imenovan-glavnim-i-odgovornim-urednikom-casopisa-pilar-12-2-2021\/#breadcrumb","itemListElement":[{"@type":"ListItem","position":1,"name":"Home","item":"https:\/\/www.vegaintro-projekti.com\/pilar-stari\/"},{"@type":"ListItem","position":2,"name":"Dr. sc. Mislav Gabelica imenovan glavnim i odgovornim urednikom \u010casopisa Pilar, 12. 2. 2021."}]},{"@type":"WebSite","@id":"https:\/\/www.vegaintro-projekti.com\/pilar-stari\/#website","url":"https:\/\/www.vegaintro-projekti.com\/pilar-stari\/","name":"Institut dru&scaron;tvenih znanosti Ivo Pilar","description":"Pilar","potentialAction":[{"@type":"SearchAction","target":{"@type":"EntryPoint","urlTemplate":"https:\/\/www.vegaintro-projekti.com\/pilar-stari\/?s={search_term_string}"},"query-input":"required name=search_term_string"}],"inLanguage":"hr"},{"@type":"Person","@id":"https:\/\/www.vegaintro-projekti.com\/pilar-stari\/#\/schema\/person\/ddd404c9f1e15e4ffef5986ac6a5d28b","name":"Boris","image":{"@type":"ImageObject","inLanguage":"hr","@id":"https:\/\/www.vegaintro-projekti.com\/pilar-stari\/#\/schema\/person\/image\/","url":"https:\/\/secure.gravatar.com\/avatar\/29557b161a6ce6ab86ac1503164f1e90?s=96&d=mm&r=g","contentUrl":"https:\/\/secure.gravatar.com\/avatar\/29557b161a6ce6ab86ac1503164f1e90?s=96&d=mm&r=g","caption":"Boris"},"url":"https:\/\/www.vegaintro-projekti.com\/pilar-stari\/author\/boris\/"}]}},"_links":{"self":[{"href":"https:\/\/www.vegaintro-projekti.com\/pilar-stari\/wp-json\/wp\/v2\/posts\/17705"}],"collection":[{"href":"https:\/\/www.vegaintro-projekti.com\/pilar-stari\/wp-json\/wp\/v2\/posts"}],"about":[{"href":"https:\/\/www.vegaintro-projekti.com\/pilar-stari\/wp-json\/wp\/v2\/types\/post"}],"author":[{"embeddable":true,"href":"https:\/\/www.vegaintro-projekti.com\/pilar-stari\/wp-json\/wp\/v2\/users\/7"}],"replies":[{"embeddable":true,"href":"https:\/\/www.vegaintro-projekti.com\/pilar-stari\/wp-json\/wp\/v2\/comments?post=17705"}],"version-history":[{"count":7,"href":"https:\/\/www.vegaintro-projekti.com\/pilar-stari\/wp-json\/wp\/v2\/posts\/17705\/revisions"}],"predecessor-version":[{"id":17822,"href":"https:\/\/www.vegaintro-projekti.com\/pilar-stari\/wp-json\/wp\/v2\/posts\/17705\/revisions\/17822"}],"wp:featuredmedia":[{"embeddable":true,"href":"https:\/\/www.vegaintro-projekti.com\/pilar-stari\/wp-json\/wp\/v2\/media\/17708"}],"wp:attachment":[{"href":"https:\/\/www.vegaintro-projekti.com\/pilar-stari\/wp-json\/wp\/v2\/media?parent=17705"}],"wp:term":[{"taxonomy":"category","embeddable":true,"href":"https:\/\/www.vegaintro-projekti.com\/pilar-stari\/wp-json\/wp\/v2\/categories?post=17705"},{"taxonomy":"post_tag","embeddable":true,"href":"https:\/\/www.vegaintro-projekti.com\/pilar-stari\/wp-json\/wp\/v2\/tags?post=17705"}],"curies":[{"name":"wp","href":"https:\/\/api.w.org\/{rel}","templated":true}]}}