{"id":17834,"date":"2021-11-30T16:00:59","date_gmt":"2021-11-30T16:00:59","guid":{"rendered":"https:\/\/www.vegaintro-projekti.com\/pilar-stari\/?p=17834"},"modified":"2021-12-23T22:10:43","modified_gmt":"2021-12-23T22:10:43","slug":"30-godina-instituta-pilar","status":"publish","type":"post","link":"https:\/\/www.vegaintro-projekti.com\/pilar-stari\/2021\/11\/30-godina-instituta-pilar\/","title":{"rendered":"30 GODINA INSTITUTA PILAR"},"content":{"rendered":"<p><strong>Godine 2021. Institut Pilar obilje\u017eava 30. obljetnicu osnutka. Tim povodom planiramo &#8211; me\u0111u ostalim &#8211; sljede\u0107e aktivnosti:<\/strong><\/p>\n<p><img decoding=\"async\" loading=\"lazy\" class=\"alignnone wp-image-17833 size-full\" src=\"https:\/\/www.vegaintro-projekti.com\/pilar-stari\/wp-content\/uploads\/2021\/02\/logo_pi.jpg\" alt=\"\" width=\"620\" height=\"375\" srcset=\"https:\/\/www.vegaintro-projekti.com\/pilar-stari\/wp-content\/uploads\/2021\/02\/logo_pi.jpg 620w, https:\/\/www.vegaintro-projekti.com\/pilar-stari\/wp-content\/uploads\/2021\/02\/logo_pi-300x181.jpg 300w\" sizes=\"(max-width: 620px) 100vw, 620px\" \/><\/p>\n<p style=\"text-align: center;\"><span style=\"font-size: 8pt;\"><strong>Logo 30. obljetnice Instituta dru\u0161tvenih znanosti Ivo Pilar: 1991.-2021.<\/strong><\/span><\/p>\n<p>\u2022 Objaviti prvo kriti\u010dko izdanje prijevoda djela <em>Ju\u017enoslavensko pitanje<\/em> dr. Ive Pilara iz 1918. godine<br \/>\n\u2022 Izraditi i objaviti <em>Pilarov kaleidoskop hrvatskoga dru\u0161tva<\/em> u povodu 30. obljetnice<br \/>\n\u2022 Organizirati tematska izlaganja u podru\u010dnim centrima Instituta<br \/>\n\u2022 Promovirati projektne i ostale znanstvene i stru\u010dne aktivnosti zaposlenika<br \/>\n\u2022 Realizirati studijsko putovanje djelatnika Instituta (ovisno o epidemiolo\u0161koj situaciji)<br \/>\n\u2022 Objaviti jubilarni broj \u010dasopisa <em>Dru\u0161tvena istra\u017eivanja<\/em> i <em>Pilar<\/em><br \/>\n\u2022 Polo\u017eiti vijenac na grob dr. Ive Pilara na Mirogoju (3. rujna 2021.)<br \/>\n\u2022 Organizirati znanstvenu konferenciju u Vukovaru u prvoj polovici studenoga 2021.<br \/>\n\u2022 Prirediti sve\u010danu sjednicu na Dan Instituta 26. studenoga 2021. u Zagrebu<\/p>\n<p><strong>Institut Pilar<\/strong> utemeljen je 26. studenoga 1991. odlukom Skup\u0161tine Sveu\u010dili\u0161ta u Zagrebu kao Institut za primijenjena dru\u0161tvena istra\u017eivanja u okviru Sveu\u010dili\u0161ta u Zagrebu. Stupanjem na snagu Zakona o ustanovama 1993. postao je javna ustanova, izdvojena iz okvira Sveu\u010dili\u0161ta u Zagrebu, a prema Zakonu o znanstvenoistra\u017eiva\u010dkoj djelatnosti i visokom obrazovanju javni je institut kojeg je osniva\u010d Republika Hrvatska. Upravno vije\u0107e Instituta donijelo je 18. velja\u010de 1997. odluku o njegovu preimenovanju u Institut dru\u0161tvenih znanosti Ivo Pilar&#8230; &#8211;&nbsp;<strong><a href=\"https:\/\/www.vegaintro-projekti.com\/pilar-stari\/2008\/10\/povijest\/\">POVIJEST INSTITUTA<\/a><\/strong><\/p>\n<blockquote><p><a href=\"https:\/\/www.vegaintro-projekti.com\/pilar-stari\/2021\/05\/u-trideset-godina-izgradili-smo-se-kao-najveci-javni-institut-u-podrucju-drustvenih-znanosti-u-hrvatskoj\/\">Prof. dr. sc. \u017deljko Holjevac: U trideset godina izgradili smo se kao najve\u0107i javni institut u podru\u010dju dru\u0161tvenih znanosti, 13. 5. 2021.<\/a><\/p>\n<p><a href=\"https:\/\/www.vegaintro-projekti.com\/pilar-stari\/2021\/09\/izaslanstvo-instituta-pilar-na-posljednjem-pocivalistu-dr-ive-pilara-3-9-2021\/\">Izaslanstvo Instituta Pilar na posljednjem po\u010divali\u0161tu dr. Ive Pilara, 3. 9. 2021.<\/a><\/p>\n<p><a href=\"https:\/\/www.vegaintro-projekti.com\/pilar-stari\/2021\/10\/institut-pilar-obiljezava-30-godinu-rada-i-istrazivanja\/\">Institut Pilar obilje\u017eava 30. godinu rada i istra\u017eivanja, 15. 10. 2021.<\/a><\/p>\n<p><a href=\"https:\/\/www.vegaintro-projekti.com\/pilar-stari\/2021\/10\/ravnatelj-instituta-prof-dr-sc-zeljko-holjevac-u-vijencu-matice-hrvatske-21-10-2021\/\">Ravnatelj Instituta prof. dr. sc. \u017deljko Holjevac u Vijencu Matice hrvatske, 21. 10. 2021.<\/a><\/p>\n<p><a href=\"https:\/\/www.vegaintro-projekti.com\/pilar-stari\/2021\/10\/prof-dr-sc-zeljko-holjevac-zabrana-zaposljavanja-koja-je-godinama-na-snazi-losa-je-za-nas-rad-26-10-2021\/\">Prof. dr. sc. \u017deljko Holjevac: Zabrana zapo\u0161ljavanja koja je godinama na snazi lo\u0161a je za na\u0161 rad, 26. 10. 2021.<\/a><\/p>\n<p><a href=\"https:\/\/www.vegaintro-projekti.com\/pilar-stari\/2021\/10\/tribina-podrucnog-centra-gospic-u-povodu-30-obljetnice-instituta-pilar-21-10-2021\/\">Tribina Podru\u010dnog centra Gospi\u0107 u povodu 30. obljetnice Instituta Pilar, 21. 10. 2021.<\/a><\/p>\n<p><a href=\"https:\/\/www.vegaintro-projekti.com\/pilar-stari\/2021\/11\/tribina-30-godina-instituta-drustvenih-znanosti-ivo-pilar-u-varazdinu-27-10-2021\/\">Tribina 30 godina Instituta dru\u0161tvenih znanosti Ivo Pilar u Vara\u017edinu, 27. 10. 2021.<\/a><\/p>\n<p><a href=\"https:\/\/www.vegaintro-projekti.com\/pilar-stari\/2021\/11\/istrazivacima-instituta-pilar-stizu-cestitke-iz-cijele-europe-29-10-2021\/\">Istra\u017eiva\u010dima Instituta sti\u017eu video\u010destitke kolega iz Europe, 3. 11. 2021.<\/a><\/p>\n<p><a href=\"https:\/\/www.vegaintro-projekti.com\/pilar-stari\/2021\/11\/ratna-demografija-vukovara-1991-tri-desetljeca-traganja-za-istinom-12-11-2021\/\">RATNA DEMOGRAFIJA VUKOVARA 1991. \u2013 Tri desetlje\u0107a traganja za istinom, 12. 11. 2021.<\/a><\/p>\n<p><a href=\"https:\/\/www.vegaintro-projekti.com\/pilar-stari\/2021\/11\/tribina-sekundarno-stanovanje-i-lokalni-razvoj-vukovar-11-11-2021\/\">Tribina SEKUNDARNO STANOVANJE I LOKALNI RAZVOJ: TRI PRIMJERA IZ HRVATSKE, 11. 11. 2021.<\/a><\/p>\n<p><a href=\"https:\/\/www.vegaintro-projekti.com\/pilar-stari\/2021\/11\/predavanje-dr-sc-jadranke-rebeke-anic-u-povodu-30-obljetnice-instituta-15-11-2021\/\">Predavanje dr. sc. Jadranke Rebeke Ani\u0107 u povodu 30. obljetnice Instituta, 15. 11. 2021.<\/a><\/p>\n<p><a href=\"https:\/\/www.vegaintro-projekti.com\/pilar-stari\/2021\/11\/institut-pilar-na-sajmu-knjiga-inteliber-2021-9-14-11-2021\/\">Institut Pilar na Sajmu knjiga Inteliber 2021., 9.-14. 11. 2021.<\/a><\/p>\n<p><a href=\"https:\/\/www.vegaintro-projekti.com\/pilar-stari\/2021\/11\/objavljeno-prvo-kriticko-izdanje-knjige-ive-pilara-juznoslavensko-pitanje-i-svjetski-rat\/\">Objavljeno prvo kriti\u010dko izdanje knjige Ive Pilara JU\u017dNOSLAVENSKO PITANJE I SVJETSKI RAT, 16. 11. 2021.<\/a><\/p><\/blockquote>\n<blockquote><p><a href=\"https:\/\/www.vegaintro-projekti.com\/pilar-stari\/2021\/11\/dr-sc-sasa-mrduljas-broj-i-udio-hrvata-u-naseljima-boke-kotorske-pocetkom-20-stoljeca-23-12-2021\/\">Dr. sc. Sa\u0161a Mrdulja\u0161: Broj i udio Hrvata u naseljima Boke Kotorske po\u010detkom 20. stolje\u0107a, 23. 11. 2021.<\/a><\/p>\n<p><a href=\"https:\/\/www.vegaintro-projekti.com\/pilar-stari\/2021\/11\/objavljen-pilarov-kaleidoskop-hrvatskoga-drustva-u-povodu-obiljezavanja-30-obljetnice-instituta-pilar-24-11-2021\/\">Objavljen Pilarov kaleidoskop hrvatskoga dru\u0161tva u povodu obilje\u017eavanja 30. obljetnice Instituta Pilar, 24. 11. 2021.<\/a><\/p>\n<p><a href=\"https:\/\/www.vegaintro-projekti.com\/pilar-stari\/2021\/11\/svecana-akademija-u-povodu-30-obljetnice-instituta-pilar-26-11-2021\/\">Sve\u010dana akademija u povodu 30. obljetnice Instituta Pilar, 26. 11. 2021.<\/a><\/p>\n<p><a href=\"https:\/\/www.vegaintro-projekti.com\/pilar-stari\/2021\/12\/zagreb-moj-grad-trideset-godina-instituta-ivo-pilar-20-12-2021\/\">Zagreb moj grad: Trideset godina Instituta Ivo Pilar, 20. 12. 2021.<\/a><\/p><\/blockquote>\n","protected":false},"excerpt":{"rendered":"<p>Godine 2021. Institut Pilar obilje\u017eava 30. obljetnicu osnutka. Tim povodom planiramo &#8211; me\u0111u ostalim &#8211; sljede\u0107e aktivnosti: Logo 30. obljetnice Instituta dru\u0161tvenih znanosti Ivo Pilar: 1991.-2021. \u2022 Objaviti prvo kriti\u010dko izdanje prijevoda djela Ju\u017enoslavensko pitanje dr. Ive Pilara iz 1918. godine \u2022 Izraditi i objaviti Pilarov kaleidoskop hrvatskoga dru\u0161tva u povodu 30. obljetnice \u2022 Organizirati&hellip; <a class=\"continue\" href=\"https:\/\/www.vegaintro-projekti.com\/pilar-stari\/2021\/11\/30-godina-instituta-pilar\/\">Pro\u010ditaj vi\u0161e o<span> 30 GODINA INSTITUTA PILAR<\/span><\/a><\/p>\n","protected":false},"author":7,"featured_media":18025,"comment_status":"closed","ping_status":"closed","sticky":false,"template":"","format":"standard","meta":{"inline_featured_image":false,"ngg_post_thumbnail":0,"footnotes":""},"categories":[9,20],"tags":[],"yoast_head":"<!-- This site is optimized with the Yoast SEO plugin v21.2 - https:\/\/yoast.com\/wordpress\/plugins\/seo\/ -->\n<title>30 GODINA INSTITUTA PILAR - Institut dru&scaron;tvenih znanosti Ivo Pilar<\/title>\n<meta name=\"robots\" content=\"noindex, follow, max-snippet:-1, max-image-preview:large, max-video-preview:-1\" \/>\n<meta property=\"og:locale\" content=\"hr_HR\" \/>\n<meta property=\"og:type\" content=\"article\" \/>\n<meta property=\"og:title\" content=\"30 GODINA INSTITUTA PILAR - Institut dru&scaron;tvenih znanosti Ivo Pilar\" \/>\n<meta property=\"og:description\" content=\"Godine 2021. Institut Pilar obilje\u017eava 30. obljetnicu osnutka. Tim povodom planiramo &#8211; me\u0111u ostalim &#8211; sljede\u0107e aktivnosti: Logo 30. obljetnice Instituta dru\u0161tvenih znanosti Ivo Pilar: 1991.-2021. \u2022 Objaviti prvo kriti\u010dko izdanje prijevoda djela Ju\u017enoslavensko pitanje dr. Ive Pilara iz 1918. godine \u2022 Izraditi i objaviti Pilarov kaleidoskop hrvatskoga dru\u0161tva u povodu 30. obljetnice \u2022 Organizirati&hellip; Pro\u010ditaj vi\u0161e o 30 GODINA INSTITUTA PILAR\" \/>\n<meta property=\"og:url\" content=\"https:\/\/www.vegaintro-projekti.com\/pilar-stari\/2021\/11\/30-godina-instituta-pilar\/\" \/>\n<meta property=\"og:site_name\" content=\"Institut dru&scaron;tvenih znanosti Ivo Pilar\" \/>\n<meta property=\"article:published_time\" content=\"2021-11-30T16:00:59+00:00\" \/>\n<meta property=\"article:modified_time\" content=\"2021-12-23T22:10:43+00:00\" \/>\n<meta property=\"og:image\" content=\"https:\/\/www.vegaintro-projekti.com\/pilar-stari\/wp-content\/uploads\/2021\/03\/PIXXXLAR-neg_fi2.jpg\" \/>\n\t<meta property=\"og:image:width\" content=\"640\" \/>\n\t<meta property=\"og:image:height\" content=\"701\" \/>\n\t<meta property=\"og:image:type\" content=\"image\/jpeg\" \/>\n<meta name=\"author\" content=\"Boris\" \/>\n<meta name=\"twitter:card\" content=\"summary_large_image\" \/>\n<meta name=\"twitter:label1\" content=\"Napisao\/la\" \/>\n\t<meta name=\"twitter:data1\" content=\"Boris\" \/>\n\t<meta name=\"twitter:label2\" content=\"Procijenjeno vrijeme \u010ditanja\" \/>\n\t<meta name=\"twitter:data2\" content=\"2 minute\" \/>\n<script type=\"application\/ld+json\" class=\"yoast-schema-graph\">{\"@context\":\"https:\/\/schema.org\",\"@graph\":[{\"@type\":\"WebPage\",\"@id\":\"https:\/\/www.vegaintro-projekti.com\/pilar-stari\/2021\/11\/30-godina-instituta-pilar\/\",\"url\":\"https:\/\/www.vegaintro-projekti.com\/pilar-stari\/2021\/11\/30-godina-instituta-pilar\/\",\"name\":\"30 GODINA INSTITUTA PILAR - Institut dru&scaron;tvenih znanosti Ivo Pilar\",\"isPartOf\":{\"@id\":\"https:\/\/www.vegaintro-projekti.com\/pilar-stari\/#website\"},\"datePublished\":\"2021-11-30T16:00:59+00:00\",\"dateModified\":\"2021-12-23T22:10:43+00:00\",\"author\":{\"@id\":\"https:\/\/www.vegaintro-projekti.com\/pilar-stari\/#\/schema\/person\/ddd404c9f1e15e4ffef5986ac6a5d28b\"},\"breadcrumb\":{\"@id\":\"https:\/\/www.vegaintro-projekti.com\/pilar-stari\/2021\/11\/30-godina-instituta-pilar\/#breadcrumb\"},\"inLanguage\":\"hr\",\"potentialAction\":[{\"@type\":\"ReadAction\",\"target\":[\"https:\/\/www.vegaintro-projekti.com\/pilar-stari\/2021\/11\/30-godina-instituta-pilar\/\"]}]},{\"@type\":\"BreadcrumbList\",\"@id\":\"https:\/\/www.vegaintro-projekti.com\/pilar-stari\/2021\/11\/30-godina-instituta-pilar\/#breadcrumb\",\"itemListElement\":[{\"@type\":\"ListItem\",\"position\":1,\"name\":\"Home\",\"item\":\"https:\/\/www.vegaintro-projekti.com\/pilar-stari\/\"},{\"@type\":\"ListItem\",\"position\":2,\"name\":\"30 GODINA INSTITUTA PILAR\"}]},{\"@type\":\"WebSite\",\"@id\":\"https:\/\/www.vegaintro-projekti.com\/pilar-stari\/#website\",\"url\":\"https:\/\/www.vegaintro-projekti.com\/pilar-stari\/\",\"name\":\"Institut dru&scaron;tvenih znanosti Ivo Pilar\",\"description\":\"Pilar\",\"potentialAction\":[{\"@type\":\"SearchAction\",\"target\":{\"@type\":\"EntryPoint\",\"urlTemplate\":\"https:\/\/www.vegaintro-projekti.com\/pilar-stari\/?s={search_term_string}\"},\"query-input\":\"required name=search_term_string\"}],\"inLanguage\":\"hr\"},{\"@type\":\"Person\",\"@id\":\"https:\/\/www.vegaintro-projekti.com\/pilar-stari\/#\/schema\/person\/ddd404c9f1e15e4ffef5986ac6a5d28b\",\"name\":\"Boris\",\"image\":{\"@type\":\"ImageObject\",\"inLanguage\":\"hr\",\"@id\":\"https:\/\/www.vegaintro-projekti.com\/pilar-stari\/#\/schema\/person\/image\/\",\"url\":\"https:\/\/secure.gravatar.com\/avatar\/29557b161a6ce6ab86ac1503164f1e90?s=96&d=mm&r=g\",\"contentUrl\":\"https:\/\/secure.gravatar.com\/avatar\/29557b161a6ce6ab86ac1503164f1e90?s=96&d=mm&r=g\",\"caption\":\"Boris\"},\"url\":\"https:\/\/www.vegaintro-projekti.com\/pilar-stari\/author\/boris\/\"}]}<\/script>\n<!-- \/ Yoast SEO plugin. -->","yoast_head_json":{"title":"30 GODINA INSTITUTA PILAR - Institut dru&scaron;tvenih znanosti Ivo Pilar","robots":{"index":"noindex","follow":"follow","max-snippet":"max-snippet:-1","max-image-preview":"max-image-preview:large","max-video-preview":"max-video-preview:-1"},"og_locale":"hr_HR","og_type":"article","og_title":"30 GODINA INSTITUTA PILAR - Institut dru&scaron;tvenih znanosti Ivo Pilar","og_description":"Godine 2021. Institut Pilar obilje\u017eava 30. obljetnicu osnutka. Tim povodom planiramo &#8211; me\u0111u ostalim &#8211; sljede\u0107e aktivnosti: Logo 30. obljetnice Instituta dru\u0161tvenih znanosti Ivo Pilar: 1991.-2021. \u2022 Objaviti prvo kriti\u010dko izdanje prijevoda djela Ju\u017enoslavensko pitanje dr. Ive Pilara iz 1918. godine \u2022 Izraditi i objaviti Pilarov kaleidoskop hrvatskoga dru\u0161tva u povodu 30. obljetnice \u2022 Organizirati&hellip; Pro\u010ditaj vi\u0161e o 30 GODINA INSTITUTA PILAR","og_url":"https:\/\/www.vegaintro-projekti.com\/pilar-stari\/2021\/11\/30-godina-instituta-pilar\/","og_site_name":"Institut dru&scaron;tvenih znanosti Ivo Pilar","article_published_time":"2021-11-30T16:00:59+00:00","article_modified_time":"2021-12-23T22:10:43+00:00","og_image":[{"width":640,"height":701,"url":"https:\/\/www.vegaintro-projekti.com\/pilar-stari\/wp-content\/uploads\/2021\/03\/PIXXXLAR-neg_fi2.jpg","type":"image\/jpeg"}],"author":"Boris","twitter_card":"summary_large_image","twitter_misc":{"Napisao\/la":"Boris","Procijenjeno vrijeme \u010ditanja":"2 minute"},"schema":{"@context":"https:\/\/schema.org","@graph":[{"@type":"WebPage","@id":"https:\/\/www.vegaintro-projekti.com\/pilar-stari\/2021\/11\/30-godina-instituta-pilar\/","url":"https:\/\/www.vegaintro-projekti.com\/pilar-stari\/2021\/11\/30-godina-instituta-pilar\/","name":"30 GODINA INSTITUTA PILAR - Institut dru&scaron;tvenih znanosti Ivo Pilar","isPartOf":{"@id":"https:\/\/www.vegaintro-projekti.com\/pilar-stari\/#website"},"datePublished":"2021-11-30T16:00:59+00:00","dateModified":"2021-12-23T22:10:43+00:00","author":{"@id":"https:\/\/www.vegaintro-projekti.com\/pilar-stari\/#\/schema\/person\/ddd404c9f1e15e4ffef5986ac6a5d28b"},"breadcrumb":{"@id":"https:\/\/www.vegaintro-projekti.com\/pilar-stari\/2021\/11\/30-godina-instituta-pilar\/#breadcrumb"},"inLanguage":"hr","potentialAction":[{"@type":"ReadAction","target":["https:\/\/www.vegaintro-projekti.com\/pilar-stari\/2021\/11\/30-godina-instituta-pilar\/"]}]},{"@type":"BreadcrumbList","@id":"https:\/\/www.vegaintro-projekti.com\/pilar-stari\/2021\/11\/30-godina-instituta-pilar\/#breadcrumb","itemListElement":[{"@type":"ListItem","position":1,"name":"Home","item":"https:\/\/www.vegaintro-projekti.com\/pilar-stari\/"},{"@type":"ListItem","position":2,"name":"30 GODINA INSTITUTA PILAR"}]},{"@type":"WebSite","@id":"https:\/\/www.vegaintro-projekti.com\/pilar-stari\/#website","url":"https:\/\/www.vegaintro-projekti.com\/pilar-stari\/","name":"Institut dru&scaron;tvenih znanosti Ivo Pilar","description":"Pilar","potentialAction":[{"@type":"SearchAction","target":{"@type":"EntryPoint","urlTemplate":"https:\/\/www.vegaintro-projekti.com\/pilar-stari\/?s={search_term_string}"},"query-input":"required name=search_term_string"}],"inLanguage":"hr"},{"@type":"Person","@id":"https:\/\/www.vegaintro-projekti.com\/pilar-stari\/#\/schema\/person\/ddd404c9f1e15e4ffef5986ac6a5d28b","name":"Boris","image":{"@type":"ImageObject","inLanguage":"hr","@id":"https:\/\/www.vegaintro-projekti.com\/pilar-stari\/#\/schema\/person\/image\/","url":"https:\/\/secure.gravatar.com\/avatar\/29557b161a6ce6ab86ac1503164f1e90?s=96&d=mm&r=g","contentUrl":"https:\/\/secure.gravatar.com\/avatar\/29557b161a6ce6ab86ac1503164f1e90?s=96&d=mm&r=g","caption":"Boris"},"url":"https:\/\/www.vegaintro-projekti.com\/pilar-stari\/author\/boris\/"}]}},"_links":{"self":[{"href":"https:\/\/www.vegaintro-projekti.com\/pilar-stari\/wp-json\/wp\/v2\/posts\/17834"}],"collection":[{"href":"https:\/\/www.vegaintro-projekti.com\/pilar-stari\/wp-json\/wp\/v2\/posts"}],"about":[{"href":"https:\/\/www.vegaintro-projekti.com\/pilar-stari\/wp-json\/wp\/v2\/types\/post"}],"author":[{"embeddable":true,"href":"https:\/\/www.vegaintro-projekti.com\/pilar-stari\/wp-json\/wp\/v2\/users\/7"}],"replies":[{"embeddable":true,"href":"https:\/\/www.vegaintro-projekti.com\/pilar-stari\/wp-json\/wp\/v2\/comments?post=17834"}],"version-history":[{"count":25,"href":"https:\/\/www.vegaintro-projekti.com\/pilar-stari\/wp-json\/wp\/v2\/posts\/17834\/revisions"}],"predecessor-version":[{"id":21309,"href":"https:\/\/www.vegaintro-projekti.com\/pilar-stari\/wp-json\/wp\/v2\/posts\/17834\/revisions\/21309"}],"wp:featuredmedia":[{"embeddable":true,"href":"https:\/\/www.vegaintro-projekti.com\/pilar-stari\/wp-json\/wp\/v2\/media\/18025"}],"wp:attachment":[{"href":"https:\/\/www.vegaintro-projekti.com\/pilar-stari\/wp-json\/wp\/v2\/media?parent=17834"}],"wp:term":[{"taxonomy":"category","embeddable":true,"href":"https:\/\/www.vegaintro-projekti.com\/pilar-stari\/wp-json\/wp\/v2\/categories?post=17834"},{"taxonomy":"post_tag","embeddable":true,"href":"https:\/\/www.vegaintro-projekti.com\/pilar-stari\/wp-json\/wp\/v2\/tags?post=17834"}],"curies":[{"name":"wp","href":"https:\/\/api.w.org\/{rel}","templated":true}]}}