{"id":17846,"date":"2021-03-03T14:39:05","date_gmt":"2021-03-03T14:39:05","guid":{"rendered":"https:\/\/www.vegaintro-projekti.com\/pilar-stari\/?p=17846"},"modified":"2022-03-20T22:35:35","modified_gmt":"2022-03-20T22:35:35","slug":"rat-ljudi-brojevi-vukovar-1991-i-danas","status":"publish","type":"post","link":"https:\/\/www.vegaintro-projekti.com\/pilar-stari\/2021\/03\/rat-ljudi-brojevi-vukovar-1991-i-danas\/","title":{"rendered":"Rat, ljudi, brojevi \u2013 Vukovar 1991. i danas"},"content":{"rendered":"<p><strong>Institut dru\u0161tvenih znanosti Ivo Pilar kao partner provodi u razdoblju velja\u010da \u2013 studeni 2021. godine znanstvenoistra\u017eiva\u010dki projekt \u201eRat, ljudi, brojevi \u2013 Vukovar 1991. i danas\u201c \u010diji je nositelj Dr\u017eavni arhiv u Vukovaru a financira ga Ministarstvo kulture RH. Voditeljica projekta je dr. sc. Sandra Cviki\u0107 iz Podru\u010dnoga centra Instituta Pilar u Vukovaru. <\/strong>&#8211; <a href=\"#novosti\">Novosti<\/a><\/p>\n<p><img decoding=\"async\" loading=\"lazy\" class=\"alignnone wp-image-17845 size-full\" src=\"https:\/\/www.vegaintro-projekti.com\/pilar-stari\/wp-content\/uploads\/2021\/03\/vodotoranj.jpg\" alt=\"\" width=\"620\" height=\"334\" srcset=\"https:\/\/www.vegaintro-projekti.com\/pilar-stari\/wp-content\/uploads\/2021\/03\/vodotoranj.jpg 620w, https:\/\/www.vegaintro-projekti.com\/pilar-stari\/wp-content\/uploads\/2021\/03\/vodotoranj-300x162.jpg 300w\" sizes=\"(max-width: 620px) 100vw, 620px\" \/><\/p>\n<p>Na temelju Sporazuma o suradnji, Institut dru\u0161tvenih znanosti Ivo Pilar kao partner na projektu provest \u0107e sociolo\u0161ko-demografsko istra\u017eivanje i kao sunakladnik, u okviru obilje\u017eavanja 30. godi\u0161njice Vukovarske bitke, objaviti autorsku znanstvenu monografiju pod naslovom <strong>Rat, ljudi, brojevi \u2013 Vukovar 1991. i danas<\/strong>. Cilj je ovoga projekta i znanstvene publikacije pru\u017eiti sveobuhvatniji prikaz povijesnoga, dru\u0161tvenoga i demografskoga konteksta srbijanske agresije na Vukovar 1991. godine, \u017eivota i ratnih uvjeta u Vukovaru tijekom rata i okupacije, predlo\u017eiti teorijsko-metodolo\u0161ki okvir interpretacije i razumijevanja demografskih gubitaka i ratnih \u017ertava koji sna\u017eno utje\u010du na dana\u0161nje prilike i \u017eivot u Vukovaru te ukazati na aktualne demografske i dru\u0161tvene prilike trideset godina nakon Vukovarske bitke.<\/p>\n<p><a id=\"novosti\"><\/a><span style=\"font-size: 14pt;\">Novosti<\/span><\/p>\n<p>&#8211; <a href=\"https:\/\/www.vegaintro-projekti.com\/pilar-stari\/2022\/03\/predstavljanje-knjige-rat-ljudi-brojevi-vukovar-1991-i-danas-4-3-2022\/\">Predstavljanje knjige &#8220;Rat, ljudi, brojevi &#8211; Vukovar 1991. i danas&#8221;, 4. 3. 2022.<\/a><br \/>\n&#8211; <a href=\"https:\/\/www.vegaintro-projekti.com\/pilar-stari\/2022\/01\/objavljena-knjiga-rat-ljudi-brojevi-vukovar-1991-i-danas\/\">Objavljena knjiga RAT, LJUDI, BROJEVI \u2013 VUKOVAR 1991. I DANAS<\/a><br \/>\n&#8211; <a href=\"https:\/\/www.vegaintro-projekti.com\/pilar-stari\/2021\/11\/ratna-demografija-vukovara-1991-tri-desetljeca-traganja-za-istinom-12-11-2021\/\">RATNA DEMOGRAFIJA VUKOVARA 1991. \u2013 TRI DESETLJE\u0106A TRAGANJA ZA ISTINOM, 12. 11. 2021.<\/a><\/p>\n<blockquote><p><a href=\"https:\/\/www.vegaintro-projekti.com\/pilar-stari\/2018\/04\/podruni-centar-vukovar-2\/\">Podru\u010dni centar Vukovar<\/a><\/p><\/blockquote>\n","protected":false},"excerpt":{"rendered":"<p>Institut dru\u0161tvenih znanosti Ivo Pilar kao partner provodi u razdoblju velja\u010da \u2013 studeni 2021. godine znanstvenoistra\u017eiva\u010dki projekt \u201eRat, ljudi, brojevi \u2013 Vukovar 1991. i danas\u201c \u010diji je nositelj Dr\u017eavni arhiv u Vukovaru a financira ga Ministarstvo kulture RH. Voditeljica projekta je dr. sc. Sandra Cviki\u0107 iz Podru\u010dnoga centra Instituta Pilar u Vukovaru. &#8211; Novosti Na&hellip; <a class=\"continue\" href=\"https:\/\/www.vegaintro-projekti.com\/pilar-stari\/2021\/03\/rat-ljudi-brojevi-vukovar-1991-i-danas\/\">Pro\u010ditaj vi\u0161e o<span> Rat, ljudi, brojevi \u2013 Vukovar 1991. i danas<\/span><\/a><\/p>\n","protected":false},"author":7,"featured_media":17845,"comment_status":"closed","ping_status":"closed","sticky":false,"template":"","format":"standard","meta":{"inline_featured_image":false,"ngg_post_thumbnail":0,"footnotes":""},"categories":[29],"tags":[],"yoast_head":"<!-- This site is optimized with the Yoast SEO plugin v21.2 - https:\/\/yoast.com\/wordpress\/plugins\/seo\/ -->\n<title>Rat, ljudi, brojevi \u2013 Vukovar 1991. i danas - Institut dru&scaron;tvenih znanosti Ivo Pilar<\/title>\n<meta name=\"robots\" content=\"noindex, follow, max-snippet:-1, max-image-preview:large, max-video-preview:-1\" \/>\n<meta property=\"og:locale\" content=\"hr_HR\" \/>\n<meta property=\"og:type\" content=\"article\" \/>\n<meta property=\"og:title\" content=\"Rat, ljudi, brojevi \u2013 Vukovar 1991. i danas - Institut dru&scaron;tvenih znanosti Ivo Pilar\" \/>\n<meta property=\"og:description\" content=\"Institut dru\u0161tvenih znanosti Ivo Pilar kao partner provodi u razdoblju velja\u010da \u2013 studeni 2021. godine znanstvenoistra\u017eiva\u010dki projekt \u201eRat, ljudi, brojevi \u2013 Vukovar 1991. i danas\u201c \u010diji je nositelj Dr\u017eavni arhiv u Vukovaru a financira ga Ministarstvo kulture RH. Voditeljica projekta je dr. sc. Sandra Cviki\u0107 iz Podru\u010dnoga centra Instituta Pilar u Vukovaru. &#8211; Novosti Na&hellip; Pro\u010ditaj vi\u0161e o Rat, ljudi, brojevi \u2013 Vukovar 1991. i danas\" \/>\n<meta property=\"og:url\" content=\"https:\/\/www.vegaintro-projekti.com\/pilar-stari\/2021\/03\/rat-ljudi-brojevi-vukovar-1991-i-danas\/\" \/>\n<meta property=\"og:site_name\" content=\"Institut dru&scaron;tvenih znanosti Ivo Pilar\" \/>\n<meta property=\"article:published_time\" content=\"2021-03-03T14:39:05+00:00\" \/>\n<meta property=\"article:modified_time\" content=\"2022-03-20T22:35:35+00:00\" \/>\n<meta property=\"og:image\" content=\"https:\/\/www.vegaintro-projekti.com\/pilar-stari\/wp-content\/uploads\/2021\/03\/vodotoranj.jpg\" \/>\n\t<meta property=\"og:image:width\" content=\"620\" \/>\n\t<meta property=\"og:image:height\" content=\"334\" \/>\n\t<meta property=\"og:image:type\" content=\"image\/jpeg\" \/>\n<meta name=\"author\" content=\"Boris\" \/>\n<meta name=\"twitter:card\" content=\"summary_large_image\" \/>\n<meta name=\"twitter:label1\" content=\"Napisao\/la\" \/>\n\t<meta name=\"twitter:data1\" content=\"Boris\" \/>\n\t<meta name=\"twitter:label2\" content=\"Procijenjeno vrijeme \u010ditanja\" \/>\n\t<meta name=\"twitter:data2\" content=\"1 minuta\" \/>\n<script type=\"application\/ld+json\" class=\"yoast-schema-graph\">{\"@context\":\"https:\/\/schema.org\",\"@graph\":[{\"@type\":\"WebPage\",\"@id\":\"https:\/\/www.vegaintro-projekti.com\/pilar-stari\/2021\/03\/rat-ljudi-brojevi-vukovar-1991-i-danas\/\",\"url\":\"https:\/\/www.vegaintro-projekti.com\/pilar-stari\/2021\/03\/rat-ljudi-brojevi-vukovar-1991-i-danas\/\",\"name\":\"Rat, ljudi, brojevi \u2013 Vukovar 1991. i danas - Institut dru&scaron;tvenih znanosti Ivo Pilar\",\"isPartOf\":{\"@id\":\"https:\/\/www.vegaintro-projekti.com\/pilar-stari\/#website\"},\"datePublished\":\"2021-03-03T14:39:05+00:00\",\"dateModified\":\"2022-03-20T22:35:35+00:00\",\"author\":{\"@id\":\"https:\/\/www.vegaintro-projekti.com\/pilar-stari\/#\/schema\/person\/ddd404c9f1e15e4ffef5986ac6a5d28b\"},\"breadcrumb\":{\"@id\":\"https:\/\/www.vegaintro-projekti.com\/pilar-stari\/2021\/03\/rat-ljudi-brojevi-vukovar-1991-i-danas\/#breadcrumb\"},\"inLanguage\":\"hr\",\"potentialAction\":[{\"@type\":\"ReadAction\",\"target\":[\"https:\/\/www.vegaintro-projekti.com\/pilar-stari\/2021\/03\/rat-ljudi-brojevi-vukovar-1991-i-danas\/\"]}]},{\"@type\":\"BreadcrumbList\",\"@id\":\"https:\/\/www.vegaintro-projekti.com\/pilar-stari\/2021\/03\/rat-ljudi-brojevi-vukovar-1991-i-danas\/#breadcrumb\",\"itemListElement\":[{\"@type\":\"ListItem\",\"position\":1,\"name\":\"Home\",\"item\":\"https:\/\/www.vegaintro-projekti.com\/pilar-stari\/\"},{\"@type\":\"ListItem\",\"position\":2,\"name\":\"Rat, ljudi, brojevi \u2013 Vukovar 1991. i danas\"}]},{\"@type\":\"WebSite\",\"@id\":\"https:\/\/www.vegaintro-projekti.com\/pilar-stari\/#website\",\"url\":\"https:\/\/www.vegaintro-projekti.com\/pilar-stari\/\",\"name\":\"Institut dru&scaron;tvenih znanosti Ivo Pilar\",\"description\":\"Pilar\",\"potentialAction\":[{\"@type\":\"SearchAction\",\"target\":{\"@type\":\"EntryPoint\",\"urlTemplate\":\"https:\/\/www.vegaintro-projekti.com\/pilar-stari\/?s={search_term_string}\"},\"query-input\":\"required name=search_term_string\"}],\"inLanguage\":\"hr\"},{\"@type\":\"Person\",\"@id\":\"https:\/\/www.vegaintro-projekti.com\/pilar-stari\/#\/schema\/person\/ddd404c9f1e15e4ffef5986ac6a5d28b\",\"name\":\"Boris\",\"image\":{\"@type\":\"ImageObject\",\"inLanguage\":\"hr\",\"@id\":\"https:\/\/www.vegaintro-projekti.com\/pilar-stari\/#\/schema\/person\/image\/\",\"url\":\"https:\/\/secure.gravatar.com\/avatar\/29557b161a6ce6ab86ac1503164f1e90?s=96&d=mm&r=g\",\"contentUrl\":\"https:\/\/secure.gravatar.com\/avatar\/29557b161a6ce6ab86ac1503164f1e90?s=96&d=mm&r=g\",\"caption\":\"Boris\"},\"url\":\"https:\/\/www.vegaintro-projekti.com\/pilar-stari\/author\/boris\/\"}]}<\/script>\n<!-- \/ Yoast SEO plugin. -->","yoast_head_json":{"title":"Rat, ljudi, brojevi \u2013 Vukovar 1991. i danas - Institut dru&scaron;tvenih znanosti Ivo Pilar","robots":{"index":"noindex","follow":"follow","max-snippet":"max-snippet:-1","max-image-preview":"max-image-preview:large","max-video-preview":"max-video-preview:-1"},"og_locale":"hr_HR","og_type":"article","og_title":"Rat, ljudi, brojevi \u2013 Vukovar 1991. i danas - Institut dru&scaron;tvenih znanosti Ivo Pilar","og_description":"Institut dru\u0161tvenih znanosti Ivo Pilar kao partner provodi u razdoblju velja\u010da \u2013 studeni 2021. godine znanstvenoistra\u017eiva\u010dki projekt \u201eRat, ljudi, brojevi \u2013 Vukovar 1991. i danas\u201c \u010diji je nositelj Dr\u017eavni arhiv u Vukovaru a financira ga Ministarstvo kulture RH. Voditeljica projekta je dr. sc. Sandra Cviki\u0107 iz Podru\u010dnoga centra Instituta Pilar u Vukovaru. &#8211; Novosti Na&hellip; Pro\u010ditaj vi\u0161e o Rat, ljudi, brojevi \u2013 Vukovar 1991. i danas","og_url":"https:\/\/www.vegaintro-projekti.com\/pilar-stari\/2021\/03\/rat-ljudi-brojevi-vukovar-1991-i-danas\/","og_site_name":"Institut dru&scaron;tvenih znanosti Ivo Pilar","article_published_time":"2021-03-03T14:39:05+00:00","article_modified_time":"2022-03-20T22:35:35+00:00","og_image":[{"width":620,"height":334,"url":"https:\/\/www.vegaintro-projekti.com\/pilar-stari\/wp-content\/uploads\/2021\/03\/vodotoranj.jpg","type":"image\/jpeg"}],"author":"Boris","twitter_card":"summary_large_image","twitter_misc":{"Napisao\/la":"Boris","Procijenjeno vrijeme \u010ditanja":"1 minuta"},"schema":{"@context":"https:\/\/schema.org","@graph":[{"@type":"WebPage","@id":"https:\/\/www.vegaintro-projekti.com\/pilar-stari\/2021\/03\/rat-ljudi-brojevi-vukovar-1991-i-danas\/","url":"https:\/\/www.vegaintro-projekti.com\/pilar-stari\/2021\/03\/rat-ljudi-brojevi-vukovar-1991-i-danas\/","name":"Rat, ljudi, brojevi \u2013 Vukovar 1991. i danas - Institut dru&scaron;tvenih znanosti Ivo Pilar","isPartOf":{"@id":"https:\/\/www.vegaintro-projekti.com\/pilar-stari\/#website"},"datePublished":"2021-03-03T14:39:05+00:00","dateModified":"2022-03-20T22:35:35+00:00","author":{"@id":"https:\/\/www.vegaintro-projekti.com\/pilar-stari\/#\/schema\/person\/ddd404c9f1e15e4ffef5986ac6a5d28b"},"breadcrumb":{"@id":"https:\/\/www.vegaintro-projekti.com\/pilar-stari\/2021\/03\/rat-ljudi-brojevi-vukovar-1991-i-danas\/#breadcrumb"},"inLanguage":"hr","potentialAction":[{"@type":"ReadAction","target":["https:\/\/www.vegaintro-projekti.com\/pilar-stari\/2021\/03\/rat-ljudi-brojevi-vukovar-1991-i-danas\/"]}]},{"@type":"BreadcrumbList","@id":"https:\/\/www.vegaintro-projekti.com\/pilar-stari\/2021\/03\/rat-ljudi-brojevi-vukovar-1991-i-danas\/#breadcrumb","itemListElement":[{"@type":"ListItem","position":1,"name":"Home","item":"https:\/\/www.vegaintro-projekti.com\/pilar-stari\/"},{"@type":"ListItem","position":2,"name":"Rat, ljudi, brojevi \u2013 Vukovar 1991. i danas"}]},{"@type":"WebSite","@id":"https:\/\/www.vegaintro-projekti.com\/pilar-stari\/#website","url":"https:\/\/www.vegaintro-projekti.com\/pilar-stari\/","name":"Institut dru&scaron;tvenih znanosti Ivo Pilar","description":"Pilar","potentialAction":[{"@type":"SearchAction","target":{"@type":"EntryPoint","urlTemplate":"https:\/\/www.vegaintro-projekti.com\/pilar-stari\/?s={search_term_string}"},"query-input":"required name=search_term_string"}],"inLanguage":"hr"},{"@type":"Person","@id":"https:\/\/www.vegaintro-projekti.com\/pilar-stari\/#\/schema\/person\/ddd404c9f1e15e4ffef5986ac6a5d28b","name":"Boris","image":{"@type":"ImageObject","inLanguage":"hr","@id":"https:\/\/www.vegaintro-projekti.com\/pilar-stari\/#\/schema\/person\/image\/","url":"https:\/\/secure.gravatar.com\/avatar\/29557b161a6ce6ab86ac1503164f1e90?s=96&d=mm&r=g","contentUrl":"https:\/\/secure.gravatar.com\/avatar\/29557b161a6ce6ab86ac1503164f1e90?s=96&d=mm&r=g","caption":"Boris"},"url":"https:\/\/www.vegaintro-projekti.com\/pilar-stari\/author\/boris\/"}]}},"_links":{"self":[{"href":"https:\/\/www.vegaintro-projekti.com\/pilar-stari\/wp-json\/wp\/v2\/posts\/17846"}],"collection":[{"href":"https:\/\/www.vegaintro-projekti.com\/pilar-stari\/wp-json\/wp\/v2\/posts"}],"about":[{"href":"https:\/\/www.vegaintro-projekti.com\/pilar-stari\/wp-json\/wp\/v2\/types\/post"}],"author":[{"embeddable":true,"href":"https:\/\/www.vegaintro-projekti.com\/pilar-stari\/wp-json\/wp\/v2\/users\/7"}],"replies":[{"embeddable":true,"href":"https:\/\/www.vegaintro-projekti.com\/pilar-stari\/wp-json\/wp\/v2\/comments?post=17846"}],"version-history":[{"count":5,"href":"https:\/\/www.vegaintro-projekti.com\/pilar-stari\/wp-json\/wp\/v2\/posts\/17846\/revisions"}],"predecessor-version":[{"id":21978,"href":"https:\/\/www.vegaintro-projekti.com\/pilar-stari\/wp-json\/wp\/v2\/posts\/17846\/revisions\/21978"}],"wp:featuredmedia":[{"embeddable":true,"href":"https:\/\/www.vegaintro-projekti.com\/pilar-stari\/wp-json\/wp\/v2\/media\/17845"}],"wp:attachment":[{"href":"https:\/\/www.vegaintro-projekti.com\/pilar-stari\/wp-json\/wp\/v2\/media?parent=17846"}],"wp:term":[{"taxonomy":"category","embeddable":true,"href":"https:\/\/www.vegaintro-projekti.com\/pilar-stari\/wp-json\/wp\/v2\/categories?post=17846"},{"taxonomy":"post_tag","embeddable":true,"href":"https:\/\/www.vegaintro-projekti.com\/pilar-stari\/wp-json\/wp\/v2\/tags?post=17846"}],"curies":[{"name":"wp","href":"https:\/\/api.w.org\/{rel}","templated":true}]}}