{"id":17922,"date":"2021-03-12T19:27:47","date_gmt":"2021-03-12T19:27:47","guid":{"rendered":"https:\/\/www.vegaintro-projekti.com\/pilar-stari\/?p=17922"},"modified":"2025-11-30T13:27:40","modified_gmt":"2025-11-30T13:27:40","slug":"croceania-istrazivanje-emocija-u-rekonstrukciji-identiteta-dijaspore-hrvati-u-australiji-i-novom-zelandu-1945-1991","status":"publish","type":"post","link":"https:\/\/www.vegaintro-projekti.com\/pilar-stari\/2021\/03\/croceania-istrazivanje-emocija-u-rekonstrukciji-identiteta-dijaspore-hrvati-u-australiji-i-novom-zelandu-1945-1991\/","title":{"rendered":"CROCEANIA \u2013 Istra\u017eivanje emocija u (re)konstrukciji identiteta dijaspore: Hrvati u Australiji i Novom Zelandu 1945.\u20131991."},"content":{"rendered":"<p><strong>Institut dru\u0161tvenih znanosti Ivo Pilar provodi projekt &#8220;CROCEANIA \u2013 Istra\u017eivanje emocija u (re)konstrukciji identiteta dijaspore: Hrvati u Australiji i Novom Zelandu 1945.\u20131991.&#8221;. Projekt financira Hrvatska zaklada za znanost a zapo\u010deo je 1. o\u017eujka 2020. i trajat \u0107e do 28. velja\u010de 2026. Voditelj projekta je dr. sc. Ivan Hrsti\u0107. <\/strong>&#8211; <a href=\"#novosti\">Novosti<\/a><\/p>\n<p><img decoding=\"async\" loading=\"lazy\" class=\"alignnone wp-image-17921 size-full\" src=\"https:\/\/www.vegaintro-projekti.com\/pilar-stari\/wp-content\/uploads\/2021\/03\/Croceania.jpg\" alt=\"\" width=\"620\" height=\"326\" srcset=\"https:\/\/www.vegaintro-projekti.com\/pilar-stari\/wp-content\/uploads\/2021\/03\/Croceania.jpg 620w, https:\/\/www.vegaintro-projekti.com\/pilar-stari\/wp-content\/uploads\/2021\/03\/Croceania-300x158.jpg 300w\" sizes=\"(max-width: 620px) 100vw, 620px\" \/><\/p>\n<p><strong>Svrha projekta<\/strong> je istra\u017eiti ulogu emocija u razvoju transnacionalnih migrantskih zajednica kroz analizu povijesti hrvatskog iseljeni\u0161tva u Australiji i Novom Zelandu u razdoblju od 1945. do 1991. Osnovni teorijski i metodolo\u0161ki okvir istra\u017eivanja postavljen je u konceptu povijesti emocija. Ovaj tip istra\u017eivanja osigurat \u0107e \u0161iru i dublju spoznaju fenomena migracija kao jednog od klju\u010dnih aspekata op\u0107eg procesa modernizacije. Ponudit \u0107e reinterpretaciju postoje\u0107ih istra\u017eivanja o hrvatskom iseljeni\u0161tvu i analiza koje se uglavnom baziraju na ekonomskoj i ideolo\u0161koj racionalizaciji migracija, pripisivanju identiteta iseljenika na temelju njihovog etni\u010dkog podrijetla te fokusu na politi\u010dke aktivnosti u okviru dijaspore u u\u017eem smislu rije\u010di. Iseljenicima \u0107e se u sklopu istra\u017eivanja pristupiti kao akterima u ekonomskim, kulturnim i politi\u010dkim procesima kako u zemlji iseljenja, tako i u zemljama useljenja, a oblikovanju dijaspora kao pitanju \u201cdru\u0161tvene mobilizacije\u201d. Time \u0107e se ponuditi integrativna povijest hrvatskog dru\u0161tva i njegovog iseljeni\u0161tva u \u0161irem kontekstu, koji uklju\u010duje i dr\u017eave useljenja te globalne faktore koji rezultiraju migracijama na svjetskoj razini. U ranijim istra\u017eivanjima to nije bio slu\u010daj, jer se razvoj iseljeni\u010dkih zajednica primarno promatrao iz perspektive politi\u010dke situacije u Hrvatskoj.<\/p>\n<p><strong>Metodologija istra\u017eivanja<\/strong> temeljit \u0107e se na interdisciplinarnom pristupu, prvenstveno u okviru historiografije i sociologije. Stoga se i projektni tim, uz voditelja, sastoji od \u010detiri povjesni\u010dara i dvoje sociologa: dr. sc. Josip Mihaljevi\u0107 (Hrvatski institut za povijest, Zagreb), dr. sc. Stipica Grgi\u0107 (Hrvatski institut za povijest, Zagreb), dr. sc. Nenad Bukvi\u0107 (Hrvatski dr\u017eavni arhiv, Zagreb), dr. sc. Mirko Sardeli\u0107 (Odsjek za povijesne znanosti, HAZU), dr. sc. Marica Marinovi\u0107 Golubi\u0107 (Fakultet hrvatskih studija, Zagreb) i Dino Vuku\u0161i\u0107 (Institut dru\u0161tvenih znanosti Ivo Pilar, Zagreb).<\/p>\n<p><a id=\"novosti\"><\/a><span style=\"font-size: 14pt;\">Novosti<\/span><\/p>\n<p>&#8211; <a href=\"https:\/\/www.vegaintro-projekti.com\/pilar-stari\/2025\/11\/dr-sc-ivan-hrstic-predstavio-dio-rezultata-dvaju-istrazivanja-ljubljana-17-11-2025\/\">Dr. sc. Ivan Hrsti\u0107 predstavio dio rezultata dvaju istra\u017eivanja; Ljubljana, 17. 11. 2025.<\/a><br \/>\n&#8211; <a href=\"https:\/\/www.vegaintro-projekti.com\/pilar-stari\/2025\/11\/dr-sc-ivan-hrstic-na-croatian-history-conference-adelaide-2025-adelaide-31-10-2025\/\">Dr. sc. Ivan Hrsti\u0107 na Croatian History Conference Adelaide 2025; Adelaide, 31. 10. 2025.<\/a><br \/>\n&#8211; <a href=\"https:\/\/www.vegaintro-projekti.com\/pilar-stari\/2024\/11\/gostujuce-predavanje-dr-sc-mihe-zobeca-u-multimedijalnoj-dvorani-instituta-zagreb-4-12-2024\/\">Gostuju\u0107e predavanje dr. sc. Mihe Zobeca u Multimedijalnoj dvorani Instituta; Zagreb, 4. 12. 2024.<\/a><br \/>\n&#8211; <a href=\"https:\/\/www.vegaintro-projekti.com\/pilar-stari\/2024\/10\/predstavljeni-rezultati-rada-na-projektu-istrazivanje-emocija-u-rekonstrukciji-identiteta-dijaspore-hrvati-u-australiji-i-novom-zelandu-1945-1991-osijek-25-28-9-2024\/\">Predstavljeni rezultati rada na projektu &#8220;Istra\u017eivanje emocija u (re)konstrukciji identiteta dijaspore: Hrvati u Australiji i Novom Zelandu (1945. &#8211; 1991.); Osijek, 25.-28. 9. 2024.<\/a><br \/>\n&#8211; <a href=\"https:\/\/www.vegaintro-projekti.com\/pilar-stari\/2024\/06\/dr-sc-stipica-grgic-i-dr-sc-ivan-hrstic-na-27-kongresu-european-committee-for-sports-history-pariz-4-6-5-2024\/\">Dr. sc. Stipica Grgi\u0107 i dr. sc. Ivan Hrsti\u0107 na 27. kongresu European Committee for Sports History; Pariz, 4.-6. 5. 2024.<\/a><br \/>\n&#8211; <a href=\"https:\/\/www.vegaintro-projekti.com\/pilar-stari\/2024\/03\/predavanje-dr-sc-maruske-svasek-czech-art-and-the-politics-of-visibility-an-ethnography-of-un-making-and-un-becomings-15-3-2024\/\">Predavanje dr. sc. Maru\u0161ke Sva\u0161ek \u201cCzech Art and the Politics of Visibility: An Ethnography of Un\/Making and Un\/Becomings\u201d, 15. 3. 2024.<\/a><br \/>\n&#8211; <a href=\"https:\/\/www.vegaintro-projekti.com\/pilar-stari\/2024\/02\/dr-sc-ivan-hrstic-na-konferenciji-heritage-and-new-horizons-croatia-and-croatians-in-a-global-context-sydney-8-11-2-2024\/\">Dr. sc. Ivan Hrsti\u0107 i dr. sc. Dino Vuku\u0161i\u0107 na konferenciji Heritage and New Horizons: Croatia and Croatians in a Global Context; Sydney, 8.-11. 2. 2024.<\/a><br \/>\n&#8211; <a href=\"https:\/\/www.vegaintro-projekti.com\/pilar-stari\/2023\/12\/znanstvenici-insituta-na-konferenciji-uloga-sporta-u-drustvu-zene-sport-i-drustvene-promjene-zagreb-15-16-12-2023\/\">Znanstvenici Instituta na konferenciji &#8220;Uloga sporta u dru\u0161tvu: \u017eene, sport i dru\u0161tvene promjene&#8221;; Zagreb, 15.-16. 12. 2023.<\/a><br \/>\n&#8211; <a href=\"https:\/\/www.vegaintro-projekti.com\/pilar-stari\/2023\/12\/dr-sc-stipica-grgic-na-konferenciji-a-new-old-neighbor-turkish-republic-and-the-balkans-atena-23-25-11-2023\/\">Dr. sc. Stipica Grgi\u0107 na konferenciji A New-Old Neighbor. Turkish Republic and the Balkans; Atena, 23.-25. 11. 2023.<\/a><br \/>\n&#8211; <a href=\"https:\/\/www.vegaintro-projekti.com\/pilar-stari\/2023\/11\/dr-sc-marko-mustapic-i-dr-sc-ivan-hrstic-demografski-i-kulturoloski-aspekti-hrvatske-sportske-dijaspore-hoo-24-25-11-2023\/\">Dr. sc. Marko Mustapi\u0107 i dr. sc. Ivan Hrsti\u0107: &#8220;Demografski i kulturolo\u0161ki aspekti hrvatske sportske dijaspore&#8221;; HOO, 24.-25. 11. 2023.<\/a><br \/>\n&#8211; <a href=\"https:\/\/www.vegaintro-projekti.com\/pilar-stari\/2023\/11\/dr-sc-matko-krce-ivancic-na-south-african-society-for-critical-theory-5th-annual-conference-bloemfontein-16-18-11-2023\/\">Dr. sc. Matko Krce-Ivan\u010di\u0107 na South African Society for Critical Theory 5th Annual Conference; Bloemfontein, 16.-18. 11. 2023.<\/a><br \/>\n&#8211; <a href=\"https:\/\/www.vegaintro-projekti.com\/pilar-stari\/2023\/11\/poziv-na-predavanje-dr-sare-bernard-university-of-glasgow-navigating-the-international-division-of-labour-zagreb-1-12-2023\/\">Poziv na predavanje dr. Sare Bernard (University of Glasgow) &#8220;Navigating the international division of labour&#8221;; Zagreb, 1. 12. 2023.<\/a><br \/>\n&#8211; <a href=\"https:\/\/www.vegaintro-projekti.com\/pilar-stari\/2023\/11\/dr-sc-ivan-hrstic-na-konferenciji-exiles-from-hungary-yugoslavia-and-czechoslovakia-1945-1989-regensburg-16-19-11-2023\/\">Dr. sc. Ivan Hrsti\u0107 na konferenciji Exiles from Hungary, Yugoslavia and Czechoslovakia 1945-1989.; Regensburg, 16.-19. 11. 2023.<\/a><br \/>\n&#8211; <a href=\"https:\/\/www.vegaintro-projekti.com\/pilar-stari\/2023\/11\/dr-sc-matko-krce-ivancic-na-konferenciji-engaging-the-contemporary-2023-the-provocation-of-cultures-valletta-15-17-11-2023\/\">Dr. sc. Matko Krce-Ivan\u010di\u0107 na konferenciji Engaging the Contemporary 2023: The Provocation of Culture(s); Valletta, 15.-17. 11. 2023.<\/a><br \/>\n&#8211; <a href=\"https:\/\/www.vegaintro-projekti.com\/pilar-stari\/2023\/11\/dr-sc-matko-krce-ivancic-na-advanced-research-seminaru-fakulteta-politickih-znanosti-zagreb-30-10-2023\/\">Dr. sc. Matko Krce-Ivan\u010di\u0107 na Advanced Research Seminaru Fakulteta politi\u010dkih znanosti; Zagreb, 30. 10. 2023.<\/a><br \/>\n&#8211; <a href=\"https:\/\/www.vegaintro-projekti.com\/pilar-stari\/2023\/08\/dr-sc-matko-krce-ivancic-na-konferenciji-discourses-and-their-impacts-on-a-world-of-multiple-crises-valencija-25-28-7-2023\/\">Dr. sc. Matko Krce-Ivan\u010di\u0107 na konferenciji Discourses and Their Impacts on a World of Multiple Crises; Valencija, 25.-28. 7. 2023.<\/a><br \/>\n&#8211; <a href=\"https:\/\/www.vegaintro-projekti.com\/pilar-stari\/2023\/08\/dr-sc-ivan-hrstic-predavanje-u-organizaciji-centra-hrvatskih-studija-sveucilista-macquarie-u-sydneyu-18-8-2023\/\">Dr. sc. Ivan Hrsti\u0107: Predavanje u organizaciji Centra hrvatskih studija Sveu\u010dili\u0161ta Macquarie u Sydneyu, 18. 8. 2023.<\/a><br \/>\n&#8211; <a href=\"https:\/\/www.vegaintro-projekti.com\/pilar-stari\/2023\/08\/dr-sc-ivan-hrstic-znanstvenici-u-potrazi-za-useljenickim-iskustvima-hrvatica-u-australiji-14-8-2023\/\">Dr. sc. Ivan Hrsti\u0107: Znanstvenici u potrazi za useljeni\u010dkim iskustvima Hrvatica u Australiji, 14. 8. 2023.<\/a><br \/>\n&#8211; <a href=\"https:\/\/www.vegaintro-projekti.com\/pilar-stari\/2023\/08\/dr-sc-matko-krce-ivancic-na-london-conference-in-critical-thought-2023-30-6-1-7-2023\/\">Dr. sc. Matko Krce-Ivan\u010di\u0107 na London Conference in Critical Thought 2023, 30. 6. &#8211; 1. 7. 2023.<\/a><br \/>\n&#8211; <a href=\"https:\/\/www.vegaintro-projekti.com\/pilar-stari\/2023\/07\/dr-sc-ivan-hrstic-long-distance-communication-between-emigrants-and-post-world-war-ii-croatia-adelaide-24-7-2023\/\">Dr. sc. Ivan Hrsti\u0107: Long-distance communication between emigrants and post-World War II Croatia; Adelaide, 24. 7. 2023.<\/a><br \/>\n&#8211; <a href=\"https:\/\/www.vegaintro-projekti.com\/pilar-stari\/2023\/06\/dr-sc-matko-krce-ivancic-na-predavanju-i-radionici-prof-dr-etiennea-balibara-the-future-of-racism-dundee-skotska-26-27-4-2023\/\">Dr. sc. Matko Krce-Ivan\u010di\u0107 na predavanju i radionici prof. dr. \u00c9tiennea Balibara \u201eThe Future of Racism\u201c, Dundee, \u0160kotska, 26.-27. 4. 2023.<\/a><br \/>\n&#8211; <a href=\"https:\/\/www.vegaintro-projekti.com\/pilar-stari\/2023\/05\/dr-sc-ivan-hrstic-i-dr-sc-josip-mihaljevic-na-konferenciji-contested-identities-in-yugoslavia-prag-16-5-2023\/\">Dr. sc. Ivan Hrsti\u0107 i dr. sc. Josip Mihaljevi\u0107 na konferenciji &#8220;Contested Identities in Yugoslavia&#8221;; Prag, 16. 5. 2023.<\/a><br \/>\n&#8211; <a href=\"https:\/\/www.vegaintro-projekti.com\/pilar-stari\/2023\/02\/dr-sc-matko-krce-ivancic-na-konferenciji-critical-misanthropy-conference-amsterdam-25-27-1-2023\/\">Dr. sc. Matko Krce-Ivan\u010di\u0107 na konferenciji Critical Misanthropy Conference; Amsterdam, 25.-27. 1. 2023.<\/a><br \/>\n&#8211; <a href=\"https:\/\/www.vegaintro-projekti.com\/pilar-stari\/2023\/01\/dr-sc-matko-krce-ivancic-na-znanstvenoj-konferenciji-interdisciplinary-conference-nostalgia-movements-zagreb-15-16-12-2022\/\">Dr. sc. Matko Krce-Ivan\u010di\u0107 na znanstvenoj konferenciji Interdisciplinary Conference Nostalgia Movements; Zagreb, 15.-16. 12. 2022.<\/a><br \/>\n&#8211; <a href=\"https:\/\/www.vegaintro-projekti.com\/pilar-stari\/2022\/12\/predavanje-prof-dr-ulfa-brunnbauera-who-when-and-where-is-diaspora-examples-from-southeastern-europe-zagreb-15-12-2022\/\">Predavanje prof. dr. Ulfa Brunnbauera &#8220;Who, when, and where is Diaspora? Examples from Southeastern Europe&#8221;; Zagreb, 15. 12. 2022.<\/a><br \/>\n&#8211; <a href=\"https:\/\/www.vegaintro-projekti.com\/pilar-stari\/2022\/11\/dr-sc-ivan-hrstic-i-dr-sc-josip-mihaljevic-u-razgovoru-na-temu-iseljenistva-treci-program-hrvatskoga-radija-7-11-2022\/\">Dr. sc. Ivan Hrsti\u0107 i dr. sc. Josip Mihaljevi\u0107 u razgovoru na temu iseljeni\u0161tva &#8211; Tre\u0107i program Hrvatskoga radija, 7. 11. 2022.<\/a><br \/>\n&#8211; <a href=\"https:\/\/www.vegaintro-projekti.com\/pilar-stari\/2022\/10\/znanstvenici-instituta-na-medunarodnoj-konferenciji-sport-as-a-medium-for-social-inclusion-and-participation-zagreb-29-9-1-10-2022\/\">Znanstvenici Instituta na me\u0111unarodnoj konferenciji \u201eSport as a Medium for Social Inclusion and Participation\u201c; Zagreb, 29. 9. &#8211; 1. 10. 2022.<\/a><br \/>\n&#8211; <a href=\"https:\/\/www.vegaintro-projekti.com\/pilar-stari\/2022\/08\/dr-sc-josip-mihaljevic-jaksa-kusans-forgotten-struggle-for-freedom-and-democracy-in-croatia-poznanj-21-27-8-2022\/\">Dr. sc. Josip Mihaljevi\u0107: &#8220;Jak\u0161a Ku\u0161an\u2019s Forgotten Struggle for Freedom and Democracy in Croatia&#8221;; Poznanj, 21.-27. 8. 2022.<\/a><br \/>\n&#8211; <a href=\"https:\/\/www.vegaintro-projekti.com\/pilar-stari\/2022\/07\/dino-vukusic-i-stipica-grgic-na-konferenciji-the-fourth-conference-in-balkan-studies-connected-balkans-marseille-30-6-2-7-2022\/\">Dino Vuku\u0161i\u0107 i Stipica Grgi\u0107 na konferenciji \u201eThe Fourth Conference in Balkan Studies: Connected Balkans\u201d; Marseille, 30. 6. &#8211; 2. 7. 2022.<\/a><br \/>\n&#8211; <a href=\"https:\/\/www.vegaintro-projekti.com\/pilar-stari\/2022\/07\/dr-sc-ivan-hrstic-na-5-hrvatskom-iseljenickom-kongresu-mostar-30-6-3-7-2022\/\">Dr. sc. Ivan Hrsti\u0107 na 5. hrvatskom iseljeni\u010dkom kongresu; Mostar, 30. 6. \u2013 3. 7. 2022.<\/a><br \/>\n&#8211; <a href=\"https:\/\/www.vegaintro-projekti.com\/pilar-stari\/2022\/06\/dr-sc-josip-mihaljevic-ante-ciliga-papers-as-a-source-for-the-research-of-the-contemporary-history-2-3-6-2022\/\">Dr. sc. Josip Mihaljevi\u0107: Ante Ciliga papers as a source for the research of the contemporary history, 2.-3. 6. 2022.<\/a><br \/>\n&#8211; <a href=\"https:\/\/www.vegaintro-projekti.com\/pilar-stari\/2022\/05\/dr-sc-ivan-hrstic-i-dr-sc-marica-marinovic-golubic-na-konferenciji-finding-meaning-oral-history-power-and-emotions-21-22-4-2022\/\">Dr. sc. Ivan Hrsti\u0107 i dr. sc. Marica Marinovi\u0107 Golubi\u0107 na konferenciji \u201eFinding Meaning: Oral History, Power and Emotions&#8221;, 21.-22. 4. 2022.<\/a><br \/>\n&#8211; <a href=\"https:\/\/www.vegaintro-projekti.com\/pilar-stari\/2021\/12\/predavanje-dr-sc-maruske-svasek-researching-human-mobility-affect-and-emotions-17-12-2021\/\">Predavanje dr. sc. Maru\u0161ka Sva\u0161ek &#8220;Researching Human mobility, Affect and Emotions&#8221;, 17. 12. 2021.<\/a><br \/>\n&#8211; <a href=\"https:\/\/www.vegaintro-projekti.com\/pilar-stari\/2021\/11\/natjecaj-za-izbor-na-suradnicko-radno-mjesto-u-suradnickom-zvanju-poslijedoktorand-rad-u-sredisnjici-zagreb-17-11-2021\/\">Natje\u010daj za izbor na suradni\u010dko radno mjesto u suradni\u010dkom zvanju poslijedoktorand, rad u sredi\u0161njici Zagreb, 17. 11. 2021.<\/a><br \/>\n&#8211; <a href=\"https:\/\/www.vegaintro-projekti.com\/pilar-stari\/2021\/08\/dr-sc-ivan-hrstic-na-10-svjetskom-kongresu-international-council-for-central-and-east-european-studies-3-8-8-2021\/\">Dr. sc. Ivan Hrsti\u0107 na 10. svjetskom kongresu International Council for Central and East European Studies, 3.-8. 8. 2021.<\/a><br \/>\n&#8211; <a href=\"https:\/\/www.vegaintro-projekti.com\/pilar-stari\/2021\/07\/znanstvenici-instituta-na-medunarodnoj-konferenciji-sport-granada-24-25-6-2021\/\">Znanstvenici Instituta na me\u0111unarodnoj konferenciji \u201eSport &amp; Society in Crisis\u201c; Granada, 24.-25. 6. 2021.<\/a><br \/>\n&#8211; <strong>Dr. sc. Ivan Hrsti\u0107: \u201ePovijest emocija u kontekstu hrvatskog iseljeni\u0161tva\u201c<\/strong> &#8211; <a href=\"https:\/\/www.vegaintro-projekti.com\/pilar-stari\/2021\/06\/pilarov-tim-na-konferenciji-iseljenistvo-i-domovina-marija-bistrica-10-11-6-2021\/\">Pilarov tim na konferenciji ISELJENI\u0160TVO I DOMOVINA; Marija Bistrica, 10.-11. 6. 2021.<\/a><\/p>\n","protected":false},"excerpt":{"rendered":"<p>Institut dru\u0161tvenih znanosti Ivo Pilar provodi projekt &#8220;CROCEANIA \u2013 Istra\u017eivanje emocija u (re)konstrukciji identiteta dijaspore: Hrvati u Australiji i Novom Zelandu 1945.\u20131991.&#8221;. Projekt financira Hrvatska zaklada za znanost a zapo\u010deo je 1. o\u017eujka 2020. i trajat \u0107e do 28. velja\u010de 2026. Voditelj projekta je dr. sc. Ivan Hrsti\u0107. &#8211; Novosti Svrha projekta je istra\u017eiti ulogu&hellip; <a class=\"continue\" href=\"https:\/\/www.vegaintro-projekti.com\/pilar-stari\/2021\/03\/croceania-istrazivanje-emocija-u-rekonstrukciji-identiteta-dijaspore-hrvati-u-australiji-i-novom-zelandu-1945-1991\/\">Pro\u010ditaj vi\u0161e o<span> CROCEANIA \u2013 Istra\u017eivanje emocija u (re)konstrukciji identiteta dijaspore: Hrvati u Australiji i Novom Zelandu 1945.\u20131991.<\/span><\/a><\/p>\n","protected":false},"author":7,"featured_media":17921,"comment_status":"closed","ping_status":"closed","sticky":false,"template":"","format":"standard","meta":{"inline_featured_image":false,"ngg_post_thumbnail":0,"footnotes":""},"categories":[29],"tags":[],"yoast_head":"<!-- This site is optimized with the Yoast SEO plugin v21.2 - https:\/\/yoast.com\/wordpress\/plugins\/seo\/ -->\n<title>CROCEANIA \u2013 Istra\u017eivanje emocija u (re)konstrukciji identiteta dijaspore: Hrvati u Australiji i Novom Zelandu 1945.\u20131991. - Institut dru&scaron;tvenih znanosti Ivo Pilar<\/title>\n<meta name=\"robots\" content=\"noindex, follow, max-snippet:-1, max-image-preview:large, max-video-preview:-1\" \/>\n<meta property=\"og:locale\" content=\"hr_HR\" \/>\n<meta property=\"og:type\" content=\"article\" \/>\n<meta property=\"og:title\" content=\"CROCEANIA \u2013 Istra\u017eivanje emocija u (re)konstrukciji identiteta dijaspore: Hrvati u Australiji i Novom Zelandu 1945.\u20131991. - Institut dru&scaron;tvenih znanosti Ivo Pilar\" \/>\n<meta property=\"og:description\" content=\"Institut dru\u0161tvenih znanosti Ivo Pilar provodi projekt &#8220;CROCEANIA \u2013 Istra\u017eivanje emocija u (re)konstrukciji identiteta dijaspore: Hrvati u Australiji i Novom Zelandu 1945.\u20131991.&#8221;. Projekt financira Hrvatska zaklada za znanost a zapo\u010deo je 1. o\u017eujka 2020. i trajat \u0107e do 28. velja\u010de 2026. Voditelj projekta je dr. sc. Ivan Hrsti\u0107. &#8211; Novosti Svrha projekta je istra\u017eiti ulogu&hellip; Pro\u010ditaj vi\u0161e o CROCEANIA \u2013 Istra\u017eivanje emocija u (re)konstrukciji identiteta dijaspore: Hrvati u Australiji i Novom Zelandu 1945.\u20131991.\" \/>\n<meta property=\"og:url\" content=\"https:\/\/www.vegaintro-projekti.com\/pilar-stari\/2021\/03\/croceania-istrazivanje-emocija-u-rekonstrukciji-identiteta-dijaspore-hrvati-u-australiji-i-novom-zelandu-1945-1991\/\" \/>\n<meta property=\"og:site_name\" content=\"Institut dru&scaron;tvenih znanosti Ivo Pilar\" \/>\n<meta property=\"article:published_time\" content=\"2021-03-12T19:27:47+00:00\" \/>\n<meta property=\"article:modified_time\" content=\"2025-11-30T13:27:40+00:00\" \/>\n<meta property=\"og:image\" content=\"https:\/\/www.vegaintro-projekti.com\/pilar-stari\/wp-content\/uploads\/2021\/03\/Croceania.jpg\" \/>\n\t<meta property=\"og:image:width\" content=\"620\" \/>\n\t<meta property=\"og:image:height\" content=\"326\" \/>\n\t<meta property=\"og:image:type\" content=\"image\/jpeg\" \/>\n<meta name=\"author\" content=\"Boris\" \/>\n<meta name=\"twitter:card\" content=\"summary_large_image\" \/>\n<meta name=\"twitter:label1\" content=\"Napisao\/la\" \/>\n\t<meta name=\"twitter:data1\" content=\"Boris\" \/>\n\t<meta name=\"twitter:label2\" content=\"Procijenjeno vrijeme \u010ditanja\" \/>\n\t<meta name=\"twitter:data2\" content=\"6 minuta\" \/>\n<script type=\"application\/ld+json\" class=\"yoast-schema-graph\">{\"@context\":\"https:\/\/schema.org\",\"@graph\":[{\"@type\":\"WebPage\",\"@id\":\"https:\/\/www.vegaintro-projekti.com\/pilar-stari\/2021\/03\/croceania-istrazivanje-emocija-u-rekonstrukciji-identiteta-dijaspore-hrvati-u-australiji-i-novom-zelandu-1945-1991\/\",\"url\":\"https:\/\/www.vegaintro-projekti.com\/pilar-stari\/2021\/03\/croceania-istrazivanje-emocija-u-rekonstrukciji-identiteta-dijaspore-hrvati-u-australiji-i-novom-zelandu-1945-1991\/\",\"name\":\"CROCEANIA \u2013 Istra\u017eivanje emocija u (re)konstrukciji identiteta dijaspore: Hrvati u Australiji i Novom Zelandu 1945.\u20131991. - Institut dru&scaron;tvenih znanosti Ivo Pilar\",\"isPartOf\":{\"@id\":\"https:\/\/www.vegaintro-projekti.com\/pilar-stari\/#website\"},\"datePublished\":\"2021-03-12T19:27:47+00:00\",\"dateModified\":\"2025-11-30T13:27:40+00:00\",\"author\":{\"@id\":\"https:\/\/www.vegaintro-projekti.com\/pilar-stari\/#\/schema\/person\/ddd404c9f1e15e4ffef5986ac6a5d28b\"},\"breadcrumb\":{\"@id\":\"https:\/\/www.vegaintro-projekti.com\/pilar-stari\/2021\/03\/croceania-istrazivanje-emocija-u-rekonstrukciji-identiteta-dijaspore-hrvati-u-australiji-i-novom-zelandu-1945-1991\/#breadcrumb\"},\"inLanguage\":\"hr\",\"potentialAction\":[{\"@type\":\"ReadAction\",\"target\":[\"https:\/\/www.vegaintro-projekti.com\/pilar-stari\/2021\/03\/croceania-istrazivanje-emocija-u-rekonstrukciji-identiteta-dijaspore-hrvati-u-australiji-i-novom-zelandu-1945-1991\/\"]}]},{\"@type\":\"BreadcrumbList\",\"@id\":\"https:\/\/www.vegaintro-projekti.com\/pilar-stari\/2021\/03\/croceania-istrazivanje-emocija-u-rekonstrukciji-identiteta-dijaspore-hrvati-u-australiji-i-novom-zelandu-1945-1991\/#breadcrumb\",\"itemListElement\":[{\"@type\":\"ListItem\",\"position\":1,\"name\":\"Home\",\"item\":\"https:\/\/www.vegaintro-projekti.com\/pilar-stari\/\"},{\"@type\":\"ListItem\",\"position\":2,\"name\":\"CROCEANIA \u2013 Istra\u017eivanje emocija u (re)konstrukciji identiteta dijaspore: Hrvati u Australiji i Novom Zelandu 1945.\u20131991.\"}]},{\"@type\":\"WebSite\",\"@id\":\"https:\/\/www.vegaintro-projekti.com\/pilar-stari\/#website\",\"url\":\"https:\/\/www.vegaintro-projekti.com\/pilar-stari\/\",\"name\":\"Institut dru&scaron;tvenih znanosti Ivo Pilar\",\"description\":\"Pilar\",\"potentialAction\":[{\"@type\":\"SearchAction\",\"target\":{\"@type\":\"EntryPoint\",\"urlTemplate\":\"https:\/\/www.vegaintro-projekti.com\/pilar-stari\/?s={search_term_string}\"},\"query-input\":\"required name=search_term_string\"}],\"inLanguage\":\"hr\"},{\"@type\":\"Person\",\"@id\":\"https:\/\/www.vegaintro-projekti.com\/pilar-stari\/#\/schema\/person\/ddd404c9f1e15e4ffef5986ac6a5d28b\",\"name\":\"Boris\",\"image\":{\"@type\":\"ImageObject\",\"inLanguage\":\"hr\",\"@id\":\"https:\/\/www.vegaintro-projekti.com\/pilar-stari\/#\/schema\/person\/image\/\",\"url\":\"https:\/\/secure.gravatar.com\/avatar\/29557b161a6ce6ab86ac1503164f1e90?s=96&d=mm&r=g\",\"contentUrl\":\"https:\/\/secure.gravatar.com\/avatar\/29557b161a6ce6ab86ac1503164f1e90?s=96&d=mm&r=g\",\"caption\":\"Boris\"},\"url\":\"https:\/\/www.vegaintro-projekti.com\/pilar-stari\/author\/boris\/\"}]}<\/script>\n<!-- \/ Yoast SEO plugin. -->","yoast_head_json":{"title":"CROCEANIA \u2013 Istra\u017eivanje emocija u (re)konstrukciji identiteta dijaspore: Hrvati u Australiji i Novom Zelandu 1945.\u20131991. - Institut dru&scaron;tvenih znanosti Ivo Pilar","robots":{"index":"noindex","follow":"follow","max-snippet":"max-snippet:-1","max-image-preview":"max-image-preview:large","max-video-preview":"max-video-preview:-1"},"og_locale":"hr_HR","og_type":"article","og_title":"CROCEANIA \u2013 Istra\u017eivanje emocija u (re)konstrukciji identiteta dijaspore: Hrvati u Australiji i Novom Zelandu 1945.\u20131991. - Institut dru&scaron;tvenih znanosti Ivo Pilar","og_description":"Institut dru\u0161tvenih znanosti Ivo Pilar provodi projekt &#8220;CROCEANIA \u2013 Istra\u017eivanje emocija u (re)konstrukciji identiteta dijaspore: Hrvati u Australiji i Novom Zelandu 1945.\u20131991.&#8221;. Projekt financira Hrvatska zaklada za znanost a zapo\u010deo je 1. o\u017eujka 2020. i trajat \u0107e do 28. velja\u010de 2026. Voditelj projekta je dr. sc. Ivan Hrsti\u0107. &#8211; Novosti Svrha projekta je istra\u017eiti ulogu&hellip; Pro\u010ditaj vi\u0161e o CROCEANIA \u2013 Istra\u017eivanje emocija u (re)konstrukciji identiteta dijaspore: Hrvati u Australiji i Novom Zelandu 1945.\u20131991.","og_url":"https:\/\/www.vegaintro-projekti.com\/pilar-stari\/2021\/03\/croceania-istrazivanje-emocija-u-rekonstrukciji-identiteta-dijaspore-hrvati-u-australiji-i-novom-zelandu-1945-1991\/","og_site_name":"Institut dru&scaron;tvenih znanosti Ivo Pilar","article_published_time":"2021-03-12T19:27:47+00:00","article_modified_time":"2025-11-30T13:27:40+00:00","og_image":[{"width":620,"height":326,"url":"https:\/\/www.vegaintro-projekti.com\/pilar-stari\/wp-content\/uploads\/2021\/03\/Croceania.jpg","type":"image\/jpeg"}],"author":"Boris","twitter_card":"summary_large_image","twitter_misc":{"Napisao\/la":"Boris","Procijenjeno vrijeme \u010ditanja":"6 minuta"},"schema":{"@context":"https:\/\/schema.org","@graph":[{"@type":"WebPage","@id":"https:\/\/www.vegaintro-projekti.com\/pilar-stari\/2021\/03\/croceania-istrazivanje-emocija-u-rekonstrukciji-identiteta-dijaspore-hrvati-u-australiji-i-novom-zelandu-1945-1991\/","url":"https:\/\/www.vegaintro-projekti.com\/pilar-stari\/2021\/03\/croceania-istrazivanje-emocija-u-rekonstrukciji-identiteta-dijaspore-hrvati-u-australiji-i-novom-zelandu-1945-1991\/","name":"CROCEANIA \u2013 Istra\u017eivanje emocija u (re)konstrukciji identiteta dijaspore: Hrvati u Australiji i Novom Zelandu 1945.\u20131991. - Institut dru&scaron;tvenih znanosti Ivo Pilar","isPartOf":{"@id":"https:\/\/www.vegaintro-projekti.com\/pilar-stari\/#website"},"datePublished":"2021-03-12T19:27:47+00:00","dateModified":"2025-11-30T13:27:40+00:00","author":{"@id":"https:\/\/www.vegaintro-projekti.com\/pilar-stari\/#\/schema\/person\/ddd404c9f1e15e4ffef5986ac6a5d28b"},"breadcrumb":{"@id":"https:\/\/www.vegaintro-projekti.com\/pilar-stari\/2021\/03\/croceania-istrazivanje-emocija-u-rekonstrukciji-identiteta-dijaspore-hrvati-u-australiji-i-novom-zelandu-1945-1991\/#breadcrumb"},"inLanguage":"hr","potentialAction":[{"@type":"ReadAction","target":["https:\/\/www.vegaintro-projekti.com\/pilar-stari\/2021\/03\/croceania-istrazivanje-emocija-u-rekonstrukciji-identiteta-dijaspore-hrvati-u-australiji-i-novom-zelandu-1945-1991\/"]}]},{"@type":"BreadcrumbList","@id":"https:\/\/www.vegaintro-projekti.com\/pilar-stari\/2021\/03\/croceania-istrazivanje-emocija-u-rekonstrukciji-identiteta-dijaspore-hrvati-u-australiji-i-novom-zelandu-1945-1991\/#breadcrumb","itemListElement":[{"@type":"ListItem","position":1,"name":"Home","item":"https:\/\/www.vegaintro-projekti.com\/pilar-stari\/"},{"@type":"ListItem","position":2,"name":"CROCEANIA \u2013 Istra\u017eivanje emocija u (re)konstrukciji identiteta dijaspore: Hrvati u Australiji i Novom Zelandu 1945.\u20131991."}]},{"@type":"WebSite","@id":"https:\/\/www.vegaintro-projekti.com\/pilar-stari\/#website","url":"https:\/\/www.vegaintro-projekti.com\/pilar-stari\/","name":"Institut dru&scaron;tvenih znanosti Ivo Pilar","description":"Pilar","potentialAction":[{"@type":"SearchAction","target":{"@type":"EntryPoint","urlTemplate":"https:\/\/www.vegaintro-projekti.com\/pilar-stari\/?s={search_term_string}"},"query-input":"required name=search_term_string"}],"inLanguage":"hr"},{"@type":"Person","@id":"https:\/\/www.vegaintro-projekti.com\/pilar-stari\/#\/schema\/person\/ddd404c9f1e15e4ffef5986ac6a5d28b","name":"Boris","image":{"@type":"ImageObject","inLanguage":"hr","@id":"https:\/\/www.vegaintro-projekti.com\/pilar-stari\/#\/schema\/person\/image\/","url":"https:\/\/secure.gravatar.com\/avatar\/29557b161a6ce6ab86ac1503164f1e90?s=96&d=mm&r=g","contentUrl":"https:\/\/secure.gravatar.com\/avatar\/29557b161a6ce6ab86ac1503164f1e90?s=96&d=mm&r=g","caption":"Boris"},"url":"https:\/\/www.vegaintro-projekti.com\/pilar-stari\/author\/boris\/"}]}},"_links":{"self":[{"href":"https:\/\/www.vegaintro-projekti.com\/pilar-stari\/wp-json\/wp\/v2\/posts\/17922"}],"collection":[{"href":"https:\/\/www.vegaintro-projekti.com\/pilar-stari\/wp-json\/wp\/v2\/posts"}],"about":[{"href":"https:\/\/www.vegaintro-projekti.com\/pilar-stari\/wp-json\/wp\/v2\/types\/post"}],"author":[{"embeddable":true,"href":"https:\/\/www.vegaintro-projekti.com\/pilar-stari\/wp-json\/wp\/v2\/users\/7"}],"replies":[{"embeddable":true,"href":"https:\/\/www.vegaintro-projekti.com\/pilar-stari\/wp-json\/wp\/v2\/comments?post=17922"}],"version-history":[{"count":42,"href":"https:\/\/www.vegaintro-projekti.com\/pilar-stari\/wp-json\/wp\/v2\/posts\/17922\/revisions"}],"predecessor-version":[{"id":36723,"href":"https:\/\/www.vegaintro-projekti.com\/pilar-stari\/wp-json\/wp\/v2\/posts\/17922\/revisions\/36723"}],"wp:featuredmedia":[{"embeddable":true,"href":"https:\/\/www.vegaintro-projekti.com\/pilar-stari\/wp-json\/wp\/v2\/media\/17921"}],"wp:attachment":[{"href":"https:\/\/www.vegaintro-projekti.com\/pilar-stari\/wp-json\/wp\/v2\/media?parent=17922"}],"wp:term":[{"taxonomy":"category","embeddable":true,"href":"https:\/\/www.vegaintro-projekti.com\/pilar-stari\/wp-json\/wp\/v2\/categories?post=17922"},{"taxonomy":"post_tag","embeddable":true,"href":"https:\/\/www.vegaintro-projekti.com\/pilar-stari\/wp-json\/wp\/v2\/tags?post=17922"}],"curies":[{"name":"wp","href":"https:\/\/api.w.org\/{rel}","templated":true}]}}