{"id":18207,"date":"2021-04-12T12:52:38","date_gmt":"2021-04-12T12:52:38","guid":{"rendered":"https:\/\/www.vegaintro-projekti.com\/pilar-stari\/?p=18207"},"modified":"2021-04-12T12:52:38","modified_gmt":"2021-04-12T12:52:38","slug":"mr-sc-tatjana-tomaic-istrani-su-se-prvi-u-svijetu-pobunili-protiv-fasista-11-4-2021","status":"publish","type":"post","link":"https:\/\/www.vegaintro-projekti.com\/pilar-stari\/2021\/04\/mr-sc-tatjana-tomaic-istrani-su-se-prvi-u-svijetu-pobunili-protiv-fasista-11-4-2021\/","title":{"rendered":"Mr. sc. Tatjana Tomai\u0107: &#8220;Istrani su se prvi u svijetu pobunili protiv fa\u0161ista&#8221;, 11. 4. 2021."},"content":{"rendered":"<p><strong>Ve\u010dernji list u tiskanom izdanju i na portalu 11. travnja 2021. objavljuje autorski \u010dlanak mr. sc. Tatjane Tomai\u0107 pod naslovom &#8220;Istrani su se prvi u svijetu pobunili protiv fa\u0161ista&#8221; u povodu stogodi\u0161njice Pro\u0161tinske bune.<\/strong> &#8211; <a href=\"https:\/\/www.vecernji.hr\/vijesti\/istrani-su-se-prvi-u-svijetu-pobunili-protiv-fasista-1483498\">Ve\u010dernji list<\/a><\/p>\n<p><img decoding=\"async\" loading=\"lazy\" class=\"alignnone wp-image-18206 size-full\" src=\"https:\/\/www.vegaintro-projekti.com\/pilar-stari\/wp-content\/uploads\/2021\/04\/Tomaic_Tatjana_s.jpg\" alt=\"\" width=\"620\" height=\"413\" srcset=\"https:\/\/www.vegaintro-projekti.com\/pilar-stari\/wp-content\/uploads\/2021\/04\/Tomaic_Tatjana_s.jpg 620w, https:\/\/www.vegaintro-projekti.com\/pilar-stari\/wp-content\/uploads\/2021\/04\/Tomaic_Tatjana_s-300x200.jpg 300w\" sizes=\"(max-width: 620px) 100vw, 620px\" \/><\/p>\n<p><strong>&#8211; Ve\u010dernji list:<\/strong> <a href=\"https:\/\/www.vecernji.hr\/vijesti\/istrani-su-se-prvi-u-svijetu-pobunili-protiv-fasista-1483498\">Istrani su se prvi u svijetu pobunili protiv fa\u0161ista, 11. 4. 2021.<\/a><\/p>\n<p><span style=\"font-size: 14pt;\">Pro\u0161tinska buna, jedan je od najva\u017enijih doga\u0111aja ne samo u hrvatskoj nego i europskoj povijesti<\/span><\/p>\n<p>Postoje doga\u0111aji u povijesti koje podjednako slave lijevi i desni. \u010cak ih i opisuju na ne pretjerano razli\u010dit na\u010din. Da je tako, svjedo\u010di i Pro\u0161tinska buna, jedan je od najva\u017enijih doga\u0111aja ne samo u hrvatskoj nego i europskoj povijesti. Naime, pobunu u istarskom selu Pro\u0161tini mnogi dr\u017ee prvim antifa\u0161isti\u010dkim ustankom u nas, ali i u Europi uop\u0107e. Prije nekoliko dana, to\u010dnije 5. travnja, obilje\u017eeno je stotinu godina od zavr\u0161etka ovoga va\u017enog doga\u0111aja o kojem se zapravo u javnosti vrlo malo zna, koji jest temeljito prou\u010den, ali ipak nedovoljno publiciran. Mag. Tatjana Tomai\u0107 s Instituta dru\u0161tvenih znanosti Ivo Pilar magistra je Fakulteta politi\u010dkih znanosti u Zagrebu. Osim hrvatske politike u kontekstu politika Europske unije, pri \u010demu se isti\u010de njezino bavljenje problemom hrvatsko-slovenske granice na Dragonji, podru\u010dje je njezina osobita interesa upravo Pro\u0161tinska buna. I sama je Istrijanka, a u buni je sudjelovao i njezin djed. Ta nam je znanstvenica objasnila kontekst doga\u0111aja koji su se zbili od velja\u010de do travnja 1921. godine u malome istarskom mjestu. &#8211; Zoran Vitas<\/p>\n<blockquote><p><a href=\"https:\/\/www.vegaintro-projekti.com\/pilar-stari\/biografije\/user-bio\/?my_user_id=118\">Mr. sc. Tatjana Tomai\u0107<\/a><\/p><\/blockquote>\n","protected":false},"excerpt":{"rendered":"<p>Ve\u010dernji list u tiskanom izdanju i na portalu 11. travnja 2021. objavljuje autorski \u010dlanak mr. sc. Tatjane Tomai\u0107 pod naslovom &#8220;Istrani su se prvi u svijetu pobunili protiv fa\u0161ista&#8221; u povodu stogodi\u0161njice Pro\u0161tinske bune. &#8211; Ve\u010dernji list &#8211; Ve\u010dernji list: Istrani su se prvi u svijetu pobunili protiv fa\u0161ista, 11. 4. 2021. Pro\u0161tinska buna, jedan&hellip; <a class=\"continue\" href=\"https:\/\/www.vegaintro-projekti.com\/pilar-stari\/2021\/04\/mr-sc-tatjana-tomaic-istrani-su-se-prvi-u-svijetu-pobunili-protiv-fasista-11-4-2021\/\">Pro\u010ditaj vi\u0161e o<span> Mr. sc. Tatjana Tomai\u0107: &#8220;Istrani su se prvi u svijetu pobunili protiv fa\u0161ista&#8221;, 11. 4. 2021.<\/span><\/a><\/p>\n","protected":false},"author":7,"featured_media":18205,"comment_status":"closed","ping_status":"closed","sticky":false,"template":"","format":"standard","meta":{"inline_featured_image":false,"ngg_post_thumbnail":0,"footnotes":""},"categories":[48,12],"tags":[],"yoast_head":"<!-- This site is optimized with the Yoast SEO plugin v21.2 - https:\/\/yoast.com\/wordpress\/plugins\/seo\/ -->\n<title>Mr. sc. Tatjana Tomai\u0107: &quot;Istrani su se prvi u svijetu pobunili protiv fa\u0161ista&quot;, 11. 4. 2021. - Institut dru&scaron;tvenih znanosti Ivo Pilar<\/title>\n<meta name=\"robots\" content=\"noindex, follow, max-snippet:-1, max-image-preview:large, max-video-preview:-1\" \/>\n<meta property=\"og:locale\" content=\"hr_HR\" \/>\n<meta property=\"og:type\" content=\"article\" \/>\n<meta property=\"og:title\" content=\"Mr. sc. Tatjana Tomai\u0107: &quot;Istrani su se prvi u svijetu pobunili protiv fa\u0161ista&quot;, 11. 4. 2021. - Institut dru&scaron;tvenih znanosti Ivo Pilar\" \/>\n<meta property=\"og:description\" content=\"Ve\u010dernji list u tiskanom izdanju i na portalu 11. travnja 2021. objavljuje autorski \u010dlanak mr. sc. Tatjane Tomai\u0107 pod naslovom &#8220;Istrani su se prvi u svijetu pobunili protiv fa\u0161ista&#8221; u povodu stogodi\u0161njice Pro\u0161tinske bune. &#8211; Ve\u010dernji list &#8211; Ve\u010dernji list: Istrani su se prvi u svijetu pobunili protiv fa\u0161ista, 11. 4. 2021. Pro\u0161tinska buna, jedan&hellip; Pro\u010ditaj vi\u0161e o Mr. sc. Tatjana Tomai\u0107: &#8220;Istrani su se prvi u svijetu pobunili protiv fa\u0161ista&#8221;, 11. 4. 2021.\" \/>\n<meta property=\"og:url\" content=\"https:\/\/www.vegaintro-projekti.com\/pilar-stari\/2021\/04\/mr-sc-tatjana-tomaic-istrani-su-se-prvi-u-svijetu-pobunili-protiv-fasista-11-4-2021\/\" \/>\n<meta property=\"og:site_name\" content=\"Institut dru&scaron;tvenih znanosti Ivo Pilar\" \/>\n<meta property=\"article:published_time\" content=\"2021-04-12T12:52:38+00:00\" \/>\n<meta property=\"og:image\" content=\"https:\/\/www.vegaintro-projekti.com\/pilar-stari\/wp-content\/uploads\/2021\/04\/Tomaic_Tatjana_fi.jpg\" \/>\n\t<meta property=\"og:image:width\" content=\"500\" \/>\n\t<meta property=\"og:image:height\" content=\"243\" \/>\n\t<meta property=\"og:image:type\" content=\"image\/jpeg\" \/>\n<meta name=\"author\" content=\"Boris\" \/>\n<meta name=\"twitter:card\" content=\"summary_large_image\" \/>\n<meta name=\"twitter:label1\" content=\"Napisao\/la\" \/>\n\t<meta name=\"twitter:data1\" content=\"Boris\" \/>\n\t<meta name=\"twitter:label2\" content=\"Procijenjeno vrijeme \u010ditanja\" \/>\n\t<meta name=\"twitter:data2\" content=\"1 minuta\" \/>\n<script type=\"application\/ld+json\" class=\"yoast-schema-graph\">{\"@context\":\"https:\/\/schema.org\",\"@graph\":[{\"@type\":\"WebPage\",\"@id\":\"https:\/\/www.vegaintro-projekti.com\/pilar-stari\/2021\/04\/mr-sc-tatjana-tomaic-istrani-su-se-prvi-u-svijetu-pobunili-protiv-fasista-11-4-2021\/\",\"url\":\"https:\/\/www.vegaintro-projekti.com\/pilar-stari\/2021\/04\/mr-sc-tatjana-tomaic-istrani-su-se-prvi-u-svijetu-pobunili-protiv-fasista-11-4-2021\/\",\"name\":\"Mr. sc. Tatjana Tomai\u0107: \\\"Istrani su se prvi u svijetu pobunili protiv fa\u0161ista\\\", 11. 4. 2021. - Institut dru&scaron;tvenih znanosti Ivo Pilar\",\"isPartOf\":{\"@id\":\"https:\/\/www.vegaintro-projekti.com\/pilar-stari\/#website\"},\"datePublished\":\"2021-04-12T12:52:38+00:00\",\"dateModified\":\"2021-04-12T12:52:38+00:00\",\"author\":{\"@id\":\"https:\/\/www.vegaintro-projekti.com\/pilar-stari\/#\/schema\/person\/ddd404c9f1e15e4ffef5986ac6a5d28b\"},\"breadcrumb\":{\"@id\":\"https:\/\/www.vegaintro-projekti.com\/pilar-stari\/2021\/04\/mr-sc-tatjana-tomaic-istrani-su-se-prvi-u-svijetu-pobunili-protiv-fasista-11-4-2021\/#breadcrumb\"},\"inLanguage\":\"hr\",\"potentialAction\":[{\"@type\":\"ReadAction\",\"target\":[\"https:\/\/www.vegaintro-projekti.com\/pilar-stari\/2021\/04\/mr-sc-tatjana-tomaic-istrani-su-se-prvi-u-svijetu-pobunili-protiv-fasista-11-4-2021\/\"]}]},{\"@type\":\"BreadcrumbList\",\"@id\":\"https:\/\/www.vegaintro-projekti.com\/pilar-stari\/2021\/04\/mr-sc-tatjana-tomaic-istrani-su-se-prvi-u-svijetu-pobunili-protiv-fasista-11-4-2021\/#breadcrumb\",\"itemListElement\":[{\"@type\":\"ListItem\",\"position\":1,\"name\":\"Home\",\"item\":\"https:\/\/www.vegaintro-projekti.com\/pilar-stari\/\"},{\"@type\":\"ListItem\",\"position\":2,\"name\":\"Mr. sc. Tatjana Tomai\u0107: &#8220;Istrani su se prvi u svijetu pobunili protiv fa\u0161ista&#8221;, 11. 4. 2021.\"}]},{\"@type\":\"WebSite\",\"@id\":\"https:\/\/www.vegaintro-projekti.com\/pilar-stari\/#website\",\"url\":\"https:\/\/www.vegaintro-projekti.com\/pilar-stari\/\",\"name\":\"Institut dru&scaron;tvenih znanosti Ivo Pilar\",\"description\":\"Pilar\",\"potentialAction\":[{\"@type\":\"SearchAction\",\"target\":{\"@type\":\"EntryPoint\",\"urlTemplate\":\"https:\/\/www.vegaintro-projekti.com\/pilar-stari\/?s={search_term_string}\"},\"query-input\":\"required name=search_term_string\"}],\"inLanguage\":\"hr\"},{\"@type\":\"Person\",\"@id\":\"https:\/\/www.vegaintro-projekti.com\/pilar-stari\/#\/schema\/person\/ddd404c9f1e15e4ffef5986ac6a5d28b\",\"name\":\"Boris\",\"image\":{\"@type\":\"ImageObject\",\"inLanguage\":\"hr\",\"@id\":\"https:\/\/www.vegaintro-projekti.com\/pilar-stari\/#\/schema\/person\/image\/\",\"url\":\"https:\/\/secure.gravatar.com\/avatar\/29557b161a6ce6ab86ac1503164f1e90?s=96&d=mm&r=g\",\"contentUrl\":\"https:\/\/secure.gravatar.com\/avatar\/29557b161a6ce6ab86ac1503164f1e90?s=96&d=mm&r=g\",\"caption\":\"Boris\"},\"url\":\"https:\/\/www.vegaintro-projekti.com\/pilar-stari\/author\/boris\/\"}]}<\/script>\n<!-- \/ Yoast SEO plugin. -->","yoast_head_json":{"title":"Mr. sc. Tatjana Tomai\u0107: \"Istrani su se prvi u svijetu pobunili protiv fa\u0161ista\", 11. 4. 2021. - Institut dru&scaron;tvenih znanosti Ivo Pilar","robots":{"index":"noindex","follow":"follow","max-snippet":"max-snippet:-1","max-image-preview":"max-image-preview:large","max-video-preview":"max-video-preview:-1"},"og_locale":"hr_HR","og_type":"article","og_title":"Mr. sc. Tatjana Tomai\u0107: \"Istrani su se prvi u svijetu pobunili protiv fa\u0161ista\", 11. 4. 2021. - Institut dru&scaron;tvenih znanosti Ivo Pilar","og_description":"Ve\u010dernji list u tiskanom izdanju i na portalu 11. travnja 2021. objavljuje autorski \u010dlanak mr. sc. Tatjane Tomai\u0107 pod naslovom &#8220;Istrani su se prvi u svijetu pobunili protiv fa\u0161ista&#8221; u povodu stogodi\u0161njice Pro\u0161tinske bune. &#8211; Ve\u010dernji list &#8211; Ve\u010dernji list: Istrani su se prvi u svijetu pobunili protiv fa\u0161ista, 11. 4. 2021. Pro\u0161tinska buna, jedan&hellip; Pro\u010ditaj vi\u0161e o Mr. sc. Tatjana Tomai\u0107: &#8220;Istrani su se prvi u svijetu pobunili protiv fa\u0161ista&#8221;, 11. 4. 2021.","og_url":"https:\/\/www.vegaintro-projekti.com\/pilar-stari\/2021\/04\/mr-sc-tatjana-tomaic-istrani-su-se-prvi-u-svijetu-pobunili-protiv-fasista-11-4-2021\/","og_site_name":"Institut dru&scaron;tvenih znanosti Ivo Pilar","article_published_time":"2021-04-12T12:52:38+00:00","og_image":[{"width":500,"height":243,"url":"https:\/\/www.vegaintro-projekti.com\/pilar-stari\/wp-content\/uploads\/2021\/04\/Tomaic_Tatjana_fi.jpg","type":"image\/jpeg"}],"author":"Boris","twitter_card":"summary_large_image","twitter_misc":{"Napisao\/la":"Boris","Procijenjeno vrijeme \u010ditanja":"1 minuta"},"schema":{"@context":"https:\/\/schema.org","@graph":[{"@type":"WebPage","@id":"https:\/\/www.vegaintro-projekti.com\/pilar-stari\/2021\/04\/mr-sc-tatjana-tomaic-istrani-su-se-prvi-u-svijetu-pobunili-protiv-fasista-11-4-2021\/","url":"https:\/\/www.vegaintro-projekti.com\/pilar-stari\/2021\/04\/mr-sc-tatjana-tomaic-istrani-su-se-prvi-u-svijetu-pobunili-protiv-fasista-11-4-2021\/","name":"Mr. sc. Tatjana Tomai\u0107: \"Istrani su se prvi u svijetu pobunili protiv fa\u0161ista\", 11. 4. 2021. - Institut dru&scaron;tvenih znanosti Ivo Pilar","isPartOf":{"@id":"https:\/\/www.vegaintro-projekti.com\/pilar-stari\/#website"},"datePublished":"2021-04-12T12:52:38+00:00","dateModified":"2021-04-12T12:52:38+00:00","author":{"@id":"https:\/\/www.vegaintro-projekti.com\/pilar-stari\/#\/schema\/person\/ddd404c9f1e15e4ffef5986ac6a5d28b"},"breadcrumb":{"@id":"https:\/\/www.vegaintro-projekti.com\/pilar-stari\/2021\/04\/mr-sc-tatjana-tomaic-istrani-su-se-prvi-u-svijetu-pobunili-protiv-fasista-11-4-2021\/#breadcrumb"},"inLanguage":"hr","potentialAction":[{"@type":"ReadAction","target":["https:\/\/www.vegaintro-projekti.com\/pilar-stari\/2021\/04\/mr-sc-tatjana-tomaic-istrani-su-se-prvi-u-svijetu-pobunili-protiv-fasista-11-4-2021\/"]}]},{"@type":"BreadcrumbList","@id":"https:\/\/www.vegaintro-projekti.com\/pilar-stari\/2021\/04\/mr-sc-tatjana-tomaic-istrani-su-se-prvi-u-svijetu-pobunili-protiv-fasista-11-4-2021\/#breadcrumb","itemListElement":[{"@type":"ListItem","position":1,"name":"Home","item":"https:\/\/www.vegaintro-projekti.com\/pilar-stari\/"},{"@type":"ListItem","position":2,"name":"Mr. sc. Tatjana Tomai\u0107: &#8220;Istrani su se prvi u svijetu pobunili protiv fa\u0161ista&#8221;, 11. 4. 2021."}]},{"@type":"WebSite","@id":"https:\/\/www.vegaintro-projekti.com\/pilar-stari\/#website","url":"https:\/\/www.vegaintro-projekti.com\/pilar-stari\/","name":"Institut dru&scaron;tvenih znanosti Ivo Pilar","description":"Pilar","potentialAction":[{"@type":"SearchAction","target":{"@type":"EntryPoint","urlTemplate":"https:\/\/www.vegaintro-projekti.com\/pilar-stari\/?s={search_term_string}"},"query-input":"required name=search_term_string"}],"inLanguage":"hr"},{"@type":"Person","@id":"https:\/\/www.vegaintro-projekti.com\/pilar-stari\/#\/schema\/person\/ddd404c9f1e15e4ffef5986ac6a5d28b","name":"Boris","image":{"@type":"ImageObject","inLanguage":"hr","@id":"https:\/\/www.vegaintro-projekti.com\/pilar-stari\/#\/schema\/person\/image\/","url":"https:\/\/secure.gravatar.com\/avatar\/29557b161a6ce6ab86ac1503164f1e90?s=96&d=mm&r=g","contentUrl":"https:\/\/secure.gravatar.com\/avatar\/29557b161a6ce6ab86ac1503164f1e90?s=96&d=mm&r=g","caption":"Boris"},"url":"https:\/\/www.vegaintro-projekti.com\/pilar-stari\/author\/boris\/"}]}},"_links":{"self":[{"href":"https:\/\/www.vegaintro-projekti.com\/pilar-stari\/wp-json\/wp\/v2\/posts\/18207"}],"collection":[{"href":"https:\/\/www.vegaintro-projekti.com\/pilar-stari\/wp-json\/wp\/v2\/posts"}],"about":[{"href":"https:\/\/www.vegaintro-projekti.com\/pilar-stari\/wp-json\/wp\/v2\/types\/post"}],"author":[{"embeddable":true,"href":"https:\/\/www.vegaintro-projekti.com\/pilar-stari\/wp-json\/wp\/v2\/users\/7"}],"replies":[{"embeddable":true,"href":"https:\/\/www.vegaintro-projekti.com\/pilar-stari\/wp-json\/wp\/v2\/comments?post=18207"}],"version-history":[{"count":1,"href":"https:\/\/www.vegaintro-projekti.com\/pilar-stari\/wp-json\/wp\/v2\/posts\/18207\/revisions"}],"predecessor-version":[{"id":18208,"href":"https:\/\/www.vegaintro-projekti.com\/pilar-stari\/wp-json\/wp\/v2\/posts\/18207\/revisions\/18208"}],"wp:featuredmedia":[{"embeddable":true,"href":"https:\/\/www.vegaintro-projekti.com\/pilar-stari\/wp-json\/wp\/v2\/media\/18205"}],"wp:attachment":[{"href":"https:\/\/www.vegaintro-projekti.com\/pilar-stari\/wp-json\/wp\/v2\/media?parent=18207"}],"wp:term":[{"taxonomy":"category","embeddable":true,"href":"https:\/\/www.vegaintro-projekti.com\/pilar-stari\/wp-json\/wp\/v2\/categories?post=18207"},{"taxonomy":"post_tag","embeddable":true,"href":"https:\/\/www.vegaintro-projekti.com\/pilar-stari\/wp-json\/wp\/v2\/tags?post=18207"}],"curies":[{"name":"wp","href":"https:\/\/api.w.org\/{rel}","templated":true}]}}