{"id":18590,"date":"2021-05-06T06:27:23","date_gmt":"2021-05-06T06:27:23","guid":{"rendered":"https:\/\/www.vegaintro-projekti.com\/pilar-stari\/?p=18590"},"modified":"2021-05-10T15:38:21","modified_gmt":"2021-05-10T15:38:21","slug":"konferencija-identitet-hrvata-boke-kotorske-zagreb-tivat-6-9-5-2021","status":"publish","type":"post","link":"https:\/\/www.vegaintro-projekti.com\/pilar-stari\/2021\/05\/konferencija-identitet-hrvata-boke-kotorske-zagreb-tivat-6-9-5-2021\/","title":{"rendered":"Konferencija \u201cIdentitet Hrvata Boke kotorske\u201d; Zagreb-Tivat, 6.-9. 5. 2021."},"content":{"rendered":"<p><strong>U ogranizaciji Instituta dru\u0161tvenih znanosti Ivo Pilar, Hrvatskog katoli\u010dkog sveu\u010dili\u0161ta, Fakulteta hrvatskih studija Sveu\u010dili\u0161ta u Zagrebu, Instituta za hrvatski jezik i jezikoslovlje te Zavoda za povijesne znanosti u Zadru HAZU u Zagrebu i Tivtu od 6. do 9. svibnja 2021. odr\u017eava se konferencija \u201cIdentitet Hrvata Boke kotorske\u201d.<\/strong> &#8211; <a href=\"https:\/\/www.vegaintro-projekti.com\/pilar-stari\/wp-content\/uploads\/2021\/05\/Program_Identitet_Hrvata_Boke_kotorske.pdf\">Program konferencije<\/a><\/p>\n<p><a href=\"https:\/\/www.vegaintro-projekti.com\/pilar-stari\/wp-content\/uploads\/2021\/05\/Program_Identitet_Hrvata_Boke_kotorske.pdf\"><img decoding=\"async\" loading=\"lazy\" class=\"alignnone wp-image-18583 size-full\" src=\"https:\/\/www.vegaintro-projekti.com\/pilar-stari\/wp-content\/uploads\/2021\/05\/boka_3.jpg\" alt=\"\" width=\"620\" height=\"348\" srcset=\"https:\/\/www.vegaintro-projekti.com\/pilar-stari\/wp-content\/uploads\/2021\/05\/boka_3.jpg 620w, https:\/\/www.vegaintro-projekti.com\/pilar-stari\/wp-content\/uploads\/2021\/05\/boka_3-300x168.jpg 300w\" sizes=\"(max-width: 620px) 100vw, 620px\" \/><\/a><\/p>\n<p><a href=\"https:\/\/www.vegaintro-projekti.com\/pilar-stari\/wp-content\/uploads\/2021\/05\/Program_Identitet_Hrvata_Boke_kotorske.pdf\"><img decoding=\"async\" loading=\"lazy\" class=\"alignnone wp-image-18589 size-full\" src=\"https:\/\/www.vegaintro-projekti.com\/pilar-stari\/wp-content\/uploads\/2021\/05\/Program_IHBK1.jpg\" alt=\"\" width=\"620\" height=\"434\" srcset=\"https:\/\/www.vegaintro-projekti.com\/pilar-stari\/wp-content\/uploads\/2021\/05\/Program_IHBK1.jpg 620w, https:\/\/www.vegaintro-projekti.com\/pilar-stari\/wp-content\/uploads\/2021\/05\/Program_IHBK1-300x210.jpg 300w\" sizes=\"(max-width: 620px) 100vw, 620px\" \/><\/a><\/p>\n<p>&#8211; <a href=\"https:\/\/www.vegaintro-projekti.com\/pilar-stari\/wp-content\/uploads\/2021\/05\/Program_Identitet_Hrvata_Boke_kotorske.pdf\">Program konferencije \u201cIdentitet Hrvata Boke kotorske\u201d; Zagreb-Tivat, 6.-9. svibnja 2021.<\/a><\/p>\n<p><strong>Cilj konferencije<\/strong> je uvrstiti znanstvene \u010dinjenice iz hrvatske ba\u0161tine Boke u predmetne kurikulume obje dr\u017eave te tako za\u0161titi bogato kulturno naslije\u0111e bokeljskih Hrvata<br \/>\nod pre\u0161u\u0107ivanja, svojatanja i zaborava.<\/p>\n<p><span style=\"font-size: 14pt;\">Iz medija<\/span><\/p>\n<p>&#8211; <a href=\"https:\/\/www.jutarnji.hr\/vijesti\/hrvatska\/zastita-bogate-bastine-cilj-je-konferencije-identitet-hrvata-boke-kotorske-15070350\">https:\/\/www.jutarnji.hr\/vijesti\/hrvatska\/zastita-bogate-bastine-cilj-je-konferencije-identitet-hrvata-boke-kotorske-15070350<\/a><br \/>\n&#8211; <a href=\"https:\/\/www.dalmacijadanas.hr\/ugrozeno-naslijede-bogata-bastina-bokelja-nepravedno-je-zanemarena\/\">https:\/\/www.dalmacijadanas.hr\/ugrozeno-naslijede-bogata-bastina-bokelja-nepravedno-je-zanemarena\/<\/a><br \/>\n&#8211; <a href=\"https:\/\/glashrvatske.hrt.hr\/hr\/aktualno\/preporucujemo\/identitet-hrvata-boke-kotorske\/\">https:\/\/glashrvatske.hrt.hr\/hr\/aktualno\/preporucujemo\/identitet-hrvata-boke-kotorske\/<\/a><br \/>\n&#8211; <a href=\"https:\/\/www.glasistre.hr\/svijet\/tivat-znanstveni-skup-o-identitetu-hrvata-boke-719707\">https:\/\/www.glasistre.hr\/svijet\/tivat-znanstveni-skup-o-identitetu-hrvata-boke-719707<\/a><br \/>\n&#8211; <a href=\"https:\/\/otvoreno.hr\/eu-i-svijet\/hrvati-iz-boke-kotorske-zele-zastiti-svoju-bogatu-bastinu-od-presucivanja-svojatanja-i-zaborava-to-je-na-odredeni-nacin-kultorocid\/375195\">https:\/\/otvoreno.hr\/eu-i-svijet\/hrvati-iz-boke-kotorske-zele-zastiti-svoju-bogatu-bastinu-od-presucivanja-svojatanja-i-zaborava-to-je-na-odredeni-nacin-kultorocid\/375195<\/a><br \/>\n&#8211; <a href=\"https:\/\/slobodnizagreb.hr\/zastita-bogate-bastine-cilj-je-konferencije-identitet-hrvata-boke-kotorske\/\">https:\/\/slobodnizagreb.hr\/zastita-bogate-bastine-cilj-je-konferencije-identitet-hrvata-boke-kotorske\/<\/a><br \/>\n&#8211; <a href=\"https:\/\/mojzagreb.info\/zagreb\/za%C5%A1tita-bogate-ba%C5%A1tine-cilj-je-konferencije-identitet-hrvata-boke-kotorske\">https:\/\/mojzagreb.info\/zagreb\/za%C5%A1tita-bogate-ba%C5%A1tine-cilj-je-konferencije-identitet-hrvata-boke-kotorske<\/a><br \/>\n&#8211; <a href=\"https:\/\/www.party.hr\/scena\/zastita-bogate-bastine-cilj-je-konferencije-identitet-hrvata-boke-kotorske.html\">https:\/\/www.party.hr\/scena\/zastita-bogate-bastine-cilj-je-konferencije-identitet-hrvata-boke-kotorske.html<\/a><br \/>\n&#8211; <a href=\"https:\/\/zbh.hr\/zastita-bogate-bastine-cilj-je-konferencije-identitet-hrvata-boke-kotorske\/\">https:\/\/zbh.hr\/zastita-bogate-bastine-cilj-je-konferencije-identitet-hrvata-boke-kotorske\/<\/a><br \/>\n&#8211; <a href=\"https:\/\/hms.ba\/zastita-bogate-bastine-cilj-je-konferencije-identitet-hrvata-boke-kotorske\/\">https:\/\/hms.ba\/zastita-bogate-bastine-cilj-je-konferencije-identitet-hrvata-boke-kotorske\/<\/a><br \/>\n&#8211; <a href=\"https:\/\/www.bokanews.me\/featured\/zastita-bogate-bastine-cilj-je-konferencije-identitet-hrvata-boke-kotorske\/\">https:\/\/www.bokanews.me\/featured\/zastita-bogate-bastine-cilj-je-konferencije-identitet-hrvata-boke-kotorske\/<\/a><br \/>\n<strong><br \/>\n&#8211; HTV 1:<\/strong> DOBRO JUTRO, HRVATSKA: Bokeljski Hrvati u kurikulumu Hrvatske &#8211; najava konferencije &#8220;Identitet Hrvata Boke Kotorske&#8221;, 4. 5. 2021.<\/p>\n<p><a href=\"https:\/\/www.vegaintro-projekti.com\/pilar-stari\/wp-content\/uploads\/2021\/05\/djh_1.jpg\"><img decoding=\"async\" loading=\"lazy\" class=\"alignnone wp-image-18585 size-full\" src=\"https:\/\/www.vegaintro-projekti.com\/pilar-stari\/wp-content\/uploads\/2021\/05\/djh_1s.jpg\" alt=\"\" width=\"620\" height=\"274\" srcset=\"https:\/\/www.vegaintro-projekti.com\/pilar-stari\/wp-content\/uploads\/2021\/05\/djh_1s.jpg 620w, https:\/\/www.vegaintro-projekti.com\/pilar-stari\/wp-content\/uploads\/2021\/05\/djh_1s-300x133.jpg 300w\" sizes=\"(max-width: 620px) 100vw, 620px\" \/><\/a><a href=\"https:\/\/www.vegaintro-projekti.com\/pilar-stari\/wp-content\/uploads\/2021\/05\/djh_2.jpg\"><img decoding=\"async\" loading=\"lazy\" class=\"alignnone wp-image-18587 size-full\" src=\"https:\/\/www.vegaintro-projekti.com\/pilar-stari\/wp-content\/uploads\/2021\/05\/djh_2s.jpg\" alt=\"\" width=\"620\" height=\"302\" srcset=\"https:\/\/www.vegaintro-projekti.com\/pilar-stari\/wp-content\/uploads\/2021\/05\/djh_2s.jpg 620w, https:\/\/www.vegaintro-projekti.com\/pilar-stari\/wp-content\/uploads\/2021\/05\/djh_2s-300x146.jpg 300w\" sizes=\"(max-width: 620px) 100vw, 620px\" \/><\/a><\/p>\n<p><strong>Gosti u studiju:<\/strong> Vanda Babi\u0107, redovna profesorica na Sveu\u010dili\u0161tu u Zadru; prof. dr. sc. \u017deljko Holjevac, ravnatelj Instituta dru\u0161tvenih znanosti Ivo Pilar<\/p>\n<blockquote><p><a href=\"https:\/\/www.vegaintro-projekti.com\/pilar-stari\/2021\/05\/otvorena-znanstvena-konferencija-identitet-hrvata-boke-kotorske-u-zagrebu-6-5-2021\/\">Otvorena znanstvena konferencija \u201cIdentitet Hrvata Boke kotorske\u201d u Zagrebu, 6. 5. 2021.<\/a><\/p>\n<p><a href=\"https:\/\/www.vegaintro-projekti.com\/pilar-stari\/2021\/05\/zakljucci-znanstvene-konferencije-identitet-hrvata-boke-kotorske-9-5-2021\/\">Zaklju\u010dci znanstvene konferencije &#8220;Identitet Hrvata Boke kotorske&#8221;, 9. 5. 2021.<\/a><\/p><\/blockquote>\n","protected":false},"excerpt":{"rendered":"<p>U ogranizaciji Instituta dru\u0161tvenih znanosti Ivo Pilar, Hrvatskog katoli\u010dkog sveu\u010dili\u0161ta, Fakulteta hrvatskih studija Sveu\u010dili\u0161ta u Zagrebu, Instituta za hrvatski jezik i jezikoslovlje te Zavoda za povijesne znanosti u Zadru HAZU u Zagrebu i Tivtu od 6. do 9. svibnja 2021. odr\u017eava se konferencija \u201cIdentitet Hrvata Boke kotorske\u201d. &#8211; Program konferencije &#8211; Program konferencije \u201cIdentitet Hrvata&hellip; <a class=\"continue\" href=\"https:\/\/www.vegaintro-projekti.com\/pilar-stari\/2021\/05\/konferencija-identitet-hrvata-boke-kotorske-zagreb-tivat-6-9-5-2021\/\">Pro\u010ditaj vi\u0161e o<span> Konferencija \u201cIdentitet Hrvata Boke kotorske\u201d; Zagreb-Tivat, 6.-9. 5. 2021.<\/span><\/a><\/p>\n","protected":false},"author":7,"featured_media":18583,"comment_status":"closed","ping_status":"closed","sticky":false,"template":"","format":"standard","meta":{"inline_featured_image":false,"ngg_post_thumbnail":0,"footnotes":""},"categories":[11],"tags":[],"yoast_head":"<!-- This site is optimized with the Yoast SEO plugin v21.2 - https:\/\/yoast.com\/wordpress\/plugins\/seo\/ -->\n<title>Konferencija \u201cIdentitet Hrvata Boke kotorske\u201d; Zagreb-Tivat, 6.-9. 5. 2021. - Institut dru&scaron;tvenih znanosti Ivo Pilar<\/title>\n<meta name=\"robots\" content=\"noindex, follow, max-snippet:-1, max-image-preview:large, max-video-preview:-1\" \/>\n<meta property=\"og:locale\" content=\"hr_HR\" \/>\n<meta property=\"og:type\" content=\"article\" \/>\n<meta property=\"og:title\" content=\"Konferencija \u201cIdentitet Hrvata Boke kotorske\u201d; Zagreb-Tivat, 6.-9. 5. 2021. - Institut dru&scaron;tvenih znanosti Ivo Pilar\" \/>\n<meta property=\"og:description\" content=\"U ogranizaciji Instituta dru\u0161tvenih znanosti Ivo Pilar, Hrvatskog katoli\u010dkog sveu\u010dili\u0161ta, Fakulteta hrvatskih studija Sveu\u010dili\u0161ta u Zagrebu, Instituta za hrvatski jezik i jezikoslovlje te Zavoda za povijesne znanosti u Zadru HAZU u Zagrebu i Tivtu od 6. do 9. svibnja 2021. odr\u017eava se konferencija \u201cIdentitet Hrvata Boke kotorske\u201d. &#8211; Program konferencije &#8211; Program konferencije \u201cIdentitet Hrvata&hellip; Pro\u010ditaj vi\u0161e o Konferencija \u201cIdentitet Hrvata Boke kotorske\u201d; Zagreb-Tivat, 6.-9. 5. 2021.\" \/>\n<meta property=\"og:url\" content=\"https:\/\/www.vegaintro-projekti.com\/pilar-stari\/2021\/05\/konferencija-identitet-hrvata-boke-kotorske-zagreb-tivat-6-9-5-2021\/\" \/>\n<meta property=\"og:site_name\" content=\"Institut dru&scaron;tvenih znanosti Ivo Pilar\" \/>\n<meta property=\"article:published_time\" content=\"2021-05-06T06:27:23+00:00\" \/>\n<meta property=\"article:modified_time\" content=\"2021-05-10T15:38:21+00:00\" \/>\n<meta property=\"og:image\" content=\"https:\/\/www.vegaintro-projekti.com\/pilar-stari\/wp-content\/uploads\/2021\/05\/boka_3.jpg\" \/>\n\t<meta property=\"og:image:width\" content=\"620\" \/>\n\t<meta property=\"og:image:height\" content=\"348\" \/>\n\t<meta property=\"og:image:type\" content=\"image\/jpeg\" \/>\n<meta name=\"author\" content=\"Boris\" \/>\n<meta name=\"twitter:card\" content=\"summary_large_image\" \/>\n<meta name=\"twitter:label1\" content=\"Napisao\/la\" \/>\n\t<meta name=\"twitter:data1\" content=\"Boris\" \/>\n\t<meta name=\"twitter:label2\" content=\"Procijenjeno vrijeme \u010ditanja\" \/>\n\t<meta name=\"twitter:data2\" content=\"1 minuta\" \/>\n<script type=\"application\/ld+json\" class=\"yoast-schema-graph\">{\"@context\":\"https:\/\/schema.org\",\"@graph\":[{\"@type\":\"WebPage\",\"@id\":\"https:\/\/www.vegaintro-projekti.com\/pilar-stari\/2021\/05\/konferencija-identitet-hrvata-boke-kotorske-zagreb-tivat-6-9-5-2021\/\",\"url\":\"https:\/\/www.vegaintro-projekti.com\/pilar-stari\/2021\/05\/konferencija-identitet-hrvata-boke-kotorske-zagreb-tivat-6-9-5-2021\/\",\"name\":\"Konferencija \u201cIdentitet Hrvata Boke kotorske\u201d; Zagreb-Tivat, 6.-9. 5. 2021. - Institut dru&scaron;tvenih znanosti Ivo Pilar\",\"isPartOf\":{\"@id\":\"https:\/\/www.vegaintro-projekti.com\/pilar-stari\/#website\"},\"datePublished\":\"2021-05-06T06:27:23+00:00\",\"dateModified\":\"2021-05-10T15:38:21+00:00\",\"author\":{\"@id\":\"https:\/\/www.vegaintro-projekti.com\/pilar-stari\/#\/schema\/person\/ddd404c9f1e15e4ffef5986ac6a5d28b\"},\"breadcrumb\":{\"@id\":\"https:\/\/www.vegaintro-projekti.com\/pilar-stari\/2021\/05\/konferencija-identitet-hrvata-boke-kotorske-zagreb-tivat-6-9-5-2021\/#breadcrumb\"},\"inLanguage\":\"hr\",\"potentialAction\":[{\"@type\":\"ReadAction\",\"target\":[\"https:\/\/www.vegaintro-projekti.com\/pilar-stari\/2021\/05\/konferencija-identitet-hrvata-boke-kotorske-zagreb-tivat-6-9-5-2021\/\"]}]},{\"@type\":\"BreadcrumbList\",\"@id\":\"https:\/\/www.vegaintro-projekti.com\/pilar-stari\/2021\/05\/konferencija-identitet-hrvata-boke-kotorske-zagreb-tivat-6-9-5-2021\/#breadcrumb\",\"itemListElement\":[{\"@type\":\"ListItem\",\"position\":1,\"name\":\"Home\",\"item\":\"https:\/\/www.vegaintro-projekti.com\/pilar-stari\/\"},{\"@type\":\"ListItem\",\"position\":2,\"name\":\"Konferencija \u201cIdentitet Hrvata Boke kotorske\u201d; Zagreb-Tivat, 6.-9. 5. 2021.\"}]},{\"@type\":\"WebSite\",\"@id\":\"https:\/\/www.vegaintro-projekti.com\/pilar-stari\/#website\",\"url\":\"https:\/\/www.vegaintro-projekti.com\/pilar-stari\/\",\"name\":\"Institut dru&scaron;tvenih znanosti Ivo Pilar\",\"description\":\"Pilar\",\"potentialAction\":[{\"@type\":\"SearchAction\",\"target\":{\"@type\":\"EntryPoint\",\"urlTemplate\":\"https:\/\/www.vegaintro-projekti.com\/pilar-stari\/?s={search_term_string}\"},\"query-input\":\"required name=search_term_string\"}],\"inLanguage\":\"hr\"},{\"@type\":\"Person\",\"@id\":\"https:\/\/www.vegaintro-projekti.com\/pilar-stari\/#\/schema\/person\/ddd404c9f1e15e4ffef5986ac6a5d28b\",\"name\":\"Boris\",\"image\":{\"@type\":\"ImageObject\",\"inLanguage\":\"hr\",\"@id\":\"https:\/\/www.vegaintro-projekti.com\/pilar-stari\/#\/schema\/person\/image\/\",\"url\":\"https:\/\/secure.gravatar.com\/avatar\/29557b161a6ce6ab86ac1503164f1e90?s=96&d=mm&r=g\",\"contentUrl\":\"https:\/\/secure.gravatar.com\/avatar\/29557b161a6ce6ab86ac1503164f1e90?s=96&d=mm&r=g\",\"caption\":\"Boris\"},\"url\":\"https:\/\/www.vegaintro-projekti.com\/pilar-stari\/author\/boris\/\"}]}<\/script>\n<!-- \/ Yoast SEO plugin. -->","yoast_head_json":{"title":"Konferencija \u201cIdentitet Hrvata Boke kotorske\u201d; Zagreb-Tivat, 6.-9. 5. 2021. - Institut dru&scaron;tvenih znanosti Ivo Pilar","robots":{"index":"noindex","follow":"follow","max-snippet":"max-snippet:-1","max-image-preview":"max-image-preview:large","max-video-preview":"max-video-preview:-1"},"og_locale":"hr_HR","og_type":"article","og_title":"Konferencija \u201cIdentitet Hrvata Boke kotorske\u201d; Zagreb-Tivat, 6.-9. 5. 2021. - Institut dru&scaron;tvenih znanosti Ivo Pilar","og_description":"U ogranizaciji Instituta dru\u0161tvenih znanosti Ivo Pilar, Hrvatskog katoli\u010dkog sveu\u010dili\u0161ta, Fakulteta hrvatskih studija Sveu\u010dili\u0161ta u Zagrebu, Instituta za hrvatski jezik i jezikoslovlje te Zavoda za povijesne znanosti u Zadru HAZU u Zagrebu i Tivtu od 6. do 9. svibnja 2021. odr\u017eava se konferencija \u201cIdentitet Hrvata Boke kotorske\u201d. &#8211; Program konferencije &#8211; Program konferencije \u201cIdentitet Hrvata&hellip; Pro\u010ditaj vi\u0161e o Konferencija \u201cIdentitet Hrvata Boke kotorske\u201d; Zagreb-Tivat, 6.-9. 5. 2021.","og_url":"https:\/\/www.vegaintro-projekti.com\/pilar-stari\/2021\/05\/konferencija-identitet-hrvata-boke-kotorske-zagreb-tivat-6-9-5-2021\/","og_site_name":"Institut dru&scaron;tvenih znanosti Ivo Pilar","article_published_time":"2021-05-06T06:27:23+00:00","article_modified_time":"2021-05-10T15:38:21+00:00","og_image":[{"width":620,"height":348,"url":"https:\/\/www.vegaintro-projekti.com\/pilar-stari\/wp-content\/uploads\/2021\/05\/boka_3.jpg","type":"image\/jpeg"}],"author":"Boris","twitter_card":"summary_large_image","twitter_misc":{"Napisao\/la":"Boris","Procijenjeno vrijeme \u010ditanja":"1 minuta"},"schema":{"@context":"https:\/\/schema.org","@graph":[{"@type":"WebPage","@id":"https:\/\/www.vegaintro-projekti.com\/pilar-stari\/2021\/05\/konferencija-identitet-hrvata-boke-kotorske-zagreb-tivat-6-9-5-2021\/","url":"https:\/\/www.vegaintro-projekti.com\/pilar-stari\/2021\/05\/konferencija-identitet-hrvata-boke-kotorske-zagreb-tivat-6-9-5-2021\/","name":"Konferencija \u201cIdentitet Hrvata Boke kotorske\u201d; Zagreb-Tivat, 6.-9. 5. 2021. - Institut dru&scaron;tvenih znanosti Ivo Pilar","isPartOf":{"@id":"https:\/\/www.vegaintro-projekti.com\/pilar-stari\/#website"},"datePublished":"2021-05-06T06:27:23+00:00","dateModified":"2021-05-10T15:38:21+00:00","author":{"@id":"https:\/\/www.vegaintro-projekti.com\/pilar-stari\/#\/schema\/person\/ddd404c9f1e15e4ffef5986ac6a5d28b"},"breadcrumb":{"@id":"https:\/\/www.vegaintro-projekti.com\/pilar-stari\/2021\/05\/konferencija-identitet-hrvata-boke-kotorske-zagreb-tivat-6-9-5-2021\/#breadcrumb"},"inLanguage":"hr","potentialAction":[{"@type":"ReadAction","target":["https:\/\/www.vegaintro-projekti.com\/pilar-stari\/2021\/05\/konferencija-identitet-hrvata-boke-kotorske-zagreb-tivat-6-9-5-2021\/"]}]},{"@type":"BreadcrumbList","@id":"https:\/\/www.vegaintro-projekti.com\/pilar-stari\/2021\/05\/konferencija-identitet-hrvata-boke-kotorske-zagreb-tivat-6-9-5-2021\/#breadcrumb","itemListElement":[{"@type":"ListItem","position":1,"name":"Home","item":"https:\/\/www.vegaintro-projekti.com\/pilar-stari\/"},{"@type":"ListItem","position":2,"name":"Konferencija \u201cIdentitet Hrvata Boke kotorske\u201d; Zagreb-Tivat, 6.-9. 5. 2021."}]},{"@type":"WebSite","@id":"https:\/\/www.vegaintro-projekti.com\/pilar-stari\/#website","url":"https:\/\/www.vegaintro-projekti.com\/pilar-stari\/","name":"Institut dru&scaron;tvenih znanosti Ivo Pilar","description":"Pilar","potentialAction":[{"@type":"SearchAction","target":{"@type":"EntryPoint","urlTemplate":"https:\/\/www.vegaintro-projekti.com\/pilar-stari\/?s={search_term_string}"},"query-input":"required name=search_term_string"}],"inLanguage":"hr"},{"@type":"Person","@id":"https:\/\/www.vegaintro-projekti.com\/pilar-stari\/#\/schema\/person\/ddd404c9f1e15e4ffef5986ac6a5d28b","name":"Boris","image":{"@type":"ImageObject","inLanguage":"hr","@id":"https:\/\/www.vegaintro-projekti.com\/pilar-stari\/#\/schema\/person\/image\/","url":"https:\/\/secure.gravatar.com\/avatar\/29557b161a6ce6ab86ac1503164f1e90?s=96&d=mm&r=g","contentUrl":"https:\/\/secure.gravatar.com\/avatar\/29557b161a6ce6ab86ac1503164f1e90?s=96&d=mm&r=g","caption":"Boris"},"url":"https:\/\/www.vegaintro-projekti.com\/pilar-stari\/author\/boris\/"}]}},"_links":{"self":[{"href":"https:\/\/www.vegaintro-projekti.com\/pilar-stari\/wp-json\/wp\/v2\/posts\/18590"}],"collection":[{"href":"https:\/\/www.vegaintro-projekti.com\/pilar-stari\/wp-json\/wp\/v2\/posts"}],"about":[{"href":"https:\/\/www.vegaintro-projekti.com\/pilar-stari\/wp-json\/wp\/v2\/types\/post"}],"author":[{"embeddable":true,"href":"https:\/\/www.vegaintro-projekti.com\/pilar-stari\/wp-json\/wp\/v2\/users\/7"}],"replies":[{"embeddable":true,"href":"https:\/\/www.vegaintro-projekti.com\/pilar-stari\/wp-json\/wp\/v2\/comments?post=18590"}],"version-history":[{"count":6,"href":"https:\/\/www.vegaintro-projekti.com\/pilar-stari\/wp-json\/wp\/v2\/posts\/18590\/revisions"}],"predecessor-version":[{"id":18669,"href":"https:\/\/www.vegaintro-projekti.com\/pilar-stari\/wp-json\/wp\/v2\/posts\/18590\/revisions\/18669"}],"wp:featuredmedia":[{"embeddable":true,"href":"https:\/\/www.vegaintro-projekti.com\/pilar-stari\/wp-json\/wp\/v2\/media\/18583"}],"wp:attachment":[{"href":"https:\/\/www.vegaintro-projekti.com\/pilar-stari\/wp-json\/wp\/v2\/media?parent=18590"}],"wp:term":[{"taxonomy":"category","embeddable":true,"href":"https:\/\/www.vegaintro-projekti.com\/pilar-stari\/wp-json\/wp\/v2\/categories?post=18590"},{"taxonomy":"post_tag","embeddable":true,"href":"https:\/\/www.vegaintro-projekti.com\/pilar-stari\/wp-json\/wp\/v2\/tags?post=18590"}],"curies":[{"name":"wp","href":"https:\/\/api.w.org\/{rel}","templated":true}]}}