{"id":18613,"date":"2021-05-06T21:33:10","date_gmt":"2021-05-06T21:33:10","guid":{"rendered":"https:\/\/www.vegaintro-projekti.com\/pilar-stari\/?p=18613"},"modified":"2021-05-10T15:31:14","modified_gmt":"2021-05-10T15:31:14","slug":"otvorena-znanstvena-konferencija-identitet-hrvata-boke-kotorske-u-zagrebu-6-5-2021","status":"publish","type":"post","link":"https:\/\/www.vegaintro-projekti.com\/pilar-stari\/2021\/05\/otvorena-znanstvena-konferencija-identitet-hrvata-boke-kotorske-u-zagrebu-6-5-2021\/","title":{"rendered":"Otvorena znanstvena konferencija &#8220;Identitet Hrvata Boke kotorske&#8221; u Zagrebu, 6. 5. 2021."},"content":{"rendered":"<p><strong>U Institutu dru\u0161tvenih znanosti Ivo Pilar 6. svibnja 2021. otvorena je znanstvena konferencija &#8220;Identitet Hrvata Boke kotorske&#8221;. Brojni su uglednici predvo\u0111eni izaslanikom predsjednika Vlade RH, ministrom znanosti i obrazovanja Radovanom Fuchsom istaknuli va\u017enost o\u010duvanja identiteta i kulturne ba\u0161tine bokeljskih Hrvata. <\/strong>&#8211; <a href=\"#mediji\">Iz medija<\/a><\/p>\n<p><a href=\"https:\/\/www.vegaintro-projekti.com\/pilar-stari\/wp-content\/uploads\/2021\/05\/Sl_4.jpg\"><img decoding=\"async\" loading=\"lazy\" class=\"alignnone wp-image-18607 size-full\" src=\"https:\/\/www.vegaintro-projekti.com\/pilar-stari\/wp-content\/uploads\/2021\/05\/Sl_4s.jpg\" alt=\"\" width=\"620\" height=\"413\" srcset=\"https:\/\/www.vegaintro-projekti.com\/pilar-stari\/wp-content\/uploads\/2021\/05\/Sl_4s.jpg 620w, https:\/\/www.vegaintro-projekti.com\/pilar-stari\/wp-content\/uploads\/2021\/05\/Sl_4s-300x200.jpg 300w\" sizes=\"(max-width: 620px) 100vw, 620px\" \/><\/a><a href=\"https:\/\/www.vegaintro-projekti.com\/pilar-stari\/wp-content\/uploads\/2021\/05\/Sl_1-2.jpg\"><img decoding=\"async\" loading=\"lazy\" class=\"alignnone wp-image-18601 size-full\" src=\"https:\/\/www.vegaintro-projekti.com\/pilar-stari\/wp-content\/uploads\/2021\/05\/Sl_1s.jpg\" alt=\"\" width=\"310\" height=\"207\" srcset=\"https:\/\/www.vegaintro-projekti.com\/pilar-stari\/wp-content\/uploads\/2021\/05\/Sl_1s.jpg 310w, https:\/\/www.vegaintro-projekti.com\/pilar-stari\/wp-content\/uploads\/2021\/05\/Sl_1s-300x200.jpg 300w\" sizes=\"(max-width: 310px) 100vw, 310px\" \/><\/a><a href=\"https:\/\/www.vegaintro-projekti.com\/pilar-stari\/wp-content\/uploads\/2021\/05\/Sl_2.jpg\"><img decoding=\"async\" loading=\"lazy\" class=\"alignnone wp-image-18603 size-full\" src=\"https:\/\/www.vegaintro-projekti.com\/pilar-stari\/wp-content\/uploads\/2021\/05\/Sl_2s-1.jpg\" alt=\"\" width=\"310\" height=\"207\" srcset=\"https:\/\/www.vegaintro-projekti.com\/pilar-stari\/wp-content\/uploads\/2021\/05\/Sl_2s-1.jpg 310w, https:\/\/www.vegaintro-projekti.com\/pilar-stari\/wp-content\/uploads\/2021\/05\/Sl_2s-1-300x200.jpg 300w\" sizes=\"(max-width: 310px) 100vw, 310px\" \/><\/a><a href=\"https:\/\/www.vegaintro-projekti.com\/pilar-stari\/wp-content\/uploads\/2021\/05\/Sl_3.jpg\"><img decoding=\"async\" loading=\"lazy\" class=\"alignnone wp-image-18605 size-full\" src=\"https:\/\/www.vegaintro-projekti.com\/pilar-stari\/wp-content\/uploads\/2021\/05\/Sl_3s.jpg\" alt=\"\" width=\"310\" height=\"207\" srcset=\"https:\/\/www.vegaintro-projekti.com\/pilar-stari\/wp-content\/uploads\/2021\/05\/Sl_3s.jpg 310w, https:\/\/www.vegaintro-projekti.com\/pilar-stari\/wp-content\/uploads\/2021\/05\/Sl_3s-300x200.jpg 300w\" sizes=\"(max-width: 310px) 100vw, 310px\" \/><\/a><a href=\"https:\/\/www.vegaintro-projekti.com\/pilar-stari\/wp-content\/uploads\/2021\/05\/Sl_6.jpg\"><img decoding=\"async\" loading=\"lazy\" class=\"alignnone wp-image-18612 size-full\" src=\"https:\/\/www.vegaintro-projekti.com\/pilar-stari\/wp-content\/uploads\/2021\/05\/Sl_6s.jpg\" alt=\"\" width=\"310\" height=\"207\" srcset=\"https:\/\/www.vegaintro-projekti.com\/pilar-stari\/wp-content\/uploads\/2021\/05\/Sl_6s.jpg 310w, https:\/\/www.vegaintro-projekti.com\/pilar-stari\/wp-content\/uploads\/2021\/05\/Sl_6s-300x200.jpg 300w\" sizes=\"(max-width: 310px) 100vw, 310px\" \/><\/a><a href=\"https:\/\/www.vegaintro-projekti.com\/pilar-stari\/wp-content\/uploads\/2021\/05\/Sl_5.jpg\"><img decoding=\"async\" loading=\"lazy\" class=\"alignnone wp-image-18610 size-full\" src=\"https:\/\/www.vegaintro-projekti.com\/pilar-stari\/wp-content\/uploads\/2021\/05\/Sl_5s.jpg\" alt=\"\" width=\"620\" height=\"433\" srcset=\"https:\/\/www.vegaintro-projekti.com\/pilar-stari\/wp-content\/uploads\/2021\/05\/Sl_5s.jpg 620w, https:\/\/www.vegaintro-projekti.com\/pilar-stari\/wp-content\/uploads\/2021\/05\/Sl_5s-300x210.jpg 300w\" sizes=\"(max-width: 620px) 100vw, 620px\" \/><\/a><\/p>\n<p>&#8211; <a href=\"https:\/\/www.vegaintro-projekti.com\/pilar-stari\/wp-content\/uploads\/2021\/05\/Program_Identitet_Hrvata_Boke_kotorske.pdf\">Program konferencije &#8220;Identitet Hrvata Boke kotorske&#8221;; Zagreb-Tivat, 6.-9. 5. 2021.<\/a><\/p>\n<p>Skupu su nazo\u010dili izaslanica predsjednika Hrvatskoga sabora, saborska zastupnica Zdravka Bu\u0161i\u0107, izaslanica ministrice kulture i medija, pomo\u0107nica ministrice Iva Hraste So\u010do, izlaslanik ministra vanjskih poslova, dr\u017eavni tajnik MVEP-a Frano Matu\u0161i\u0107, NJ.E. Boro Vu\u010dini\u0107, veleposlanik Crne Gore u Republici Hrvatskoj, dr\u017eavni tajnik Sredi\u0161njega dr\u017eavnog ureda za Hrvate izvan RH Zvonko Milas, Milan Bo\u0161njak, savjetnik s posebnim polo\u017eajem za pitanja hrvatske nacionalne manjine u inozemstvu, Sre\u0107ko \u0110uranovi\u0107, predsjednik Zajednice bokeljskih Hrvata, \u017deljko Jozi\u0107, ravnatelj Instituta za jezik i jezikoslovlje, \u017deljko Tanji\u0107, rektor HKS-a te brojni drugi.<\/p>\n<p>Cilj skupa je uvrstiti znanstvene \u010dinjenice iz hrvatske ba\u0161tine Boke u predmetne kurikule obiju dr\u017eava te tako za\u0161tititi bogato kulturno naslije\u0111e bokeljskih Hrvata od pre\u0161u\u0107ivanja, svojatanja i zaborava. Znanstveni skup Identitet Hrvata Boke kotorske okupio je za temu krucijalne znanstvene institucije na \u010delu s Institutom dru\u0161tvenih znanosti Ivo Pilar (Hrvatsko katoli\u010dko sveu\u010dili\u0161te, Fakultet hrvatskih studija, Institut za hrvatski jezik i jezikoslovlje te Zavod za povijesne znanosti u Zadru HAZU), a odr\u017eava se uz pokroviteljstva nadle\u017enih ministarstava vanjskih i europskih poslova, znanosti i obrazovanja, kulture i medija te Sredi\u0161njeg dr\u017eavnog ureda za Hrvate izvan RH.<\/p>\n<p>\u201cVeliko je zadovoljstvo vidjeti podr\u0161ku pokrovitelja koji su od po\u010detka uz nas. Nakon pozdravnih rije\u010di ministra znanosti i predstavnika Vlade gospodina Radovana Fuchsa imamo jamstvo da \u0107emo zajedni\u010dkim snagama kurikul obogatiti hrvatskom ba\u0161tinom Boke kotorske. Sretni smo i zadovoljni te idemo dalje do ostvarenja cilja!\u201d \u2013 rekla je jedna od pokreta\u010dica inicijative, prof. dr. sc. Vanda Babi\u0107.<\/p>\n<p>Drugi dio znanstvenoga skupa odr\u017eat \u0107e se u subotu 8. svibnja 2021. u Tivtu u Crnoj Gori. Zaklju\u010dke u Tivtu potpisat \u0107e ministar vanjskih i europskih poslova Republike Hrvatske dr. sc. Goran Grli\u0107 Radman i prof. dr. sc. \u017deljko Holjevac.<\/p>\n<p>\u201cSkup se nakon Zagreba nastavlja u Tivtu s 26 tema s pomo\u0107u kojih \u0107e vrhunski stru\u010dnjaci predstaviti kulturu Boke kotorske, a sve s ciljem da temeljna znanja o Hrvatima Boke kotorske u\u0111u u nacionalni kurikulum, pogotovo u predmete povijesti, hrvatskoga jezika i sli\u010dno kako bi mladi nara\u0161taji u \u0161kolama usvojili temeljne \u010dinjenice do kojih mi ovdje kao znanstvenici dolazimo istra\u017eivanjem te ta znanja imali kao dio svoje osobne kulture!\u201c \u2013 istaknuo je prof. dr. sc. \u017deljko Holjevac, ravnatelj Instituta dru\u0161tvenih znanosti Ivo Pilar.<\/p>\n<p><a id=\"mediji\"><\/a><br \/>\n<span style=\"font-size: 14pt;\">Iz medija<\/span><\/p>\n<p>&#8211; <a href=\"https:\/\/www.jutarnji.hr\/vijesti\/hrvatska\/ministar-fuchs-i-brojni-uglednici-na-otvorenju-znanstvenog-skupa-identitet-hrvata-boke-kotorske-15071089\">https:\/\/www.jutarnji.hr\/vijesti\/hrvatska\/ministar-fuchs-i-brojni-uglednici-na-otvorenju-znanstvenog-skupa-identitet-hrvata-boke-kotorske-15071089<\/a><br \/>\n&#8211; <a href=\"https:\/\/www.vecernji.hr\/vijesti\/fuchs-o-identitetu-hrvata-boke-kotorske-nadam-se-preporukama-koje-mozemo-uvrstiti-u-kurikulum-1490433\">https:\/\/www.vecernji.hr\/vijesti\/fuchs-o-identitetu-hrvata-boke-kotorske-nadam-se-preporukama-koje-mozemo-uvrstiti-u-kurikulum-1490433<\/a><br \/>\n&#8211; <a href=\"https:\/\/www.tportal.hr\/vijesti\/clanak\/koliko-je-uopce-prosvjetara-cijepljeno-fuchs-trazi-od-hzjz-a-da-kontaktira-lokalne-stozer-20210506\">https:\/\/www.tportal.hr\/vijesti\/clanak\/koliko-je-uopce-prosvjetara-cijepljeno-fuchs-trazi-od-hzjz-a-da-kontaktira-lokalne-stozer-20210506<\/a><br \/>\n&#8211; <a href=\"https:\/\/croexpress.eu\/konferencija-identitet-hrvata-boke-kotorske-otvorena-u-zagrebu\/\">https:\/\/croexpress.eu\/konferencija-identitet-hrvata-boke-kotorske-otvorena-u-zagrebu\/<\/a><br \/>\n&#8211; <a href=\"https:\/\/glashrvatske.hrt.hr\/hr\/aktualno\/preporucujemo\/znanstveni-skup-identitet-hrvata-boke-kotorske\/\">https:\/\/glashrvatske.hrt.hr\/hr\/aktualno\/preporucujemo\/znanstveni-skup-identitet-hrvata-boke-kotorske\/<\/a><br \/>\n&#8211; <a href=\"https:\/\/oluja.info\/2021\/05\/07\/fuchs-o-identitetu-hrvata-boke-kotorske-nadam-se-preporukama-koje-mozemo-uvrstiti-u-kurikulum\/\">https:\/\/oluja.info\/2021\/05\/07\/fuchs-o-identitetu-hrvata-boke-kotorske-nadam-se-preporukama-koje-mozemo-uvrstiti-u-kurikulum\/<\/a><br \/>\n&#8211; <a href=\"https:\/\/www.glasistre.hr\/kultura\/konferencijaidentitet-hrvata-boke-kotorske-otvorena-u-zagrebu-719175\">https:\/\/www.glasistre.hr\/kultura\/konferencijaidentitet-hrvata-boke-kotorske-otvorena-u-zagrebu-719175<\/a><br \/>\n&#8211; <a href=\"https:\/\/hrvatiizvanrh.gov.hr\/vijesti\/drzavni-tajnik-milas-sudjelovao-na-svecanom-otvorenju-znanstvenog-skupa-identitet-hrvata-boke-kotorske\/4822\">https:\/\/hrvatiizvanrh.gov.hr\/vijesti\/drzavni-tajnik-milas-sudjelovao-na-svecanom-otvorenju-znanstvenog-skupa-identitet-hrvata-boke-kotorske\/4822<\/a><br \/>\n&#8211; <a href=\"https:\/\/kamenjar.com\/odrzan-znanstveni-skup-identitet-hrvata-boke-kotorske\/\">https:\/\/kamenjar.com\/odrzan-znanstveni-skup-identitet-hrvata-boke-kotorske\/<\/a><br \/>\n&#8211; <a href=\"https:\/\/radiokotor.info\/clanak\/drustvo\/u-zagrebu-otvoren-nau%C4%8Cni-skup-identitet-hrvata-boke-kotorske\/0\">https:\/\/radiokotor.info\/clanak\/drustvo\/u-zagrebu-otvoren-nau%C4%8Cni-skup-identitet-hrvata-boke-kotorske\/0<\/a><br \/>\n&#8211; <a href=\"https:\/\/www.culturenet.hr\/default.aspx?id=104104\">https:\/\/www.culturenet.hr\/default.aspx?id=104104<\/a><br \/>\n&#8211; <a href=\"http:\/\/www.radiodux.me\/vijesti\/drustvo\/ministar-fuchs-i-brojni-uglednici-na-otvorenju-znanstvenog-skupa-identitet-hrvata\">http:\/\/www.radiodux.me\/vijesti\/drustvo\/ministar-fuchs-i-brojni-uglednici-na-otvorenju-znanstvenog-skupa-identitet-hrvata<\/a><\/p>\n<blockquote><p><a href=\"https:\/\/www.vegaintro-projekti.com\/pilar-stari\/2021\/05\/konferencija-identitet-hrvata-boke-kotorske-zagreb-tivat-6-9-5-2021\/\">Konferencija Identitet Hrvata Boke kotorske<\/a><\/p>\n<p><a href=\"https:\/\/www.vegaintro-projekti.com\/pilar-stari\/2021\/05\/zakljucci-znanstvene-konferencije-identitet-hrvata-boke-kotorske-9-5-2021\/\">Zaklju\u010dci konferencije Identitet Hrvata Boke kotorske<\/a><\/p><\/blockquote>\n","protected":false},"excerpt":{"rendered":"<p>U Institutu dru\u0161tvenih znanosti Ivo Pilar 6. svibnja 2021. otvorena je znanstvena konferencija &#8220;Identitet Hrvata Boke kotorske&#8221;. Brojni su uglednici predvo\u0111eni izaslanikom predsjednika Vlade RH, ministrom znanosti i obrazovanja Radovanom Fuchsom istaknuli va\u017enost o\u010duvanja identiteta i kulturne ba\u0161tine bokeljskih Hrvata. &#8211; Iz medija &#8211; Program konferencije &#8220;Identitet Hrvata Boke kotorske&#8221;; Zagreb-Tivat, 6.-9. 5. 2021. Skupu&hellip; <a class=\"continue\" href=\"https:\/\/www.vegaintro-projekti.com\/pilar-stari\/2021\/05\/otvorena-znanstvena-konferencija-identitet-hrvata-boke-kotorske-u-zagrebu-6-5-2021\/\">Pro\u010ditaj vi\u0161e o<span> Otvorena znanstvena konferencija &#8220;Identitet Hrvata Boke kotorske&#8221; u Zagrebu, 6. 5. 2021.<\/span><\/a><\/p>\n","protected":false},"author":7,"featured_media":18609,"comment_status":"closed","ping_status":"closed","sticky":false,"template":"","format":"standard","meta":{"inline_featured_image":false,"ngg_post_thumbnail":0,"footnotes":""},"categories":[11],"tags":[],"yoast_head":"<!-- This site is optimized with the Yoast SEO plugin v21.2 - https:\/\/yoast.com\/wordpress\/plugins\/seo\/ -->\n<title>Otvorena znanstvena konferencija &quot;Identitet Hrvata Boke kotorske&quot; u Zagrebu, 6. 5. 2021. - Institut dru&scaron;tvenih znanosti Ivo Pilar<\/title>\n<meta name=\"robots\" content=\"noindex, follow, max-snippet:-1, max-image-preview:large, max-video-preview:-1\" \/>\n<meta property=\"og:locale\" content=\"hr_HR\" \/>\n<meta property=\"og:type\" content=\"article\" \/>\n<meta property=\"og:title\" content=\"Otvorena znanstvena konferencija &quot;Identitet Hrvata Boke kotorske&quot; u Zagrebu, 6. 5. 2021. - Institut dru&scaron;tvenih znanosti Ivo Pilar\" \/>\n<meta property=\"og:description\" content=\"U Institutu dru\u0161tvenih znanosti Ivo Pilar 6. svibnja 2021. otvorena je znanstvena konferencija &#8220;Identitet Hrvata Boke kotorske&#8221;. Brojni su uglednici predvo\u0111eni izaslanikom predsjednika Vlade RH, ministrom znanosti i obrazovanja Radovanom Fuchsom istaknuli va\u017enost o\u010duvanja identiteta i kulturne ba\u0161tine bokeljskih Hrvata. &#8211; Iz medija &#8211; Program konferencije &#8220;Identitet Hrvata Boke kotorske&#8221;; Zagreb-Tivat, 6.-9. 5. 2021. Skupu&hellip; Pro\u010ditaj vi\u0161e o Otvorena znanstvena konferencija &#8220;Identitet Hrvata Boke kotorske&#8221; u Zagrebu, 6. 5. 2021.\" \/>\n<meta property=\"og:url\" content=\"https:\/\/www.vegaintro-projekti.com\/pilar-stari\/2021\/05\/otvorena-znanstvena-konferencija-identitet-hrvata-boke-kotorske-u-zagrebu-6-5-2021\/\" \/>\n<meta property=\"og:site_name\" content=\"Institut dru&scaron;tvenih znanosti Ivo Pilar\" \/>\n<meta property=\"article:published_time\" content=\"2021-05-06T21:33:10+00:00\" \/>\n<meta property=\"article:modified_time\" content=\"2021-05-10T15:31:14+00:00\" \/>\n<meta property=\"og:image\" content=\"https:\/\/www.vegaintro-projekti.com\/pilar-stari\/wp-content\/uploads\/2021\/05\/Sl_5fi.jpg\" \/>\n\t<meta property=\"og:image:width\" content=\"500\" \/>\n\t<meta property=\"og:image:height\" content=\"220\" \/>\n\t<meta property=\"og:image:type\" content=\"image\/jpeg\" \/>\n<meta name=\"author\" content=\"Boris\" \/>\n<meta name=\"twitter:card\" content=\"summary_large_image\" \/>\n<meta name=\"twitter:label1\" content=\"Napisao\/la\" \/>\n\t<meta name=\"twitter:data1\" content=\"Boris\" \/>\n\t<meta name=\"twitter:label2\" content=\"Procijenjeno vrijeme \u010ditanja\" \/>\n\t<meta name=\"twitter:data2\" content=\"3 minute\" \/>\n<script type=\"application\/ld+json\" class=\"yoast-schema-graph\">{\"@context\":\"https:\/\/schema.org\",\"@graph\":[{\"@type\":\"WebPage\",\"@id\":\"https:\/\/www.vegaintro-projekti.com\/pilar-stari\/2021\/05\/otvorena-znanstvena-konferencija-identitet-hrvata-boke-kotorske-u-zagrebu-6-5-2021\/\",\"url\":\"https:\/\/www.vegaintro-projekti.com\/pilar-stari\/2021\/05\/otvorena-znanstvena-konferencija-identitet-hrvata-boke-kotorske-u-zagrebu-6-5-2021\/\",\"name\":\"Otvorena znanstvena konferencija \\\"Identitet Hrvata Boke kotorske\\\" u Zagrebu, 6. 5. 2021. - Institut dru&scaron;tvenih znanosti Ivo Pilar\",\"isPartOf\":{\"@id\":\"https:\/\/www.vegaintro-projekti.com\/pilar-stari\/#website\"},\"datePublished\":\"2021-05-06T21:33:10+00:00\",\"dateModified\":\"2021-05-10T15:31:14+00:00\",\"author\":{\"@id\":\"https:\/\/www.vegaintro-projekti.com\/pilar-stari\/#\/schema\/person\/ddd404c9f1e15e4ffef5986ac6a5d28b\"},\"breadcrumb\":{\"@id\":\"https:\/\/www.vegaintro-projekti.com\/pilar-stari\/2021\/05\/otvorena-znanstvena-konferencija-identitet-hrvata-boke-kotorske-u-zagrebu-6-5-2021\/#breadcrumb\"},\"inLanguage\":\"hr\",\"potentialAction\":[{\"@type\":\"ReadAction\",\"target\":[\"https:\/\/www.vegaintro-projekti.com\/pilar-stari\/2021\/05\/otvorena-znanstvena-konferencija-identitet-hrvata-boke-kotorske-u-zagrebu-6-5-2021\/\"]}]},{\"@type\":\"BreadcrumbList\",\"@id\":\"https:\/\/www.vegaintro-projekti.com\/pilar-stari\/2021\/05\/otvorena-znanstvena-konferencija-identitet-hrvata-boke-kotorske-u-zagrebu-6-5-2021\/#breadcrumb\",\"itemListElement\":[{\"@type\":\"ListItem\",\"position\":1,\"name\":\"Home\",\"item\":\"https:\/\/www.vegaintro-projekti.com\/pilar-stari\/\"},{\"@type\":\"ListItem\",\"position\":2,\"name\":\"Otvorena znanstvena konferencija &#8220;Identitet Hrvata Boke kotorske&#8221; u Zagrebu, 6. 5. 2021.\"}]},{\"@type\":\"WebSite\",\"@id\":\"https:\/\/www.vegaintro-projekti.com\/pilar-stari\/#website\",\"url\":\"https:\/\/www.vegaintro-projekti.com\/pilar-stari\/\",\"name\":\"Institut dru&scaron;tvenih znanosti Ivo Pilar\",\"description\":\"Pilar\",\"potentialAction\":[{\"@type\":\"SearchAction\",\"target\":{\"@type\":\"EntryPoint\",\"urlTemplate\":\"https:\/\/www.vegaintro-projekti.com\/pilar-stari\/?s={search_term_string}\"},\"query-input\":\"required name=search_term_string\"}],\"inLanguage\":\"hr\"},{\"@type\":\"Person\",\"@id\":\"https:\/\/www.vegaintro-projekti.com\/pilar-stari\/#\/schema\/person\/ddd404c9f1e15e4ffef5986ac6a5d28b\",\"name\":\"Boris\",\"image\":{\"@type\":\"ImageObject\",\"inLanguage\":\"hr\",\"@id\":\"https:\/\/www.vegaintro-projekti.com\/pilar-stari\/#\/schema\/person\/image\/\",\"url\":\"https:\/\/secure.gravatar.com\/avatar\/29557b161a6ce6ab86ac1503164f1e90?s=96&d=mm&r=g\",\"contentUrl\":\"https:\/\/secure.gravatar.com\/avatar\/29557b161a6ce6ab86ac1503164f1e90?s=96&d=mm&r=g\",\"caption\":\"Boris\"},\"url\":\"https:\/\/www.vegaintro-projekti.com\/pilar-stari\/author\/boris\/\"}]}<\/script>\n<!-- \/ Yoast SEO plugin. -->","yoast_head_json":{"title":"Otvorena znanstvena konferencija \"Identitet Hrvata Boke kotorske\" u Zagrebu, 6. 5. 2021. - Institut dru&scaron;tvenih znanosti Ivo Pilar","robots":{"index":"noindex","follow":"follow","max-snippet":"max-snippet:-1","max-image-preview":"max-image-preview:large","max-video-preview":"max-video-preview:-1"},"og_locale":"hr_HR","og_type":"article","og_title":"Otvorena znanstvena konferencija \"Identitet Hrvata Boke kotorske\" u Zagrebu, 6. 5. 2021. - Institut dru&scaron;tvenih znanosti Ivo Pilar","og_description":"U Institutu dru\u0161tvenih znanosti Ivo Pilar 6. svibnja 2021. otvorena je znanstvena konferencija &#8220;Identitet Hrvata Boke kotorske&#8221;. Brojni su uglednici predvo\u0111eni izaslanikom predsjednika Vlade RH, ministrom znanosti i obrazovanja Radovanom Fuchsom istaknuli va\u017enost o\u010duvanja identiteta i kulturne ba\u0161tine bokeljskih Hrvata. &#8211; Iz medija &#8211; Program konferencije &#8220;Identitet Hrvata Boke kotorske&#8221;; Zagreb-Tivat, 6.-9. 5. 2021. Skupu&hellip; Pro\u010ditaj vi\u0161e o Otvorena znanstvena konferencija &#8220;Identitet Hrvata Boke kotorske&#8221; u Zagrebu, 6. 5. 2021.","og_url":"https:\/\/www.vegaintro-projekti.com\/pilar-stari\/2021\/05\/otvorena-znanstvena-konferencija-identitet-hrvata-boke-kotorske-u-zagrebu-6-5-2021\/","og_site_name":"Institut dru&scaron;tvenih znanosti Ivo Pilar","article_published_time":"2021-05-06T21:33:10+00:00","article_modified_time":"2021-05-10T15:31:14+00:00","og_image":[{"width":500,"height":220,"url":"https:\/\/www.vegaintro-projekti.com\/pilar-stari\/wp-content\/uploads\/2021\/05\/Sl_5fi.jpg","type":"image\/jpeg"}],"author":"Boris","twitter_card":"summary_large_image","twitter_misc":{"Napisao\/la":"Boris","Procijenjeno vrijeme \u010ditanja":"3 minute"},"schema":{"@context":"https:\/\/schema.org","@graph":[{"@type":"WebPage","@id":"https:\/\/www.vegaintro-projekti.com\/pilar-stari\/2021\/05\/otvorena-znanstvena-konferencija-identitet-hrvata-boke-kotorske-u-zagrebu-6-5-2021\/","url":"https:\/\/www.vegaintro-projekti.com\/pilar-stari\/2021\/05\/otvorena-znanstvena-konferencija-identitet-hrvata-boke-kotorske-u-zagrebu-6-5-2021\/","name":"Otvorena znanstvena konferencija \"Identitet Hrvata Boke kotorske\" u Zagrebu, 6. 5. 2021. - Institut dru&scaron;tvenih znanosti Ivo Pilar","isPartOf":{"@id":"https:\/\/www.vegaintro-projekti.com\/pilar-stari\/#website"},"datePublished":"2021-05-06T21:33:10+00:00","dateModified":"2021-05-10T15:31:14+00:00","author":{"@id":"https:\/\/www.vegaintro-projekti.com\/pilar-stari\/#\/schema\/person\/ddd404c9f1e15e4ffef5986ac6a5d28b"},"breadcrumb":{"@id":"https:\/\/www.vegaintro-projekti.com\/pilar-stari\/2021\/05\/otvorena-znanstvena-konferencija-identitet-hrvata-boke-kotorske-u-zagrebu-6-5-2021\/#breadcrumb"},"inLanguage":"hr","potentialAction":[{"@type":"ReadAction","target":["https:\/\/www.vegaintro-projekti.com\/pilar-stari\/2021\/05\/otvorena-znanstvena-konferencija-identitet-hrvata-boke-kotorske-u-zagrebu-6-5-2021\/"]}]},{"@type":"BreadcrumbList","@id":"https:\/\/www.vegaintro-projekti.com\/pilar-stari\/2021\/05\/otvorena-znanstvena-konferencija-identitet-hrvata-boke-kotorske-u-zagrebu-6-5-2021\/#breadcrumb","itemListElement":[{"@type":"ListItem","position":1,"name":"Home","item":"https:\/\/www.vegaintro-projekti.com\/pilar-stari\/"},{"@type":"ListItem","position":2,"name":"Otvorena znanstvena konferencija &#8220;Identitet Hrvata Boke kotorske&#8221; u Zagrebu, 6. 5. 2021."}]},{"@type":"WebSite","@id":"https:\/\/www.vegaintro-projekti.com\/pilar-stari\/#website","url":"https:\/\/www.vegaintro-projekti.com\/pilar-stari\/","name":"Institut dru&scaron;tvenih znanosti Ivo Pilar","description":"Pilar","potentialAction":[{"@type":"SearchAction","target":{"@type":"EntryPoint","urlTemplate":"https:\/\/www.vegaintro-projekti.com\/pilar-stari\/?s={search_term_string}"},"query-input":"required name=search_term_string"}],"inLanguage":"hr"},{"@type":"Person","@id":"https:\/\/www.vegaintro-projekti.com\/pilar-stari\/#\/schema\/person\/ddd404c9f1e15e4ffef5986ac6a5d28b","name":"Boris","image":{"@type":"ImageObject","inLanguage":"hr","@id":"https:\/\/www.vegaintro-projekti.com\/pilar-stari\/#\/schema\/person\/image\/","url":"https:\/\/secure.gravatar.com\/avatar\/29557b161a6ce6ab86ac1503164f1e90?s=96&d=mm&r=g","contentUrl":"https:\/\/secure.gravatar.com\/avatar\/29557b161a6ce6ab86ac1503164f1e90?s=96&d=mm&r=g","caption":"Boris"},"url":"https:\/\/www.vegaintro-projekti.com\/pilar-stari\/author\/boris\/"}]}},"_links":{"self":[{"href":"https:\/\/www.vegaintro-projekti.com\/pilar-stari\/wp-json\/wp\/v2\/posts\/18613"}],"collection":[{"href":"https:\/\/www.vegaintro-projekti.com\/pilar-stari\/wp-json\/wp\/v2\/posts"}],"about":[{"href":"https:\/\/www.vegaintro-projekti.com\/pilar-stari\/wp-json\/wp\/v2\/types\/post"}],"author":[{"embeddable":true,"href":"https:\/\/www.vegaintro-projekti.com\/pilar-stari\/wp-json\/wp\/v2\/users\/7"}],"replies":[{"embeddable":true,"href":"https:\/\/www.vegaintro-projekti.com\/pilar-stari\/wp-json\/wp\/v2\/comments?post=18613"}],"version-history":[{"count":10,"href":"https:\/\/www.vegaintro-projekti.com\/pilar-stari\/wp-json\/wp\/v2\/posts\/18613\/revisions"}],"predecessor-version":[{"id":18668,"href":"https:\/\/www.vegaintro-projekti.com\/pilar-stari\/wp-json\/wp\/v2\/posts\/18613\/revisions\/18668"}],"wp:featuredmedia":[{"embeddable":true,"href":"https:\/\/www.vegaintro-projekti.com\/pilar-stari\/wp-json\/wp\/v2\/media\/18609"}],"wp:attachment":[{"href":"https:\/\/www.vegaintro-projekti.com\/pilar-stari\/wp-json\/wp\/v2\/media?parent=18613"}],"wp:term":[{"taxonomy":"category","embeddable":true,"href":"https:\/\/www.vegaintro-projekti.com\/pilar-stari\/wp-json\/wp\/v2\/categories?post=18613"},{"taxonomy":"post_tag","embeddable":true,"href":"https:\/\/www.vegaintro-projekti.com\/pilar-stari\/wp-json\/wp\/v2\/tags?post=18613"}],"curies":[{"name":"wp","href":"https:\/\/api.w.org\/{rel}","templated":true}]}}