{"id":18633,"date":"2021-05-10T06:24:22","date_gmt":"2021-05-10T06:24:22","guid":{"rendered":"https:\/\/www.vegaintro-projekti.com\/pilar-stari\/?p=18633"},"modified":"2021-05-14T20:20:59","modified_gmt":"2021-05-14T20:20:59","slug":"zakljucci-znanstvene-konferencije-identitet-hrvata-boke-kotorske-9-5-2021","status":"publish","type":"post","link":"https:\/\/www.vegaintro-projekti.com\/pilar-stari\/2021\/05\/zakljucci-znanstvene-konferencije-identitet-hrvata-boke-kotorske-9-5-2021\/","title":{"rendered":"Zaklju\u010dci znanstvene konferencije &#8220;Identitet Hrvata Boke kotorske&#8221;, 9. 5. 2021."},"content":{"rendered":"<p><strong>Hrvati koji \u017eive u Boki kotorskoj, kao i Bokelji iz cijelog svijeta \u0161alju sna\u017enu poruku s oto\u010di\u0107a Gospe od \u0160krpjela. Zaklju\u010dke znanstvenog skupa \u201eIdentitet Hrvata Boke kotorske&#8221; u Zaljevu hrvatskih svetaca potpisali su jedna od za\u010detnica inicijative prof. dr. sc. Vanda Babi\u0107 i predsjednik programsko-organizacijskog odbora prof. dr. sc. \u017deljko Holjevac, ravnatelj Instituta dru\u0161tvenih znanosti Ivo Pilar. Zaklju\u010dci su potpisani u prisutnosti ministra vanjskih i europskih poslova RH Gordana Grli\u0107 Radmana i kotorskog biskupa Ivana \u0160tironje.<\/strong> &#8211; <a href=\"#mediji\">Iz medija<\/a><\/p>\n<p><a href=\"https:\/\/www.vegaintro-projekti.com\/pilar-stari\/wp-content\/uploads\/2021\/05\/Sl_1-3.jpg\"><img decoding=\"async\" loading=\"lazy\" class=\"alignnone wp-image-18623 size-full\" src=\"https:\/\/www.vegaintro-projekti.com\/pilar-stari\/wp-content\/uploads\/2021\/05\/Sl_1s-1.jpg\" alt=\"\" width=\"620\" height=\"414\" srcset=\"https:\/\/www.vegaintro-projekti.com\/pilar-stari\/wp-content\/uploads\/2021\/05\/Sl_1s-1.jpg 620w, https:\/\/www.vegaintro-projekti.com\/pilar-stari\/wp-content\/uploads\/2021\/05\/Sl_1s-1-300x200.jpg 300w\" sizes=\"(max-width: 620px) 100vw, 620px\" \/><\/a><a href=\"https:\/\/www.vegaintro-projekti.com\/pilar-stari\/wp-content\/uploads\/2021\/05\/Sl_2-1.jpg\"><img decoding=\"async\" loading=\"lazy\" class=\"alignnone wp-image-18625 size-full\" src=\"https:\/\/www.vegaintro-projekti.com\/pilar-stari\/wp-content\/uploads\/2021\/05\/Sl_2s-2.jpg\" alt=\"\" width=\"310\" height=\"207\" srcset=\"https:\/\/www.vegaintro-projekti.com\/pilar-stari\/wp-content\/uploads\/2021\/05\/Sl_2s-2.jpg 310w, https:\/\/www.vegaintro-projekti.com\/pilar-stari\/wp-content\/uploads\/2021\/05\/Sl_2s-2-300x200.jpg 300w\" sizes=\"(max-width: 310px) 100vw, 310px\" \/><\/a><a href=\"https:\/\/www.vegaintro-projekti.com\/pilar-stari\/wp-content\/uploads\/2021\/05\/Sl_3-1.jpg\"><img decoding=\"async\" loading=\"lazy\" class=\"alignnone wp-image-18627 size-full\" src=\"https:\/\/www.vegaintro-projekti.com\/pilar-stari\/wp-content\/uploads\/2021\/05\/Sl_3s-1.jpg\" alt=\"\" width=\"310\" height=\"207\" srcset=\"https:\/\/www.vegaintro-projekti.com\/pilar-stari\/wp-content\/uploads\/2021\/05\/Sl_3s-1.jpg 310w, https:\/\/www.vegaintro-projekti.com\/pilar-stari\/wp-content\/uploads\/2021\/05\/Sl_3s-1-300x200.jpg 300w\" sizes=\"(max-width: 310px) 100vw, 310px\" \/><\/a><a href=\"https:\/\/www.vegaintro-projekti.com\/pilar-stari\/wp-content\/uploads\/2021\/05\/Sl_5-1.jpg\"><img decoding=\"async\" loading=\"lazy\" class=\"alignnone wp-image-18631 size-full\" src=\"https:\/\/www.vegaintro-projekti.com\/pilar-stari\/wp-content\/uploads\/2021\/05\/Sl_5s-1.jpg\" alt=\"\" width=\"620\" height=\"414\" srcset=\"https:\/\/www.vegaintro-projekti.com\/pilar-stari\/wp-content\/uploads\/2021\/05\/Sl_5s-1.jpg 620w, https:\/\/www.vegaintro-projekti.com\/pilar-stari\/wp-content\/uploads\/2021\/05\/Sl_5s-1-300x200.jpg 300w\" sizes=\"(max-width: 620px) 100vw, 620px\" \/><\/a><\/p>\n<p>&#8211; <a href=\"https:\/\/www.vegaintro-projekti.com\/pilar-stari\/wp-content\/uploads\/2021\/05\/ZAKLJUCCI_potpisani1.pdf\">Zaklju\u010dci znanstvenog skupa Identitet Hrvata Boke kotorske<\/a><\/p>\n<p>\u201cOno \u0161to je vrlo va\u017eno, a \u0161to je i jedan od ciljeva ovog znanstvenog skupa jest da Republika Hrvatska u predmetnu nastavu i kurikulum uvrsti obrazovanje o Boki kotorskoj kako bismo jo\u0161 vi\u0161e pribli\u017eili sunarodnjake o kojima zapravo vrlo malo znamo. U potpisanoj deklaraciji tako\u0111er su zamoljene vlasti Crne Gore da u turisti\u010dkim publikacijama preciznije istaknu hrvatsku kulturnu ba\u0161tinu. Obje dr\u017eave moraju pridonijeti tome da \u010duvamo ovo blago koje imamo\u201d &#8211; izjavio je Gordan Grli\u0107 Radman, ministar vanjskih i europskih poslova RH.<\/p>\n<p>U nastavku skupa u Tivtu, Josip Ugle\u0161i\u0107, Josip Reni\u0107 i Jakov Momirovi\u0107 govorili su o Boki kotorskoj \u2013 biseru hrvatske kulture koji treba poznavati kroz vi\u0111enje studenata kroatistike Sveu\u010dili\u0161ta u Zadru. U posebno dirljivom predavanju studenti su postavili pitanje za\u0161to studenti u Hrvatskoj ne znaju ni gdje je Boka kotorska, a kamoli koja je va\u017enost njezine bogate kulturne ba\u0161tine. Milica Mihaljevi\u0107 i Lana Hude\u010dek s Instituta za hrvatski jezik i jezikoslovlje predstavile su \u0161to nam mre\u017eni izvori govore o Boki, dok je Vanda Babi\u0107 Gali\u0107 s Odjela za kroatistiku Sveu\u010dili\u0161ta u Zadru govorila o porukama monografije <strong>BOKA KOTORSKA &#8211; Zaljev svetaca i hrvatske kulture<\/strong> (Tivat-Zagreb, 2019.). U Tivtu je izlagao i don Robert Tonsati, kancelar Kotorske biskupije te dr. sc. Miljan Gogi\u0107 i Marijan Bitanga.<\/p>\n<p><a href=\"https:\/\/www.vegaintro-projekti.com\/pilar-stari\/wp-content\/uploads\/2021\/05\/Sl_4-1.jpg\"><img decoding=\"async\" loading=\"lazy\" class=\"alignnone wp-image-18629 size-full\" src=\"https:\/\/www.vegaintro-projekti.com\/pilar-stari\/wp-content\/uploads\/2021\/05\/Sl_4s-1.jpg\" alt=\"\" width=\"620\" height=\"414\" srcset=\"https:\/\/www.vegaintro-projekti.com\/pilar-stari\/wp-content\/uploads\/2021\/05\/Sl_4s-1.jpg 620w, https:\/\/www.vegaintro-projekti.com\/pilar-stari\/wp-content\/uploads\/2021\/05\/Sl_4s-1-300x200.jpg 300w\" sizes=\"(max-width: 620px) 100vw, 620px\" \/><\/a><\/p>\n<p>\u2013 <a href=\"https:\/\/www.vegaintro-projekti.com\/pilar-stari\/wp-content\/uploads\/2021\/05\/Program_Identitet_Hrvata_Boke_kotorske.pdf\">Program konferencije \u201cIdentitet Hrvata Boke kotorske\u201d; Zagreb-Tivat, 6.-9. svibnja 2021.<\/a><\/p>\n<p>\u201cZnanstveni skup je odli\u010dno pro\u0161ao kao i potpisivanje zaklju\u010daka s preporukama da spoznaje o bokeljskim Hrvatima do kojih smo do\u0161li na ovom skupu u\u0111u u nacionalni kurikulum u va\u017ene predmete. Oni su kruna na\u0161ih nastojanja da se ovaj znanstveni skup ne plasira u javnost samo na akademski na\u010din ve\u0107 da bude masovno populariziran u smislu da dugoro\u010dnu korist od njega imaju bokeljski Hrvati kao i svaki obrazovani gra\u0111anin Hrvatske te Crne Gore\u201d &#8211; izjavio je prof. dr. sc \u017deljko Holjevac, ravnatelj Instituta Ivo Pilar.<\/p>\n<p>U zaklju\u010dcima je predlo\u017eena dopuna kurikularnih dokumenata o klju\u010dnim sastavnicama pojma hrvatski nacionalni identitet u kojima \u0107e se na\u0107i i Hrvati izvan domovine \u0161to jasno uklju\u010duje Hrvate Boke kotorske, da se hrvatska ba\u0161tina Boke primjereno ugradi u nastavne sadr\u017eaje, uklju\u010divanje identitetskih obilje\u017eja i stvarala\u0161tva bokeljskih Hrvata u pojedine segmente kurikula, potpora obnovi sakralne ba\u0161tine Kotorske biskupije kao i institucijska, stru\u010dna i znanstvena suradnja s Biskupijskim arhivom. Nadalje, tra\u017ei se od nadle\u017enih ministarstava u Crnoj Gori da se knjiga Vande Babi\u0107 <strong>Boka kotorska &#8211; zaljev svetaca i hrvatske kulture<\/strong> uklju\u010di u obveznu literaturu za obrazovanje turisti\u010dkih vodi\u010da u Crnoj Gori, predla\u017ee se da programsko-organizacijski odbor s pokroviteljima skupa Identitet Hrvata Boke kotorske budu inicijativni odbor koji \u0107e Zaklju\u010dke provesti do njihova uklju\u010divanja u predmetni nacionalni kurikul RH.<\/p>\n<p>\u201cJako sam sretna \u0161to je ovaj skup u Zagrebu otvorio ministar Fuchs te isto tako \u0161to je ovdje u Boki ministar Grli\u0107 Radman potpisao zaklju\u010dke koje \u0107emo uputiti Minstarstvu znanosti i obrazovanja. Organizacijski odbor ovim je zaklju\u010dcima pre\u0161ao u inicijativni odbor koji \u0107e u\u010diniti sve da ciljevi budu ostvareni. Onog trenutka kada hrvatska kulturna ba\u0161tina Boke u\u0111e u nacionalne predmete u RH na\u0161a zada\u0107a \u0107e biti ispunjena. Isto tako \u010dekamo da turisti\u010dki vodi\u010di u Crnoj Gori uklju\u010de hrvatsku ba\u0161tinu i objave knjigu te je uvrste u obvezne ud\u017ebenike\u201c &#8211; izjavila je prof. dr. sc. Vanda Babi\u0107.<\/p>\n<p>Znanstveni skup Identitet Hrvata Boke kotorske okupio je za temu krucijalne znanstvene institucije na \u010delu s Institutom dru\u0161tvenih znanosti Ivo Pilar (Hrvatsko katoli\u010dko sveu\u010dili\u0161te, Fakultet hrvatskih studija, Institut za hrvatski jezik i jezikoslovlje te Zavod za povijesne znanosti u Zadru HAZU), a odr\u017eava se uz pokroviteljstva nadle\u017enih ministarstava vanjskih i europskih poslova, znanosti i obrazovanja, kulture i medija te Sredi\u0161njeg dr\u017eavnog ureda za Hrvate izvan RH.<\/p>\n<p><a href=\"https:\/\/www.vegaintro-projekti.com\/pilar-stari\/wp-content\/uploads\/2021\/05\/Sl_6-1.jpg\"><img decoding=\"async\" loading=\"lazy\" class=\"alignnone wp-image-18650 size-full\" src=\"https:\/\/www.vegaintro-projekti.com\/pilar-stari\/wp-content\/uploads\/2021\/05\/Sl_6s-1.jpg\" alt=\"\" width=\"620\" height=\"414\" srcset=\"https:\/\/www.vegaintro-projekti.com\/pilar-stari\/wp-content\/uploads\/2021\/05\/Sl_6s-1.jpg 620w, https:\/\/www.vegaintro-projekti.com\/pilar-stari\/wp-content\/uploads\/2021\/05\/Sl_6s-1-300x200.jpg 300w\" sizes=\"(max-width: 620px) 100vw, 620px\" \/><\/a><\/p>\n<p>\u201cDrago mi je biti na ovom znanstvenom skupu i \u017eelio bih zahvaliti svima onima koji su se potrudili da se ovako ne\u0161to dogodi u Boki, upravo ovdje gdje je sr\u017e teme ovog skupa. Posebno bih \u017eelio zahvaliti studentima koji su se uklju\u010dili u ovaj skup i dali svoj obol kao mladi ljudi koji su zavoljeli istinu o Boki, mjestu svetaca i bla\u017eenstva. To je poruka da i mi trebamo ne\u0161to u\u010diniti da obilje\u017eimo ovo svoje vrijeme ljubavlju, nadom i vjerom. Pohvala i \u010destitke svima uklju\u010denima u ovaj projekt\u201d &#8211; izjavio je novi kotorski biskup mons. Ivan \u0160tironja.<\/p>\n<p>Na zavr\u0161nim izlaganjima, kao i na plovidbi brodom Katica kroz bokokotorski zaljev bili su izaslanik Predsjednika Crne Gore i njegov posebni savjetnik Boris Bastijan\u010di\u0107, izaslanica predsjednika Hrvatskoga sabora i saborska zastupnica Zdravka Bu\u0161i\u0107, Nj.E. veleposlanik RH u Crnoj Gori Veselko Grubi\u0161i\u0107, izaslanik ministra vanjskih poslova Frano Matu\u0161i\u0107, generalna konzulica RH u Crnoj Gori Jasminka Lon\u010darevi\u0107, predsjednik Hrvatskoga nacionalnog vije\u0107a Crne Gore Zvonimir Dekovi\u0107, predsjednik Hrvatske gra\u0111anske inicijative Adrian Vuksanovi\u0107, dekan Katoli\u010dkog bogoslovnog fakulteta u Sarajevu Darko Toma\u0161evi\u0107, ambasadorica projekta Putevima bokeljskih Hrvata Sanja Putica i nekada\u0161nji vaterpolist, Bokelj Mirko Vi\u010devi\u0107.<\/p>\n<blockquote><p><a href=\"https:\/\/www.vegaintro-projekti.com\/pilar-stari\/wp-content\/uploads\/2021\/05\/ZAKLJUCCI_potpisani1.pdf\">Zaklju\u010dci znanstvenog skupa Identitet Hrvata Boke kotorske<\/a><\/p><\/blockquote>\n<p><a id=\"mediji\"><\/a><br \/>\n<span style=\"font-size: 14pt;\">Iz medija<\/span><\/p>\n<p>&#8211; <a href=\"https:\/\/www.jutarnji.hr\/vijesti\/hrvatska\/grlic-radman-na-skupu-o-hrvatima-iz-boke-ovdje-svaki-zidic-svaki-kamen-govori-o-toj-jednoj-slavnoj-proslosti-15071574\">https:\/\/www.jutarnji.hr\/vijesti\/hrvatska\/grlic-radman-na-skupu-o-hrvatima-iz-boke-ovdje-svaki-zidic-svaki-kamen-govori-o-toj-jednoj-slavnoj-proslosti-15071574<\/a><br \/>\n&#8211; <a href=\"https:\/\/www.index.hr\/vijesti\/clanak\/grlic-radman-u-crnoj-gori-govorio-o-opstanku-hrvata\/2274536.aspx\">https:\/\/www.index.hr\/vijesti\/clanak\/grlic-radman-u-crnoj-gori-govorio-o-opstanku-hrvata\/2274536.aspx<\/a><br \/>\n&#8211; <a href=\"https:\/\/www.vecernji.hr\/vijesti\/ministar-grlic-radman-hrvatima-u-crnoj-gori-poklonio-knjigu-vecenjeg-lista-1490788\">https:\/\/www.vecernji.hr\/vijesti\/ministar-grlic-radman-hrvatima-u-crnoj-gori-poklonio-knjigu-vecenjeg-lista-1490788<\/a><br \/>\n&#8211; <a href=\"https:\/\/www.vecernji.ba\/vijesti\/grlic-radman-u-tivtu-drzava-ce-pomagati-opstanak-hrvata-1490854\">https:\/\/www.vecernji.ba\/vijesti\/grlic-radman-u-tivtu-drzava-ce-pomagati-opstanak-hrvata-1490854<\/a><br \/>\n&#8211; <a href=\"https:\/\/www.24sata.hr\/news\/grlic-radman-u-tivtu-drzava-ce-pomagati-opstanak-hrvata-760885\">https:\/\/www.24sata.hr\/news\/grlic-radman-u-tivtu-drzava-ce-pomagati-opstanak-hrvata-760885<\/a><br \/>\n&#8211; <a href=\"https:\/\/www.glasistre.hr\/svijet\/grlic-radman-turistima-treba-pribliziti-bogatu-ostavstinu-bokeljskih-hrvata-719733\">https:\/\/www.glasistre.hr\/svijet\/grlic-radman-turistima-treba-pribliziti-bogatu-ostavstinu-bokeljskih-hrvata-719733<\/a><br \/>\n&#8211; <a href=\"https:\/\/vijesti.hrt.hr\/svijet\/grlic-radman-u-tivtu-drzava-ce-pomagati-opstanak-hrvata-1704841\">https:\/\/vijesti.hrt.hr\/svijet\/grlic-radman-u-tivtu-drzava-ce-pomagati-opstanak-hrvata-1704841<\/a><br \/>\n&#8211; <a href=\"https:\/\/www.novilist.hr\/novosti\/hrvatska\/grlic-radman-u-tivtu-drzava-ce-pomagati-opstanak-hrvata\/\">https:\/\/www.novilist.hr\/novosti\/hrvatska\/grlic-radman-u-tivtu-drzava-ce-pomagati-opstanak-hrvata\/<\/a><br \/>\n&#8211; <a href=\"https:\/\/slobodnadalmacija.hr\/vijesti\/hrvatska\/sef-diplomacije-iz-tivta-porucio-da-ce-drzava-pomagati-opstanak-hrvata-u-crnoj-gori-zajednica-bokeljskih-hrvata-ovdje-cuva-identitet-povijest-i-zajednicku-proslost-1097109\">https:\/\/slobodnadalmacija.hr\/vijesti\/hrvatska\/sef-diplomacije-iz-tivta-porucio-da-ce-drzava-pomagati-opstanak-hrvata-u-crnoj-gori-zajednica-bokeljskih-hrvata-ovdje-cuva-identitet-povijest-i-zajednicku-proslost-1097109<\/a><br \/>\n&#8211; <a href=\"https:\/\/m.cdm.me\/politika\/hrvati-boke-doprinose-dobrim-odnosima-drzava\/\">https:\/\/m.cdm.me\/politika\/hrvati-boke-doprinose-dobrim-odnosima-drzava\/<\/a><br \/>\n&#8211; <a href=\"https:\/\/www.hina.hr\/pretraga\/identitet%20hrvata%20boke\">https:\/\/www.hina.hr\/pretraga\/identitet%20hrvata%20boke<\/a><br \/>\n&#8211; <a href=\"https:\/\/www.portalanalitika.me\/clanak\/radman-hrvati-boke-doprinose-dobrim-odnosima-drzava\">https:\/\/www.portalanalitika.me\/clanak\/radman-hrvati-boke-doprinose-dobrim-odnosima-drzava<\/a><br \/>\n&#8211; <a href=\"https:\/\/hayat.ba\/grlic-radman-u-tivtu-drzava-ce-pomagati-opstanak-hrvata\/409289\/\">https:\/\/hayat.ba\/grlic-radman-u-tivtu-drzava-ce-pomagati-opstanak-hrvata\/409289\/<\/a><br \/>\n&#8211; <a href=\"https:\/\/vijesti.ba\/clanak\/534350\/grlic-radman-u-tivtu-drzava-ce-pomagati-opstanak-hrvata\">https:\/\/vijesti.ba\/clanak\/534350\/grlic-radman-u-tivtu-drzava-ce-pomagati-opstanak-hrvata<\/a><br \/>\n&#8211; <a href=\"https:\/\/vlada.gov.hr\/vijesti\/grlic-radman-turistima-pribliziti-bogatu-ostavstinu-bokeljskih-hrvata\/32074?big=1\">https:\/\/vlada.gov.hr\/vijesti\/grlic-radman-turistima-pribliziti-bogatu-ostavstinu-bokeljskih-hrvata\/32074?big=1<\/a><br \/>\n&#8211; <a href=\"https:\/\/direktno.hr\/eu-i-svijet\/dijaspora\/konferencija-tivtu-hrvatski-identitet-boke-kotorske-i-stoljetna-bastina-bokelja-ugrozeni-su-i-neprav-231960\/\">https:\/\/direktno.hr\/eu-i-svijet\/dijaspora\/konferencija-tivtu-hrvatski-identitet-boke-kotorske-i-stoljetna-bastina-bokelja-ugrozeni-su-i-neprav-231960\/<\/a><br \/>\n&#8211; <a href=\"https:\/\/kamenjar.com\/tivat-znanstveni-skup-o-identitetu-hrvata-boke\/\">https:\/\/kamenjar.com\/tivat-znanstveni-skup-o-identitetu-hrvata-boke\/<\/a><br \/>\n&#8211; <a href=\"https:\/\/www.radiotivat.com\/naucni-skup-identitet-hrvata-boke-kotorske\/2021\/05\/\">https:\/\/www.radiotivat.com\/naucni-skup-identitet-hrvata-boke-kotorske\/2021\/05\/<\/a><br \/>\n&#8211; <a href=\"https:\/\/hr.n1info.com\/vijesti\/grlic-radman-drzava-ce-pomagati-opstanak-hrvata-u-crnoj-gori\/\">https:\/\/hr.n1info.com\/vijesti\/grlic-radman-drzava-ce-pomagati-opstanak-hrvata-u-crnoj-gori\/<\/a><br \/>\n&#8211; <a href=\"https:\/\/pogled.ba\/grlic-radman-u-tivtu-drzava-ce-pomagati-opstanak-hrvata\/grlic-radman-u-tivtu-drzava-ce-pomagati-opstanak-hrvata\/216391\">https:\/\/pogled.ba\/grlic-radman-u-tivtu-drzava-ce-pomagati-opstanak-hrvata\/grlic-radman-u-tivtu-drzava-ce-pomagati-opstanak-hrvata\/216391<\/a><br \/>\n&#8211; <a href=\"https:\/\/rtv-hb.com\/hrvatska\/grlic-radman-u-tivtu-drzava-ce-pomagati-opstanak-hrvata\/\">https:\/\/rtv-hb.com\/hrvatska\/grlic-radman-u-tivtu-drzava-ce-pomagati-opstanak-hrvata\/<\/a><br \/>\n&#8211; <a href=\"https:\/\/fenix-magazin.de\/tivat-znanstveni-skup-o-identitetu-hrvata-boke-kotorske\/\">https:\/\/fenix-magazin.de\/tivat-znanstveni-skup-o-identitetu-hrvata-boke-kotorske\/<\/a><br \/>\n&#8211; <a href=\"https:\/\/www.bokanews.me\/featured\/tivat-znanstveni-skup-o-identitetu-hrvata-boke\/\">https:\/\/www.bokanews.me\/featured\/tivat-znanstveni-skup-o-identitetu-hrvata-boke\/<\/a><br \/>\n&#8211; <a href=\"https:\/\/ika.hkm.hr\/crkva-u-svijetu\/nakon-zagreba-znanstveni-skup-o-identitetu-hrvata-boke-kotorske-uprilicen-i-u-tivtu\/\">https:\/\/ika.hkm.hr\/crkva-u-svijetu\/nakon-zagreba-znanstveni-skup-o-identitetu-hrvata-boke-kotorske-uprilicen-i-u-tivtu\/<\/a><br \/>\n&#8211; <a href=\"https:\/\/www.glasistre.hr\/svijet\/grlic-radman-turistima-treba-pribliziti-bogatu-ostavstinu-bokeljskih-hrvata-719733\">https:\/\/www.glasistre.hr\/svijet\/grlic-radman-turistima-treba-pribliziti-bogatu-ostavstinu-bokeljskih-hrvata-719733<\/a><br \/>\n&#8211; <a href=\"http:\/\/www.mvep.hr\/hr\/mediji\/diplomatski-kalendar\/ministar-grlic-radman-u-sluzbenom-posjetu-crnoj-gori-652021,17634.html\">http:\/\/www.mvep.hr\/hr\/mediji\/diplomatski-kalendar\/ministar-grlic-radman-u-sluzbenom-posjetu-crnoj-gori-652021,17634.html<\/a><br \/>\n&#8211; <a href=\"http:\/\/www.mvep.hr\/hr\/mediji\/priopcenja\/ministar-grlic-radman-u-sluzbenom-posjetu-crnoj-gori,36523.html\">http:\/\/www.mvep.hr\/hr\/mediji\/priopcenja\/ministar-grlic-radman-u-sluzbenom-posjetu-crnoj-gori,36523.html<\/a><br \/>\n&#8211; <a href=\"http:\/\/www.radiodux.me\/vijesti\/drustvo\/intervju-s-ministrom-grlicem-radmanom\">http:\/\/www.radiodux.me\/vijesti\/drustvo\/intervju-s-ministrom-grlicem-radmanom<\/a><br \/>\n&#8211; <a href=\"http:\/\/www.radiodux.me\/vijesti\/drustvo\/posjet-grlica-radmana-u-duhu-zajednistva-i-dokazane-potpore-hrvatima\">http:\/\/www.radiodux.me\/vijesti\/drustvo\/posjet-grlica-radmana-u-duhu-zajednistva-i-dokazane-potpore-hrvatima<\/a><br \/>\n&#8211; <a href=\"http:\/\/www.radiodux.me\/vijesti\/drustvo\/snazna-poruka-hrvata-iz-boke-kotorske\">http:\/\/www.radiodux.me\/vijesti\/drustvo\/snazna-poruka-hrvata-iz-boke-kotorske<\/a><br \/>\n&#8211; <a href=\"https:\/\/fenix-magazin.de\/ministar-grlic-radman-u-sluzbenom-posjetu-crnoj-gori-i-na-znanstvenom-skupu-identitet-hrvata-boke-kotorske\/\">https:\/\/fenix-magazin.de\/ministar-grlic-radman-u-sluzbenom-posjetu-crnoj-gori-i-na-znanstvenom-skupu-identitet-hrvata-boke-kotorske\/<\/a><br \/>\n&#8211; <a href=\"https:\/\/gradski.me\/2021\/05\/08\/grlic-radman-hrvati-boke-doprinose-dobrim-odnosima-drzava\/\">https:\/\/gradski.me\/2021\/05\/08\/grlic-radman-hrvati-boke-doprinose-dobrim-odnosima-drzava\/<\/a><br \/>\n&#8211; <a href=\"http:\/\/www.rtcg.me\/vijesti\/politika\/320415\/hrvati-boke-doprinose-dobrim-odnosima-drzava.html\">http:\/\/www.rtcg.me\/vijesti\/politika\/320415\/hrvati-boke-doprinose-dobrim-odnosima-drzava.html<\/a><br \/>\n&#8211; <a href=\"https:\/\/www.pobjeda.me\/clanak\/grlic-radman-hrvati-boke-doprinose-dobrim-odnosima-drzava\">https:\/\/www.pobjeda.me\/clanak\/grlic-radman-hrvati-boke-doprinose-dobrim-odnosima-drzava<\/a><br \/>\n&#8211; <a href=\"https:\/\/fosmedia.me\/infos\/politika\/posjeta-grlica-radmana-u-duhu-zajednistva-i-dokazane-potpore-hrvatima\">https:\/\/fosmedia.me\/infos\/politika\/posjeta-grlica-radmana-u-duhu-zajednistva-i-dokazane-potpore-hrvatima<\/a><br \/>\n&#8211; <a href=\"https:\/\/www.bokanews.me\/featured\/grlic-radman-u-kotoru-i-tivtu-drzava-ce-pomagati-opstanak-hrvata\/\">https:\/\/www.bokanews.me\/featured\/grlic-radman-u-kotoru-i-tivtu-drzava-ce-pomagati-opstanak-hrvata\/<\/a><br \/>\n&#8211; <a href=\"https:\/\/www.standard.co.me\/politika\/hrvati-boke-doprinose-dobrim-odnosima-drzava\/\">https:\/\/www.standard.co.me\/politika\/hrvati-boke-doprinose-dobrim-odnosima-drzava\/<\/a><br \/>\n&#8211; <a href=\"https:\/\/www.reddit.com\/r\/croatia\/comments\/n6t6dr\/mornar_bokeljske_mornarice_ju%C4%8Der_je_odr%C5%BEan\/\">https:\/\/www.reddit.com\/r\/croatia\/comments\/n6t6dr\/mornar_bokeljske_mornarice_ju%C4%8Der_je_odr%C5%BEan\/<\/a><br \/>\n&#8211; <a href=\"http:\/\/historiografija.hr\/?p=26136\">http:\/\/historiografija.hr\/?p=26136<\/a><\/p>\n<blockquote><p><a href=\"https:\/\/www.vegaintro-projekti.com\/pilar-stari\/2021\/05\/konferencija-identitet-hrvata-boke-kotorske-zagreb-tivat-6-9-5-2021\/\">Konferencija Identitet Hrvata Boke kotorske<\/a><\/p>\n<p><a href=\"https:\/\/www.vegaintro-projekti.com\/pilar-stari\/2021\/05\/otvorena-znanstvena-konferencija-identitet-hrvata-boke-kotorske-u-zagrebu-6-5-2021\/\">Otvorena konferencija Identitet Hrvata Boke kotorske<\/a><\/p><\/blockquote>\n","protected":false},"excerpt":{"rendered":"<p>Hrvati koji \u017eive u Boki kotorskoj, kao i Bokelji iz cijelog svijeta \u0161alju sna\u017enu poruku s oto\u010di\u0107a Gospe od \u0160krpjela. Zaklju\u010dke znanstvenog skupa \u201eIdentitet Hrvata Boke kotorske&#8221; u Zaljevu hrvatskih svetaca potpisali su jedna od za\u010detnica inicijative prof. dr. sc. Vanda Babi\u0107 i predsjednik programsko-organizacijskog odbora prof. dr. sc. \u017deljko Holjevac, ravnatelj Instituta dru\u0161tvenih znanosti&hellip; <a class=\"continue\" href=\"https:\/\/www.vegaintro-projekti.com\/pilar-stari\/2021\/05\/zakljucci-znanstvene-konferencije-identitet-hrvata-boke-kotorske-9-5-2021\/\">Pro\u010ditaj vi\u0161e o<span> Zaklju\u010dci znanstvene konferencije &#8220;Identitet Hrvata Boke kotorske&#8221;, 9. 5. 2021.<\/span><\/a><\/p>\n","protected":false},"author":7,"featured_media":18626,"comment_status":"closed","ping_status":"closed","sticky":false,"template":"","format":"standard","meta":{"inline_featured_image":false,"ngg_post_thumbnail":0,"footnotes":""},"categories":[11],"tags":[],"yoast_head":"<!-- This site is optimized with the Yoast SEO plugin v21.2 - https:\/\/yoast.com\/wordpress\/plugins\/seo\/ -->\n<title>Zaklju\u010dci znanstvene konferencije &quot;Identitet Hrvata Boke kotorske&quot;, 9. 5. 2021. - Institut dru&scaron;tvenih znanosti Ivo Pilar<\/title>\n<meta name=\"robots\" content=\"noindex, follow, max-snippet:-1, max-image-preview:large, max-video-preview:-1\" \/>\n<meta property=\"og:locale\" content=\"hr_HR\" \/>\n<meta property=\"og:type\" content=\"article\" \/>\n<meta property=\"og:title\" content=\"Zaklju\u010dci znanstvene konferencije &quot;Identitet Hrvata Boke kotorske&quot;, 9. 5. 2021. - Institut dru&scaron;tvenih znanosti Ivo Pilar\" \/>\n<meta property=\"og:description\" content=\"Hrvati koji \u017eive u Boki kotorskoj, kao i Bokelji iz cijelog svijeta \u0161alju sna\u017enu poruku s oto\u010di\u0107a Gospe od \u0160krpjela. Zaklju\u010dke znanstvenog skupa \u201eIdentitet Hrvata Boke kotorske&#8221; u Zaljevu hrvatskih svetaca potpisali su jedna od za\u010detnica inicijative prof. dr. sc. Vanda Babi\u0107 i predsjednik programsko-organizacijskog odbora prof. dr. sc. \u017deljko Holjevac, ravnatelj Instituta dru\u0161tvenih znanosti&hellip; Pro\u010ditaj vi\u0161e o Zaklju\u010dci znanstvene konferencije &#8220;Identitet Hrvata Boke kotorske&#8221;, 9. 5. 2021.\" \/>\n<meta property=\"og:url\" content=\"https:\/\/www.vegaintro-projekti.com\/pilar-stari\/2021\/05\/zakljucci-znanstvene-konferencije-identitet-hrvata-boke-kotorske-9-5-2021\/\" \/>\n<meta property=\"og:site_name\" content=\"Institut dru&scaron;tvenih znanosti Ivo Pilar\" \/>\n<meta property=\"article:published_time\" content=\"2021-05-10T06:24:22+00:00\" \/>\n<meta property=\"article:modified_time\" content=\"2021-05-14T20:20:59+00:00\" \/>\n<meta property=\"og:image\" content=\"https:\/\/www.vegaintro-projekti.com\/pilar-stari\/wp-content\/uploads\/2021\/05\/Sl_3-1.jpg\" \/>\n\t<meta property=\"og:image:width\" content=\"1500\" \/>\n\t<meta property=\"og:image:height\" content=\"1001\" \/>\n\t<meta property=\"og:image:type\" content=\"image\/jpeg\" \/>\n<meta name=\"author\" content=\"Boris\" \/>\n<meta name=\"twitter:card\" content=\"summary_large_image\" \/>\n<meta name=\"twitter:label1\" content=\"Napisao\/la\" \/>\n\t<meta name=\"twitter:data1\" content=\"Boris\" \/>\n\t<meta name=\"twitter:label2\" content=\"Procijenjeno vrijeme \u010ditanja\" \/>\n\t<meta name=\"twitter:data2\" content=\"6 minuta\" \/>\n<script type=\"application\/ld+json\" class=\"yoast-schema-graph\">{\"@context\":\"https:\/\/schema.org\",\"@graph\":[{\"@type\":\"WebPage\",\"@id\":\"https:\/\/www.vegaintro-projekti.com\/pilar-stari\/2021\/05\/zakljucci-znanstvene-konferencije-identitet-hrvata-boke-kotorske-9-5-2021\/\",\"url\":\"https:\/\/www.vegaintro-projekti.com\/pilar-stari\/2021\/05\/zakljucci-znanstvene-konferencije-identitet-hrvata-boke-kotorske-9-5-2021\/\",\"name\":\"Zaklju\u010dci znanstvene konferencije \\\"Identitet Hrvata Boke kotorske\\\", 9. 5. 2021. - Institut dru&scaron;tvenih znanosti Ivo Pilar\",\"isPartOf\":{\"@id\":\"https:\/\/www.vegaintro-projekti.com\/pilar-stari\/#website\"},\"datePublished\":\"2021-05-10T06:24:22+00:00\",\"dateModified\":\"2021-05-14T20:20:59+00:00\",\"author\":{\"@id\":\"https:\/\/www.vegaintro-projekti.com\/pilar-stari\/#\/schema\/person\/ddd404c9f1e15e4ffef5986ac6a5d28b\"},\"breadcrumb\":{\"@id\":\"https:\/\/www.vegaintro-projekti.com\/pilar-stari\/2021\/05\/zakljucci-znanstvene-konferencije-identitet-hrvata-boke-kotorske-9-5-2021\/#breadcrumb\"},\"inLanguage\":\"hr\",\"potentialAction\":[{\"@type\":\"ReadAction\",\"target\":[\"https:\/\/www.vegaintro-projekti.com\/pilar-stari\/2021\/05\/zakljucci-znanstvene-konferencije-identitet-hrvata-boke-kotorske-9-5-2021\/\"]}]},{\"@type\":\"BreadcrumbList\",\"@id\":\"https:\/\/www.vegaintro-projekti.com\/pilar-stari\/2021\/05\/zakljucci-znanstvene-konferencije-identitet-hrvata-boke-kotorske-9-5-2021\/#breadcrumb\",\"itemListElement\":[{\"@type\":\"ListItem\",\"position\":1,\"name\":\"Home\",\"item\":\"https:\/\/www.vegaintro-projekti.com\/pilar-stari\/\"},{\"@type\":\"ListItem\",\"position\":2,\"name\":\"Zaklju\u010dci znanstvene konferencije &#8220;Identitet Hrvata Boke kotorske&#8221;, 9. 5. 2021.\"}]},{\"@type\":\"WebSite\",\"@id\":\"https:\/\/www.vegaintro-projekti.com\/pilar-stari\/#website\",\"url\":\"https:\/\/www.vegaintro-projekti.com\/pilar-stari\/\",\"name\":\"Institut dru&scaron;tvenih znanosti Ivo Pilar\",\"description\":\"Pilar\",\"potentialAction\":[{\"@type\":\"SearchAction\",\"target\":{\"@type\":\"EntryPoint\",\"urlTemplate\":\"https:\/\/www.vegaintro-projekti.com\/pilar-stari\/?s={search_term_string}\"},\"query-input\":\"required name=search_term_string\"}],\"inLanguage\":\"hr\"},{\"@type\":\"Person\",\"@id\":\"https:\/\/www.vegaintro-projekti.com\/pilar-stari\/#\/schema\/person\/ddd404c9f1e15e4ffef5986ac6a5d28b\",\"name\":\"Boris\",\"image\":{\"@type\":\"ImageObject\",\"inLanguage\":\"hr\",\"@id\":\"https:\/\/www.vegaintro-projekti.com\/pilar-stari\/#\/schema\/person\/image\/\",\"url\":\"https:\/\/secure.gravatar.com\/avatar\/29557b161a6ce6ab86ac1503164f1e90?s=96&d=mm&r=g\",\"contentUrl\":\"https:\/\/secure.gravatar.com\/avatar\/29557b161a6ce6ab86ac1503164f1e90?s=96&d=mm&r=g\",\"caption\":\"Boris\"},\"url\":\"https:\/\/www.vegaintro-projekti.com\/pilar-stari\/author\/boris\/\"}]}<\/script>\n<!-- \/ Yoast SEO plugin. -->","yoast_head_json":{"title":"Zaklju\u010dci znanstvene konferencije \"Identitet Hrvata Boke kotorske\", 9. 5. 2021. - Institut dru&scaron;tvenih znanosti Ivo Pilar","robots":{"index":"noindex","follow":"follow","max-snippet":"max-snippet:-1","max-image-preview":"max-image-preview:large","max-video-preview":"max-video-preview:-1"},"og_locale":"hr_HR","og_type":"article","og_title":"Zaklju\u010dci znanstvene konferencije \"Identitet Hrvata Boke kotorske\", 9. 5. 2021. - Institut dru&scaron;tvenih znanosti Ivo Pilar","og_description":"Hrvati koji \u017eive u Boki kotorskoj, kao i Bokelji iz cijelog svijeta \u0161alju sna\u017enu poruku s oto\u010di\u0107a Gospe od \u0160krpjela. Zaklju\u010dke znanstvenog skupa \u201eIdentitet Hrvata Boke kotorske&#8221; u Zaljevu hrvatskih svetaca potpisali su jedna od za\u010detnica inicijative prof. dr. sc. Vanda Babi\u0107 i predsjednik programsko-organizacijskog odbora prof. dr. sc. \u017deljko Holjevac, ravnatelj Instituta dru\u0161tvenih znanosti&hellip; Pro\u010ditaj vi\u0161e o Zaklju\u010dci znanstvene konferencije &#8220;Identitet Hrvata Boke kotorske&#8221;, 9. 5. 2021.","og_url":"https:\/\/www.vegaintro-projekti.com\/pilar-stari\/2021\/05\/zakljucci-znanstvene-konferencije-identitet-hrvata-boke-kotorske-9-5-2021\/","og_site_name":"Institut dru&scaron;tvenih znanosti Ivo Pilar","article_published_time":"2021-05-10T06:24:22+00:00","article_modified_time":"2021-05-14T20:20:59+00:00","og_image":[{"width":1500,"height":1001,"url":"https:\/\/www.vegaintro-projekti.com\/pilar-stari\/wp-content\/uploads\/2021\/05\/Sl_3-1.jpg","type":"image\/jpeg"}],"author":"Boris","twitter_card":"summary_large_image","twitter_misc":{"Napisao\/la":"Boris","Procijenjeno vrijeme \u010ditanja":"6 minuta"},"schema":{"@context":"https:\/\/schema.org","@graph":[{"@type":"WebPage","@id":"https:\/\/www.vegaintro-projekti.com\/pilar-stari\/2021\/05\/zakljucci-znanstvene-konferencije-identitet-hrvata-boke-kotorske-9-5-2021\/","url":"https:\/\/www.vegaintro-projekti.com\/pilar-stari\/2021\/05\/zakljucci-znanstvene-konferencije-identitet-hrvata-boke-kotorske-9-5-2021\/","name":"Zaklju\u010dci znanstvene konferencije \"Identitet Hrvata Boke kotorske\", 9. 5. 2021. - Institut dru&scaron;tvenih znanosti Ivo Pilar","isPartOf":{"@id":"https:\/\/www.vegaintro-projekti.com\/pilar-stari\/#website"},"datePublished":"2021-05-10T06:24:22+00:00","dateModified":"2021-05-14T20:20:59+00:00","author":{"@id":"https:\/\/www.vegaintro-projekti.com\/pilar-stari\/#\/schema\/person\/ddd404c9f1e15e4ffef5986ac6a5d28b"},"breadcrumb":{"@id":"https:\/\/www.vegaintro-projekti.com\/pilar-stari\/2021\/05\/zakljucci-znanstvene-konferencije-identitet-hrvata-boke-kotorske-9-5-2021\/#breadcrumb"},"inLanguage":"hr","potentialAction":[{"@type":"ReadAction","target":["https:\/\/www.vegaintro-projekti.com\/pilar-stari\/2021\/05\/zakljucci-znanstvene-konferencije-identitet-hrvata-boke-kotorske-9-5-2021\/"]}]},{"@type":"BreadcrumbList","@id":"https:\/\/www.vegaintro-projekti.com\/pilar-stari\/2021\/05\/zakljucci-znanstvene-konferencije-identitet-hrvata-boke-kotorske-9-5-2021\/#breadcrumb","itemListElement":[{"@type":"ListItem","position":1,"name":"Home","item":"https:\/\/www.vegaintro-projekti.com\/pilar-stari\/"},{"@type":"ListItem","position":2,"name":"Zaklju\u010dci znanstvene konferencije &#8220;Identitet Hrvata Boke kotorske&#8221;, 9. 5. 2021."}]},{"@type":"WebSite","@id":"https:\/\/www.vegaintro-projekti.com\/pilar-stari\/#website","url":"https:\/\/www.vegaintro-projekti.com\/pilar-stari\/","name":"Institut dru&scaron;tvenih znanosti Ivo Pilar","description":"Pilar","potentialAction":[{"@type":"SearchAction","target":{"@type":"EntryPoint","urlTemplate":"https:\/\/www.vegaintro-projekti.com\/pilar-stari\/?s={search_term_string}"},"query-input":"required name=search_term_string"}],"inLanguage":"hr"},{"@type":"Person","@id":"https:\/\/www.vegaintro-projekti.com\/pilar-stari\/#\/schema\/person\/ddd404c9f1e15e4ffef5986ac6a5d28b","name":"Boris","image":{"@type":"ImageObject","inLanguage":"hr","@id":"https:\/\/www.vegaintro-projekti.com\/pilar-stari\/#\/schema\/person\/image\/","url":"https:\/\/secure.gravatar.com\/avatar\/29557b161a6ce6ab86ac1503164f1e90?s=96&d=mm&r=g","contentUrl":"https:\/\/secure.gravatar.com\/avatar\/29557b161a6ce6ab86ac1503164f1e90?s=96&d=mm&r=g","caption":"Boris"},"url":"https:\/\/www.vegaintro-projekti.com\/pilar-stari\/author\/boris\/"}]}},"_links":{"self":[{"href":"https:\/\/www.vegaintro-projekti.com\/pilar-stari\/wp-json\/wp\/v2\/posts\/18633"}],"collection":[{"href":"https:\/\/www.vegaintro-projekti.com\/pilar-stari\/wp-json\/wp\/v2\/posts"}],"about":[{"href":"https:\/\/www.vegaintro-projekti.com\/pilar-stari\/wp-json\/wp\/v2\/types\/post"}],"author":[{"embeddable":true,"href":"https:\/\/www.vegaintro-projekti.com\/pilar-stari\/wp-json\/wp\/v2\/users\/7"}],"replies":[{"embeddable":true,"href":"https:\/\/www.vegaintro-projekti.com\/pilar-stari\/wp-json\/wp\/v2\/comments?post=18633"}],"version-history":[{"count":13,"href":"https:\/\/www.vegaintro-projekti.com\/pilar-stari\/wp-json\/wp\/v2\/posts\/18633\/revisions"}],"predecessor-version":[{"id":18683,"href":"https:\/\/www.vegaintro-projekti.com\/pilar-stari\/wp-json\/wp\/v2\/posts\/18633\/revisions\/18683"}],"wp:featuredmedia":[{"embeddable":true,"href":"https:\/\/www.vegaintro-projekti.com\/pilar-stari\/wp-json\/wp\/v2\/media\/18626"}],"wp:attachment":[{"href":"https:\/\/www.vegaintro-projekti.com\/pilar-stari\/wp-json\/wp\/v2\/media?parent=18633"}],"wp:term":[{"taxonomy":"category","embeddable":true,"href":"https:\/\/www.vegaintro-projekti.com\/pilar-stari\/wp-json\/wp\/v2\/categories?post=18633"},{"taxonomy":"post_tag","embeddable":true,"href":"https:\/\/www.vegaintro-projekti.com\/pilar-stari\/wp-json\/wp\/v2\/tags?post=18633"}],"curies":[{"name":"wp","href":"https:\/\/api.w.org\/{rel}","templated":true}]}}