{"id":18786,"date":"2021-05-18T19:10:23","date_gmt":"2021-05-18T19:10:23","guid":{"rendered":"https:\/\/www.vegaintro-projekti.com\/pilar-stari\/?p=18786"},"modified":"2021-05-26T21:30:20","modified_gmt":"2021-05-26T21:30:20","slug":"dr-sc-danijel-vojak-odrzao-predavanja-o-povijesti-otpora-roma-na-podrucju-srbije-i-makedonije-za-vrijeme-2-svj-rata","status":"publish","type":"post","link":"https:\/\/www.vegaintro-projekti.com\/pilar-stari\/2021\/05\/dr-sc-danijel-vojak-odrzao-predavanja-o-povijesti-otpora-roma-na-podrucju-srbije-i-makedonije-za-vrijeme-2-svj-rata\/","title":{"rendered":"Dr. sc. Danijel Vojak odr\u017eao predavanja o povijesti otpora Roma na podru\u010dju Srbije i Makedonije za vrijeme 2. svjetskog rata"},"content":{"rendered":"<p><strong>Dr. sc. Danijel Vojak odr\u017eao je 14. svibnja 2021. predavanje o povijesti sudjelovanja Roma u otporu prema nacisti\u010dkim vlastima i njihovim saveznicama za vrijeme Drugog svjetskog rata na podru\u010dju Srbije<\/strong><\/p>\n<p><a href=\"https:\/\/www.vegaintro-projekti.com\/pilar-stari\/wp-content\/uploads\/2021\/05\/Srbija.jpg\"><img decoding=\"async\" loading=\"lazy\" class=\"alignnone wp-image-18785 size-full\" src=\"https:\/\/www.vegaintro-projekti.com\/pilar-stari\/wp-content\/uploads\/2021\/05\/Srbija_ss.jpg\" alt=\"\" width=\"620\" height=\"349\" srcset=\"https:\/\/www.vegaintro-projekti.com\/pilar-stari\/wp-content\/uploads\/2021\/05\/Srbija_ss.jpg 620w, https:\/\/www.vegaintro-projekti.com\/pilar-stari\/wp-content\/uploads\/2021\/05\/Srbija_ss-300x169.jpg 300w\" sizes=\"(max-width: 620px) 100vw, 620px\" \/><\/a><\/p>\n<p>U predavanju su predstavljeni rezultati istra\u017eivanja sudjelovanja Roma u otporu za vrijeme Drugog svjetskog rata u Srbiji kao dio me\u0111unarodnog znanstvenoistra\u017eiva\u010dkog projekta \u201eRe-thinking Roma Resistance\u201c koji je izme\u0111u 2019. do 2020. vodio European Roma Institute for Arts and Culture (ERIAC) uz potporu Stiftung Erinnerung, Verantwortung und Zukunft (EVZ foundation). Predavanje je odr\u017eano online uz moderiranje Jelene Relji\u0107 te kao dio Barvalipe Talks u kontekstu me\u0111unarodne kampanje proslave \u201eDana otpora Roma\u201c. Predavanje su organizirali ERIAC (European Roma Institute for Arts and Culture &#8211; ERIAC), ORS i Ponosni Romi Slobodne Europe.<\/p>\n<p><strong>Dana 15. svibnja 2021. dr. sc. Danijel Vojak odr\u017eao je predavanje o povijesti sudjelovanja Roma u otporu na podru\u010dju Makedonije za vrijeme Drugog svjetskog rata<\/strong><\/p>\n<p><a href=\"https:\/\/www.vegaintro-projekti.com\/pilar-stari\/wp-content\/uploads\/2021\/05\/Makedonija.jpg\"><img decoding=\"async\" loading=\"lazy\" class=\"alignnone wp-image-18784 size-full\" src=\"https:\/\/www.vegaintro-projekti.com\/pilar-stari\/wp-content\/uploads\/2021\/05\/Makedonija_ss.jpg\" alt=\"\" width=\"620\" height=\"349\" srcset=\"https:\/\/www.vegaintro-projekti.com\/pilar-stari\/wp-content\/uploads\/2021\/05\/Makedonija_ss.jpg 620w, https:\/\/www.vegaintro-projekti.com\/pilar-stari\/wp-content\/uploads\/2021\/05\/Makedonija_ss-300x169.jpg 300w\" sizes=\"(max-width: 620px) 100vw, 620px\" \/><\/a><\/p>\n<p>U predavanju su predstavljeni rezultati istra\u017eivanja sudjelovanja Roma u otporu za vrijeme Drugog svjetskog rata u Makedoniji kao dio me\u0111unarodnog znanstvenogistra\u017eiva\u010dkog projekta \u201eRe-thinking Roma Resistance\u201c koji je izme\u0111u 2019. do 2020. vodio European Roma Institute for Arts and Culture (ERIAC) uz potporu Stiftung Erinnerung, Verantwortung und Zukunft (EVZ foundation).<\/p>\n<p><a href=\"https:\/\/www.vegaintro-projekti.com\/pilar-stari\/wp-content\/uploads\/2021\/05\/Vojak_predavanje.png\"><img decoding=\"async\" loading=\"lazy\" class=\"alignnone wp-image-18783 size-full\" src=\"https:\/\/www.vegaintro-projekti.com\/pilar-stari\/wp-content\/uploads\/2021\/05\/Vojak_predavanje_s.jpg\" alt=\"\" width=\"620\" height=\"620\" srcset=\"https:\/\/www.vegaintro-projekti.com\/pilar-stari\/wp-content\/uploads\/2021\/05\/Vojak_predavanje_s.jpg 620w, https:\/\/www.vegaintro-projekti.com\/pilar-stari\/wp-content\/uploads\/2021\/05\/Vojak_predavanje_s-300x300.jpg 300w, https:\/\/www.vegaintro-projekti.com\/pilar-stari\/wp-content\/uploads\/2021\/05\/Vojak_predavanje_s-150x150.jpg 150w\" sizes=\"(max-width: 620px) 100vw, 620px\" \/><\/a><\/p>\n<p>Predavanje je odr\u017eano online uz moderiranje Enesa Bilallia te kao dio Barvalipe Talks u kontekstu me\u0111unarodne kampanje proslave \u201eDana otpora Roma\u201c. Predavanje su organizirali ERIAC (European Roma Institute for Arts and Culture &#8211; ERIAC), AVAJA i Ponosni Romi Slobodne Europe.<\/p>\n<blockquote><p><a href=\"https:\/\/www.vegaintro-projekti.com\/pilar-stari\/biografije\/user-bio\/?my_user_id=63\">Dr. sc. Danijel Vojak<\/a><\/p><\/blockquote>\n","protected":false},"excerpt":{"rendered":"<p>Dr. sc. Danijel Vojak odr\u017eao je 14. svibnja 2021. predavanje o povijesti sudjelovanja Roma u otporu prema nacisti\u010dkim vlastima i njihovim saveznicama za vrijeme Drugog svjetskog rata na podru\u010dju Srbije U predavanju su predstavljeni rezultati istra\u017eivanja sudjelovanja Roma u otporu za vrijeme Drugog svjetskog rata u Srbiji kao dio me\u0111unarodnog znanstvenoistra\u017eiva\u010dkog projekta \u201eRe-thinking Roma Resistance\u201c&hellip; <a class=\"continue\" href=\"https:\/\/www.vegaintro-projekti.com\/pilar-stari\/2021\/05\/dr-sc-danijel-vojak-odrzao-predavanja-o-povijesti-otpora-roma-na-podrucju-srbije-i-makedonije-za-vrijeme-2-svj-rata\/\">Pro\u010ditaj vi\u0161e o<span> Dr. sc. Danijel Vojak odr\u017eao predavanja o povijesti otpora Roma na podru\u010dju Srbije i Makedonije za vrijeme 2. svjetskog rata<\/span><\/a><\/p>\n","protected":false},"author":7,"featured_media":18782,"comment_status":"closed","ping_status":"closed","sticky":false,"template":"","format":"standard","meta":{"inline_featured_image":false,"ngg_post_thumbnail":0,"footnotes":""},"categories":[48,11],"tags":[],"yoast_head":"<!-- This site is optimized with the Yoast SEO plugin v21.2 - https:\/\/yoast.com\/wordpress\/plugins\/seo\/ -->\n<title>Dr. sc. Danijel Vojak odr\u017eao predavanja o povijesti otpora Roma na podru\u010dju Srbije i Makedonije za vrijeme 2. svjetskog rata - Institut dru&scaron;tvenih znanosti Ivo Pilar<\/title>\n<meta name=\"robots\" content=\"noindex, follow, max-snippet:-1, max-image-preview:large, max-video-preview:-1\" \/>\n<meta property=\"og:locale\" content=\"hr_HR\" \/>\n<meta property=\"og:type\" content=\"article\" \/>\n<meta property=\"og:title\" content=\"Dr. sc. Danijel Vojak odr\u017eao predavanja o povijesti otpora Roma na podru\u010dju Srbije i Makedonije za vrijeme 2. svjetskog rata - Institut dru&scaron;tvenih znanosti Ivo Pilar\" \/>\n<meta property=\"og:description\" content=\"Dr. sc. Danijel Vojak odr\u017eao je 14. svibnja 2021. predavanje o povijesti sudjelovanja Roma u otporu prema nacisti\u010dkim vlastima i njihovim saveznicama za vrijeme Drugog svjetskog rata na podru\u010dju Srbije U predavanju su predstavljeni rezultati istra\u017eivanja sudjelovanja Roma u otporu za vrijeme Drugog svjetskog rata u Srbiji kao dio me\u0111unarodnog znanstvenoistra\u017eiva\u010dkog projekta \u201eRe-thinking Roma Resistance\u201c&hellip; Pro\u010ditaj vi\u0161e o Dr. sc. Danijel Vojak odr\u017eao predavanja o povijesti otpora Roma na podru\u010dju Srbije i Makedonije za vrijeme 2. svjetskog rata\" \/>\n<meta property=\"og:url\" content=\"https:\/\/www.vegaintro-projekti.com\/pilar-stari\/2021\/05\/dr-sc-danijel-vojak-odrzao-predavanja-o-povijesti-otpora-roma-na-podrucju-srbije-i-makedonije-za-vrijeme-2-svj-rata\/\" \/>\n<meta property=\"og:site_name\" content=\"Institut dru&scaron;tvenih znanosti Ivo Pilar\" \/>\n<meta property=\"article:published_time\" content=\"2021-05-18T19:10:23+00:00\" \/>\n<meta property=\"article:modified_time\" content=\"2021-05-26T21:30:20+00:00\" \/>\n<meta property=\"og:image\" content=\"https:\/\/www.vegaintro-projekti.com\/pilar-stari\/wp-content\/uploads\/2021\/05\/Vojak_predavanje_fi.jpg\" \/>\n\t<meta property=\"og:image:width\" content=\"500\" \/>\n\t<meta property=\"og:image:height\" content=\"220\" \/>\n\t<meta property=\"og:image:type\" content=\"image\/jpeg\" \/>\n<meta name=\"author\" content=\"Boris\" \/>\n<meta name=\"twitter:card\" content=\"summary_large_image\" \/>\n<meta name=\"twitter:label1\" content=\"Napisao\/la\" \/>\n\t<meta name=\"twitter:data1\" content=\"Boris\" \/>\n\t<meta name=\"twitter:label2\" content=\"Procijenjeno vrijeme \u010ditanja\" \/>\n\t<meta name=\"twitter:data2\" content=\"1 minuta\" \/>\n<script type=\"application\/ld+json\" class=\"yoast-schema-graph\">{\"@context\":\"https:\/\/schema.org\",\"@graph\":[{\"@type\":\"WebPage\",\"@id\":\"https:\/\/www.vegaintro-projekti.com\/pilar-stari\/2021\/05\/dr-sc-danijel-vojak-odrzao-predavanja-o-povijesti-otpora-roma-na-podrucju-srbije-i-makedonije-za-vrijeme-2-svj-rata\/\",\"url\":\"https:\/\/www.vegaintro-projekti.com\/pilar-stari\/2021\/05\/dr-sc-danijel-vojak-odrzao-predavanja-o-povijesti-otpora-roma-na-podrucju-srbije-i-makedonije-za-vrijeme-2-svj-rata\/\",\"name\":\"Dr. sc. Danijel Vojak odr\u017eao predavanja o povijesti otpora Roma na podru\u010dju Srbije i Makedonije za vrijeme 2. svjetskog rata - Institut dru&scaron;tvenih znanosti Ivo Pilar\",\"isPartOf\":{\"@id\":\"https:\/\/www.vegaintro-projekti.com\/pilar-stari\/#website\"},\"datePublished\":\"2021-05-18T19:10:23+00:00\",\"dateModified\":\"2021-05-26T21:30:20+00:00\",\"author\":{\"@id\":\"https:\/\/www.vegaintro-projekti.com\/pilar-stari\/#\/schema\/person\/ddd404c9f1e15e4ffef5986ac6a5d28b\"},\"breadcrumb\":{\"@id\":\"https:\/\/www.vegaintro-projekti.com\/pilar-stari\/2021\/05\/dr-sc-danijel-vojak-odrzao-predavanja-o-povijesti-otpora-roma-na-podrucju-srbije-i-makedonije-za-vrijeme-2-svj-rata\/#breadcrumb\"},\"inLanguage\":\"hr\",\"potentialAction\":[{\"@type\":\"ReadAction\",\"target\":[\"https:\/\/www.vegaintro-projekti.com\/pilar-stari\/2021\/05\/dr-sc-danijel-vojak-odrzao-predavanja-o-povijesti-otpora-roma-na-podrucju-srbije-i-makedonije-za-vrijeme-2-svj-rata\/\"]}]},{\"@type\":\"BreadcrumbList\",\"@id\":\"https:\/\/www.vegaintro-projekti.com\/pilar-stari\/2021\/05\/dr-sc-danijel-vojak-odrzao-predavanja-o-povijesti-otpora-roma-na-podrucju-srbije-i-makedonije-za-vrijeme-2-svj-rata\/#breadcrumb\",\"itemListElement\":[{\"@type\":\"ListItem\",\"position\":1,\"name\":\"Home\",\"item\":\"https:\/\/www.vegaintro-projekti.com\/pilar-stari\/\"},{\"@type\":\"ListItem\",\"position\":2,\"name\":\"Dr. sc. Danijel Vojak odr\u017eao predavanja o povijesti otpora Roma na podru\u010dju Srbije i Makedonije za vrijeme 2. svjetskog rata\"}]},{\"@type\":\"WebSite\",\"@id\":\"https:\/\/www.vegaintro-projekti.com\/pilar-stari\/#website\",\"url\":\"https:\/\/www.vegaintro-projekti.com\/pilar-stari\/\",\"name\":\"Institut dru&scaron;tvenih znanosti Ivo Pilar\",\"description\":\"Pilar\",\"potentialAction\":[{\"@type\":\"SearchAction\",\"target\":{\"@type\":\"EntryPoint\",\"urlTemplate\":\"https:\/\/www.vegaintro-projekti.com\/pilar-stari\/?s={search_term_string}\"},\"query-input\":\"required name=search_term_string\"}],\"inLanguage\":\"hr\"},{\"@type\":\"Person\",\"@id\":\"https:\/\/www.vegaintro-projekti.com\/pilar-stari\/#\/schema\/person\/ddd404c9f1e15e4ffef5986ac6a5d28b\",\"name\":\"Boris\",\"image\":{\"@type\":\"ImageObject\",\"inLanguage\":\"hr\",\"@id\":\"https:\/\/www.vegaintro-projekti.com\/pilar-stari\/#\/schema\/person\/image\/\",\"url\":\"https:\/\/secure.gravatar.com\/avatar\/29557b161a6ce6ab86ac1503164f1e90?s=96&d=mm&r=g\",\"contentUrl\":\"https:\/\/secure.gravatar.com\/avatar\/29557b161a6ce6ab86ac1503164f1e90?s=96&d=mm&r=g\",\"caption\":\"Boris\"},\"url\":\"https:\/\/www.vegaintro-projekti.com\/pilar-stari\/author\/boris\/\"}]}<\/script>\n<!-- \/ Yoast SEO plugin. -->","yoast_head_json":{"title":"Dr. sc. Danijel Vojak odr\u017eao predavanja o povijesti otpora Roma na podru\u010dju Srbije i Makedonije za vrijeme 2. svjetskog rata - Institut dru&scaron;tvenih znanosti Ivo Pilar","robots":{"index":"noindex","follow":"follow","max-snippet":"max-snippet:-1","max-image-preview":"max-image-preview:large","max-video-preview":"max-video-preview:-1"},"og_locale":"hr_HR","og_type":"article","og_title":"Dr. sc. Danijel Vojak odr\u017eao predavanja o povijesti otpora Roma na podru\u010dju Srbije i Makedonije za vrijeme 2. svjetskog rata - Institut dru&scaron;tvenih znanosti Ivo Pilar","og_description":"Dr. sc. Danijel Vojak odr\u017eao je 14. svibnja 2021. predavanje o povijesti sudjelovanja Roma u otporu prema nacisti\u010dkim vlastima i njihovim saveznicama za vrijeme Drugog svjetskog rata na podru\u010dju Srbije U predavanju su predstavljeni rezultati istra\u017eivanja sudjelovanja Roma u otporu za vrijeme Drugog svjetskog rata u Srbiji kao dio me\u0111unarodnog znanstvenoistra\u017eiva\u010dkog projekta \u201eRe-thinking Roma Resistance\u201c&hellip; Pro\u010ditaj vi\u0161e o Dr. sc. Danijel Vojak odr\u017eao predavanja o povijesti otpora Roma na podru\u010dju Srbije i Makedonije za vrijeme 2. svjetskog rata","og_url":"https:\/\/www.vegaintro-projekti.com\/pilar-stari\/2021\/05\/dr-sc-danijel-vojak-odrzao-predavanja-o-povijesti-otpora-roma-na-podrucju-srbije-i-makedonije-za-vrijeme-2-svj-rata\/","og_site_name":"Institut dru&scaron;tvenih znanosti Ivo Pilar","article_published_time":"2021-05-18T19:10:23+00:00","article_modified_time":"2021-05-26T21:30:20+00:00","og_image":[{"width":500,"height":220,"url":"https:\/\/www.vegaintro-projekti.com\/pilar-stari\/wp-content\/uploads\/2021\/05\/Vojak_predavanje_fi.jpg","type":"image\/jpeg"}],"author":"Boris","twitter_card":"summary_large_image","twitter_misc":{"Napisao\/la":"Boris","Procijenjeno vrijeme \u010ditanja":"1 minuta"},"schema":{"@context":"https:\/\/schema.org","@graph":[{"@type":"WebPage","@id":"https:\/\/www.vegaintro-projekti.com\/pilar-stari\/2021\/05\/dr-sc-danijel-vojak-odrzao-predavanja-o-povijesti-otpora-roma-na-podrucju-srbije-i-makedonije-za-vrijeme-2-svj-rata\/","url":"https:\/\/www.vegaintro-projekti.com\/pilar-stari\/2021\/05\/dr-sc-danijel-vojak-odrzao-predavanja-o-povijesti-otpora-roma-na-podrucju-srbije-i-makedonije-za-vrijeme-2-svj-rata\/","name":"Dr. sc. Danijel Vojak odr\u017eao predavanja o povijesti otpora Roma na podru\u010dju Srbije i Makedonije za vrijeme 2. svjetskog rata - Institut dru&scaron;tvenih znanosti Ivo Pilar","isPartOf":{"@id":"https:\/\/www.vegaintro-projekti.com\/pilar-stari\/#website"},"datePublished":"2021-05-18T19:10:23+00:00","dateModified":"2021-05-26T21:30:20+00:00","author":{"@id":"https:\/\/www.vegaintro-projekti.com\/pilar-stari\/#\/schema\/person\/ddd404c9f1e15e4ffef5986ac6a5d28b"},"breadcrumb":{"@id":"https:\/\/www.vegaintro-projekti.com\/pilar-stari\/2021\/05\/dr-sc-danijel-vojak-odrzao-predavanja-o-povijesti-otpora-roma-na-podrucju-srbije-i-makedonije-za-vrijeme-2-svj-rata\/#breadcrumb"},"inLanguage":"hr","potentialAction":[{"@type":"ReadAction","target":["https:\/\/www.vegaintro-projekti.com\/pilar-stari\/2021\/05\/dr-sc-danijel-vojak-odrzao-predavanja-o-povijesti-otpora-roma-na-podrucju-srbije-i-makedonije-za-vrijeme-2-svj-rata\/"]}]},{"@type":"BreadcrumbList","@id":"https:\/\/www.vegaintro-projekti.com\/pilar-stari\/2021\/05\/dr-sc-danijel-vojak-odrzao-predavanja-o-povijesti-otpora-roma-na-podrucju-srbije-i-makedonije-za-vrijeme-2-svj-rata\/#breadcrumb","itemListElement":[{"@type":"ListItem","position":1,"name":"Home","item":"https:\/\/www.vegaintro-projekti.com\/pilar-stari\/"},{"@type":"ListItem","position":2,"name":"Dr. sc. Danijel Vojak odr\u017eao predavanja o povijesti otpora Roma na podru\u010dju Srbije i Makedonije za vrijeme 2. svjetskog rata"}]},{"@type":"WebSite","@id":"https:\/\/www.vegaintro-projekti.com\/pilar-stari\/#website","url":"https:\/\/www.vegaintro-projekti.com\/pilar-stari\/","name":"Institut dru&scaron;tvenih znanosti Ivo Pilar","description":"Pilar","potentialAction":[{"@type":"SearchAction","target":{"@type":"EntryPoint","urlTemplate":"https:\/\/www.vegaintro-projekti.com\/pilar-stari\/?s={search_term_string}"},"query-input":"required name=search_term_string"}],"inLanguage":"hr"},{"@type":"Person","@id":"https:\/\/www.vegaintro-projekti.com\/pilar-stari\/#\/schema\/person\/ddd404c9f1e15e4ffef5986ac6a5d28b","name":"Boris","image":{"@type":"ImageObject","inLanguage":"hr","@id":"https:\/\/www.vegaintro-projekti.com\/pilar-stari\/#\/schema\/person\/image\/","url":"https:\/\/secure.gravatar.com\/avatar\/29557b161a6ce6ab86ac1503164f1e90?s=96&d=mm&r=g","contentUrl":"https:\/\/secure.gravatar.com\/avatar\/29557b161a6ce6ab86ac1503164f1e90?s=96&d=mm&r=g","caption":"Boris"},"url":"https:\/\/www.vegaintro-projekti.com\/pilar-stari\/author\/boris\/"}]}},"_links":{"self":[{"href":"https:\/\/www.vegaintro-projekti.com\/pilar-stari\/wp-json\/wp\/v2\/posts\/18786"}],"collection":[{"href":"https:\/\/www.vegaintro-projekti.com\/pilar-stari\/wp-json\/wp\/v2\/posts"}],"about":[{"href":"https:\/\/www.vegaintro-projekti.com\/pilar-stari\/wp-json\/wp\/v2\/types\/post"}],"author":[{"embeddable":true,"href":"https:\/\/www.vegaintro-projekti.com\/pilar-stari\/wp-json\/wp\/v2\/users\/7"}],"replies":[{"embeddable":true,"href":"https:\/\/www.vegaintro-projekti.com\/pilar-stari\/wp-json\/wp\/v2\/comments?post=18786"}],"version-history":[{"count":5,"href":"https:\/\/www.vegaintro-projekti.com\/pilar-stari\/wp-json\/wp\/v2\/posts\/18786\/revisions"}],"predecessor-version":[{"id":18793,"href":"https:\/\/www.vegaintro-projekti.com\/pilar-stari\/wp-json\/wp\/v2\/posts\/18786\/revisions\/18793"}],"wp:featuredmedia":[{"embeddable":true,"href":"https:\/\/www.vegaintro-projekti.com\/pilar-stari\/wp-json\/wp\/v2\/media\/18782"}],"wp:attachment":[{"href":"https:\/\/www.vegaintro-projekti.com\/pilar-stari\/wp-json\/wp\/v2\/media?parent=18786"}],"wp:term":[{"taxonomy":"category","embeddable":true,"href":"https:\/\/www.vegaintro-projekti.com\/pilar-stari\/wp-json\/wp\/v2\/categories?post=18786"},{"taxonomy":"post_tag","embeddable":true,"href":"https:\/\/www.vegaintro-projekti.com\/pilar-stari\/wp-json\/wp\/v2\/tags?post=18786"}],"curies":[{"name":"wp","href":"https:\/\/api.w.org\/{rel}","templated":true}]}}