{"id":18841,"date":"2021-06-08T12:39:36","date_gmt":"2021-06-08T12:39:36","guid":{"rendered":"https:\/\/www.vegaintro-projekti.com\/pilar-stari\/?p=18841"},"modified":"2021-06-10T15:40:38","modified_gmt":"2021-06-10T15:40:38","slug":"predstavljanje-knjige-kulturni-identitet-vukovara-vukovar-9-6-2021","status":"publish","type":"post","link":"https:\/\/www.vegaintro-projekti.com\/pilar-stari\/2021\/06\/predstavljanje-knjige-kulturni-identitet-vukovara-vukovar-9-6-2021\/","title":{"rendered":"Predstavljanje knjige KULTURNI IDENTITET VUKOVARA; Vukovar, 9. 6. 2021."},"content":{"rendered":"<p><strong>U povodu obilje\u017eavanja Me\u0111unarodnoga dana arhiva, u multimedijalnoj dvorani Veleu\u010dili\u0161ta &#8220;Lavoslav Ru\u017ei\u010dka&#8221; u Vukovaru, u organizaciji Dr\u017eavnoga arhiva u Vukovaru i Podru\u010dnoga centra Instituta Pilar u Vukovaru 9. lipnja 2021. odr\u017eano je sve\u010dano predstavljanje knjige\/zbornika radova KULTURNI IDENTITET VUKOVARA. <em>Prilozi za istra\u017eivanje ba\u0161tine i ba\u0161tinika<\/em><\/strong><\/p>\n<p><a href=\"https:\/\/www.vegaintro-projekti.com\/pilar-stari\/wp-content\/uploads\/2021\/06\/3.jpg\"><img decoding=\"async\" loading=\"lazy\" class=\"alignnone wp-image-18887 size-full\" src=\"https:\/\/www.vegaintro-projekti.com\/pilar-stari\/wp-content\/uploads\/2021\/06\/3_s.jpg\" alt=\"\" width=\"620\" height=\"293\" srcset=\"https:\/\/www.vegaintro-projekti.com\/pilar-stari\/wp-content\/uploads\/2021\/06\/3_s.jpg 620w, https:\/\/www.vegaintro-projekti.com\/pilar-stari\/wp-content\/uploads\/2021\/06\/3_s-300x142.jpg 300w\" sizes=\"(max-width: 620px) 100vw, 620px\" \/><\/a><a href=\"https:\/\/www.vegaintro-projekti.com\/pilar-stari\/wp-content\/uploads\/2021\/06\/1.jpg\"><img decoding=\"async\" loading=\"lazy\" class=\"alignnone wp-image-18882 size-full\" src=\"https:\/\/www.vegaintro-projekti.com\/pilar-stari\/wp-content\/uploads\/2021\/06\/1_s.jpg\" alt=\"\" width=\"310\" height=\"147\" srcset=\"https:\/\/www.vegaintro-projekti.com\/pilar-stari\/wp-content\/uploads\/2021\/06\/1_s.jpg 310w, https:\/\/www.vegaintro-projekti.com\/pilar-stari\/wp-content\/uploads\/2021\/06\/1_s-300x142.jpg 300w\" sizes=\"(max-width: 310px) 100vw, 310px\" \/><\/a><a href=\"https:\/\/www.vegaintro-projekti.com\/pilar-stari\/wp-content\/uploads\/2021\/06\/4.jpg\"><img decoding=\"async\" loading=\"lazy\" class=\"alignnone wp-image-18889 size-full\" src=\"https:\/\/www.vegaintro-projekti.com\/pilar-stari\/wp-content\/uploads\/2021\/06\/4_s.jpg\" alt=\"\" width=\"310\" height=\"147\" srcset=\"https:\/\/www.vegaintro-projekti.com\/pilar-stari\/wp-content\/uploads\/2021\/06\/4_s.jpg 310w, https:\/\/www.vegaintro-projekti.com\/pilar-stari\/wp-content\/uploads\/2021\/06\/4_s-300x142.jpg 300w\" sizes=\"(max-width: 310px) 100vw, 310px\" \/><\/a><a href=\"https:\/\/www.vegaintro-projekti.com\/pilar-stari\/wp-content\/uploads\/2021\/06\/5.jpg\"><img decoding=\"async\" loading=\"lazy\" class=\"alignnone wp-image-18891 size-full\" src=\"https:\/\/www.vegaintro-projekti.com\/pilar-stari\/wp-content\/uploads\/2021\/06\/5_s.jpg\" alt=\"\" width=\"310\" height=\"147\" srcset=\"https:\/\/www.vegaintro-projekti.com\/pilar-stari\/wp-content\/uploads\/2021\/06\/5_s.jpg 310w, https:\/\/www.vegaintro-projekti.com\/pilar-stari\/wp-content\/uploads\/2021\/06\/5_s-300x142.jpg 300w\" sizes=\"(max-width: 310px) 100vw, 310px\" \/><\/a><a href=\"https:\/\/www.vegaintro-projekti.com\/pilar-stari\/wp-content\/uploads\/2021\/06\/2.jpg\"><img decoding=\"async\" loading=\"lazy\" class=\"alignnone wp-image-18884 size-full\" src=\"https:\/\/www.vegaintro-projekti.com\/pilar-stari\/wp-content\/uploads\/2021\/06\/2_s.jpg\" alt=\"\" width=\"310\" height=\"147\" srcset=\"https:\/\/www.vegaintro-projekti.com\/pilar-stari\/wp-content\/uploads\/2021\/06\/2_s.jpg 310w, https:\/\/www.vegaintro-projekti.com\/pilar-stari\/wp-content\/uploads\/2021\/06\/2_s-300x142.jpg 300w\" sizes=\"(max-width: 310px) 100vw, 310px\" \/><\/a><a href=\"https:\/\/www.vegaintro-projekti.com\/pilar-stari\/wp-content\/uploads\/2021\/06\/6.jpg\"><img decoding=\"async\" loading=\"lazy\" class=\"alignnone wp-image-18893 size-full\" src=\"https:\/\/www.vegaintro-projekti.com\/pilar-stari\/wp-content\/uploads\/2021\/06\/6_s-e1623267784506.jpg\" alt=\"\" width=\"620\" height=\"293\"><\/a><\/p>\n<p><span style=\"font-size: 8pt;\"><strong>Predstavljanje knjige KULTURNI IDENTITET VUKOVARA; Vukovar, 9. 6. 2021.<\/strong><\/span><\/p>\n<p>Knjiga je zajedni\u010dki nakladni\u010dki projekt DAVU i Instituta Pilar, kojega uredni\u010dki potpisuju profesor Petar Elez i doc. dr. sc. Mateo \u017dani\u0107 i koja predstavlja nastavak vi\u0161egodi\u0161nje uspje\u0161ne suradnje izme\u0111u ove dvije institucije. Nazo\u010dne na predstavljanju, me\u0111u kojima su bili uglednici iz vukovarske znanstvene i kulturne zajednice, autori znanstvenih i stru\u010dnih rasprava u knjizi te studenti vukovarskog veleu\u010dili\u0161ta, uvodno su pozdravili dekan Veleu\u010dili\u0161ta dr. sc. \u017deljko Sudari\u0107 i, u ime ministrice kulture i medija RH, g\u0111a Zdenka Predrijevac, pro\u010delnica Konzervatorskog odjela u Vukovaru. O knjizi, njezinom nastanku, strukturi i porukama te o va\u017enosti istra\u017eivanja ba\u0161tine i identiteta uop\u0107e, napose vukovarskog kao vi\u0161eslojnog, govorili su dr. sc. Dra\u017een \u017divi\u0107, pomo\u0107nik ravnatelja Instituta Pilar, g\u0111a Mirela Hutinec, ravnateljica Nacionalnog muzeja Vu\u010dedolske kulture, docent na Filozofskom fakultetu u Osijeku, dr. sc. Domagoj Tomas, jedan od recenzenata, profesor Petar Elez, ravnatelj Dr\u017eavnoga arhiva u Vukovaru te doc. dr. sc. Mateo \u017dani\u0107, voditelj Podru\u010dnoga centra Instituta Pilar u Vukovaru.<\/p>\n<p>&#8211; <a href=\"https:\/\/www.vegaintro-projekti.com\/pilar-stari\/wp-content\/uploads\/2021\/06\/Pozivnica_KIV.pdf\">Pozivnica za predstavljanje knjige KULTURNI IDENTITET VUKOVARA; Vukovar, 9. 6. 2021.<\/a><\/p>\n<p><a href=\"https:\/\/www.vegaintro-projekti.com\/pilar-stari\/wp-content\/uploads\/2021\/06\/Pozivnica_KIV_1.pdf\"><img decoding=\"async\" loading=\"lazy\" class=\"alignnone wp-image-18839 size-full\" src=\"https:\/\/www.vegaintro-projekti.com\/pilar-stari\/wp-content\/uploads\/2021\/06\/Pozivnica_KIV_11.jpg\" alt=\"\" width=\"310\" height=\"558\" srcset=\"https:\/\/www.vegaintro-projekti.com\/pilar-stari\/wp-content\/uploads\/2021\/06\/Pozivnica_KIV_11.jpg 310w, https:\/\/www.vegaintro-projekti.com\/pilar-stari\/wp-content\/uploads\/2021\/06\/Pozivnica_KIV_11-167x300.jpg 167w\" sizes=\"(max-width: 310px) 100vw, 310px\" \/><\/a><a href=\"https:\/\/www.vegaintro-projekti.com\/pilar-stari\/wp-content\/uploads\/2021\/06\/Pozivnica_KIV_2.pdf\"><img decoding=\"async\" loading=\"lazy\" class=\"alignnone wp-image-18840 size-full\" src=\"https:\/\/www.vegaintro-projekti.com\/pilar-stari\/wp-content\/uploads\/2021\/06\/Pozivnica_KIV_21.jpg\" alt=\"\" width=\"310\" height=\"558\" srcset=\"https:\/\/www.vegaintro-projekti.com\/pilar-stari\/wp-content\/uploads\/2021\/06\/Pozivnica_KIV_21.jpg 310w, https:\/\/www.vegaintro-projekti.com\/pilar-stari\/wp-content\/uploads\/2021\/06\/Pozivnica_KIV_21-167x300.jpg 167w\" sizes=\"(max-width: 310px) 100vw, 310px\" \/><\/a><\/p>\n<blockquote><p><a href=\"https:\/\/www.vegaintro-projekti.com\/pilar-stari\/2021\/04\/objavljena-knjiga-kulturni-identitet-vukovara-prilozi-za-istrazivanje-bastine-i-bastinika\/\">O knjizi KULTURNI IDENTITET VUKOVARA<\/a><\/p>\n<p><a href=\"https:\/\/www.vegaintro-projekti.com\/pilar-stari\/2018\/04\/podruni-centar-vukovar-2\/\">Podru\u010dni centar Vukovar<\/a><\/p><\/blockquote>\n","protected":false},"excerpt":{"rendered":"<p>U povodu obilje\u017eavanja Me\u0111unarodnoga dana arhiva, u multimedijalnoj dvorani Veleu\u010dili\u0161ta &#8220;Lavoslav Ru\u017ei\u010dka&#8221; u Vukovaru, u organizaciji Dr\u017eavnoga arhiva u Vukovaru i Podru\u010dnoga centra Instituta Pilar u Vukovaru 9. lipnja 2021. odr\u017eano je sve\u010dano predstavljanje knjige\/zbornika radova KULTURNI IDENTITET VUKOVARA. Prilozi za istra\u017eivanje ba\u0161tine i ba\u0161tinika Predstavljanje knjige KULTURNI IDENTITET VUKOVARA; Vukovar, 9. 6. 2021. Knjiga&hellip; <a class=\"continue\" href=\"https:\/\/www.vegaintro-projekti.com\/pilar-stari\/2021\/06\/predstavljanje-knjige-kulturni-identitet-vukovara-vukovar-9-6-2021\/\">Pro\u010ditaj vi\u0161e o<span> Predstavljanje knjige KULTURNI IDENTITET VUKOVARA; Vukovar, 9. 6. 2021.<\/span><\/a><\/p>\n","protected":false},"author":7,"featured_media":18886,"comment_status":"closed","ping_status":"closed","sticky":false,"template":"","format":"standard","meta":{"inline_featured_image":false,"ngg_post_thumbnail":0,"footnotes":""},"categories":[48,11],"tags":[],"yoast_head":"<!-- This site is optimized with the Yoast SEO plugin v21.2 - https:\/\/yoast.com\/wordpress\/plugins\/seo\/ -->\n<title>Predstavljanje knjige KULTURNI IDENTITET VUKOVARA; Vukovar, 9. 6. 2021. - Institut dru&scaron;tvenih znanosti Ivo Pilar<\/title>\n<meta name=\"robots\" content=\"noindex, follow, max-snippet:-1, max-image-preview:large, max-video-preview:-1\" \/>\n<meta property=\"og:locale\" content=\"hr_HR\" \/>\n<meta property=\"og:type\" content=\"article\" \/>\n<meta property=\"og:title\" content=\"Predstavljanje knjige KULTURNI IDENTITET VUKOVARA; Vukovar, 9. 6. 2021. - Institut dru&scaron;tvenih znanosti Ivo Pilar\" \/>\n<meta property=\"og:description\" content=\"U povodu obilje\u017eavanja Me\u0111unarodnoga dana arhiva, u multimedijalnoj dvorani Veleu\u010dili\u0161ta &#8220;Lavoslav Ru\u017ei\u010dka&#8221; u Vukovaru, u organizaciji Dr\u017eavnoga arhiva u Vukovaru i Podru\u010dnoga centra Instituta Pilar u Vukovaru 9. lipnja 2021. odr\u017eano je sve\u010dano predstavljanje knjige\/zbornika radova KULTURNI IDENTITET VUKOVARA. Prilozi za istra\u017eivanje ba\u0161tine i ba\u0161tinika Predstavljanje knjige KULTURNI IDENTITET VUKOVARA; Vukovar, 9. 6. 2021. Knjiga&hellip; Pro\u010ditaj vi\u0161e o Predstavljanje knjige KULTURNI IDENTITET VUKOVARA; Vukovar, 9. 6. 2021.\" \/>\n<meta property=\"og:url\" content=\"https:\/\/www.vegaintro-projekti.com\/pilar-stari\/2021\/06\/predstavljanje-knjige-kulturni-identitet-vukovara-vukovar-9-6-2021\/\" \/>\n<meta property=\"og:site_name\" content=\"Institut dru&scaron;tvenih znanosti Ivo Pilar\" \/>\n<meta property=\"article:published_time\" content=\"2021-06-08T12:39:36+00:00\" \/>\n<meta property=\"article:modified_time\" content=\"2021-06-10T15:40:38+00:00\" \/>\n<meta property=\"og:image\" content=\"https:\/\/www.vegaintro-projekti.com\/pilar-stari\/wp-content\/uploads\/2021\/06\/3_fi.jpg\" \/>\n\t<meta property=\"og:image:width\" content=\"500\" \/>\n\t<meta property=\"og:image:height\" content=\"220\" \/>\n\t<meta property=\"og:image:type\" content=\"image\/jpeg\" \/>\n<meta name=\"author\" content=\"Boris\" \/>\n<meta name=\"twitter:card\" content=\"summary_large_image\" \/>\n<meta name=\"twitter:label1\" content=\"Napisao\/la\" \/>\n\t<meta name=\"twitter:data1\" content=\"Boris\" \/>\n\t<meta name=\"twitter:label2\" content=\"Procijenjeno vrijeme \u010ditanja\" \/>\n\t<meta name=\"twitter:data2\" content=\"1 minuta\" \/>\n<script type=\"application\/ld+json\" class=\"yoast-schema-graph\">{\"@context\":\"https:\/\/schema.org\",\"@graph\":[{\"@type\":\"WebPage\",\"@id\":\"https:\/\/www.vegaintro-projekti.com\/pilar-stari\/2021\/06\/predstavljanje-knjige-kulturni-identitet-vukovara-vukovar-9-6-2021\/\",\"url\":\"https:\/\/www.vegaintro-projekti.com\/pilar-stari\/2021\/06\/predstavljanje-knjige-kulturni-identitet-vukovara-vukovar-9-6-2021\/\",\"name\":\"Predstavljanje knjige KULTURNI IDENTITET VUKOVARA; Vukovar, 9. 6. 2021. - Institut dru&scaron;tvenih znanosti Ivo Pilar\",\"isPartOf\":{\"@id\":\"https:\/\/www.vegaintro-projekti.com\/pilar-stari\/#website\"},\"datePublished\":\"2021-06-08T12:39:36+00:00\",\"dateModified\":\"2021-06-10T15:40:38+00:00\",\"author\":{\"@id\":\"https:\/\/www.vegaintro-projekti.com\/pilar-stari\/#\/schema\/person\/ddd404c9f1e15e4ffef5986ac6a5d28b\"},\"breadcrumb\":{\"@id\":\"https:\/\/www.vegaintro-projekti.com\/pilar-stari\/2021\/06\/predstavljanje-knjige-kulturni-identitet-vukovara-vukovar-9-6-2021\/#breadcrumb\"},\"inLanguage\":\"hr\",\"potentialAction\":[{\"@type\":\"ReadAction\",\"target\":[\"https:\/\/www.vegaintro-projekti.com\/pilar-stari\/2021\/06\/predstavljanje-knjige-kulturni-identitet-vukovara-vukovar-9-6-2021\/\"]}]},{\"@type\":\"BreadcrumbList\",\"@id\":\"https:\/\/www.vegaintro-projekti.com\/pilar-stari\/2021\/06\/predstavljanje-knjige-kulturni-identitet-vukovara-vukovar-9-6-2021\/#breadcrumb\",\"itemListElement\":[{\"@type\":\"ListItem\",\"position\":1,\"name\":\"Home\",\"item\":\"https:\/\/www.vegaintro-projekti.com\/pilar-stari\/\"},{\"@type\":\"ListItem\",\"position\":2,\"name\":\"Predstavljanje knjige KULTURNI IDENTITET VUKOVARA; Vukovar, 9. 6. 2021.\"}]},{\"@type\":\"WebSite\",\"@id\":\"https:\/\/www.vegaintro-projekti.com\/pilar-stari\/#website\",\"url\":\"https:\/\/www.vegaintro-projekti.com\/pilar-stari\/\",\"name\":\"Institut dru&scaron;tvenih znanosti Ivo Pilar\",\"description\":\"Pilar\",\"potentialAction\":[{\"@type\":\"SearchAction\",\"target\":{\"@type\":\"EntryPoint\",\"urlTemplate\":\"https:\/\/www.vegaintro-projekti.com\/pilar-stari\/?s={search_term_string}\"},\"query-input\":\"required name=search_term_string\"}],\"inLanguage\":\"hr\"},{\"@type\":\"Person\",\"@id\":\"https:\/\/www.vegaintro-projekti.com\/pilar-stari\/#\/schema\/person\/ddd404c9f1e15e4ffef5986ac6a5d28b\",\"name\":\"Boris\",\"image\":{\"@type\":\"ImageObject\",\"inLanguage\":\"hr\",\"@id\":\"https:\/\/www.vegaintro-projekti.com\/pilar-stari\/#\/schema\/person\/image\/\",\"url\":\"https:\/\/secure.gravatar.com\/avatar\/29557b161a6ce6ab86ac1503164f1e90?s=96&d=mm&r=g\",\"contentUrl\":\"https:\/\/secure.gravatar.com\/avatar\/29557b161a6ce6ab86ac1503164f1e90?s=96&d=mm&r=g\",\"caption\":\"Boris\"},\"url\":\"https:\/\/www.vegaintro-projekti.com\/pilar-stari\/author\/boris\/\"}]}<\/script>\n<!-- \/ Yoast SEO plugin. -->","yoast_head_json":{"title":"Predstavljanje knjige KULTURNI IDENTITET VUKOVARA; Vukovar, 9. 6. 2021. - Institut dru&scaron;tvenih znanosti Ivo Pilar","robots":{"index":"noindex","follow":"follow","max-snippet":"max-snippet:-1","max-image-preview":"max-image-preview:large","max-video-preview":"max-video-preview:-1"},"og_locale":"hr_HR","og_type":"article","og_title":"Predstavljanje knjige KULTURNI IDENTITET VUKOVARA; Vukovar, 9. 6. 2021. - Institut dru&scaron;tvenih znanosti Ivo Pilar","og_description":"U povodu obilje\u017eavanja Me\u0111unarodnoga dana arhiva, u multimedijalnoj dvorani Veleu\u010dili\u0161ta &#8220;Lavoslav Ru\u017ei\u010dka&#8221; u Vukovaru, u organizaciji Dr\u017eavnoga arhiva u Vukovaru i Podru\u010dnoga centra Instituta Pilar u Vukovaru 9. lipnja 2021. odr\u017eano je sve\u010dano predstavljanje knjige\/zbornika radova KULTURNI IDENTITET VUKOVARA. Prilozi za istra\u017eivanje ba\u0161tine i ba\u0161tinika Predstavljanje knjige KULTURNI IDENTITET VUKOVARA; Vukovar, 9. 6. 2021. Knjiga&hellip; Pro\u010ditaj vi\u0161e o Predstavljanje knjige KULTURNI IDENTITET VUKOVARA; Vukovar, 9. 6. 2021.","og_url":"https:\/\/www.vegaintro-projekti.com\/pilar-stari\/2021\/06\/predstavljanje-knjige-kulturni-identitet-vukovara-vukovar-9-6-2021\/","og_site_name":"Institut dru&scaron;tvenih znanosti Ivo Pilar","article_published_time":"2021-06-08T12:39:36+00:00","article_modified_time":"2021-06-10T15:40:38+00:00","og_image":[{"width":500,"height":220,"url":"https:\/\/www.vegaintro-projekti.com\/pilar-stari\/wp-content\/uploads\/2021\/06\/3_fi.jpg","type":"image\/jpeg"}],"author":"Boris","twitter_card":"summary_large_image","twitter_misc":{"Napisao\/la":"Boris","Procijenjeno vrijeme \u010ditanja":"1 minuta"},"schema":{"@context":"https:\/\/schema.org","@graph":[{"@type":"WebPage","@id":"https:\/\/www.vegaintro-projekti.com\/pilar-stari\/2021\/06\/predstavljanje-knjige-kulturni-identitet-vukovara-vukovar-9-6-2021\/","url":"https:\/\/www.vegaintro-projekti.com\/pilar-stari\/2021\/06\/predstavljanje-knjige-kulturni-identitet-vukovara-vukovar-9-6-2021\/","name":"Predstavljanje knjige KULTURNI IDENTITET VUKOVARA; Vukovar, 9. 6. 2021. - Institut dru&scaron;tvenih znanosti Ivo Pilar","isPartOf":{"@id":"https:\/\/www.vegaintro-projekti.com\/pilar-stari\/#website"},"datePublished":"2021-06-08T12:39:36+00:00","dateModified":"2021-06-10T15:40:38+00:00","author":{"@id":"https:\/\/www.vegaintro-projekti.com\/pilar-stari\/#\/schema\/person\/ddd404c9f1e15e4ffef5986ac6a5d28b"},"breadcrumb":{"@id":"https:\/\/www.vegaintro-projekti.com\/pilar-stari\/2021\/06\/predstavljanje-knjige-kulturni-identitet-vukovara-vukovar-9-6-2021\/#breadcrumb"},"inLanguage":"hr","potentialAction":[{"@type":"ReadAction","target":["https:\/\/www.vegaintro-projekti.com\/pilar-stari\/2021\/06\/predstavljanje-knjige-kulturni-identitet-vukovara-vukovar-9-6-2021\/"]}]},{"@type":"BreadcrumbList","@id":"https:\/\/www.vegaintro-projekti.com\/pilar-stari\/2021\/06\/predstavljanje-knjige-kulturni-identitet-vukovara-vukovar-9-6-2021\/#breadcrumb","itemListElement":[{"@type":"ListItem","position":1,"name":"Home","item":"https:\/\/www.vegaintro-projekti.com\/pilar-stari\/"},{"@type":"ListItem","position":2,"name":"Predstavljanje knjige KULTURNI IDENTITET VUKOVARA; Vukovar, 9. 6. 2021."}]},{"@type":"WebSite","@id":"https:\/\/www.vegaintro-projekti.com\/pilar-stari\/#website","url":"https:\/\/www.vegaintro-projekti.com\/pilar-stari\/","name":"Institut dru&scaron;tvenih znanosti Ivo Pilar","description":"Pilar","potentialAction":[{"@type":"SearchAction","target":{"@type":"EntryPoint","urlTemplate":"https:\/\/www.vegaintro-projekti.com\/pilar-stari\/?s={search_term_string}"},"query-input":"required name=search_term_string"}],"inLanguage":"hr"},{"@type":"Person","@id":"https:\/\/www.vegaintro-projekti.com\/pilar-stari\/#\/schema\/person\/ddd404c9f1e15e4ffef5986ac6a5d28b","name":"Boris","image":{"@type":"ImageObject","inLanguage":"hr","@id":"https:\/\/www.vegaintro-projekti.com\/pilar-stari\/#\/schema\/person\/image\/","url":"https:\/\/secure.gravatar.com\/avatar\/29557b161a6ce6ab86ac1503164f1e90?s=96&d=mm&r=g","contentUrl":"https:\/\/secure.gravatar.com\/avatar\/29557b161a6ce6ab86ac1503164f1e90?s=96&d=mm&r=g","caption":"Boris"},"url":"https:\/\/www.vegaintro-projekti.com\/pilar-stari\/author\/boris\/"}]}},"_links":{"self":[{"href":"https:\/\/www.vegaintro-projekti.com\/pilar-stari\/wp-json\/wp\/v2\/posts\/18841"}],"collection":[{"href":"https:\/\/www.vegaintro-projekti.com\/pilar-stari\/wp-json\/wp\/v2\/posts"}],"about":[{"href":"https:\/\/www.vegaintro-projekti.com\/pilar-stari\/wp-json\/wp\/v2\/types\/post"}],"author":[{"embeddable":true,"href":"https:\/\/www.vegaintro-projekti.com\/pilar-stari\/wp-json\/wp\/v2\/users\/7"}],"replies":[{"embeddable":true,"href":"https:\/\/www.vegaintro-projekti.com\/pilar-stari\/wp-json\/wp\/v2\/comments?post=18841"}],"version-history":[{"count":6,"href":"https:\/\/www.vegaintro-projekti.com\/pilar-stari\/wp-json\/wp\/v2\/posts\/18841\/revisions"}],"predecessor-version":[{"id":18897,"href":"https:\/\/www.vegaintro-projekti.com\/pilar-stari\/wp-json\/wp\/v2\/posts\/18841\/revisions\/18897"}],"wp:featuredmedia":[{"embeddable":true,"href":"https:\/\/www.vegaintro-projekti.com\/pilar-stari\/wp-json\/wp\/v2\/media\/18886"}],"wp:attachment":[{"href":"https:\/\/www.vegaintro-projekti.com\/pilar-stari\/wp-json\/wp\/v2\/media?parent=18841"}],"wp:term":[{"taxonomy":"category","embeddable":true,"href":"https:\/\/www.vegaintro-projekti.com\/pilar-stari\/wp-json\/wp\/v2\/categories?post=18841"},{"taxonomy":"post_tag","embeddable":true,"href":"https:\/\/www.vegaintro-projekti.com\/pilar-stari\/wp-json\/wp\/v2\/tags?post=18841"}],"curies":[{"name":"wp","href":"https:\/\/api.w.org\/{rel}","templated":true}]}}