{"id":18874,"date":"2021-06-08T12:38:52","date_gmt":"2021-06-08T12:38:52","guid":{"rendered":"https:\/\/www.vegaintro-projekti.com\/pilar-stari\/?p=18874"},"modified":"2021-06-10T15:42:19","modified_gmt":"2021-06-10T15:42:19","slug":"strucna-suradnica-suzana-sakic-sudjelovala-na-simpoziju-stvari-koje-nismo-smjeli-reci-o-njima-osijek-20-5-2021","status":"publish","type":"post","link":"https:\/\/www.vegaintro-projekti.com\/pilar-stari\/2021\/06\/strucna-suradnica-suzana-sakic-sudjelovala-na-simpoziju-stvari-koje-nismo-smjeli-reci-o-njima-osijek-20-5-2021\/","title":{"rendered":"Stru\u010dna suradnica Suzana Saki\u0107 sudjelovala na simpoziju \u201cStvari koje nismo smjeli re\u0107i&#8230; o njima\u201d; Osijek, 20. 5. 2021."},"content":{"rendered":"<p><strong>Stru\u010dna suradnica Suzana Saki\u0107 sudjelovala je 20. svibnja 2021. na simpoziju \u201cStvari koje nismo smjeli re\u0107i&#8230; o njima\u201d na kojem je odr\u017eala online izlaganje pod nazivom \u201cNa marginama dru\u0161tva. Ili izvan?\u201d.<\/strong> &#8211; <a href=\"https:\/\/www.ffos.unios.hr\/simpozij-stvari-koje-nismo-smjeli-reci-o-njima\">O simpoziju<\/a>&nbsp;<\/p>\n<p><a href=\"https:\/\/www.vegaintro-projekti.com\/pilar-stari\/wp-content\/uploads\/2021\/06\/sknsr.jpg\"><img decoding=\"async\" loading=\"lazy\" class=\"alignnone wp-image-18873 size-full\" src=\"https:\/\/www.vegaintro-projekti.com\/pilar-stari\/wp-content\/uploads\/2021\/06\/sknsr_s.jpg\" alt=\"\" width=\"620\" height=\"337\" srcset=\"https:\/\/www.vegaintro-projekti.com\/pilar-stari\/wp-content\/uploads\/2021\/06\/sknsr_s.jpg 620w, https:\/\/www.vegaintro-projekti.com\/pilar-stari\/wp-content\/uploads\/2021\/06\/sknsr_s-300x163.jpg 300w\" sizes=\"(max-width: 620px) 100vw, 620px\" \/><\/a><\/p>\n<p>Simpozij <strong>Stvari koje nismo smjeli re\u0107i&#8230; o njima<\/strong> organiziraju studenti Filozofskog fakulteta u Osijeku. U svom izlaganju Suzana Saki\u0107 je predstavila saznanja o pravima i obespravljenosti besku\u0107nika u hrvatskom kontekstu, kao dio projekta \u201eExploring Homelessness and Pathways to Social Inclusion: A Comparative Study of Contexts and Challenges in Swiss and Croatian Cities\u201c (No. IZHRZO_180631\/1).<\/p>\n<p><img decoding=\"async\" loading=\"lazy\" class=\"alignnone wp-image-18870 size-full\" src=\"https:\/\/www.vegaintro-projekti.com\/pilar-stari\/wp-content\/uploads\/2021\/06\/Program.jpg\" alt=\"\" width=\"620\" height=\"436\" srcset=\"https:\/\/www.vegaintro-projekti.com\/pilar-stari\/wp-content\/uploads\/2021\/06\/Program.jpg 620w, https:\/\/www.vegaintro-projekti.com\/pilar-stari\/wp-content\/uploads\/2021\/06\/Program-300x211.jpg 300w\" sizes=\"(max-width: 620px) 100vw, 620px\" \/><\/p>\n<p><span style=\"font-size: 14pt;\">Research assistant, Suzana Saki\u0107 participated in the symposium &#8220;Things we were not allowed to say&#8230; about them&#8221; Osijek, 20 May 2021<\/span><\/p>\n<p><em>Suzana Saki\u0107 participated in the symposium &#8220;Things we were not allowed to say about them&#8221;, organized by students of the Faculty of Humanities and Social Sciences in Osijek on May 20, 2021. She gave an online presentation entitled \u201cOn the margins of society. Or outside?\u201d and presented findings on the rights and disenfranchisement of homeless people in the Croatian context, as a part of the project &#8220;Exploring Homelessness and Pathways to Social Inclusion: A Comparative Study of Contexts and Challenges in Swiss and Croatian Cities&#8221; (No. IZHRZO_180631\/1).<\/em><\/p>\n<blockquote><p><a href=\"https:\/\/www.vegaintro-projekti.com\/pilar-stari\/2019\/07\/istrazivanje-beskucnistva-i-puteva-do-socijalne-inkluzije-komparativna-studija-konteksta-i-izazova-u-svicarskim-i-hrvatskim-gradovima\/\">Projekt Exploring Homelessness and Pathways to Social Inclusion<\/a><\/p><\/blockquote>\n","protected":false},"excerpt":{"rendered":"<p>Stru\u010dna suradnica Suzana Saki\u0107 sudjelovala je 20. svibnja 2021. na simpoziju \u201cStvari koje nismo smjeli re\u0107i&#8230; o njima\u201d na kojem je odr\u017eala online izlaganje pod nazivom \u201cNa marginama dru\u0161tva. Ili izvan?\u201d. &#8211; O simpoziju&nbsp; Simpozij Stvari koje nismo smjeli re\u0107i&#8230; o njima organiziraju studenti Filozofskog fakulteta u Osijeku. U svom izlaganju Suzana Saki\u0107 je predstavila&hellip; <a class=\"continue\" href=\"https:\/\/www.vegaintro-projekti.com\/pilar-stari\/2021\/06\/strucna-suradnica-suzana-sakic-sudjelovala-na-simpoziju-stvari-koje-nismo-smjeli-reci-o-njima-osijek-20-5-2021\/\">Pro\u010ditaj vi\u0161e o<span> Stru\u010dna suradnica Suzana Saki\u0107 sudjelovala na simpoziju \u201cStvari koje nismo smjeli re\u0107i&#8230; o njima\u201d; Osijek, 20. 5. 2021.<\/span><\/a><\/p>\n","protected":false},"author":7,"featured_media":18873,"comment_status":"closed","ping_status":"closed","sticky":false,"template":"","format":"standard","meta":{"inline_featured_image":false,"ngg_post_thumbnail":0,"footnotes":""},"categories":[48,11],"tags":[],"yoast_head":"<!-- This site is optimized with the Yoast SEO plugin v21.2 - https:\/\/yoast.com\/wordpress\/plugins\/seo\/ -->\n<title>Stru\u010dna suradnica Suzana Saki\u0107 sudjelovala na simpoziju \u201cStvari koje nismo smjeli re\u0107i... o njima\u201d; Osijek, 20. 5. 2021. - Institut dru&scaron;tvenih znanosti Ivo Pilar<\/title>\n<meta name=\"robots\" content=\"noindex, follow, max-snippet:-1, max-image-preview:large, max-video-preview:-1\" \/>\n<meta property=\"og:locale\" content=\"hr_HR\" \/>\n<meta property=\"og:type\" content=\"article\" \/>\n<meta property=\"og:title\" content=\"Stru\u010dna suradnica Suzana Saki\u0107 sudjelovala na simpoziju \u201cStvari koje nismo smjeli re\u0107i... o njima\u201d; Osijek, 20. 5. 2021. - Institut dru&scaron;tvenih znanosti Ivo Pilar\" \/>\n<meta property=\"og:description\" content=\"Stru\u010dna suradnica Suzana Saki\u0107 sudjelovala je 20. svibnja 2021. na simpoziju \u201cStvari koje nismo smjeli re\u0107i&#8230; o njima\u201d na kojem je odr\u017eala online izlaganje pod nazivom \u201cNa marginama dru\u0161tva. Ili izvan?\u201d. &#8211; O simpoziju&nbsp; Simpozij Stvari koje nismo smjeli re\u0107i&#8230; o njima organiziraju studenti Filozofskog fakulteta u Osijeku. U svom izlaganju Suzana Saki\u0107 je predstavila&hellip; Pro\u010ditaj vi\u0161e o Stru\u010dna suradnica Suzana Saki\u0107 sudjelovala na simpoziju \u201cStvari koje nismo smjeli re\u0107i&#8230; o njima\u201d; Osijek, 20. 5. 2021.\" \/>\n<meta property=\"og:url\" content=\"https:\/\/www.vegaintro-projekti.com\/pilar-stari\/2021\/06\/strucna-suradnica-suzana-sakic-sudjelovala-na-simpoziju-stvari-koje-nismo-smjeli-reci-o-njima-osijek-20-5-2021\/\" \/>\n<meta property=\"og:site_name\" content=\"Institut dru&scaron;tvenih znanosti Ivo Pilar\" \/>\n<meta property=\"article:published_time\" content=\"2021-06-08T12:38:52+00:00\" \/>\n<meta property=\"article:modified_time\" content=\"2021-06-10T15:42:19+00:00\" \/>\n<meta property=\"og:image\" content=\"https:\/\/www.vegaintro-projekti.com\/pilar-stari\/wp-content\/uploads\/2021\/06\/sknsr_s.jpg\" \/>\n\t<meta property=\"og:image:width\" content=\"620\" \/>\n\t<meta property=\"og:image:height\" content=\"337\" \/>\n\t<meta property=\"og:image:type\" content=\"image\/jpeg\" \/>\n<meta name=\"author\" content=\"Boris\" \/>\n<meta name=\"twitter:card\" content=\"summary_large_image\" \/>\n<meta name=\"twitter:label1\" content=\"Napisao\/la\" \/>\n\t<meta name=\"twitter:data1\" content=\"Boris\" \/>\n\t<meta name=\"twitter:label2\" content=\"Procijenjeno vrijeme \u010ditanja\" \/>\n\t<meta name=\"twitter:data2\" content=\"1 minuta\" \/>\n<script type=\"application\/ld+json\" class=\"yoast-schema-graph\">{\"@context\":\"https:\/\/schema.org\",\"@graph\":[{\"@type\":\"WebPage\",\"@id\":\"https:\/\/www.vegaintro-projekti.com\/pilar-stari\/2021\/06\/strucna-suradnica-suzana-sakic-sudjelovala-na-simpoziju-stvari-koje-nismo-smjeli-reci-o-njima-osijek-20-5-2021\/\",\"url\":\"https:\/\/www.vegaintro-projekti.com\/pilar-stari\/2021\/06\/strucna-suradnica-suzana-sakic-sudjelovala-na-simpoziju-stvari-koje-nismo-smjeli-reci-o-njima-osijek-20-5-2021\/\",\"name\":\"Stru\u010dna suradnica Suzana Saki\u0107 sudjelovala na simpoziju \u201cStvari koje nismo smjeli re\u0107i... o njima\u201d; Osijek, 20. 5. 2021. - Institut dru&scaron;tvenih znanosti Ivo Pilar\",\"isPartOf\":{\"@id\":\"https:\/\/www.vegaintro-projekti.com\/pilar-stari\/#website\"},\"datePublished\":\"2021-06-08T12:38:52+00:00\",\"dateModified\":\"2021-06-10T15:42:19+00:00\",\"author\":{\"@id\":\"https:\/\/www.vegaintro-projekti.com\/pilar-stari\/#\/schema\/person\/ddd404c9f1e15e4ffef5986ac6a5d28b\"},\"breadcrumb\":{\"@id\":\"https:\/\/www.vegaintro-projekti.com\/pilar-stari\/2021\/06\/strucna-suradnica-suzana-sakic-sudjelovala-na-simpoziju-stvari-koje-nismo-smjeli-reci-o-njima-osijek-20-5-2021\/#breadcrumb\"},\"inLanguage\":\"hr\",\"potentialAction\":[{\"@type\":\"ReadAction\",\"target\":[\"https:\/\/www.vegaintro-projekti.com\/pilar-stari\/2021\/06\/strucna-suradnica-suzana-sakic-sudjelovala-na-simpoziju-stvari-koje-nismo-smjeli-reci-o-njima-osijek-20-5-2021\/\"]}]},{\"@type\":\"BreadcrumbList\",\"@id\":\"https:\/\/www.vegaintro-projekti.com\/pilar-stari\/2021\/06\/strucna-suradnica-suzana-sakic-sudjelovala-na-simpoziju-stvari-koje-nismo-smjeli-reci-o-njima-osijek-20-5-2021\/#breadcrumb\",\"itemListElement\":[{\"@type\":\"ListItem\",\"position\":1,\"name\":\"Home\",\"item\":\"https:\/\/www.vegaintro-projekti.com\/pilar-stari\/\"},{\"@type\":\"ListItem\",\"position\":2,\"name\":\"Stru\u010dna suradnica Suzana Saki\u0107 sudjelovala na simpoziju \u201cStvari koje nismo smjeli re\u0107i&#8230; o njima\u201d; Osijek, 20. 5. 2021.\"}]},{\"@type\":\"WebSite\",\"@id\":\"https:\/\/www.vegaintro-projekti.com\/pilar-stari\/#website\",\"url\":\"https:\/\/www.vegaintro-projekti.com\/pilar-stari\/\",\"name\":\"Institut dru&scaron;tvenih znanosti Ivo Pilar\",\"description\":\"Pilar\",\"potentialAction\":[{\"@type\":\"SearchAction\",\"target\":{\"@type\":\"EntryPoint\",\"urlTemplate\":\"https:\/\/www.vegaintro-projekti.com\/pilar-stari\/?s={search_term_string}\"},\"query-input\":\"required name=search_term_string\"}],\"inLanguage\":\"hr\"},{\"@type\":\"Person\",\"@id\":\"https:\/\/www.vegaintro-projekti.com\/pilar-stari\/#\/schema\/person\/ddd404c9f1e15e4ffef5986ac6a5d28b\",\"name\":\"Boris\",\"image\":{\"@type\":\"ImageObject\",\"inLanguage\":\"hr\",\"@id\":\"https:\/\/www.vegaintro-projekti.com\/pilar-stari\/#\/schema\/person\/image\/\",\"url\":\"https:\/\/secure.gravatar.com\/avatar\/29557b161a6ce6ab86ac1503164f1e90?s=96&d=mm&r=g\",\"contentUrl\":\"https:\/\/secure.gravatar.com\/avatar\/29557b161a6ce6ab86ac1503164f1e90?s=96&d=mm&r=g\",\"caption\":\"Boris\"},\"url\":\"https:\/\/www.vegaintro-projekti.com\/pilar-stari\/author\/boris\/\"}]}<\/script>\n<!-- \/ Yoast SEO plugin. -->","yoast_head_json":{"title":"Stru\u010dna suradnica Suzana Saki\u0107 sudjelovala na simpoziju \u201cStvari koje nismo smjeli re\u0107i... o njima\u201d; Osijek, 20. 5. 2021. - Institut dru&scaron;tvenih znanosti Ivo Pilar","robots":{"index":"noindex","follow":"follow","max-snippet":"max-snippet:-1","max-image-preview":"max-image-preview:large","max-video-preview":"max-video-preview:-1"},"og_locale":"hr_HR","og_type":"article","og_title":"Stru\u010dna suradnica Suzana Saki\u0107 sudjelovala na simpoziju \u201cStvari koje nismo smjeli re\u0107i... o njima\u201d; Osijek, 20. 5. 2021. - Institut dru&scaron;tvenih znanosti Ivo Pilar","og_description":"Stru\u010dna suradnica Suzana Saki\u0107 sudjelovala je 20. svibnja 2021. na simpoziju \u201cStvari koje nismo smjeli re\u0107i&#8230; o njima\u201d na kojem je odr\u017eala online izlaganje pod nazivom \u201cNa marginama dru\u0161tva. Ili izvan?\u201d. &#8211; O simpoziju&nbsp; Simpozij Stvari koje nismo smjeli re\u0107i&#8230; o njima organiziraju studenti Filozofskog fakulteta u Osijeku. U svom izlaganju Suzana Saki\u0107 je predstavila&hellip; Pro\u010ditaj vi\u0161e o Stru\u010dna suradnica Suzana Saki\u0107 sudjelovala na simpoziju \u201cStvari koje nismo smjeli re\u0107i&#8230; o njima\u201d; Osijek, 20. 5. 2021.","og_url":"https:\/\/www.vegaintro-projekti.com\/pilar-stari\/2021\/06\/strucna-suradnica-suzana-sakic-sudjelovala-na-simpoziju-stvari-koje-nismo-smjeli-reci-o-njima-osijek-20-5-2021\/","og_site_name":"Institut dru&scaron;tvenih znanosti Ivo Pilar","article_published_time":"2021-06-08T12:38:52+00:00","article_modified_time":"2021-06-10T15:42:19+00:00","og_image":[{"width":620,"height":337,"url":"https:\/\/www.vegaintro-projekti.com\/pilar-stari\/wp-content\/uploads\/2021\/06\/sknsr_s.jpg","type":"image\/jpeg"}],"author":"Boris","twitter_card":"summary_large_image","twitter_misc":{"Napisao\/la":"Boris","Procijenjeno vrijeme \u010ditanja":"1 minuta"},"schema":{"@context":"https:\/\/schema.org","@graph":[{"@type":"WebPage","@id":"https:\/\/www.vegaintro-projekti.com\/pilar-stari\/2021\/06\/strucna-suradnica-suzana-sakic-sudjelovala-na-simpoziju-stvari-koje-nismo-smjeli-reci-o-njima-osijek-20-5-2021\/","url":"https:\/\/www.vegaintro-projekti.com\/pilar-stari\/2021\/06\/strucna-suradnica-suzana-sakic-sudjelovala-na-simpoziju-stvari-koje-nismo-smjeli-reci-o-njima-osijek-20-5-2021\/","name":"Stru\u010dna suradnica Suzana Saki\u0107 sudjelovala na simpoziju \u201cStvari koje nismo smjeli re\u0107i... o njima\u201d; Osijek, 20. 5. 2021. - Institut dru&scaron;tvenih znanosti Ivo Pilar","isPartOf":{"@id":"https:\/\/www.vegaintro-projekti.com\/pilar-stari\/#website"},"datePublished":"2021-06-08T12:38:52+00:00","dateModified":"2021-06-10T15:42:19+00:00","author":{"@id":"https:\/\/www.vegaintro-projekti.com\/pilar-stari\/#\/schema\/person\/ddd404c9f1e15e4ffef5986ac6a5d28b"},"breadcrumb":{"@id":"https:\/\/www.vegaintro-projekti.com\/pilar-stari\/2021\/06\/strucna-suradnica-suzana-sakic-sudjelovala-na-simpoziju-stvari-koje-nismo-smjeli-reci-o-njima-osijek-20-5-2021\/#breadcrumb"},"inLanguage":"hr","potentialAction":[{"@type":"ReadAction","target":["https:\/\/www.vegaintro-projekti.com\/pilar-stari\/2021\/06\/strucna-suradnica-suzana-sakic-sudjelovala-na-simpoziju-stvari-koje-nismo-smjeli-reci-o-njima-osijek-20-5-2021\/"]}]},{"@type":"BreadcrumbList","@id":"https:\/\/www.vegaintro-projekti.com\/pilar-stari\/2021\/06\/strucna-suradnica-suzana-sakic-sudjelovala-na-simpoziju-stvari-koje-nismo-smjeli-reci-o-njima-osijek-20-5-2021\/#breadcrumb","itemListElement":[{"@type":"ListItem","position":1,"name":"Home","item":"https:\/\/www.vegaintro-projekti.com\/pilar-stari\/"},{"@type":"ListItem","position":2,"name":"Stru\u010dna suradnica Suzana Saki\u0107 sudjelovala na simpoziju \u201cStvari koje nismo smjeli re\u0107i&#8230; o njima\u201d; Osijek, 20. 5. 2021."}]},{"@type":"WebSite","@id":"https:\/\/www.vegaintro-projekti.com\/pilar-stari\/#website","url":"https:\/\/www.vegaintro-projekti.com\/pilar-stari\/","name":"Institut dru&scaron;tvenih znanosti Ivo Pilar","description":"Pilar","potentialAction":[{"@type":"SearchAction","target":{"@type":"EntryPoint","urlTemplate":"https:\/\/www.vegaintro-projekti.com\/pilar-stari\/?s={search_term_string}"},"query-input":"required name=search_term_string"}],"inLanguage":"hr"},{"@type":"Person","@id":"https:\/\/www.vegaintro-projekti.com\/pilar-stari\/#\/schema\/person\/ddd404c9f1e15e4ffef5986ac6a5d28b","name":"Boris","image":{"@type":"ImageObject","inLanguage":"hr","@id":"https:\/\/www.vegaintro-projekti.com\/pilar-stari\/#\/schema\/person\/image\/","url":"https:\/\/secure.gravatar.com\/avatar\/29557b161a6ce6ab86ac1503164f1e90?s=96&d=mm&r=g","contentUrl":"https:\/\/secure.gravatar.com\/avatar\/29557b161a6ce6ab86ac1503164f1e90?s=96&d=mm&r=g","caption":"Boris"},"url":"https:\/\/www.vegaintro-projekti.com\/pilar-stari\/author\/boris\/"}]}},"_links":{"self":[{"href":"https:\/\/www.vegaintro-projekti.com\/pilar-stari\/wp-json\/wp\/v2\/posts\/18874"}],"collection":[{"href":"https:\/\/www.vegaintro-projekti.com\/pilar-stari\/wp-json\/wp\/v2\/posts"}],"about":[{"href":"https:\/\/www.vegaintro-projekti.com\/pilar-stari\/wp-json\/wp\/v2\/types\/post"}],"author":[{"embeddable":true,"href":"https:\/\/www.vegaintro-projekti.com\/pilar-stari\/wp-json\/wp\/v2\/users\/7"}],"replies":[{"embeddable":true,"href":"https:\/\/www.vegaintro-projekti.com\/pilar-stari\/wp-json\/wp\/v2\/comments?post=18874"}],"version-history":[{"count":3,"href":"https:\/\/www.vegaintro-projekti.com\/pilar-stari\/wp-json\/wp\/v2\/posts\/18874\/revisions"}],"predecessor-version":[{"id":18877,"href":"https:\/\/www.vegaintro-projekti.com\/pilar-stari\/wp-json\/wp\/v2\/posts\/18874\/revisions\/18877"}],"wp:featuredmedia":[{"embeddable":true,"href":"https:\/\/www.vegaintro-projekti.com\/pilar-stari\/wp-json\/wp\/v2\/media\/18873"}],"wp:attachment":[{"href":"https:\/\/www.vegaintro-projekti.com\/pilar-stari\/wp-json\/wp\/v2\/media?parent=18874"}],"wp:term":[{"taxonomy":"category","embeddable":true,"href":"https:\/\/www.vegaintro-projekti.com\/pilar-stari\/wp-json\/wp\/v2\/categories?post=18874"},{"taxonomy":"post_tag","embeddable":true,"href":"https:\/\/www.vegaintro-projekti.com\/pilar-stari\/wp-json\/wp\/v2\/tags?post=18874"}],"curies":[{"name":"wp","href":"https:\/\/api.w.org\/{rel}","templated":true}]}}