{"id":18921,"date":"2021-05-25T13:44:56","date_gmt":"2021-05-25T13:44:56","guid":{"rendered":"https:\/\/www.vegaintro-projekti.com\/pilar-stari\/?p=18921"},"modified":"2021-06-13T13:56:24","modified_gmt":"2021-06-13T13:56:24","slug":"znanstvenici-instituta-na-medunarodnoj-znanstveno-strucnoj-konferenciji-migracije-i-identitet-kultura-ekonomija-drzava-19-21-5-2021","status":"publish","type":"post","link":"https:\/\/www.vegaintro-projekti.com\/pilar-stari\/2021\/05\/znanstvenici-instituta-na-medunarodnoj-znanstveno-strucnoj-konferenciji-migracije-i-identitet-kultura-ekonomija-drzava-19-21-5-2021\/","title":{"rendered":"Znanstvenici Instituta na me\u0111unarodnoj znanstveno-stru\u010dnoj konferenciji Migracije i identitet: kultura, ekonomija, dr\u017eava, 19.-21. 5. 2021."},"content":{"rendered":"<p><strong>Na Me\u0111unarodnoj znanstveno-stru\u010dnoj konferenciji <em>Migracije i identitet: kultura, ekonomija, dr\u017eava<\/em> u organizaciji Instituta za migracije i narodnosti, odr\u017eanoj dijelom fizi\u010dki u Zagrebu a dijelom online na platformi MC Teams te platformi Zoom u Zagrebu i Osijeku od 19. do 21. svibnja 2021., sudjelovali su i znanstvenici Instituta Pilar<\/strong><\/p>\n<p><a href=\"https:\/\/www.imin.hr\/konferencija-migracije-i-identitet-kultura-ekonomija-drzava-19-21-5\/\"><img decoding=\"async\" loading=\"lazy\" class=\"alignnone wp-image-18918 size-full\" src=\"https:\/\/www.vegaintro-projekti.com\/pilar-stari\/wp-content\/uploads\/2021\/06\/Sl_1.jpg\" alt=\"\" width=\"620\" height=\"260\" srcset=\"https:\/\/www.vegaintro-projekti.com\/pilar-stari\/wp-content\/uploads\/2021\/06\/Sl_1.jpg 620w, https:\/\/www.vegaintro-projekti.com\/pilar-stari\/wp-content\/uploads\/2021\/06\/Sl_1-300x126.jpg 300w\" sizes=\"(max-width: 620px) 100vw, 620px\" \/><\/a><a href=\"https:\/\/www.imin.hr\/konferencija-migracije-i-identitet-kultura-ekonomija-drzava-19-21-5\/\"><img decoding=\"async\" loading=\"lazy\" class=\"alignnone wp-image-18920 size-full\" src=\"https:\/\/www.vegaintro-projekti.com\/pilar-stari\/wp-content\/uploads\/2021\/06\/Sl_2.jpg\" alt=\"\" width=\"620\" height=\"145\" srcset=\"https:\/\/www.vegaintro-projekti.com\/pilar-stari\/wp-content\/uploads\/2021\/06\/Sl_2.jpg 620w, https:\/\/www.vegaintro-projekti.com\/pilar-stari\/wp-content\/uploads\/2021\/06\/Sl_2-300x70.jpg 300w\" sizes=\"(max-width: 620px) 100vw, 620px\" \/><\/a><\/p>\n<p>&#8211; <a href=\"https:\/\/www.imin.hr\/konferencija-migracije-i-identitet-kultura-ekonomija-drzava-19-21-5\/\">Program konferencije Migracije i identitet: kultura, ekonomija, dr\u017eava, 19.-21. 5. 2021.<\/a><\/p>\n<p>Konferencija je okupila znanstvenike iz razli\u010ditih znanstvenih podru\u010dja i iz doma\u0107ih i me\u0111unarodnih znanstvenih institucija koji su prezentirali svoje radove o razli\u010ditim aspektima suvremenih migracija. U pripremi je zbornik radova sa Konferencije.<\/p>\n<p><strong>Dr. sc. Vine Mihaljevi\u0107<\/strong> odr\u017eao je izlaganje na temu <em>Uloga hrvatskih katoli\u010dkih misija u o\u010duvanju hrvatskoga narodnog i nacionalnog identiteta u Zapadnoj Europi, poglavito u Njema\u010dkoj<\/em> (suautor <strong>dr. sc. Stipe Tadi\u0107<\/strong>).<\/p>\n<p><strong>Dr. sc. Mateo \u017dani\u0107, dr. sc. Geran Marko Mileti\u0107 i dr. sc. Kre\u0161imir Pera\u010dkovi\u0107<\/strong> sudjelovali su na Konferenciji 21. svibnja kada je jedan od suautora dr. sc. Mateo \u017dani\u0107 odr\u017eao izlaganje pod naslovom<em> Ostati ili oti\u0107i? Prinos analizi socio-kulturnih odrednica migracijskih aspiracija mladih u Vukovarsko-srijemskoj \u017eupaniji<\/em>, u kojem je predstavio rezultate istra\u017eivanja o dosada\u0161njim spoznajama u sklopu projekta Instituta Pilar <em>Od lokalnih do virtualnih zajednica. Dru\u0161tveni odnosi mladih u uvjetima nametnutog prostornog distanciranja<\/em> (2021. \u2013 2022.).<\/p>\n<p><strong>Dr. sc. Rebeka Mesari\u0107 \u017dab\u010di\u0107<\/strong> odr\u017eala je predavanje pod naslovom <em>Povratna migracija u Republiku Hrvatsku uslijed pandemije virusa COVID-19: izazov za hrvatsko dru\u0161tvo<\/em> i moderirala panel <em>Globalne, izbjegli\u010dke migracije u\/iz Hrvatske<\/em>. U predavanju je bilo rije\u010di o povratnoj migraciji koja dobiva novu dimenziju za istra\u017eivanje kao i istra\u017eivanju koncepta digitalnih nomada koji se nadogra\u0111uje novim elementima \u017eivota i rada iseljenika kao privremenih (trajnih) digitalnih nomada. Istra\u017eivanje je ukazalo na vrijedan potencijal za razvoj koncepta digitalnih nomada kroz analizu povratnih migracija. Nova usmjerenja u istra\u017eivanjima migracijskih procesa, platforma digitalnog nomadizma i rada u virtualnim prostorima teorijski i metodolo\u0161ki su izazov razli\u010ditim znanstvenicima, ali i koristan prilog javnim politikama i stru\u010dnjacima koji rade na pobolj\u0161anju i uspje\u0161nosti dr\u017eavnih strategija povratka iseljeni\u0161tva.<\/p>\n<p><strong>Dr. sc. Danijel Vojak<\/strong> izlagao je na temu <em>Osvrt na suvremena znanstvena istra\u017eivanja povijesti Roma u Europi i Hrvatskoj<\/em>. Izlaganje je dio znanstvenog projekta <em>Znanstveno istra\u017eivanje povijesti romske nacionalne manjine u Republici Hrvatskoj<\/em> koji je Institut Pilar proveo pod vodstvom dr. sc. Danijela Vojaka, a financiralo Ministarstvo znanosti i obrazovanja.<\/p>\n<p><strong>Dr. sc. Nenad Pokos<\/strong> izlagao je na temu <em>Demografski aspekt doseljavanja u Hrvatsku 2011. \u2013 2019.<\/em><\/p>\n<p><strong>Dino Vuku\u0161i\u0107, Andrej Ivan Neuredinovi\u0107 i dr. sc. Ra\u0161eljka Krni\u0107<\/strong> predstavili su temu <em>Imigracija u Velikoj Britaniji: Antiimigracijski pokreti.<\/em><\/p>\n<blockquote><p><a href=\"https:\/\/www.imin.hr\/\">Institut za migracije i narodnosti<\/a><\/p><\/blockquote>\n","protected":false},"excerpt":{"rendered":"<p>Na Me\u0111unarodnoj znanstveno-stru\u010dnoj konferenciji Migracije i identitet: kultura, ekonomija, dr\u017eava u organizaciji Instituta za migracije i narodnosti, odr\u017eanoj dijelom fizi\u010dki u Zagrebu a dijelom online na platformi MC Teams te platformi Zoom u Zagrebu i Osijeku od 19. do 21. svibnja 2021., sudjelovali su i znanstvenici Instituta Pilar &#8211; Program konferencije Migracije i identitet: kultura,&hellip; <a class=\"continue\" href=\"https:\/\/www.vegaintro-projekti.com\/pilar-stari\/2021\/05\/znanstvenici-instituta-na-medunarodnoj-znanstveno-strucnoj-konferenciji-migracije-i-identitet-kultura-ekonomija-drzava-19-21-5-2021\/\">Pro\u010ditaj vi\u0161e o<span> Znanstvenici Instituta na me\u0111unarodnoj znanstveno-stru\u010dnoj konferenciji Migracije i identitet: kultura, ekonomija, dr\u017eava, 19.-21. 5. 2021.<\/span><\/a><\/p>\n","protected":false},"author":7,"featured_media":18919,"comment_status":"closed","ping_status":"closed","sticky":false,"template":"","format":"standard","meta":{"inline_featured_image":false,"ngg_post_thumbnail":0,"footnotes":""},"categories":[11],"tags":[],"yoast_head":"<!-- This site is optimized with the Yoast SEO plugin v21.2 - https:\/\/yoast.com\/wordpress\/plugins\/seo\/ -->\n<title>Znanstvenici Instituta na me\u0111unarodnoj znanstveno-stru\u010dnoj konferenciji Migracije i identitet: kultura, ekonomija, dr\u017eava, 19.-21. 5. 2021. - Institut dru&scaron;tvenih znanosti Ivo Pilar<\/title>\n<meta name=\"robots\" content=\"noindex, follow, max-snippet:-1, max-image-preview:large, max-video-preview:-1\" \/>\n<meta property=\"og:locale\" content=\"hr_HR\" \/>\n<meta property=\"og:type\" content=\"article\" \/>\n<meta property=\"og:title\" content=\"Znanstvenici Instituta na me\u0111unarodnoj znanstveno-stru\u010dnoj konferenciji Migracije i identitet: kultura, ekonomija, dr\u017eava, 19.-21. 5. 2021. - Institut dru&scaron;tvenih znanosti Ivo Pilar\" \/>\n<meta property=\"og:description\" content=\"Na Me\u0111unarodnoj znanstveno-stru\u010dnoj konferenciji Migracije i identitet: kultura, ekonomija, dr\u017eava u organizaciji Instituta za migracije i narodnosti, odr\u017eanoj dijelom fizi\u010dki u Zagrebu a dijelom online na platformi MC Teams te platformi Zoom u Zagrebu i Osijeku od 19. do 21. svibnja 2021., sudjelovali su i znanstvenici Instituta Pilar &#8211; Program konferencije Migracije i identitet: kultura,&hellip; Pro\u010ditaj vi\u0161e o Znanstvenici Instituta na me\u0111unarodnoj znanstveno-stru\u010dnoj konferenciji Migracije i identitet: kultura, ekonomija, dr\u017eava, 19.-21. 5. 2021.\" \/>\n<meta property=\"og:url\" content=\"https:\/\/www.vegaintro-projekti.com\/pilar-stari\/2021\/05\/znanstvenici-instituta-na-medunarodnoj-znanstveno-strucnoj-konferenciji-migracije-i-identitet-kultura-ekonomija-drzava-19-21-5-2021\/\" \/>\n<meta property=\"og:site_name\" content=\"Institut dru&scaron;tvenih znanosti Ivo Pilar\" \/>\n<meta property=\"article:published_time\" content=\"2021-05-25T13:44:56+00:00\" \/>\n<meta property=\"article:modified_time\" content=\"2021-06-13T13:56:24+00:00\" \/>\n<meta property=\"og:image\" content=\"https:\/\/www.vegaintro-projekti.com\/pilar-stari\/wp-content\/uploads\/2021\/06\/Sl_1_fi.jpg\" \/>\n\t<meta property=\"og:image:width\" content=\"510\" \/>\n\t<meta property=\"og:image:height\" content=\"260\" \/>\n\t<meta property=\"og:image:type\" content=\"image\/jpeg\" \/>\n<meta name=\"author\" content=\"Boris\" \/>\n<meta name=\"twitter:card\" content=\"summary_large_image\" \/>\n<meta name=\"twitter:label1\" content=\"Napisao\/la\" \/>\n\t<meta name=\"twitter:data1\" content=\"Boris\" \/>\n\t<meta name=\"twitter:label2\" content=\"Procijenjeno vrijeme \u010ditanja\" \/>\n\t<meta name=\"twitter:data2\" content=\"2 minute\" \/>\n<script type=\"application\/ld+json\" class=\"yoast-schema-graph\">{\"@context\":\"https:\/\/schema.org\",\"@graph\":[{\"@type\":\"WebPage\",\"@id\":\"https:\/\/www.vegaintro-projekti.com\/pilar-stari\/2021\/05\/znanstvenici-instituta-na-medunarodnoj-znanstveno-strucnoj-konferenciji-migracije-i-identitet-kultura-ekonomija-drzava-19-21-5-2021\/\",\"url\":\"https:\/\/www.vegaintro-projekti.com\/pilar-stari\/2021\/05\/znanstvenici-instituta-na-medunarodnoj-znanstveno-strucnoj-konferenciji-migracije-i-identitet-kultura-ekonomija-drzava-19-21-5-2021\/\",\"name\":\"Znanstvenici Instituta na me\u0111unarodnoj znanstveno-stru\u010dnoj konferenciji Migracije i identitet: kultura, ekonomija, dr\u017eava, 19.-21. 5. 2021. - Institut dru&scaron;tvenih znanosti Ivo Pilar\",\"isPartOf\":{\"@id\":\"https:\/\/www.vegaintro-projekti.com\/pilar-stari\/#website\"},\"datePublished\":\"2021-05-25T13:44:56+00:00\",\"dateModified\":\"2021-06-13T13:56:24+00:00\",\"author\":{\"@id\":\"https:\/\/www.vegaintro-projekti.com\/pilar-stari\/#\/schema\/person\/ddd404c9f1e15e4ffef5986ac6a5d28b\"},\"breadcrumb\":{\"@id\":\"https:\/\/www.vegaintro-projekti.com\/pilar-stari\/2021\/05\/znanstvenici-instituta-na-medunarodnoj-znanstveno-strucnoj-konferenciji-migracije-i-identitet-kultura-ekonomija-drzava-19-21-5-2021\/#breadcrumb\"},\"inLanguage\":\"hr\",\"potentialAction\":[{\"@type\":\"ReadAction\",\"target\":[\"https:\/\/www.vegaintro-projekti.com\/pilar-stari\/2021\/05\/znanstvenici-instituta-na-medunarodnoj-znanstveno-strucnoj-konferenciji-migracije-i-identitet-kultura-ekonomija-drzava-19-21-5-2021\/\"]}]},{\"@type\":\"BreadcrumbList\",\"@id\":\"https:\/\/www.vegaintro-projekti.com\/pilar-stari\/2021\/05\/znanstvenici-instituta-na-medunarodnoj-znanstveno-strucnoj-konferenciji-migracije-i-identitet-kultura-ekonomija-drzava-19-21-5-2021\/#breadcrumb\",\"itemListElement\":[{\"@type\":\"ListItem\",\"position\":1,\"name\":\"Home\",\"item\":\"https:\/\/www.vegaintro-projekti.com\/pilar-stari\/\"},{\"@type\":\"ListItem\",\"position\":2,\"name\":\"Znanstvenici Instituta na me\u0111unarodnoj znanstveno-stru\u010dnoj konferenciji Migracije i identitet: kultura, ekonomija, dr\u017eava, 19.-21. 5. 2021.\"}]},{\"@type\":\"WebSite\",\"@id\":\"https:\/\/www.vegaintro-projekti.com\/pilar-stari\/#website\",\"url\":\"https:\/\/www.vegaintro-projekti.com\/pilar-stari\/\",\"name\":\"Institut dru&scaron;tvenih znanosti Ivo Pilar\",\"description\":\"Pilar\",\"potentialAction\":[{\"@type\":\"SearchAction\",\"target\":{\"@type\":\"EntryPoint\",\"urlTemplate\":\"https:\/\/www.vegaintro-projekti.com\/pilar-stari\/?s={search_term_string}\"},\"query-input\":\"required name=search_term_string\"}],\"inLanguage\":\"hr\"},{\"@type\":\"Person\",\"@id\":\"https:\/\/www.vegaintro-projekti.com\/pilar-stari\/#\/schema\/person\/ddd404c9f1e15e4ffef5986ac6a5d28b\",\"name\":\"Boris\",\"image\":{\"@type\":\"ImageObject\",\"inLanguage\":\"hr\",\"@id\":\"https:\/\/www.vegaintro-projekti.com\/pilar-stari\/#\/schema\/person\/image\/\",\"url\":\"https:\/\/secure.gravatar.com\/avatar\/29557b161a6ce6ab86ac1503164f1e90?s=96&d=mm&r=g\",\"contentUrl\":\"https:\/\/secure.gravatar.com\/avatar\/29557b161a6ce6ab86ac1503164f1e90?s=96&d=mm&r=g\",\"caption\":\"Boris\"},\"url\":\"https:\/\/www.vegaintro-projekti.com\/pilar-stari\/author\/boris\/\"}]}<\/script>\n<!-- \/ Yoast SEO plugin. -->","yoast_head_json":{"title":"Znanstvenici Instituta na me\u0111unarodnoj znanstveno-stru\u010dnoj konferenciji Migracije i identitet: kultura, ekonomija, dr\u017eava, 19.-21. 5. 2021. - Institut dru&scaron;tvenih znanosti Ivo Pilar","robots":{"index":"noindex","follow":"follow","max-snippet":"max-snippet:-1","max-image-preview":"max-image-preview:large","max-video-preview":"max-video-preview:-1"},"og_locale":"hr_HR","og_type":"article","og_title":"Znanstvenici Instituta na me\u0111unarodnoj znanstveno-stru\u010dnoj konferenciji Migracije i identitet: kultura, ekonomija, dr\u017eava, 19.-21. 5. 2021. - Institut dru&scaron;tvenih znanosti Ivo Pilar","og_description":"Na Me\u0111unarodnoj znanstveno-stru\u010dnoj konferenciji Migracije i identitet: kultura, ekonomija, dr\u017eava u organizaciji Instituta za migracije i narodnosti, odr\u017eanoj dijelom fizi\u010dki u Zagrebu a dijelom online na platformi MC Teams te platformi Zoom u Zagrebu i Osijeku od 19. do 21. svibnja 2021., sudjelovali su i znanstvenici Instituta Pilar &#8211; Program konferencije Migracije i identitet: kultura,&hellip; Pro\u010ditaj vi\u0161e o Znanstvenici Instituta na me\u0111unarodnoj znanstveno-stru\u010dnoj konferenciji Migracije i identitet: kultura, ekonomija, dr\u017eava, 19.-21. 5. 2021.","og_url":"https:\/\/www.vegaintro-projekti.com\/pilar-stari\/2021\/05\/znanstvenici-instituta-na-medunarodnoj-znanstveno-strucnoj-konferenciji-migracije-i-identitet-kultura-ekonomija-drzava-19-21-5-2021\/","og_site_name":"Institut dru&scaron;tvenih znanosti Ivo Pilar","article_published_time":"2021-05-25T13:44:56+00:00","article_modified_time":"2021-06-13T13:56:24+00:00","og_image":[{"width":510,"height":260,"url":"https:\/\/www.vegaintro-projekti.com\/pilar-stari\/wp-content\/uploads\/2021\/06\/Sl_1_fi.jpg","type":"image\/jpeg"}],"author":"Boris","twitter_card":"summary_large_image","twitter_misc":{"Napisao\/la":"Boris","Procijenjeno vrijeme \u010ditanja":"2 minute"},"schema":{"@context":"https:\/\/schema.org","@graph":[{"@type":"WebPage","@id":"https:\/\/www.vegaintro-projekti.com\/pilar-stari\/2021\/05\/znanstvenici-instituta-na-medunarodnoj-znanstveno-strucnoj-konferenciji-migracije-i-identitet-kultura-ekonomija-drzava-19-21-5-2021\/","url":"https:\/\/www.vegaintro-projekti.com\/pilar-stari\/2021\/05\/znanstvenici-instituta-na-medunarodnoj-znanstveno-strucnoj-konferenciji-migracije-i-identitet-kultura-ekonomija-drzava-19-21-5-2021\/","name":"Znanstvenici Instituta na me\u0111unarodnoj znanstveno-stru\u010dnoj konferenciji Migracije i identitet: kultura, ekonomija, dr\u017eava, 19.-21. 5. 2021. - Institut dru&scaron;tvenih znanosti Ivo Pilar","isPartOf":{"@id":"https:\/\/www.vegaintro-projekti.com\/pilar-stari\/#website"},"datePublished":"2021-05-25T13:44:56+00:00","dateModified":"2021-06-13T13:56:24+00:00","author":{"@id":"https:\/\/www.vegaintro-projekti.com\/pilar-stari\/#\/schema\/person\/ddd404c9f1e15e4ffef5986ac6a5d28b"},"breadcrumb":{"@id":"https:\/\/www.vegaintro-projekti.com\/pilar-stari\/2021\/05\/znanstvenici-instituta-na-medunarodnoj-znanstveno-strucnoj-konferenciji-migracije-i-identitet-kultura-ekonomija-drzava-19-21-5-2021\/#breadcrumb"},"inLanguage":"hr","potentialAction":[{"@type":"ReadAction","target":["https:\/\/www.vegaintro-projekti.com\/pilar-stari\/2021\/05\/znanstvenici-instituta-na-medunarodnoj-znanstveno-strucnoj-konferenciji-migracije-i-identitet-kultura-ekonomija-drzava-19-21-5-2021\/"]}]},{"@type":"BreadcrumbList","@id":"https:\/\/www.vegaintro-projekti.com\/pilar-stari\/2021\/05\/znanstvenici-instituta-na-medunarodnoj-znanstveno-strucnoj-konferenciji-migracije-i-identitet-kultura-ekonomija-drzava-19-21-5-2021\/#breadcrumb","itemListElement":[{"@type":"ListItem","position":1,"name":"Home","item":"https:\/\/www.vegaintro-projekti.com\/pilar-stari\/"},{"@type":"ListItem","position":2,"name":"Znanstvenici Instituta na me\u0111unarodnoj znanstveno-stru\u010dnoj konferenciji Migracije i identitet: kultura, ekonomija, dr\u017eava, 19.-21. 5. 2021."}]},{"@type":"WebSite","@id":"https:\/\/www.vegaintro-projekti.com\/pilar-stari\/#website","url":"https:\/\/www.vegaintro-projekti.com\/pilar-stari\/","name":"Institut dru&scaron;tvenih znanosti Ivo Pilar","description":"Pilar","potentialAction":[{"@type":"SearchAction","target":{"@type":"EntryPoint","urlTemplate":"https:\/\/www.vegaintro-projekti.com\/pilar-stari\/?s={search_term_string}"},"query-input":"required name=search_term_string"}],"inLanguage":"hr"},{"@type":"Person","@id":"https:\/\/www.vegaintro-projekti.com\/pilar-stari\/#\/schema\/person\/ddd404c9f1e15e4ffef5986ac6a5d28b","name":"Boris","image":{"@type":"ImageObject","inLanguage":"hr","@id":"https:\/\/www.vegaintro-projekti.com\/pilar-stari\/#\/schema\/person\/image\/","url":"https:\/\/secure.gravatar.com\/avatar\/29557b161a6ce6ab86ac1503164f1e90?s=96&d=mm&r=g","contentUrl":"https:\/\/secure.gravatar.com\/avatar\/29557b161a6ce6ab86ac1503164f1e90?s=96&d=mm&r=g","caption":"Boris"},"url":"https:\/\/www.vegaintro-projekti.com\/pilar-stari\/author\/boris\/"}]}},"_links":{"self":[{"href":"https:\/\/www.vegaintro-projekti.com\/pilar-stari\/wp-json\/wp\/v2\/posts\/18921"}],"collection":[{"href":"https:\/\/www.vegaintro-projekti.com\/pilar-stari\/wp-json\/wp\/v2\/posts"}],"about":[{"href":"https:\/\/www.vegaintro-projekti.com\/pilar-stari\/wp-json\/wp\/v2\/types\/post"}],"author":[{"embeddable":true,"href":"https:\/\/www.vegaintro-projekti.com\/pilar-stari\/wp-json\/wp\/v2\/users\/7"}],"replies":[{"embeddable":true,"href":"https:\/\/www.vegaintro-projekti.com\/pilar-stari\/wp-json\/wp\/v2\/comments?post=18921"}],"version-history":[{"count":3,"href":"https:\/\/www.vegaintro-projekti.com\/pilar-stari\/wp-json\/wp\/v2\/posts\/18921\/revisions"}],"predecessor-version":[{"id":18925,"href":"https:\/\/www.vegaintro-projekti.com\/pilar-stari\/wp-json\/wp\/v2\/posts\/18921\/revisions\/18925"}],"wp:featuredmedia":[{"embeddable":true,"href":"https:\/\/www.vegaintro-projekti.com\/pilar-stari\/wp-json\/wp\/v2\/media\/18919"}],"wp:attachment":[{"href":"https:\/\/www.vegaintro-projekti.com\/pilar-stari\/wp-json\/wp\/v2\/media?parent=18921"}],"wp:term":[{"taxonomy":"category","embeddable":true,"href":"https:\/\/www.vegaintro-projekti.com\/pilar-stari\/wp-json\/wp\/v2\/categories?post=18921"},{"taxonomy":"post_tag","embeddable":true,"href":"https:\/\/www.vegaintro-projekti.com\/pilar-stari\/wp-json\/wp\/v2\/tags?post=18921"}],"curies":[{"name":"wp","href":"https:\/\/api.w.org\/{rel}","templated":true}]}}