{"id":19006,"date":"2021-06-16T17:12:59","date_gmt":"2021-06-16T17:12:59","guid":{"rendered":"https:\/\/www.vegaintro-projekti.com\/pilar-stari\/?p=19006"},"modified":"2021-06-17T17:27:02","modified_gmt":"2021-06-17T17:27:02","slug":"dr-sc-drazen-simlesa-na-konferenciji-hrvatska-kakvu-trebamo-pogled-unaprijed-15-6-2021","status":"publish","type":"post","link":"https:\/\/www.vegaintro-projekti.com\/pilar-stari\/2021\/06\/dr-sc-drazen-simlesa-na-konferenciji-hrvatska-kakvu-trebamo-pogled-unaprijed-15-6-2021\/","title":{"rendered":"Dr. sc. Dra\u017een \u0160imle\u0161a na konferenciji \u201eHrvatska kakvu trebamo &#8211; pogled unaprijed\u201c, 15. 6. 2021."},"content":{"rendered":"<p><strong>Dr. sc. Dra\u017een \u0160imle\u0161a sudjelovao je 15. lipnja 2021. na konferenciji u organizaciji Ve\u010dernjeg lista \u201eHrvatska kakvu trebamo &#8211; pogled unaprijed\u201c. Razgovaralo se o \u010detiri teme: poduzetni\u0161tvu, poljoprivredi i proizvodnji hrane, turizmu te ekologiji i zelenoj transformaciji. Ve\u010dernji list u broju od 16. lipnja 2021. objavljuje prilog raspravi dr. sc. Dra\u017eena \u0160imle\u0161e pod naslovom \u201eBa\u0161 od tamo gdje nam je najo\u010duvaniji okoli\u0161 &#8211; ljudi odlaze\u201c<\/strong><\/p>\n<p><a href=\"https:\/\/www.vegaintro-projekti.com\/pilar-stari\/wp-content\/uploads\/2021\/06\/Drazen_Simlesa_VL.jpg\"><img decoding=\"async\" loading=\"lazy\" class=\"alignnone wp-image-19005 size-full\" src=\"https:\/\/www.vegaintro-projekti.com\/pilar-stari\/wp-content\/uploads\/2021\/06\/Drazen_Simlesa_VL_s.jpg\" alt=\"\" width=\"620\" height=\"392\" srcset=\"https:\/\/www.vegaintro-projekti.com\/pilar-stari\/wp-content\/uploads\/2021\/06\/Drazen_Simlesa_VL_s.jpg 620w, https:\/\/www.vegaintro-projekti.com\/pilar-stari\/wp-content\/uploads\/2021\/06\/Drazen_Simlesa_VL_s-300x190.jpg 300w\" sizes=\"(max-width: 620px) 100vw, 620px\" \/><\/a><\/p>\n<p>&#8211; <strong>Ve\u010dernji list:<\/strong> <a href=\"https:\/\/www.vecernji.hr\/pretraga?query=Hrvatska+kakvu+trebamo&amp;order=-publish_from&amp;date_from=&amp;date_to=\">Konferencija \u201eHrvatska kakvu trebamo &#8211; pogled unaprijed\u201c, 15. 6. 2021.<\/a><\/p>\n<p><span style=\"font-size: 14pt;\">Dr. sc. Dra\u017een \u0160imle\u0161a: Ba\u0161 od tamo gdje nam je najo\u010duvaniji okoli\u0161 &#8211; ljudi odlaze<\/span><\/p>\n<p>\u0160to se ti\u010de ekologije i zelene transformacije, dosada\u0161nje politike o\u010duvanja prirode i okoli\u0161a jesu neki dobar po\u010detak, ali nikako nisu dovoljne. Hrvatska, zapravo, ne iskori\u0161tava dovoljno bogatstvo prirodnih resursa koje ima. To nam govore svi podaci. Mi se, zapravo, ponekad pona\u0161amo kao da ne znamo \u0161to bismo s tim bogatstvom prirodnih resursa. Lijepo nam je, super nam je da je oko nas krasna priroda, ali ne razumijemo koliko je to va\u017eno i zna\u010dajno za pove\u0107anje kvalitete \u017eivota. A da je tome tako pokazuju nam i podaci da upravo tamo gdje su na\u0161a najve\u0107a prirodna bogatstva i najo\u010duvaniji okoli\u0161, ljudi ba\u0161 od tamo najvi\u0161e odlaze van i napu\u0161taju te krajeve. S druge strane, mi nemamo tako lo\u0161e zakone, regulativni okvir koji se ti\u010de prirode i okoli\u0161a nije tako lo\u0161. On je uskla\u0111en s nekim dobrim primjerima Europske unije, no ono \u0161to nama klju\u010dno nedostaje jest implemenatcija toga. Zna\u010di, nama je ogroman raskorak, a samim time i problem, izme\u0111u svega onoga \u0161to pi\u0161e na papiru i onoga \u0161to se primjenjuje. I vjerojatno \u0107emo se sljede\u0107ih nekoliko godina u\u010diti da bismo uop\u0107e ispo\u0161tovali zeleni plan Europske unije, u\u010dit \u0107emo se koordiniranosti. Za\u0161tita okoli\u0161a nije pitanje samo biologa, ekologa, koji, kako se misli, tamo negdje bilje\u017ee neke biljne i \u017eivotinjske vrste. Za\u0161tita okoli\u0161a i odr\u017eivi okoli\u0161 trebali bi horizontalno pro\u0107i i primijeniti se na sve sektore, a nama ba\u0161 ta koordiniranost \u201e\u0161teka\u201c.<\/p>\n<blockquote><p><a href=\"https:\/\/www.vegaintro-projekti.com\/pilar-stari\/biografije\/user-bio\/?my_user_id=72\">Dr. sc. Dra\u017een \u0160imle\u0161a<\/a><\/p><\/blockquote>\n","protected":false},"excerpt":{"rendered":"<p>Dr. sc. Dra\u017een \u0160imle\u0161a sudjelovao je 15. lipnja 2021. na konferenciji u organizaciji Ve\u010dernjeg lista \u201eHrvatska kakvu trebamo &#8211; pogled unaprijed\u201c. Razgovaralo se o \u010detiri teme: poduzetni\u0161tvu, poljoprivredi i proizvodnji hrane, turizmu te ekologiji i zelenoj transformaciji. Ve\u010dernji list u broju od 16. lipnja 2021. objavljuje prilog raspravi dr. sc. Dra\u017eena \u0160imle\u0161e pod naslovom \u201eBa\u0161&hellip; <a class=\"continue\" href=\"https:\/\/www.vegaintro-projekti.com\/pilar-stari\/2021\/06\/dr-sc-drazen-simlesa-na-konferenciji-hrvatska-kakvu-trebamo-pogled-unaprijed-15-6-2021\/\">Pro\u010ditaj vi\u0161e o<span> Dr. sc. Dra\u017een \u0160imle\u0161a na konferenciji \u201eHrvatska kakvu trebamo &#8211; pogled unaprijed\u201c, 15. 6. 2021.<\/span><\/a><\/p>\n","protected":false},"author":7,"featured_media":19004,"comment_status":"closed","ping_status":"closed","sticky":false,"template":"","format":"standard","meta":{"inline_featured_image":false,"ngg_post_thumbnail":0,"footnotes":""},"categories":[48,12],"tags":[],"yoast_head":"<!-- This site is optimized with the Yoast SEO plugin v21.2 - https:\/\/yoast.com\/wordpress\/plugins\/seo\/ -->\n<title>Dr. sc. Dra\u017een \u0160imle\u0161a na konferenciji \u201eHrvatska kakvu trebamo - pogled unaprijed\u201c, 15. 6. 2021. - Institut dru&scaron;tvenih znanosti Ivo Pilar<\/title>\n<meta name=\"robots\" content=\"noindex, follow, max-snippet:-1, max-image-preview:large, max-video-preview:-1\" \/>\n<meta property=\"og:locale\" content=\"hr_HR\" \/>\n<meta property=\"og:type\" content=\"article\" \/>\n<meta property=\"og:title\" content=\"Dr. sc. Dra\u017een \u0160imle\u0161a na konferenciji \u201eHrvatska kakvu trebamo - pogled unaprijed\u201c, 15. 6. 2021. - Institut dru&scaron;tvenih znanosti Ivo Pilar\" \/>\n<meta property=\"og:description\" content=\"Dr. sc. Dra\u017een \u0160imle\u0161a sudjelovao je 15. lipnja 2021. na konferenciji u organizaciji Ve\u010dernjeg lista \u201eHrvatska kakvu trebamo &#8211; pogled unaprijed\u201c. Razgovaralo se o \u010detiri teme: poduzetni\u0161tvu, poljoprivredi i proizvodnji hrane, turizmu te ekologiji i zelenoj transformaciji. Ve\u010dernji list u broju od 16. lipnja 2021. objavljuje prilog raspravi dr. sc. Dra\u017eena \u0160imle\u0161e pod naslovom \u201eBa\u0161&hellip; Pro\u010ditaj vi\u0161e o Dr. sc. Dra\u017een \u0160imle\u0161a na konferenciji \u201eHrvatska kakvu trebamo &#8211; pogled unaprijed\u201c, 15. 6. 2021.\" \/>\n<meta property=\"og:url\" content=\"https:\/\/www.vegaintro-projekti.com\/pilar-stari\/2021\/06\/dr-sc-drazen-simlesa-na-konferenciji-hrvatska-kakvu-trebamo-pogled-unaprijed-15-6-2021\/\" \/>\n<meta property=\"og:site_name\" content=\"Institut dru&scaron;tvenih znanosti Ivo Pilar\" \/>\n<meta property=\"article:published_time\" content=\"2021-06-16T17:12:59+00:00\" \/>\n<meta property=\"article:modified_time\" content=\"2021-06-17T17:27:02+00:00\" \/>\n<meta property=\"og:image\" content=\"https:\/\/www.vegaintro-projekti.com\/pilar-stari\/wp-content\/uploads\/2021\/06\/Drazen_Simlesa_VL_fi.jpg\" \/>\n\t<meta property=\"og:image:width\" content=\"500\" \/>\n\t<meta property=\"og:image:height\" content=\"228\" \/>\n\t<meta property=\"og:image:type\" content=\"image\/jpeg\" \/>\n<meta name=\"author\" content=\"Boris\" \/>\n<meta name=\"twitter:card\" content=\"summary_large_image\" \/>\n<meta name=\"twitter:label1\" content=\"Napisao\/la\" \/>\n\t<meta name=\"twitter:data1\" content=\"Boris\" \/>\n\t<meta name=\"twitter:label2\" content=\"Procijenjeno vrijeme \u010ditanja\" \/>\n\t<meta name=\"twitter:data2\" content=\"2 minute\" \/>\n<script type=\"application\/ld+json\" class=\"yoast-schema-graph\">{\"@context\":\"https:\/\/schema.org\",\"@graph\":[{\"@type\":\"WebPage\",\"@id\":\"https:\/\/www.vegaintro-projekti.com\/pilar-stari\/2021\/06\/dr-sc-drazen-simlesa-na-konferenciji-hrvatska-kakvu-trebamo-pogled-unaprijed-15-6-2021\/\",\"url\":\"https:\/\/www.vegaintro-projekti.com\/pilar-stari\/2021\/06\/dr-sc-drazen-simlesa-na-konferenciji-hrvatska-kakvu-trebamo-pogled-unaprijed-15-6-2021\/\",\"name\":\"Dr. sc. Dra\u017een \u0160imle\u0161a na konferenciji \u201eHrvatska kakvu trebamo - pogled unaprijed\u201c, 15. 6. 2021. - Institut dru&scaron;tvenih znanosti Ivo Pilar\",\"isPartOf\":{\"@id\":\"https:\/\/www.vegaintro-projekti.com\/pilar-stari\/#website\"},\"datePublished\":\"2021-06-16T17:12:59+00:00\",\"dateModified\":\"2021-06-17T17:27:02+00:00\",\"author\":{\"@id\":\"https:\/\/www.vegaintro-projekti.com\/pilar-stari\/#\/schema\/person\/ddd404c9f1e15e4ffef5986ac6a5d28b\"},\"breadcrumb\":{\"@id\":\"https:\/\/www.vegaintro-projekti.com\/pilar-stari\/2021\/06\/dr-sc-drazen-simlesa-na-konferenciji-hrvatska-kakvu-trebamo-pogled-unaprijed-15-6-2021\/#breadcrumb\"},\"inLanguage\":\"hr\",\"potentialAction\":[{\"@type\":\"ReadAction\",\"target\":[\"https:\/\/www.vegaintro-projekti.com\/pilar-stari\/2021\/06\/dr-sc-drazen-simlesa-na-konferenciji-hrvatska-kakvu-trebamo-pogled-unaprijed-15-6-2021\/\"]}]},{\"@type\":\"BreadcrumbList\",\"@id\":\"https:\/\/www.vegaintro-projekti.com\/pilar-stari\/2021\/06\/dr-sc-drazen-simlesa-na-konferenciji-hrvatska-kakvu-trebamo-pogled-unaprijed-15-6-2021\/#breadcrumb\",\"itemListElement\":[{\"@type\":\"ListItem\",\"position\":1,\"name\":\"Home\",\"item\":\"https:\/\/www.vegaintro-projekti.com\/pilar-stari\/\"},{\"@type\":\"ListItem\",\"position\":2,\"name\":\"Dr. sc. Dra\u017een \u0160imle\u0161a na konferenciji \u201eHrvatska kakvu trebamo &#8211; pogled unaprijed\u201c, 15. 6. 2021.\"}]},{\"@type\":\"WebSite\",\"@id\":\"https:\/\/www.vegaintro-projekti.com\/pilar-stari\/#website\",\"url\":\"https:\/\/www.vegaintro-projekti.com\/pilar-stari\/\",\"name\":\"Institut dru&scaron;tvenih znanosti Ivo Pilar\",\"description\":\"Pilar\",\"potentialAction\":[{\"@type\":\"SearchAction\",\"target\":{\"@type\":\"EntryPoint\",\"urlTemplate\":\"https:\/\/www.vegaintro-projekti.com\/pilar-stari\/?s={search_term_string}\"},\"query-input\":\"required name=search_term_string\"}],\"inLanguage\":\"hr\"},{\"@type\":\"Person\",\"@id\":\"https:\/\/www.vegaintro-projekti.com\/pilar-stari\/#\/schema\/person\/ddd404c9f1e15e4ffef5986ac6a5d28b\",\"name\":\"Boris\",\"image\":{\"@type\":\"ImageObject\",\"inLanguage\":\"hr\",\"@id\":\"https:\/\/www.vegaintro-projekti.com\/pilar-stari\/#\/schema\/person\/image\/\",\"url\":\"https:\/\/secure.gravatar.com\/avatar\/29557b161a6ce6ab86ac1503164f1e90?s=96&d=mm&r=g\",\"contentUrl\":\"https:\/\/secure.gravatar.com\/avatar\/29557b161a6ce6ab86ac1503164f1e90?s=96&d=mm&r=g\",\"caption\":\"Boris\"},\"url\":\"https:\/\/www.vegaintro-projekti.com\/pilar-stari\/author\/boris\/\"}]}<\/script>\n<!-- \/ Yoast SEO plugin. -->","yoast_head_json":{"title":"Dr. sc. Dra\u017een \u0160imle\u0161a na konferenciji \u201eHrvatska kakvu trebamo - pogled unaprijed\u201c, 15. 6. 2021. - Institut dru&scaron;tvenih znanosti Ivo Pilar","robots":{"index":"noindex","follow":"follow","max-snippet":"max-snippet:-1","max-image-preview":"max-image-preview:large","max-video-preview":"max-video-preview:-1"},"og_locale":"hr_HR","og_type":"article","og_title":"Dr. sc. Dra\u017een \u0160imle\u0161a na konferenciji \u201eHrvatska kakvu trebamo - pogled unaprijed\u201c, 15. 6. 2021. - Institut dru&scaron;tvenih znanosti Ivo Pilar","og_description":"Dr. sc. Dra\u017een \u0160imle\u0161a sudjelovao je 15. lipnja 2021. na konferenciji u organizaciji Ve\u010dernjeg lista \u201eHrvatska kakvu trebamo &#8211; pogled unaprijed\u201c. Razgovaralo se o \u010detiri teme: poduzetni\u0161tvu, poljoprivredi i proizvodnji hrane, turizmu te ekologiji i zelenoj transformaciji. Ve\u010dernji list u broju od 16. lipnja 2021. objavljuje prilog raspravi dr. sc. Dra\u017eena \u0160imle\u0161e pod naslovom \u201eBa\u0161&hellip; Pro\u010ditaj vi\u0161e o Dr. sc. Dra\u017een \u0160imle\u0161a na konferenciji \u201eHrvatska kakvu trebamo &#8211; pogled unaprijed\u201c, 15. 6. 2021.","og_url":"https:\/\/www.vegaintro-projekti.com\/pilar-stari\/2021\/06\/dr-sc-drazen-simlesa-na-konferenciji-hrvatska-kakvu-trebamo-pogled-unaprijed-15-6-2021\/","og_site_name":"Institut dru&scaron;tvenih znanosti Ivo Pilar","article_published_time":"2021-06-16T17:12:59+00:00","article_modified_time":"2021-06-17T17:27:02+00:00","og_image":[{"width":500,"height":228,"url":"https:\/\/www.vegaintro-projekti.com\/pilar-stari\/wp-content\/uploads\/2021\/06\/Drazen_Simlesa_VL_fi.jpg","type":"image\/jpeg"}],"author":"Boris","twitter_card":"summary_large_image","twitter_misc":{"Napisao\/la":"Boris","Procijenjeno vrijeme \u010ditanja":"2 minute"},"schema":{"@context":"https:\/\/schema.org","@graph":[{"@type":"WebPage","@id":"https:\/\/www.vegaintro-projekti.com\/pilar-stari\/2021\/06\/dr-sc-drazen-simlesa-na-konferenciji-hrvatska-kakvu-trebamo-pogled-unaprijed-15-6-2021\/","url":"https:\/\/www.vegaintro-projekti.com\/pilar-stari\/2021\/06\/dr-sc-drazen-simlesa-na-konferenciji-hrvatska-kakvu-trebamo-pogled-unaprijed-15-6-2021\/","name":"Dr. sc. Dra\u017een \u0160imle\u0161a na konferenciji \u201eHrvatska kakvu trebamo - pogled unaprijed\u201c, 15. 6. 2021. - Institut dru&scaron;tvenih znanosti Ivo Pilar","isPartOf":{"@id":"https:\/\/www.vegaintro-projekti.com\/pilar-stari\/#website"},"datePublished":"2021-06-16T17:12:59+00:00","dateModified":"2021-06-17T17:27:02+00:00","author":{"@id":"https:\/\/www.vegaintro-projekti.com\/pilar-stari\/#\/schema\/person\/ddd404c9f1e15e4ffef5986ac6a5d28b"},"breadcrumb":{"@id":"https:\/\/www.vegaintro-projekti.com\/pilar-stari\/2021\/06\/dr-sc-drazen-simlesa-na-konferenciji-hrvatska-kakvu-trebamo-pogled-unaprijed-15-6-2021\/#breadcrumb"},"inLanguage":"hr","potentialAction":[{"@type":"ReadAction","target":["https:\/\/www.vegaintro-projekti.com\/pilar-stari\/2021\/06\/dr-sc-drazen-simlesa-na-konferenciji-hrvatska-kakvu-trebamo-pogled-unaprijed-15-6-2021\/"]}]},{"@type":"BreadcrumbList","@id":"https:\/\/www.vegaintro-projekti.com\/pilar-stari\/2021\/06\/dr-sc-drazen-simlesa-na-konferenciji-hrvatska-kakvu-trebamo-pogled-unaprijed-15-6-2021\/#breadcrumb","itemListElement":[{"@type":"ListItem","position":1,"name":"Home","item":"https:\/\/www.vegaintro-projekti.com\/pilar-stari\/"},{"@type":"ListItem","position":2,"name":"Dr. sc. Dra\u017een \u0160imle\u0161a na konferenciji \u201eHrvatska kakvu trebamo &#8211; pogled unaprijed\u201c, 15. 6. 2021."}]},{"@type":"WebSite","@id":"https:\/\/www.vegaintro-projekti.com\/pilar-stari\/#website","url":"https:\/\/www.vegaintro-projekti.com\/pilar-stari\/","name":"Institut dru&scaron;tvenih znanosti Ivo Pilar","description":"Pilar","potentialAction":[{"@type":"SearchAction","target":{"@type":"EntryPoint","urlTemplate":"https:\/\/www.vegaintro-projekti.com\/pilar-stari\/?s={search_term_string}"},"query-input":"required name=search_term_string"}],"inLanguage":"hr"},{"@type":"Person","@id":"https:\/\/www.vegaintro-projekti.com\/pilar-stari\/#\/schema\/person\/ddd404c9f1e15e4ffef5986ac6a5d28b","name":"Boris","image":{"@type":"ImageObject","inLanguage":"hr","@id":"https:\/\/www.vegaintro-projekti.com\/pilar-stari\/#\/schema\/person\/image\/","url":"https:\/\/secure.gravatar.com\/avatar\/29557b161a6ce6ab86ac1503164f1e90?s=96&d=mm&r=g","contentUrl":"https:\/\/secure.gravatar.com\/avatar\/29557b161a6ce6ab86ac1503164f1e90?s=96&d=mm&r=g","caption":"Boris"},"url":"https:\/\/www.vegaintro-projekti.com\/pilar-stari\/author\/boris\/"}]}},"_links":{"self":[{"href":"https:\/\/www.vegaintro-projekti.com\/pilar-stari\/wp-json\/wp\/v2\/posts\/19006"}],"collection":[{"href":"https:\/\/www.vegaintro-projekti.com\/pilar-stari\/wp-json\/wp\/v2\/posts"}],"about":[{"href":"https:\/\/www.vegaintro-projekti.com\/pilar-stari\/wp-json\/wp\/v2\/types\/post"}],"author":[{"embeddable":true,"href":"https:\/\/www.vegaintro-projekti.com\/pilar-stari\/wp-json\/wp\/v2\/users\/7"}],"replies":[{"embeddable":true,"href":"https:\/\/www.vegaintro-projekti.com\/pilar-stari\/wp-json\/wp\/v2\/comments?post=19006"}],"version-history":[{"count":1,"href":"https:\/\/www.vegaintro-projekti.com\/pilar-stari\/wp-json\/wp\/v2\/posts\/19006\/revisions"}],"predecessor-version":[{"id":19007,"href":"https:\/\/www.vegaintro-projekti.com\/pilar-stari\/wp-json\/wp\/v2\/posts\/19006\/revisions\/19007"}],"wp:featuredmedia":[{"embeddable":true,"href":"https:\/\/www.vegaintro-projekti.com\/pilar-stari\/wp-json\/wp\/v2\/media\/19004"}],"wp:attachment":[{"href":"https:\/\/www.vegaintro-projekti.com\/pilar-stari\/wp-json\/wp\/v2\/media?parent=19006"}],"wp:term":[{"taxonomy":"category","embeddable":true,"href":"https:\/\/www.vegaintro-projekti.com\/pilar-stari\/wp-json\/wp\/v2\/categories?post=19006"},{"taxonomy":"post_tag","embeddable":true,"href":"https:\/\/www.vegaintro-projekti.com\/pilar-stari\/wp-json\/wp\/v2\/tags?post=19006"}],"curies":[{"name":"wp","href":"https:\/\/api.w.org\/{rel}","templated":true}]}}