{"id":19054,"date":"2021-06-22T13:00:25","date_gmt":"2021-06-22T13:00:25","guid":{"rendered":"https:\/\/www.vegaintro-projekti.com\/pilar-stari\/?p=19054"},"modified":"2021-06-23T15:00:06","modified_gmt":"2021-06-23T15:00:06","slug":"dr-sc-marko-mustapic-i-dino-vukusic-na-konferenciji-youth-work-in-flux-an-academic-point-of-view-on-youth-work-training-and-education-16-6-2021","status":"publish","type":"post","link":"https:\/\/www.vegaintro-projekti.com\/pilar-stari\/2021\/06\/dr-sc-marko-mustapic-i-dino-vukusic-na-konferenciji-youth-work-in-flux-an-academic-point-of-view-on-youth-work-training-and-education-16-6-2021\/","title":{"rendered":"Dr. sc. Marko Mustapi\u0107 i Dino Vuku\u0161i\u0107 na konferenciji \u201eYouth work in flux: an academic point of view on youth work training and education\u201c"},"content":{"rendered":"<p><strong>Dr. sc. Marko Mustapi\u0107 i Dino Vuku\u0161i\u0107 sudjelovali su na konferenciji \u201eYouth work in flux: an academic point of view on youth work training and education\u201c odr\u017eanoj u Rijeci, 15.-17. lipnja 2021. <\/strong>&#8211; <a href=\"https:\/\/www.idi.hr\/youth-work\/\">O konferenciji<\/a><\/p>\n<p><a href=\"https:\/\/www.vegaintro-projekti.com\/pilar-stari\/wp-content\/uploads\/2021\/06\/Sl_1-2.jpg\"><img decoding=\"async\" loading=\"lazy\" class=\"alignnone wp-image-19051 size-full\" src=\"https:\/\/www.vegaintro-projekti.com\/pilar-stari\/wp-content\/uploads\/2021\/06\/Sl_1s.jpg\" alt=\"\" width=\"620\" height=\"465\" srcset=\"https:\/\/www.vegaintro-projekti.com\/pilar-stari\/wp-content\/uploads\/2021\/06\/Sl_1s.jpg 620w, https:\/\/www.vegaintro-projekti.com\/pilar-stari\/wp-content\/uploads\/2021\/06\/Sl_1s-300x225.jpg 300w\" sizes=\"(max-width: 620px) 100vw, 620px\" \/><\/a><a href=\"https:\/\/www.vegaintro-projekti.com\/pilar-stari\/wp-content\/uploads\/2021\/06\/Sl_2-2.jpg\"><img decoding=\"async\" loading=\"lazy\" class=\"alignnone wp-image-19053 size-full\" src=\"https:\/\/www.vegaintro-projekti.com\/pilar-stari\/wp-content\/uploads\/2021\/06\/Sl_2s.jpg\" alt=\"\" width=\"620\" height=\"465\" srcset=\"https:\/\/www.vegaintro-projekti.com\/pilar-stari\/wp-content\/uploads\/2021\/06\/Sl_2s.jpg 620w, https:\/\/www.vegaintro-projekti.com\/pilar-stari\/wp-content\/uploads\/2021\/06\/Sl_2s-300x225.jpg 300w\" sizes=\"(max-width: 620px) 100vw, 620px\" \/><\/a><\/p>\n<p><strong><span style=\"font-size: 8pt;\">Dr. sc. Marko Mustapi\u0107 i Dino Vuku\u0161i\u0107 na konferenciji \u201eYouth work in flux: an academic point of view on youth work training and education\u201c, 16. 6. 2021.<\/span><\/strong><\/p>\n<p>Organizator konferencije bio je Institut za dru\u0161tvena istra\u017eivanja u Zagrebu (IDIZ) u suradnji sa Sveu\u010dili\u0161tem u Rijeci, Ljubljanskim sveu\u010dili\u0161tem te nekoliko organizacija civilnog dru\u0161tva (Mre\u017ea mladih Hrvatske, Centar za mirovne studije, Hrvatsko debatno dru\u0161tvo, Good inicijativa). Veliki broj izlaga\u010da iz razli\u010ditih europskih zemalja izlagao je svoja istra\u017eivanja i analize fenomena rada s mladima te istra\u017eivanja mladih u razli\u010ditim sferama dru\u0161tva.<\/p>\n<p>Dr. sc. Marko Mustapi\u0107 i Dino Vuku\u0161i\u0107 prezentirali su rezultate istra\u017eivanja provedenog u okviru me\u0111unarodnog Horizont2020 projekta CHIEF &#8211; Cultural Heritage and Identities of European Future. Kroz izlaganje pod nazivom \u201eYouth Activism and Sport: Legacy of Dra\u017een Petrovi\u0107 and \u2018heritage in making\u2019\u201c prikazani su rezultati etnografskog istra\u017eivanja grupe mladih ljudi okupljenih oko udruge \u201eMi smo Cibona\u201c, odnosa mladih prema fenomenu Dra\u017eena Petrovi\u0107a, percepciji i (re)interpretaciji materijalnog i simboli\u010dkog naslje\u0111a, a jednako tako i odnosu prema trenutnom stanju u ko\u0161arka\u0161kom klubu kao zalogu za daljnje aktivisti\u010dko djelovanje.<\/p>\n<blockquote><p><a href=\"https:\/\/www.vegaintro-projekti.com\/pilar-stari\/2018\/10\/institut-u-projektu-cultural-heritage-and-identities-of-europes-future-chief\/\">Projekt CHIEF<\/a><\/p><\/blockquote>\n","protected":false},"excerpt":{"rendered":"<p>Dr. sc. Marko Mustapi\u0107 i Dino Vuku\u0161i\u0107 sudjelovali su na konferenciji \u201eYouth work in flux: an academic point of view on youth work training and education\u201c odr\u017eanoj u Rijeci, 15.-17. lipnja 2021. &#8211; O konferenciji Dr. sc. Marko Mustapi\u0107 i Dino Vuku\u0161i\u0107 na konferenciji \u201eYouth work in flux: an academic point of view on youth&hellip; <a class=\"continue\" href=\"https:\/\/www.vegaintro-projekti.com\/pilar-stari\/2021\/06\/dr-sc-marko-mustapic-i-dino-vukusic-na-konferenciji-youth-work-in-flux-an-academic-point-of-view-on-youth-work-training-and-education-16-6-2021\/\">Pro\u010ditaj vi\u0161e o<span> Dr. sc. Marko Mustapi\u0107 i Dino Vuku\u0161i\u0107 na konferenciji \u201eYouth work in flux: an academic point of view on youth work training and education\u201c<\/span><\/a><\/p>\n","protected":false},"author":7,"featured_media":19057,"comment_status":"closed","ping_status":"closed","sticky":false,"template":"","format":"standard","meta":{"inline_featured_image":false,"ngg_post_thumbnail":0,"footnotes":""},"categories":[48,11],"tags":[],"yoast_head":"<!-- This site is optimized with the Yoast SEO plugin v21.2 - https:\/\/yoast.com\/wordpress\/plugins\/seo\/ -->\n<title>Dr. sc. Marko Mustapi\u0107 i Dino Vuku\u0161i\u0107 na konferenciji \u201eYouth work in flux: an academic point of view on youth work training and education\u201c - Institut dru&scaron;tvenih znanosti Ivo Pilar<\/title>\n<meta name=\"robots\" content=\"noindex, follow, max-snippet:-1, max-image-preview:large, max-video-preview:-1\" \/>\n<meta property=\"og:locale\" content=\"hr_HR\" \/>\n<meta property=\"og:type\" content=\"article\" \/>\n<meta property=\"og:title\" content=\"Dr. sc. Marko Mustapi\u0107 i Dino Vuku\u0161i\u0107 na konferenciji \u201eYouth work in flux: an academic point of view on youth work training and education\u201c - Institut dru&scaron;tvenih znanosti Ivo Pilar\" \/>\n<meta property=\"og:description\" content=\"Dr. sc. Marko Mustapi\u0107 i Dino Vuku\u0161i\u0107 sudjelovali su na konferenciji \u201eYouth work in flux: an academic point of view on youth work training and education\u201c odr\u017eanoj u Rijeci, 15.-17. lipnja 2021. &#8211; O konferenciji Dr. sc. Marko Mustapi\u0107 i Dino Vuku\u0161i\u0107 na konferenciji \u201eYouth work in flux: an academic point of view on youth&hellip; Pro\u010ditaj vi\u0161e o Dr. sc. Marko Mustapi\u0107 i Dino Vuku\u0161i\u0107 na konferenciji \u201eYouth work in flux: an academic point of view on youth work training and education\u201c\" \/>\n<meta property=\"og:url\" content=\"https:\/\/www.vegaintro-projekti.com\/pilar-stari\/2021\/06\/dr-sc-marko-mustapic-i-dino-vukusic-na-konferenciji-youth-work-in-flux-an-academic-point-of-view-on-youth-work-training-and-education-16-6-2021\/\" \/>\n<meta property=\"og:site_name\" content=\"Institut dru&scaron;tvenih znanosti Ivo Pilar\" \/>\n<meta property=\"article:published_time\" content=\"2021-06-22T13:00:25+00:00\" \/>\n<meta property=\"article:modified_time\" content=\"2021-06-23T15:00:06+00:00\" \/>\n<meta property=\"og:image\" content=\"https:\/\/www.vegaintro-projekti.com\/pilar-stari\/wp-content\/uploads\/2021\/06\/Sl_1fi1.jpg\" \/>\n\t<meta property=\"og:image:width\" content=\"500\" \/>\n\t<meta property=\"og:image:height\" content=\"220\" \/>\n\t<meta property=\"og:image:type\" content=\"image\/jpeg\" \/>\n<meta name=\"author\" content=\"Boris\" \/>\n<meta name=\"twitter:card\" content=\"summary_large_image\" \/>\n<meta name=\"twitter:label1\" content=\"Napisao\/la\" \/>\n\t<meta name=\"twitter:data1\" content=\"Boris\" \/>\n\t<meta name=\"twitter:label2\" content=\"Procijenjeno vrijeme \u010ditanja\" \/>\n\t<meta name=\"twitter:data2\" content=\"1 minuta\" \/>\n<script type=\"application\/ld+json\" class=\"yoast-schema-graph\">{\"@context\":\"https:\/\/schema.org\",\"@graph\":[{\"@type\":\"WebPage\",\"@id\":\"https:\/\/www.vegaintro-projekti.com\/pilar-stari\/2021\/06\/dr-sc-marko-mustapic-i-dino-vukusic-na-konferenciji-youth-work-in-flux-an-academic-point-of-view-on-youth-work-training-and-education-16-6-2021\/\",\"url\":\"https:\/\/www.vegaintro-projekti.com\/pilar-stari\/2021\/06\/dr-sc-marko-mustapic-i-dino-vukusic-na-konferenciji-youth-work-in-flux-an-academic-point-of-view-on-youth-work-training-and-education-16-6-2021\/\",\"name\":\"Dr. sc. Marko Mustapi\u0107 i Dino Vuku\u0161i\u0107 na konferenciji \u201eYouth work in flux: an academic point of view on youth work training and education\u201c - Institut dru&scaron;tvenih znanosti Ivo Pilar\",\"isPartOf\":{\"@id\":\"https:\/\/www.vegaintro-projekti.com\/pilar-stari\/#website\"},\"datePublished\":\"2021-06-22T13:00:25+00:00\",\"dateModified\":\"2021-06-23T15:00:06+00:00\",\"author\":{\"@id\":\"https:\/\/www.vegaintro-projekti.com\/pilar-stari\/#\/schema\/person\/ddd404c9f1e15e4ffef5986ac6a5d28b\"},\"breadcrumb\":{\"@id\":\"https:\/\/www.vegaintro-projekti.com\/pilar-stari\/2021\/06\/dr-sc-marko-mustapic-i-dino-vukusic-na-konferenciji-youth-work-in-flux-an-academic-point-of-view-on-youth-work-training-and-education-16-6-2021\/#breadcrumb\"},\"inLanguage\":\"hr\",\"potentialAction\":[{\"@type\":\"ReadAction\",\"target\":[\"https:\/\/www.vegaintro-projekti.com\/pilar-stari\/2021\/06\/dr-sc-marko-mustapic-i-dino-vukusic-na-konferenciji-youth-work-in-flux-an-academic-point-of-view-on-youth-work-training-and-education-16-6-2021\/\"]}]},{\"@type\":\"BreadcrumbList\",\"@id\":\"https:\/\/www.vegaintro-projekti.com\/pilar-stari\/2021\/06\/dr-sc-marko-mustapic-i-dino-vukusic-na-konferenciji-youth-work-in-flux-an-academic-point-of-view-on-youth-work-training-and-education-16-6-2021\/#breadcrumb\",\"itemListElement\":[{\"@type\":\"ListItem\",\"position\":1,\"name\":\"Home\",\"item\":\"https:\/\/www.vegaintro-projekti.com\/pilar-stari\/\"},{\"@type\":\"ListItem\",\"position\":2,\"name\":\"Dr. sc. Marko Mustapi\u0107 i Dino Vuku\u0161i\u0107 na konferenciji \u201eYouth work in flux: an academic point of view on youth work training and education\u201c\"}]},{\"@type\":\"WebSite\",\"@id\":\"https:\/\/www.vegaintro-projekti.com\/pilar-stari\/#website\",\"url\":\"https:\/\/www.vegaintro-projekti.com\/pilar-stari\/\",\"name\":\"Institut dru&scaron;tvenih znanosti Ivo Pilar\",\"description\":\"Pilar\",\"potentialAction\":[{\"@type\":\"SearchAction\",\"target\":{\"@type\":\"EntryPoint\",\"urlTemplate\":\"https:\/\/www.vegaintro-projekti.com\/pilar-stari\/?s={search_term_string}\"},\"query-input\":\"required name=search_term_string\"}],\"inLanguage\":\"hr\"},{\"@type\":\"Person\",\"@id\":\"https:\/\/www.vegaintro-projekti.com\/pilar-stari\/#\/schema\/person\/ddd404c9f1e15e4ffef5986ac6a5d28b\",\"name\":\"Boris\",\"image\":{\"@type\":\"ImageObject\",\"inLanguage\":\"hr\",\"@id\":\"https:\/\/www.vegaintro-projekti.com\/pilar-stari\/#\/schema\/person\/image\/\",\"url\":\"https:\/\/secure.gravatar.com\/avatar\/29557b161a6ce6ab86ac1503164f1e90?s=96&d=mm&r=g\",\"contentUrl\":\"https:\/\/secure.gravatar.com\/avatar\/29557b161a6ce6ab86ac1503164f1e90?s=96&d=mm&r=g\",\"caption\":\"Boris\"},\"url\":\"https:\/\/www.vegaintro-projekti.com\/pilar-stari\/author\/boris\/\"}]}<\/script>\n<!-- \/ Yoast SEO plugin. -->","yoast_head_json":{"title":"Dr. sc. Marko Mustapi\u0107 i Dino Vuku\u0161i\u0107 na konferenciji \u201eYouth work in flux: an academic point of view on youth work training and education\u201c - Institut dru&scaron;tvenih znanosti Ivo Pilar","robots":{"index":"noindex","follow":"follow","max-snippet":"max-snippet:-1","max-image-preview":"max-image-preview:large","max-video-preview":"max-video-preview:-1"},"og_locale":"hr_HR","og_type":"article","og_title":"Dr. sc. Marko Mustapi\u0107 i Dino Vuku\u0161i\u0107 na konferenciji \u201eYouth work in flux: an academic point of view on youth work training and education\u201c - Institut dru&scaron;tvenih znanosti Ivo Pilar","og_description":"Dr. sc. Marko Mustapi\u0107 i Dino Vuku\u0161i\u0107 sudjelovali su na konferenciji \u201eYouth work in flux: an academic point of view on youth work training and education\u201c odr\u017eanoj u Rijeci, 15.-17. lipnja 2021. &#8211; O konferenciji Dr. sc. Marko Mustapi\u0107 i Dino Vuku\u0161i\u0107 na konferenciji \u201eYouth work in flux: an academic point of view on youth&hellip; Pro\u010ditaj vi\u0161e o Dr. sc. Marko Mustapi\u0107 i Dino Vuku\u0161i\u0107 na konferenciji \u201eYouth work in flux: an academic point of view on youth work training and education\u201c","og_url":"https:\/\/www.vegaintro-projekti.com\/pilar-stari\/2021\/06\/dr-sc-marko-mustapic-i-dino-vukusic-na-konferenciji-youth-work-in-flux-an-academic-point-of-view-on-youth-work-training-and-education-16-6-2021\/","og_site_name":"Institut dru&scaron;tvenih znanosti Ivo Pilar","article_published_time":"2021-06-22T13:00:25+00:00","article_modified_time":"2021-06-23T15:00:06+00:00","og_image":[{"width":500,"height":220,"url":"https:\/\/www.vegaintro-projekti.com\/pilar-stari\/wp-content\/uploads\/2021\/06\/Sl_1fi1.jpg","type":"image\/jpeg"}],"author":"Boris","twitter_card":"summary_large_image","twitter_misc":{"Napisao\/la":"Boris","Procijenjeno vrijeme \u010ditanja":"1 minuta"},"schema":{"@context":"https:\/\/schema.org","@graph":[{"@type":"WebPage","@id":"https:\/\/www.vegaintro-projekti.com\/pilar-stari\/2021\/06\/dr-sc-marko-mustapic-i-dino-vukusic-na-konferenciji-youth-work-in-flux-an-academic-point-of-view-on-youth-work-training-and-education-16-6-2021\/","url":"https:\/\/www.vegaintro-projekti.com\/pilar-stari\/2021\/06\/dr-sc-marko-mustapic-i-dino-vukusic-na-konferenciji-youth-work-in-flux-an-academic-point-of-view-on-youth-work-training-and-education-16-6-2021\/","name":"Dr. sc. Marko Mustapi\u0107 i Dino Vuku\u0161i\u0107 na konferenciji \u201eYouth work in flux: an academic point of view on youth work training and education\u201c - Institut dru&scaron;tvenih znanosti Ivo Pilar","isPartOf":{"@id":"https:\/\/www.vegaintro-projekti.com\/pilar-stari\/#website"},"datePublished":"2021-06-22T13:00:25+00:00","dateModified":"2021-06-23T15:00:06+00:00","author":{"@id":"https:\/\/www.vegaintro-projekti.com\/pilar-stari\/#\/schema\/person\/ddd404c9f1e15e4ffef5986ac6a5d28b"},"breadcrumb":{"@id":"https:\/\/www.vegaintro-projekti.com\/pilar-stari\/2021\/06\/dr-sc-marko-mustapic-i-dino-vukusic-na-konferenciji-youth-work-in-flux-an-academic-point-of-view-on-youth-work-training-and-education-16-6-2021\/#breadcrumb"},"inLanguage":"hr","potentialAction":[{"@type":"ReadAction","target":["https:\/\/www.vegaintro-projekti.com\/pilar-stari\/2021\/06\/dr-sc-marko-mustapic-i-dino-vukusic-na-konferenciji-youth-work-in-flux-an-academic-point-of-view-on-youth-work-training-and-education-16-6-2021\/"]}]},{"@type":"BreadcrumbList","@id":"https:\/\/www.vegaintro-projekti.com\/pilar-stari\/2021\/06\/dr-sc-marko-mustapic-i-dino-vukusic-na-konferenciji-youth-work-in-flux-an-academic-point-of-view-on-youth-work-training-and-education-16-6-2021\/#breadcrumb","itemListElement":[{"@type":"ListItem","position":1,"name":"Home","item":"https:\/\/www.vegaintro-projekti.com\/pilar-stari\/"},{"@type":"ListItem","position":2,"name":"Dr. sc. Marko Mustapi\u0107 i Dino Vuku\u0161i\u0107 na konferenciji \u201eYouth work in flux: an academic point of view on youth work training and education\u201c"}]},{"@type":"WebSite","@id":"https:\/\/www.vegaintro-projekti.com\/pilar-stari\/#website","url":"https:\/\/www.vegaintro-projekti.com\/pilar-stari\/","name":"Institut dru&scaron;tvenih znanosti Ivo Pilar","description":"Pilar","potentialAction":[{"@type":"SearchAction","target":{"@type":"EntryPoint","urlTemplate":"https:\/\/www.vegaintro-projekti.com\/pilar-stari\/?s={search_term_string}"},"query-input":"required name=search_term_string"}],"inLanguage":"hr"},{"@type":"Person","@id":"https:\/\/www.vegaintro-projekti.com\/pilar-stari\/#\/schema\/person\/ddd404c9f1e15e4ffef5986ac6a5d28b","name":"Boris","image":{"@type":"ImageObject","inLanguage":"hr","@id":"https:\/\/www.vegaintro-projekti.com\/pilar-stari\/#\/schema\/person\/image\/","url":"https:\/\/secure.gravatar.com\/avatar\/29557b161a6ce6ab86ac1503164f1e90?s=96&d=mm&r=g","contentUrl":"https:\/\/secure.gravatar.com\/avatar\/29557b161a6ce6ab86ac1503164f1e90?s=96&d=mm&r=g","caption":"Boris"},"url":"https:\/\/www.vegaintro-projekti.com\/pilar-stari\/author\/boris\/"}]}},"_links":{"self":[{"href":"https:\/\/www.vegaintro-projekti.com\/pilar-stari\/wp-json\/wp\/v2\/posts\/19054"}],"collection":[{"href":"https:\/\/www.vegaintro-projekti.com\/pilar-stari\/wp-json\/wp\/v2\/posts"}],"about":[{"href":"https:\/\/www.vegaintro-projekti.com\/pilar-stari\/wp-json\/wp\/v2\/types\/post"}],"author":[{"embeddable":true,"href":"https:\/\/www.vegaintro-projekti.com\/pilar-stari\/wp-json\/wp\/v2\/users\/7"}],"replies":[{"embeddable":true,"href":"https:\/\/www.vegaintro-projekti.com\/pilar-stari\/wp-json\/wp\/v2\/comments?post=19054"}],"version-history":[{"count":2,"href":"https:\/\/www.vegaintro-projekti.com\/pilar-stari\/wp-json\/wp\/v2\/posts\/19054\/revisions"}],"predecessor-version":[{"id":19056,"href":"https:\/\/www.vegaintro-projekti.com\/pilar-stari\/wp-json\/wp\/v2\/posts\/19054\/revisions\/19056"}],"wp:featuredmedia":[{"embeddable":true,"href":"https:\/\/www.vegaintro-projekti.com\/pilar-stari\/wp-json\/wp\/v2\/media\/19057"}],"wp:attachment":[{"href":"https:\/\/www.vegaintro-projekti.com\/pilar-stari\/wp-json\/wp\/v2\/media?parent=19054"}],"wp:term":[{"taxonomy":"category","embeddable":true,"href":"https:\/\/www.vegaintro-projekti.com\/pilar-stari\/wp-json\/wp\/v2\/categories?post=19054"},{"taxonomy":"post_tag","embeddable":true,"href":"https:\/\/www.vegaintro-projekti.com\/pilar-stari\/wp-json\/wp\/v2\/tags?post=19054"}],"curies":[{"name":"wp","href":"https:\/\/api.w.org\/{rel}","templated":true}]}}