{"id":19071,"date":"2021-06-23T10:45:51","date_gmt":"2021-06-23T10:45:51","guid":{"rendered":"https:\/\/www.vegaintro-projekti.com\/pilar-stari\/?p=19071"},"modified":"2021-07-02T18:13:45","modified_gmt":"2021-07-02T18:13:45","slug":"znanstvena-konferencija-intelektualne-veze-izmedu-hrvatske-i-slovacke-18-6-2021","status":"publish","type":"post","link":"https:\/\/www.vegaintro-projekti.com\/pilar-stari\/2021\/06\/znanstvena-konferencija-intelektualne-veze-izmedu-hrvatske-i-slovacke-18-6-2021\/","title":{"rendered":"Znanstvena konferencija &#8220;Intelektualne veze izme\u0111u Hrvatske i Slova\u010dke&#8221;, 18. 6. 2021."},"content":{"rendered":"<p><strong>Na Sveu\u010dili\u0161tu u Zadru odr\u017eana je 18. lipnja 2021. znanstvena konferencija \u201eIntelektualne veze izme\u0111u Hrvatske i Slova\u010dke\u201c. Konferenciju je pripremio Slova\u010dko-hrvatski odbor za humanisti\u010dke znanosti, koji vode prof. Martin Homza sa Sveu\u010dili\u0161ta Comenius u Bratislavi i \u017deljko Holjevac, ravnatelj Instituta dru\u0161tvenih znanosti Ivo Pilar<\/strong><\/p>\n<p><a href=\"https:\/\/www.vegaintro-projekti.com\/pilar-stari\/wp-content\/uploads\/2021\/06\/Hr_Slo.jpg\"><img decoding=\"async\" loading=\"lazy\" class=\"alignnone wp-image-19070 size-full\" src=\"https:\/\/www.vegaintro-projekti.com\/pilar-stari\/wp-content\/uploads\/2021\/06\/Hr_Slo_s.jpg\" alt=\"\" width=\"620\" height=\"397\" srcset=\"https:\/\/www.vegaintro-projekti.com\/pilar-stari\/wp-content\/uploads\/2021\/06\/Hr_Slo_s.jpg 620w, https:\/\/www.vegaintro-projekti.com\/pilar-stari\/wp-content\/uploads\/2021\/06\/Hr_Slo_s-300x192.jpg 300w\" sizes=\"(max-width: 620px) 100vw, 620px\" \/><\/a><\/p>\n<p><span style=\"font-size: 8pt;\"><strong>Znanstvena konferencija &#8220;Intelektualne veze izme\u0111u Hrvatske i Slova\u010dke&#8221;; Zadar, 18. 6. 2021.<\/strong><\/span><\/p>\n<p><strong>Slova\u010dko-hrvatski odbor za humanisti\u010dke znanosti<\/strong> djeluje od 2019. u okviru <a href=\"https:\/\/mzo.gov.hr\/UserDocsImages\/\/dokumenti\/Medunarodna\/Bilateralna\/Slovacka\/\/3-program_hr_slovacka.pdf\">Programa suradnje izme\u0111u Ministarstva obrazovanja, znanosti, istra\u017eivanja i sporta Slova\u010dke Republike i Ministarstva znanosti i obrazovanja Republike Hrvatske<\/a> s ciljem razvijanja bilateralne znanstvene i obrazovane suradnje zajedni\u010dkim aktivnostima u podru\u010dju povijesti, lingvistike, latinizma, povijesti umjetnosti, etnologije i arheologije.<\/p>\n<p>Konferencija posve\u0107ena intelektualnih vezama izme\u0111u Hrvatske i Slova\u010dke trebala se odr\u017eati pro\u0161le godine, ali je zbog pandemije koronavirusa odgo\u0111ena. Godinu dana kasnije konferencija je odr\u017eana u hibridnom modelu, naime dijelom u\u017eivo uz pridr\u017eavanje va\u017ee\u0107ih epidemiolo\u0161kih mjera i dijelom online. Pozdravne rije\u010di uputili su zadarski prorektor prof. Zvjezdan Penezi\u0107, slova\u010dki veleposlanik u Hrvatskoj Nj. E. Peter Susko, dekan Filozofskog fakulteta u Bratislavi prof. Mari\u00e1n Zouhar, te Sta\u0161a Sken\u017ei\u0107 iz hrvatskog Ministarstva znanosti i obrazovanja i Martina Klof\u00e1\u010dova iz slova\u010dkog Ministarstva obrazovanja, znanosti, istra\u017eivanja i sporta.<\/p>\n<p>Nakon konferencije, na kojoj je ukupno 12 slova\u010dkih i hrvatskih znanstvenika podnijelo svoja priop\u0107enja, 19. lipnja odr\u017ean je sastanak Slova\u010dko-hrvatskog odbora. Odbor je zaklju\u010dio da se izlaganja s konferencije tiskaju u drugom broju godi\u0161njaka <strong>Studia Carpathico-Adriatica<\/strong> i da se sljede\u0107e godine odr\u017ei nova konferencija u Trnavi o arheologiji karpatsko-jadranske regije. Zaklju\u010dke su potpisali supredsjedatelji Odbora, prof. Homza i prof. Holjevac, a uz njih i predstavnici dva ministarstva \u2013 Martina Klof\u00e1\u010dova iz Ministarstva obrazovanja, znanosti, istra\u017eivanja i sporta Slova\u010dke Republike i Sta\u0161a Sken\u017ei\u0107 iz Ministarstva znanosti i obrazovanja Republike Hrvatske.<\/p>\n<blockquote><p><a href=\"https:\/\/www.bib.irb.hr\/1091254\">Studia Carpathico-Adriatica<\/a><\/p><\/blockquote>\n","protected":false},"excerpt":{"rendered":"<p>Na Sveu\u010dili\u0161tu u Zadru odr\u017eana je 18. lipnja 2021. znanstvena konferencija \u201eIntelektualne veze izme\u0111u Hrvatske i Slova\u010dke\u201c. Konferenciju je pripremio Slova\u010dko-hrvatski odbor za humanisti\u010dke znanosti, koji vode prof. Martin Homza sa Sveu\u010dili\u0161ta Comenius u Bratislavi i \u017deljko Holjevac, ravnatelj Instituta dru\u0161tvenih znanosti Ivo Pilar Znanstvena konferencija &#8220;Intelektualne veze izme\u0111u Hrvatske i Slova\u010dke&#8221;; Zadar, 18. 6.&hellip; <a class=\"continue\" href=\"https:\/\/www.vegaintro-projekti.com\/pilar-stari\/2021\/06\/znanstvena-konferencija-intelektualne-veze-izmedu-hrvatske-i-slovacke-18-6-2021\/\">Pro\u010ditaj vi\u0161e o<span> Znanstvena konferencija &#8220;Intelektualne veze izme\u0111u Hrvatske i Slova\u010dke&#8221;, 18. 6. 2021.<\/span><\/a><\/p>\n","protected":false},"author":7,"featured_media":19069,"comment_status":"closed","ping_status":"closed","sticky":false,"template":"","format":"standard","meta":{"inline_featured_image":false,"ngg_post_thumbnail":0,"footnotes":""},"categories":[48,11],"tags":[],"yoast_head":"<!-- This site is optimized with the Yoast SEO plugin v21.2 - https:\/\/yoast.com\/wordpress\/plugins\/seo\/ -->\n<title>Znanstvena konferencija &quot;Intelektualne veze izme\u0111u Hrvatske i Slova\u010dke&quot;, 18. 6. 2021. - Institut dru&scaron;tvenih znanosti Ivo Pilar<\/title>\n<meta name=\"robots\" content=\"noindex, follow, max-snippet:-1, max-image-preview:large, max-video-preview:-1\" \/>\n<meta property=\"og:locale\" content=\"hr_HR\" \/>\n<meta property=\"og:type\" content=\"article\" \/>\n<meta property=\"og:title\" content=\"Znanstvena konferencija &quot;Intelektualne veze izme\u0111u Hrvatske i Slova\u010dke&quot;, 18. 6. 2021. - Institut dru&scaron;tvenih znanosti Ivo Pilar\" \/>\n<meta property=\"og:description\" content=\"Na Sveu\u010dili\u0161tu u Zadru odr\u017eana je 18. lipnja 2021. znanstvena konferencija \u201eIntelektualne veze izme\u0111u Hrvatske i Slova\u010dke\u201c. Konferenciju je pripremio Slova\u010dko-hrvatski odbor za humanisti\u010dke znanosti, koji vode prof. Martin Homza sa Sveu\u010dili\u0161ta Comenius u Bratislavi i \u017deljko Holjevac, ravnatelj Instituta dru\u0161tvenih znanosti Ivo Pilar Znanstvena konferencija &#8220;Intelektualne veze izme\u0111u Hrvatske i Slova\u010dke&#8221;; Zadar, 18. 6.&hellip; Pro\u010ditaj vi\u0161e o Znanstvena konferencija &#8220;Intelektualne veze izme\u0111u Hrvatske i Slova\u010dke&#8221;, 18. 6. 2021.\" \/>\n<meta property=\"og:url\" content=\"https:\/\/www.vegaintro-projekti.com\/pilar-stari\/2021\/06\/znanstvena-konferencija-intelektualne-veze-izmedu-hrvatske-i-slovacke-18-6-2021\/\" \/>\n<meta property=\"og:site_name\" content=\"Institut dru&scaron;tvenih znanosti Ivo Pilar\" \/>\n<meta property=\"article:published_time\" content=\"2021-06-23T10:45:51+00:00\" \/>\n<meta property=\"article:modified_time\" content=\"2021-07-02T18:13:45+00:00\" \/>\n<meta property=\"og:image\" content=\"https:\/\/www.vegaintro-projekti.com\/pilar-stari\/wp-content\/uploads\/2021\/06\/Hr_Slo_fi.jpg\" \/>\n\t<meta property=\"og:image:width\" content=\"500\" \/>\n\t<meta property=\"og:image:height\" content=\"220\" \/>\n\t<meta property=\"og:image:type\" content=\"image\/jpeg\" \/>\n<meta name=\"author\" content=\"Boris\" \/>\n<meta name=\"twitter:card\" content=\"summary_large_image\" \/>\n<meta name=\"twitter:label1\" content=\"Napisao\/la\" \/>\n\t<meta name=\"twitter:data1\" content=\"Boris\" \/>\n\t<meta name=\"twitter:label2\" content=\"Procijenjeno vrijeme \u010ditanja\" \/>\n\t<meta name=\"twitter:data2\" content=\"2 minute\" \/>\n<script type=\"application\/ld+json\" class=\"yoast-schema-graph\">{\"@context\":\"https:\/\/schema.org\",\"@graph\":[{\"@type\":\"WebPage\",\"@id\":\"https:\/\/www.vegaintro-projekti.com\/pilar-stari\/2021\/06\/znanstvena-konferencija-intelektualne-veze-izmedu-hrvatske-i-slovacke-18-6-2021\/\",\"url\":\"https:\/\/www.vegaintro-projekti.com\/pilar-stari\/2021\/06\/znanstvena-konferencija-intelektualne-veze-izmedu-hrvatske-i-slovacke-18-6-2021\/\",\"name\":\"Znanstvena konferencija \\\"Intelektualne veze izme\u0111u Hrvatske i Slova\u010dke\\\", 18. 6. 2021. - Institut dru&scaron;tvenih znanosti Ivo Pilar\",\"isPartOf\":{\"@id\":\"https:\/\/www.vegaintro-projekti.com\/pilar-stari\/#website\"},\"datePublished\":\"2021-06-23T10:45:51+00:00\",\"dateModified\":\"2021-07-02T18:13:45+00:00\",\"author\":{\"@id\":\"https:\/\/www.vegaintro-projekti.com\/pilar-stari\/#\/schema\/person\/ddd404c9f1e15e4ffef5986ac6a5d28b\"},\"breadcrumb\":{\"@id\":\"https:\/\/www.vegaintro-projekti.com\/pilar-stari\/2021\/06\/znanstvena-konferencija-intelektualne-veze-izmedu-hrvatske-i-slovacke-18-6-2021\/#breadcrumb\"},\"inLanguage\":\"hr\",\"potentialAction\":[{\"@type\":\"ReadAction\",\"target\":[\"https:\/\/www.vegaintro-projekti.com\/pilar-stari\/2021\/06\/znanstvena-konferencija-intelektualne-veze-izmedu-hrvatske-i-slovacke-18-6-2021\/\"]}]},{\"@type\":\"BreadcrumbList\",\"@id\":\"https:\/\/www.vegaintro-projekti.com\/pilar-stari\/2021\/06\/znanstvena-konferencija-intelektualne-veze-izmedu-hrvatske-i-slovacke-18-6-2021\/#breadcrumb\",\"itemListElement\":[{\"@type\":\"ListItem\",\"position\":1,\"name\":\"Home\",\"item\":\"https:\/\/www.vegaintro-projekti.com\/pilar-stari\/\"},{\"@type\":\"ListItem\",\"position\":2,\"name\":\"Znanstvena konferencija &#8220;Intelektualne veze izme\u0111u Hrvatske i Slova\u010dke&#8221;, 18. 6. 2021.\"}]},{\"@type\":\"WebSite\",\"@id\":\"https:\/\/www.vegaintro-projekti.com\/pilar-stari\/#website\",\"url\":\"https:\/\/www.vegaintro-projekti.com\/pilar-stari\/\",\"name\":\"Institut dru&scaron;tvenih znanosti Ivo Pilar\",\"description\":\"Pilar\",\"potentialAction\":[{\"@type\":\"SearchAction\",\"target\":{\"@type\":\"EntryPoint\",\"urlTemplate\":\"https:\/\/www.vegaintro-projekti.com\/pilar-stari\/?s={search_term_string}\"},\"query-input\":\"required name=search_term_string\"}],\"inLanguage\":\"hr\"},{\"@type\":\"Person\",\"@id\":\"https:\/\/www.vegaintro-projekti.com\/pilar-stari\/#\/schema\/person\/ddd404c9f1e15e4ffef5986ac6a5d28b\",\"name\":\"Boris\",\"image\":{\"@type\":\"ImageObject\",\"inLanguage\":\"hr\",\"@id\":\"https:\/\/www.vegaintro-projekti.com\/pilar-stari\/#\/schema\/person\/image\/\",\"url\":\"https:\/\/secure.gravatar.com\/avatar\/29557b161a6ce6ab86ac1503164f1e90?s=96&d=mm&r=g\",\"contentUrl\":\"https:\/\/secure.gravatar.com\/avatar\/29557b161a6ce6ab86ac1503164f1e90?s=96&d=mm&r=g\",\"caption\":\"Boris\"},\"url\":\"https:\/\/www.vegaintro-projekti.com\/pilar-stari\/author\/boris\/\"}]}<\/script>\n<!-- \/ Yoast SEO plugin. -->","yoast_head_json":{"title":"Znanstvena konferencija \"Intelektualne veze izme\u0111u Hrvatske i Slova\u010dke\", 18. 6. 2021. - Institut dru&scaron;tvenih znanosti Ivo Pilar","robots":{"index":"noindex","follow":"follow","max-snippet":"max-snippet:-1","max-image-preview":"max-image-preview:large","max-video-preview":"max-video-preview:-1"},"og_locale":"hr_HR","og_type":"article","og_title":"Znanstvena konferencija \"Intelektualne veze izme\u0111u Hrvatske i Slova\u010dke\", 18. 6. 2021. - Institut dru&scaron;tvenih znanosti Ivo Pilar","og_description":"Na Sveu\u010dili\u0161tu u Zadru odr\u017eana je 18. lipnja 2021. znanstvena konferencija \u201eIntelektualne veze izme\u0111u Hrvatske i Slova\u010dke\u201c. Konferenciju je pripremio Slova\u010dko-hrvatski odbor za humanisti\u010dke znanosti, koji vode prof. Martin Homza sa Sveu\u010dili\u0161ta Comenius u Bratislavi i \u017deljko Holjevac, ravnatelj Instituta dru\u0161tvenih znanosti Ivo Pilar Znanstvena konferencija &#8220;Intelektualne veze izme\u0111u Hrvatske i Slova\u010dke&#8221;; Zadar, 18. 6.&hellip; Pro\u010ditaj vi\u0161e o Znanstvena konferencija &#8220;Intelektualne veze izme\u0111u Hrvatske i Slova\u010dke&#8221;, 18. 6. 2021.","og_url":"https:\/\/www.vegaintro-projekti.com\/pilar-stari\/2021\/06\/znanstvena-konferencija-intelektualne-veze-izmedu-hrvatske-i-slovacke-18-6-2021\/","og_site_name":"Institut dru&scaron;tvenih znanosti Ivo Pilar","article_published_time":"2021-06-23T10:45:51+00:00","article_modified_time":"2021-07-02T18:13:45+00:00","og_image":[{"width":500,"height":220,"url":"https:\/\/www.vegaintro-projekti.com\/pilar-stari\/wp-content\/uploads\/2021\/06\/Hr_Slo_fi.jpg","type":"image\/jpeg"}],"author":"Boris","twitter_card":"summary_large_image","twitter_misc":{"Napisao\/la":"Boris","Procijenjeno vrijeme \u010ditanja":"2 minute"},"schema":{"@context":"https:\/\/schema.org","@graph":[{"@type":"WebPage","@id":"https:\/\/www.vegaintro-projekti.com\/pilar-stari\/2021\/06\/znanstvena-konferencija-intelektualne-veze-izmedu-hrvatske-i-slovacke-18-6-2021\/","url":"https:\/\/www.vegaintro-projekti.com\/pilar-stari\/2021\/06\/znanstvena-konferencija-intelektualne-veze-izmedu-hrvatske-i-slovacke-18-6-2021\/","name":"Znanstvena konferencija \"Intelektualne veze izme\u0111u Hrvatske i Slova\u010dke\", 18. 6. 2021. - Institut dru&scaron;tvenih znanosti Ivo Pilar","isPartOf":{"@id":"https:\/\/www.vegaintro-projekti.com\/pilar-stari\/#website"},"datePublished":"2021-06-23T10:45:51+00:00","dateModified":"2021-07-02T18:13:45+00:00","author":{"@id":"https:\/\/www.vegaintro-projekti.com\/pilar-stari\/#\/schema\/person\/ddd404c9f1e15e4ffef5986ac6a5d28b"},"breadcrumb":{"@id":"https:\/\/www.vegaintro-projekti.com\/pilar-stari\/2021\/06\/znanstvena-konferencija-intelektualne-veze-izmedu-hrvatske-i-slovacke-18-6-2021\/#breadcrumb"},"inLanguage":"hr","potentialAction":[{"@type":"ReadAction","target":["https:\/\/www.vegaintro-projekti.com\/pilar-stari\/2021\/06\/znanstvena-konferencija-intelektualne-veze-izmedu-hrvatske-i-slovacke-18-6-2021\/"]}]},{"@type":"BreadcrumbList","@id":"https:\/\/www.vegaintro-projekti.com\/pilar-stari\/2021\/06\/znanstvena-konferencija-intelektualne-veze-izmedu-hrvatske-i-slovacke-18-6-2021\/#breadcrumb","itemListElement":[{"@type":"ListItem","position":1,"name":"Home","item":"https:\/\/www.vegaintro-projekti.com\/pilar-stari\/"},{"@type":"ListItem","position":2,"name":"Znanstvena konferencija &#8220;Intelektualne veze izme\u0111u Hrvatske i Slova\u010dke&#8221;, 18. 6. 2021."}]},{"@type":"WebSite","@id":"https:\/\/www.vegaintro-projekti.com\/pilar-stari\/#website","url":"https:\/\/www.vegaintro-projekti.com\/pilar-stari\/","name":"Institut dru&scaron;tvenih znanosti Ivo Pilar","description":"Pilar","potentialAction":[{"@type":"SearchAction","target":{"@type":"EntryPoint","urlTemplate":"https:\/\/www.vegaintro-projekti.com\/pilar-stari\/?s={search_term_string}"},"query-input":"required name=search_term_string"}],"inLanguage":"hr"},{"@type":"Person","@id":"https:\/\/www.vegaintro-projekti.com\/pilar-stari\/#\/schema\/person\/ddd404c9f1e15e4ffef5986ac6a5d28b","name":"Boris","image":{"@type":"ImageObject","inLanguage":"hr","@id":"https:\/\/www.vegaintro-projekti.com\/pilar-stari\/#\/schema\/person\/image\/","url":"https:\/\/secure.gravatar.com\/avatar\/29557b161a6ce6ab86ac1503164f1e90?s=96&d=mm&r=g","contentUrl":"https:\/\/secure.gravatar.com\/avatar\/29557b161a6ce6ab86ac1503164f1e90?s=96&d=mm&r=g","caption":"Boris"},"url":"https:\/\/www.vegaintro-projekti.com\/pilar-stari\/author\/boris\/"}]}},"_links":{"self":[{"href":"https:\/\/www.vegaintro-projekti.com\/pilar-stari\/wp-json\/wp\/v2\/posts\/19071"}],"collection":[{"href":"https:\/\/www.vegaintro-projekti.com\/pilar-stari\/wp-json\/wp\/v2\/posts"}],"about":[{"href":"https:\/\/www.vegaintro-projekti.com\/pilar-stari\/wp-json\/wp\/v2\/types\/post"}],"author":[{"embeddable":true,"href":"https:\/\/www.vegaintro-projekti.com\/pilar-stari\/wp-json\/wp\/v2\/users\/7"}],"replies":[{"embeddable":true,"href":"https:\/\/www.vegaintro-projekti.com\/pilar-stari\/wp-json\/wp\/v2\/comments?post=19071"}],"version-history":[{"count":2,"href":"https:\/\/www.vegaintro-projekti.com\/pilar-stari\/wp-json\/wp\/v2\/posts\/19071\/revisions"}],"predecessor-version":[{"id":19073,"href":"https:\/\/www.vegaintro-projekti.com\/pilar-stari\/wp-json\/wp\/v2\/posts\/19071\/revisions\/19073"}],"wp:featuredmedia":[{"embeddable":true,"href":"https:\/\/www.vegaintro-projekti.com\/pilar-stari\/wp-json\/wp\/v2\/media\/19069"}],"wp:attachment":[{"href":"https:\/\/www.vegaintro-projekti.com\/pilar-stari\/wp-json\/wp\/v2\/media?parent=19071"}],"wp:term":[{"taxonomy":"category","embeddable":true,"href":"https:\/\/www.vegaintro-projekti.com\/pilar-stari\/wp-json\/wp\/v2\/categories?post=19071"},{"taxonomy":"post_tag","embeddable":true,"href":"https:\/\/www.vegaintro-projekti.com\/pilar-stari\/wp-json\/wp\/v2\/tags?post=19071"}],"curies":[{"name":"wp","href":"https:\/\/api.w.org\/{rel}","templated":true}]}}