{"id":19139,"date":"2021-07-02T18:09:02","date_gmt":"2021-07-02T18:09:02","guid":{"rendered":"https:\/\/www.vegaintro-projekti.com\/pilar-stari\/?p=19139"},"modified":"2021-07-02T18:12:20","modified_gmt":"2021-07-02T18:12:20","slug":"dr-sc-drazen-zivic-na-konferenciji-doprinos-jlprs-demografskoj-revitalizaciji-medimurske-i-varazdinske-zupanije-30-6-2021","status":"publish","type":"post","link":"https:\/\/www.vegaintro-projekti.com\/pilar-stari\/2021\/07\/dr-sc-drazen-zivic-na-konferenciji-doprinos-jlprs-demografskoj-revitalizaciji-medimurske-i-varazdinske-zupanije-30-6-2021\/","title":{"rendered":"Dr. sc. Dra\u017een \u017divi\u0107 na konferenciji &#8220;Doprinos JLP(R)S demografskoj revitalizaciji Me\u0111imurske i Vara\u017edinske \u017eupanije&#8221;, 30. 6. 2021."},"content":{"rendered":"<p><strong>Pomo\u0107nik ravnatelja Instituta Pilar i demograf dr. sc. Dra\u017een \u017divi\u0107 sudjelovao je na konferenciji &#8220;Doprinos JLP(R)S demografskoj revitalizaciji Me\u0111imurske i Vara\u017edinske \u017eupanije&#8221; koja je u organizaciji Sredi\u0161njeg dr\u017eavnog ureda za demografiju i mlade i Op\u0107ine Bednja odr\u017eana 30. lipnja 2021. u Trako\u0161\u0107anu<\/strong><\/p>\n<p><a href=\"https:\/\/www.vegaintro-projekti.com\/pilar-stari\/wp-content\/uploads\/2021\/07\/Sl.jpg\"><img decoding=\"async\" loading=\"lazy\" class=\"alignnone wp-image-19138 size-full\" src=\"https:\/\/www.vegaintro-projekti.com\/pilar-stari\/wp-content\/uploads\/2021\/07\/Sl_s.jpg\" alt=\"\" width=\"620\" height=\"349\" srcset=\"https:\/\/www.vegaintro-projekti.com\/pilar-stari\/wp-content\/uploads\/2021\/07\/Sl_s.jpg 620w, https:\/\/www.vegaintro-projekti.com\/pilar-stari\/wp-content\/uploads\/2021\/07\/Sl_s-300x169.jpg 300w\" sizes=\"(max-width: 620px) 100vw, 620px\" \/><\/a><\/p>\n<p>&#8211; <a href=\"https:\/\/www.vegaintro-projekti.com\/pilar-stari\/wp-content\/uploads\/2021\/07\/Program_konferencije.pdf\">Program konferencije &#8220;Doprinos JLP(R)S demografskoj revitalizaciji Me\u0111imurske i Vara\u017edinske \u017eupanije&#8221;; Vara\u017edin, 30. 6. 2021.<\/a><\/p>\n<p>Kao uvodni\u010dar, dr. sc. Dra\u017een \u017divi\u0107 prezentirao je temu: &#8220;Aktualne demografske prilike i perspektive revitalizacije stanovni\u0161tva Me\u0111imurske i Vara\u017edinske \u017eupanije&#8221;<\/p>\n<p><span style=\"font-size: 14pt;\">Sa\u017eetak uvodnog izlaganja<\/span><\/p>\n<p><strong>Dr. sc. Dra\u017een \u017divi\u0107: AKTUALNE DEMOGRAFSKE PRILIKE I PERSPEKTIVE REVITALIZACIJE STANOVNI\u0160TVA ME\u0110IMURSKE \u017dUPANIJE I VARA\u017dDINSKE \u017dUPANIJE<\/strong><\/p>\n<p>Me\u0111imurska \u017eupanija i Vara\u017edinska \u017eupanija prostiru se na ukupno 1.991 \u010detvornom kilometru povr\u0161ine, odnosno na svega 3,5% ukupne kopnene povr\u0161ine RH. Prema posljednjem popisu stanovni\u0161tva (2011.) u njima je \u017eivjelo 289 755 stanovnika (6,8% ukupnog stanovni\u0161tva RH), s prosje\u010dnom op\u0107om relativnom gusto\u0107om naseljenosti od signifikantnih 145,5 stan.\/km2, \u0161to upu\u0107uje na napu\u010denost koja je zamjetno iznad dr\u017eavnoga prosjeka (75,7 stan.\/km2). Navedene su \u017eupanije administrativno ustrojene u 9 gradova (7,1% svih gradova u RH) i 44 op\u0107ine (10,3 % svih op\u0107ina u RH), a u njima se ukupno nalazi 433 naselja (6,4% svih naselja u RH). Prosje\u010dna veli\u010dina naselja u ovim \u017eupanijama iznosila je 669 stanovnika (2011.), \u0161to je ne\u0161to vi\u0161e od hrvatskoga prosjeka (634), s tim da je Vara\u017edinsku \u017eupaniju karakterizirala slabija (prosje\u010dno 583 stanovnika po naselju), dok je Me\u0111imursku \u017eupaniju karakterizirala zamjetno ja\u010da napu\u010denost (prosje\u010dno 869 stanovnika po naselju) u odnosu na dr\u017eavni prosjek. Relevantni recentni demografski indikatori upu\u0107uju na to da se ove \u017eupanije nalaze u op\u0107oj depopulaciji, kao i u parcijalnim depopulacijskim procesima (prirodni pad i negativna migracijska bilanca), s tim da izme\u0111u njih postoje odre\u0111ene razlike u intenzitetu, ali ne i u predznaku demografske bilance. Izme\u0111u 1991. i 2011. broj ukupnog stanovni\u0161tva u Me\u0111imurskoj \u017eupaniji smanjen je za 5,1%, a u Vara\u017edinskoj \u017eupaniji za 6,3% (u objema \u017eupanijama zajedno stopa ukupne depopulacije iznosila je -5,8%), \u0161to u odnosu na op\u0107u depopulaciju ukupnog stanovni\u0161tva RH u istom razdoblju (-10,4%) indicira ispodprosje\u010dno populacijsko pra\u017enjenje, \u0161to zna\u010di da je utjecaj destabilizacijskih odrednica demografske dinamike u ovim \u017eupanijama ne\u0161to slabiji u odnosu na Hrvatsku u cjelini, a osobito u odnosu na one hrvatske \u017eupanije koje su bile vi\u0161e zahva\u0107ene demografskim ratnim gubitcima u Domovinskom ratu i\/ili znatnije zaostaju u dru\u0161tveno-gospodarskom razvoju. Ukupna depopulacija kao op\u0107i dinami\u010dki proces nastavljena je i nakon posljednjega popisa, na \u0161to upozoravaju rezultati procjene broja stanovnika. Tako je, prema procjeni DZSRH-a, od sredine 2011. do sredine 2019. broj stanovnika u Me\u0111imurskoj \u017eupaniji smanjen za 4,0%, u Vara\u017edinskoj \u017eupaniji za 5,5% te u objema \u017eupanijama zajedno za dodatnih 4,9%, \u0161to je ne\u0161to ispod dr\u017eavnoga prosjeka (-5,0%). Za razumijevanje i realno predvi\u0111anje budu\u0107ih demografskih trendova, osobito u bioreprodukciji stanovni\u0161tva, ali i migracijama, treba upozoriti na sve lo\u0161ije pokazatelje sastava stanovni\u0161tva po dobi jer oni potvr\u0111uju da su obje \u017eupanije zahva\u0107ene procesom demografskoga starenja, uz napomenu da je ono zamjetno slabije izra\u017eeno u odnosu na stanje ostarjelosti ukupne populacije RH. Poreme\u0107ena dobna struktura stanovni\u0161tva negativan je \u010dimbenik formiranja fertilnih i radno sposobnih segmenata populacije, a time i destabilizacijska odrednica populacijske revitalizacije te njihova ukupnog demografskog i dru\u0161tveno-gospodarskog razvoja i napretka. Premda je demografska slika Vara\u017edinske \u017eupanije i Me\u0111imurske \u017eupanije u cjelini ne\u0161to povoljnija u odnosu na RH, pa mo\u017eemo govoriti o svojevrsnom pozitivnom (preciznije re\u010deno, manje nepovoljnom) demografskom polu, aktualni demografski trendovi upozoravaju na potrebu sna\u017enije primjene mjera revitalizacije stanovni\u0161tva kao glavnom pokreta\u010du ekonomske aktivnosti u prostoru. To vi\u0161e, jer su obje \u017eupanije u proteklim mjesecima bile sna\u017eno zahva\u0107ene epidemijom bolesti COVID-19 \u010dije demografske u\u010dinke jo\u0161 ne mo\u017eemo u cijelosti procijeniti, ali ih mo\u017eemo prepoznati u negativnim bioreproduktivnim pokazateljima na dr\u017eavnoj razini.<\/p>\n<p><strong>Klju\u010dne rije\u010di:<\/strong> Vara\u017edinska \u017eupanija; Me\u0111imurska \u017eupanija; depopulacija; prirodni pad; negativna migracijska bilanca; demografsko starenje; revitalizacija<\/p>\n<blockquote><p><a href=\"https:\/\/www.vegaintro-projekti.com\/pilar-stari\/2018\/04\/podruni-centar-vukovar-2\/\">Podru\u010dni centar Vukovar<\/a><\/p><\/blockquote>\n","protected":false},"excerpt":{"rendered":"<p>Pomo\u0107nik ravnatelja Instituta Pilar i demograf dr. sc. Dra\u017een \u017divi\u0107 sudjelovao je na konferenciji &#8220;Doprinos JLP(R)S demografskoj revitalizaciji Me\u0111imurske i Vara\u017edinske \u017eupanije&#8221; koja je u organizaciji Sredi\u0161njeg dr\u017eavnog ureda za demografiju i mlade i Op\u0107ine Bednja odr\u017eana 30. lipnja 2021. u Trako\u0161\u0107anu &#8211; Program konferencije &#8220;Doprinos JLP(R)S demografskoj revitalizaciji Me\u0111imurske i Vara\u017edinske \u017eupanije&#8221;; Vara\u017edin, 30.&hellip; <a class=\"continue\" href=\"https:\/\/www.vegaintro-projekti.com\/pilar-stari\/2021\/07\/dr-sc-drazen-zivic-na-konferenciji-doprinos-jlprs-demografskoj-revitalizaciji-medimurske-i-varazdinske-zupanije-30-6-2021\/\">Pro\u010ditaj vi\u0161e o<span> Dr. sc. Dra\u017een \u017divi\u0107 na konferenciji &#8220;Doprinos JLP(R)S demografskoj revitalizaciji Me\u0111imurske i Vara\u017edinske \u017eupanije&#8221;, 30. 6. 2021.<\/span><\/a><\/p>\n","protected":false},"author":7,"featured_media":19137,"comment_status":"closed","ping_status":"closed","sticky":false,"template":"","format":"standard","meta":{"inline_featured_image":false,"ngg_post_thumbnail":0,"footnotes":""},"categories":[48,11],"tags":[],"yoast_head":"<!-- This site is optimized with the Yoast SEO plugin v21.2 - https:\/\/yoast.com\/wordpress\/plugins\/seo\/ -->\n<title>Dr. sc. Dra\u017een \u017divi\u0107 na konferenciji &quot;Doprinos JLP(R)S demografskoj revitalizaciji Me\u0111imurske i Vara\u017edinske \u017eupanije&quot;, 30. 6. 2021. - Institut dru&scaron;tvenih znanosti Ivo Pilar<\/title>\n<meta name=\"robots\" content=\"noindex, follow, max-snippet:-1, max-image-preview:large, max-video-preview:-1\" \/>\n<meta property=\"og:locale\" content=\"hr_HR\" \/>\n<meta property=\"og:type\" content=\"article\" \/>\n<meta property=\"og:title\" content=\"Dr. sc. Dra\u017een \u017divi\u0107 na konferenciji &quot;Doprinos JLP(R)S demografskoj revitalizaciji Me\u0111imurske i Vara\u017edinske \u017eupanije&quot;, 30. 6. 2021. - Institut dru&scaron;tvenih znanosti Ivo Pilar\" \/>\n<meta property=\"og:description\" content=\"Pomo\u0107nik ravnatelja Instituta Pilar i demograf dr. sc. Dra\u017een \u017divi\u0107 sudjelovao je na konferenciji &#8220;Doprinos JLP(R)S demografskoj revitalizaciji Me\u0111imurske i Vara\u017edinske \u017eupanije&#8221; koja je u organizaciji Sredi\u0161njeg dr\u017eavnog ureda za demografiju i mlade i Op\u0107ine Bednja odr\u017eana 30. lipnja 2021. u Trako\u0161\u0107anu &#8211; Program konferencije &#8220;Doprinos JLP(R)S demografskoj revitalizaciji Me\u0111imurske i Vara\u017edinske \u017eupanije&#8221;; Vara\u017edin, 30.&hellip; Pro\u010ditaj vi\u0161e o Dr. sc. Dra\u017een \u017divi\u0107 na konferenciji &#8220;Doprinos JLP(R)S demografskoj revitalizaciji Me\u0111imurske i Vara\u017edinske \u017eupanije&#8221;, 30. 6. 2021.\" \/>\n<meta property=\"og:url\" content=\"https:\/\/www.vegaintro-projekti.com\/pilar-stari\/2021\/07\/dr-sc-drazen-zivic-na-konferenciji-doprinos-jlprs-demografskoj-revitalizaciji-medimurske-i-varazdinske-zupanije-30-6-2021\/\" \/>\n<meta property=\"og:site_name\" content=\"Institut dru&scaron;tvenih znanosti Ivo Pilar\" \/>\n<meta property=\"article:published_time\" content=\"2021-07-02T18:09:02+00:00\" \/>\n<meta property=\"article:modified_time\" content=\"2021-07-02T18:12:20+00:00\" \/>\n<meta property=\"og:image\" content=\"https:\/\/www.vegaintro-projekti.com\/pilar-stari\/wp-content\/uploads\/2021\/07\/Sl_fi.jpg\" \/>\n\t<meta property=\"og:image:width\" content=\"500\" \/>\n\t<meta property=\"og:image:height\" content=\"220\" \/>\n\t<meta property=\"og:image:type\" content=\"image\/jpeg\" \/>\n<meta name=\"author\" content=\"Boris\" \/>\n<meta name=\"twitter:card\" content=\"summary_large_image\" \/>\n<meta name=\"twitter:label1\" content=\"Napisao\/la\" \/>\n\t<meta name=\"twitter:data1\" content=\"Boris\" \/>\n\t<meta name=\"twitter:label2\" content=\"Procijenjeno vrijeme \u010ditanja\" \/>\n\t<meta name=\"twitter:data2\" content=\"3 minute\" \/>\n<script type=\"application\/ld+json\" class=\"yoast-schema-graph\">{\"@context\":\"https:\/\/schema.org\",\"@graph\":[{\"@type\":\"WebPage\",\"@id\":\"https:\/\/www.vegaintro-projekti.com\/pilar-stari\/2021\/07\/dr-sc-drazen-zivic-na-konferenciji-doprinos-jlprs-demografskoj-revitalizaciji-medimurske-i-varazdinske-zupanije-30-6-2021\/\",\"url\":\"https:\/\/www.vegaintro-projekti.com\/pilar-stari\/2021\/07\/dr-sc-drazen-zivic-na-konferenciji-doprinos-jlprs-demografskoj-revitalizaciji-medimurske-i-varazdinske-zupanije-30-6-2021\/\",\"name\":\"Dr. sc. Dra\u017een \u017divi\u0107 na konferenciji \\\"Doprinos JLP(R)S demografskoj revitalizaciji Me\u0111imurske i Vara\u017edinske \u017eupanije\\\", 30. 6. 2021. - Institut dru&scaron;tvenih znanosti Ivo Pilar\",\"isPartOf\":{\"@id\":\"https:\/\/www.vegaintro-projekti.com\/pilar-stari\/#website\"},\"datePublished\":\"2021-07-02T18:09:02+00:00\",\"dateModified\":\"2021-07-02T18:12:20+00:00\",\"author\":{\"@id\":\"https:\/\/www.vegaintro-projekti.com\/pilar-stari\/#\/schema\/person\/ddd404c9f1e15e4ffef5986ac6a5d28b\"},\"breadcrumb\":{\"@id\":\"https:\/\/www.vegaintro-projekti.com\/pilar-stari\/2021\/07\/dr-sc-drazen-zivic-na-konferenciji-doprinos-jlprs-demografskoj-revitalizaciji-medimurske-i-varazdinske-zupanije-30-6-2021\/#breadcrumb\"},\"inLanguage\":\"hr\",\"potentialAction\":[{\"@type\":\"ReadAction\",\"target\":[\"https:\/\/www.vegaintro-projekti.com\/pilar-stari\/2021\/07\/dr-sc-drazen-zivic-na-konferenciji-doprinos-jlprs-demografskoj-revitalizaciji-medimurske-i-varazdinske-zupanije-30-6-2021\/\"]}]},{\"@type\":\"BreadcrumbList\",\"@id\":\"https:\/\/www.vegaintro-projekti.com\/pilar-stari\/2021\/07\/dr-sc-drazen-zivic-na-konferenciji-doprinos-jlprs-demografskoj-revitalizaciji-medimurske-i-varazdinske-zupanije-30-6-2021\/#breadcrumb\",\"itemListElement\":[{\"@type\":\"ListItem\",\"position\":1,\"name\":\"Home\",\"item\":\"https:\/\/www.vegaintro-projekti.com\/pilar-stari\/\"},{\"@type\":\"ListItem\",\"position\":2,\"name\":\"Dr. sc. Dra\u017een \u017divi\u0107 na konferenciji &#8220;Doprinos JLP(R)S demografskoj revitalizaciji Me\u0111imurske i Vara\u017edinske \u017eupanije&#8221;, 30. 6. 2021.\"}]},{\"@type\":\"WebSite\",\"@id\":\"https:\/\/www.vegaintro-projekti.com\/pilar-stari\/#website\",\"url\":\"https:\/\/www.vegaintro-projekti.com\/pilar-stari\/\",\"name\":\"Institut dru&scaron;tvenih znanosti Ivo Pilar\",\"description\":\"Pilar\",\"potentialAction\":[{\"@type\":\"SearchAction\",\"target\":{\"@type\":\"EntryPoint\",\"urlTemplate\":\"https:\/\/www.vegaintro-projekti.com\/pilar-stari\/?s={search_term_string}\"},\"query-input\":\"required name=search_term_string\"}],\"inLanguage\":\"hr\"},{\"@type\":\"Person\",\"@id\":\"https:\/\/www.vegaintro-projekti.com\/pilar-stari\/#\/schema\/person\/ddd404c9f1e15e4ffef5986ac6a5d28b\",\"name\":\"Boris\",\"image\":{\"@type\":\"ImageObject\",\"inLanguage\":\"hr\",\"@id\":\"https:\/\/www.vegaintro-projekti.com\/pilar-stari\/#\/schema\/person\/image\/\",\"url\":\"https:\/\/secure.gravatar.com\/avatar\/29557b161a6ce6ab86ac1503164f1e90?s=96&d=mm&r=g\",\"contentUrl\":\"https:\/\/secure.gravatar.com\/avatar\/29557b161a6ce6ab86ac1503164f1e90?s=96&d=mm&r=g\",\"caption\":\"Boris\"},\"url\":\"https:\/\/www.vegaintro-projekti.com\/pilar-stari\/author\/boris\/\"}]}<\/script>\n<!-- \/ Yoast SEO plugin. -->","yoast_head_json":{"title":"Dr. sc. Dra\u017een \u017divi\u0107 na konferenciji \"Doprinos JLP(R)S demografskoj revitalizaciji Me\u0111imurske i Vara\u017edinske \u017eupanije\", 30. 6. 2021. - Institut dru&scaron;tvenih znanosti Ivo Pilar","robots":{"index":"noindex","follow":"follow","max-snippet":"max-snippet:-1","max-image-preview":"max-image-preview:large","max-video-preview":"max-video-preview:-1"},"og_locale":"hr_HR","og_type":"article","og_title":"Dr. sc. Dra\u017een \u017divi\u0107 na konferenciji \"Doprinos JLP(R)S demografskoj revitalizaciji Me\u0111imurske i Vara\u017edinske \u017eupanije\", 30. 6. 2021. - Institut dru&scaron;tvenih znanosti Ivo Pilar","og_description":"Pomo\u0107nik ravnatelja Instituta Pilar i demograf dr. sc. Dra\u017een \u017divi\u0107 sudjelovao je na konferenciji &#8220;Doprinos JLP(R)S demografskoj revitalizaciji Me\u0111imurske i Vara\u017edinske \u017eupanije&#8221; koja je u organizaciji Sredi\u0161njeg dr\u017eavnog ureda za demografiju i mlade i Op\u0107ine Bednja odr\u017eana 30. lipnja 2021. u Trako\u0161\u0107anu &#8211; Program konferencije &#8220;Doprinos JLP(R)S demografskoj revitalizaciji Me\u0111imurske i Vara\u017edinske \u017eupanije&#8221;; Vara\u017edin, 30.&hellip; Pro\u010ditaj vi\u0161e o Dr. sc. Dra\u017een \u017divi\u0107 na konferenciji &#8220;Doprinos JLP(R)S demografskoj revitalizaciji Me\u0111imurske i Vara\u017edinske \u017eupanije&#8221;, 30. 6. 2021.","og_url":"https:\/\/www.vegaintro-projekti.com\/pilar-stari\/2021\/07\/dr-sc-drazen-zivic-na-konferenciji-doprinos-jlprs-demografskoj-revitalizaciji-medimurske-i-varazdinske-zupanije-30-6-2021\/","og_site_name":"Institut dru&scaron;tvenih znanosti Ivo Pilar","article_published_time":"2021-07-02T18:09:02+00:00","article_modified_time":"2021-07-02T18:12:20+00:00","og_image":[{"width":500,"height":220,"url":"https:\/\/www.vegaintro-projekti.com\/pilar-stari\/wp-content\/uploads\/2021\/07\/Sl_fi.jpg","type":"image\/jpeg"}],"author":"Boris","twitter_card":"summary_large_image","twitter_misc":{"Napisao\/la":"Boris","Procijenjeno vrijeme \u010ditanja":"3 minute"},"schema":{"@context":"https:\/\/schema.org","@graph":[{"@type":"WebPage","@id":"https:\/\/www.vegaintro-projekti.com\/pilar-stari\/2021\/07\/dr-sc-drazen-zivic-na-konferenciji-doprinos-jlprs-demografskoj-revitalizaciji-medimurske-i-varazdinske-zupanije-30-6-2021\/","url":"https:\/\/www.vegaintro-projekti.com\/pilar-stari\/2021\/07\/dr-sc-drazen-zivic-na-konferenciji-doprinos-jlprs-demografskoj-revitalizaciji-medimurske-i-varazdinske-zupanije-30-6-2021\/","name":"Dr. sc. Dra\u017een \u017divi\u0107 na konferenciji \"Doprinos JLP(R)S demografskoj revitalizaciji Me\u0111imurske i Vara\u017edinske \u017eupanije\", 30. 6. 2021. - Institut dru&scaron;tvenih znanosti Ivo Pilar","isPartOf":{"@id":"https:\/\/www.vegaintro-projekti.com\/pilar-stari\/#website"},"datePublished":"2021-07-02T18:09:02+00:00","dateModified":"2021-07-02T18:12:20+00:00","author":{"@id":"https:\/\/www.vegaintro-projekti.com\/pilar-stari\/#\/schema\/person\/ddd404c9f1e15e4ffef5986ac6a5d28b"},"breadcrumb":{"@id":"https:\/\/www.vegaintro-projekti.com\/pilar-stari\/2021\/07\/dr-sc-drazen-zivic-na-konferenciji-doprinos-jlprs-demografskoj-revitalizaciji-medimurske-i-varazdinske-zupanije-30-6-2021\/#breadcrumb"},"inLanguage":"hr","potentialAction":[{"@type":"ReadAction","target":["https:\/\/www.vegaintro-projekti.com\/pilar-stari\/2021\/07\/dr-sc-drazen-zivic-na-konferenciji-doprinos-jlprs-demografskoj-revitalizaciji-medimurske-i-varazdinske-zupanije-30-6-2021\/"]}]},{"@type":"BreadcrumbList","@id":"https:\/\/www.vegaintro-projekti.com\/pilar-stari\/2021\/07\/dr-sc-drazen-zivic-na-konferenciji-doprinos-jlprs-demografskoj-revitalizaciji-medimurske-i-varazdinske-zupanije-30-6-2021\/#breadcrumb","itemListElement":[{"@type":"ListItem","position":1,"name":"Home","item":"https:\/\/www.vegaintro-projekti.com\/pilar-stari\/"},{"@type":"ListItem","position":2,"name":"Dr. sc. Dra\u017een \u017divi\u0107 na konferenciji &#8220;Doprinos JLP(R)S demografskoj revitalizaciji Me\u0111imurske i Vara\u017edinske \u017eupanije&#8221;, 30. 6. 2021."}]},{"@type":"WebSite","@id":"https:\/\/www.vegaintro-projekti.com\/pilar-stari\/#website","url":"https:\/\/www.vegaintro-projekti.com\/pilar-stari\/","name":"Institut dru&scaron;tvenih znanosti Ivo Pilar","description":"Pilar","potentialAction":[{"@type":"SearchAction","target":{"@type":"EntryPoint","urlTemplate":"https:\/\/www.vegaintro-projekti.com\/pilar-stari\/?s={search_term_string}"},"query-input":"required name=search_term_string"}],"inLanguage":"hr"},{"@type":"Person","@id":"https:\/\/www.vegaintro-projekti.com\/pilar-stari\/#\/schema\/person\/ddd404c9f1e15e4ffef5986ac6a5d28b","name":"Boris","image":{"@type":"ImageObject","inLanguage":"hr","@id":"https:\/\/www.vegaintro-projekti.com\/pilar-stari\/#\/schema\/person\/image\/","url":"https:\/\/secure.gravatar.com\/avatar\/29557b161a6ce6ab86ac1503164f1e90?s=96&d=mm&r=g","contentUrl":"https:\/\/secure.gravatar.com\/avatar\/29557b161a6ce6ab86ac1503164f1e90?s=96&d=mm&r=g","caption":"Boris"},"url":"https:\/\/www.vegaintro-projekti.com\/pilar-stari\/author\/boris\/"}]}},"_links":{"self":[{"href":"https:\/\/www.vegaintro-projekti.com\/pilar-stari\/wp-json\/wp\/v2\/posts\/19139"}],"collection":[{"href":"https:\/\/www.vegaintro-projekti.com\/pilar-stari\/wp-json\/wp\/v2\/posts"}],"about":[{"href":"https:\/\/www.vegaintro-projekti.com\/pilar-stari\/wp-json\/wp\/v2\/types\/post"}],"author":[{"embeddable":true,"href":"https:\/\/www.vegaintro-projekti.com\/pilar-stari\/wp-json\/wp\/v2\/users\/7"}],"replies":[{"embeddable":true,"href":"https:\/\/www.vegaintro-projekti.com\/pilar-stari\/wp-json\/wp\/v2\/comments?post=19139"}],"version-history":[{"count":4,"href":"https:\/\/www.vegaintro-projekti.com\/pilar-stari\/wp-json\/wp\/v2\/posts\/19139\/revisions"}],"predecessor-version":[{"id":19143,"href":"https:\/\/www.vegaintro-projekti.com\/pilar-stari\/wp-json\/wp\/v2\/posts\/19139\/revisions\/19143"}],"wp:featuredmedia":[{"embeddable":true,"href":"https:\/\/www.vegaintro-projekti.com\/pilar-stari\/wp-json\/wp\/v2\/media\/19137"}],"wp:attachment":[{"href":"https:\/\/www.vegaintro-projekti.com\/pilar-stari\/wp-json\/wp\/v2\/media?parent=19139"}],"wp:term":[{"taxonomy":"category","embeddable":true,"href":"https:\/\/www.vegaintro-projekti.com\/pilar-stari\/wp-json\/wp\/v2\/categories?post=19139"},{"taxonomy":"post_tag","embeddable":true,"href":"https:\/\/www.vegaintro-projekti.com\/pilar-stari\/wp-json\/wp\/v2\/tags?post=19139"}],"curies":[{"name":"wp","href":"https:\/\/api.w.org\/{rel}","templated":true}]}}