{"id":19211,"date":"2021-07-06T17:52:20","date_gmt":"2021-07-06T17:52:20","guid":{"rendered":"https:\/\/www.vegaintro-projekti.com\/pilar-stari\/?p=19211"},"modified":"2021-07-06T17:52:52","modified_gmt":"2021-07-06T17:52:52","slug":"dr-sc-sandra-cvikic-na-okruglom-stolu-utjecaj-blokade-na-medunarodnu-politiku-nustar-1-7-2021","status":"publish","type":"post","link":"https:\/\/www.vegaintro-projekti.com\/pilar-stari\/2021\/07\/dr-sc-sandra-cvikic-na-okruglom-stolu-utjecaj-blokade-na-medunarodnu-politiku-nustar-1-7-2021\/","title":{"rendered":"Dr. sc. Sandra Cviki\u0107 na okruglom stolu \u201eUtjecaj blokade na me\u0111unarodnu politiku\u201c; Nu\u0161tar, 1. 7. 2021."},"content":{"rendered":"<p><strong>Dr. sc. Sandra Cviki\u0107 je na poziv Zajednice povratnika hrvatskoga Podunavlja sudjelovala na okruglom stolu na temu \u201eUtjecaj blokade na me\u0111unarodnu politiku\u201c koji je uprili\u010den povodom obilje\u017eavanja sje\u0107anja na po\u010detak akcije prognanika u blokadi UNPROFOR-ovih postrojbi 1. srpnja 1994. godine. Okrugli stol odr\u017ean je u Nu\u0161tru 1. srpnja 2021. u prostorijama op\u0107ine, gdje se raspravljalo o procesu mirne reintegracije hrvatskoga Podunavlja i aktivnostima prognanika koje su prethodile tom procesu<\/strong><\/p>\n<p><a href=\"https:\/\/www.vegaintro-projekti.com\/pilar-stari\/wp-content\/uploads\/2021\/07\/Sandra_Cvikic.jpg\"><img decoding=\"async\" loading=\"lazy\" class=\"alignnone wp-image-19210 size-full\" src=\"https:\/\/www.vegaintro-projekti.com\/pilar-stari\/wp-content\/uploads\/2021\/07\/Sandra_Cvikic_s.jpg\" alt=\"\" width=\"620\" height=\"413\" srcset=\"https:\/\/www.vegaintro-projekti.com\/pilar-stari\/wp-content\/uploads\/2021\/07\/Sandra_Cvikic_s.jpg 620w, https:\/\/www.vegaintro-projekti.com\/pilar-stari\/wp-content\/uploads\/2021\/07\/Sandra_Cvikic_s-300x200.jpg 300w\" sizes=\"(max-width: 620px) 100vw, 620px\" \/><\/a><\/p>\n<p><strong>Nu\u0161tar-Marinci, 1. 7. 2021.<\/strong> &#8211; U organizaciji Zajednice povratnika hrvatskog podunavlja obilje\u017eena obljetnica najve\u0107e akcije hrvatskih prognanika, blokada za\u0161titnih vojnih snaga ujedinjenih naroda UNPROFOR, koja je zapo\u010dela 1. srpnja 1994. na punktovima UNPROFOR-a i trajala je 46 dana. Otkrivena je spomen plo\u010da na mjestu nekada\u0161njeg punkta Nu\u0161tar-Marinci. Na fotografiji dr. sc. Sandra Cviki\u0107 (Institut Ivo Pilar)<\/p>\n<p><span style=\"font-size: 14pt;\">Iz medija<\/span><\/p>\n<p><strong>&#8211; Narod.hr:<\/strong> <a href=\"https:\/\/narod.hr\/hrvatska\/povratnici-hrvatskoga-podunavlja-blokada-unprofor-a-bila-je-najveca-pobjeda-hrvatskih-prognanika\">Povratnici Hrvatskoga Podunavlja: Blokada UNPROFOR-a bila je najve\u0107a pobjeda hrvatskih prognanika, 1. 7. 2021.<\/a><\/p>\n<blockquote><p><a href=\"https:\/\/www.vegaintro-projekti.com\/pilar-stari\/2018\/04\/podruni-centar-vukovar-2\/\">Podru\u010dni centar Vukovar<\/a><\/p><\/blockquote>\n","protected":false},"excerpt":{"rendered":"<p>Dr. sc. Sandra Cviki\u0107 je na poziv Zajednice povratnika hrvatskoga Podunavlja sudjelovala na okruglom stolu na temu \u201eUtjecaj blokade na me\u0111unarodnu politiku\u201c koji je uprili\u010den povodom obilje\u017eavanja sje\u0107anja na po\u010detak akcije prognanika u blokadi UNPROFOR-ovih postrojbi 1. srpnja 1994. godine. Okrugli stol odr\u017ean je u Nu\u0161tru 1. srpnja 2021. u prostorijama op\u0107ine, gdje se raspravljalo&hellip; <a class=\"continue\" href=\"https:\/\/www.vegaintro-projekti.com\/pilar-stari\/2021\/07\/dr-sc-sandra-cvikic-na-okruglom-stolu-utjecaj-blokade-na-medunarodnu-politiku-nustar-1-7-2021\/\">Pro\u010ditaj vi\u0161e o<span> Dr. sc. Sandra Cviki\u0107 na okruglom stolu \u201eUtjecaj blokade na me\u0111unarodnu politiku\u201c; Nu\u0161tar, 1. 7. 2021.<\/span><\/a><\/p>\n","protected":false},"author":7,"featured_media":19209,"comment_status":"closed","ping_status":"closed","sticky":false,"template":"","format":"standard","meta":{"inline_featured_image":false,"ngg_post_thumbnail":0,"footnotes":""},"categories":[48,12],"tags":[],"yoast_head":"<!-- This site is optimized with the Yoast SEO plugin v21.2 - https:\/\/yoast.com\/wordpress\/plugins\/seo\/ -->\n<title>Dr. sc. Sandra Cviki\u0107 na okruglom stolu \u201eUtjecaj blokade na me\u0111unarodnu politiku\u201c; Nu\u0161tar, 1. 7. 2021. - Institut dru&scaron;tvenih znanosti Ivo Pilar<\/title>\n<meta name=\"robots\" content=\"noindex, follow, max-snippet:-1, max-image-preview:large, max-video-preview:-1\" \/>\n<meta property=\"og:locale\" content=\"hr_HR\" \/>\n<meta property=\"og:type\" content=\"article\" \/>\n<meta property=\"og:title\" content=\"Dr. sc. Sandra Cviki\u0107 na okruglom stolu \u201eUtjecaj blokade na me\u0111unarodnu politiku\u201c; Nu\u0161tar, 1. 7. 2021. - Institut dru&scaron;tvenih znanosti Ivo Pilar\" \/>\n<meta property=\"og:description\" content=\"Dr. sc. Sandra Cviki\u0107 je na poziv Zajednice povratnika hrvatskoga Podunavlja sudjelovala na okruglom stolu na temu \u201eUtjecaj blokade na me\u0111unarodnu politiku\u201c koji je uprili\u010den povodom obilje\u017eavanja sje\u0107anja na po\u010detak akcije prognanika u blokadi UNPROFOR-ovih postrojbi 1. srpnja 1994. godine. Okrugli stol odr\u017ean je u Nu\u0161tru 1. srpnja 2021. u prostorijama op\u0107ine, gdje se raspravljalo&hellip; Pro\u010ditaj vi\u0161e o Dr. sc. Sandra Cviki\u0107 na okruglom stolu \u201eUtjecaj blokade na me\u0111unarodnu politiku\u201c; Nu\u0161tar, 1. 7. 2021.\" \/>\n<meta property=\"og:url\" content=\"https:\/\/www.vegaintro-projekti.com\/pilar-stari\/2021\/07\/dr-sc-sandra-cvikic-na-okruglom-stolu-utjecaj-blokade-na-medunarodnu-politiku-nustar-1-7-2021\/\" \/>\n<meta property=\"og:site_name\" content=\"Institut dru&scaron;tvenih znanosti Ivo Pilar\" \/>\n<meta property=\"article:published_time\" content=\"2021-07-06T17:52:20+00:00\" \/>\n<meta property=\"article:modified_time\" content=\"2021-07-06T17:52:52+00:00\" \/>\n<meta property=\"og:image\" content=\"https:\/\/www.vegaintro-projekti.com\/pilar-stari\/wp-content\/uploads\/2021\/07\/Sandra_Cvikic_fi.jpg\" \/>\n\t<meta property=\"og:image:width\" content=\"500\" \/>\n\t<meta property=\"og:image:height\" content=\"220\" \/>\n\t<meta property=\"og:image:type\" content=\"image\/jpeg\" \/>\n<meta name=\"author\" content=\"Boris\" \/>\n<meta name=\"twitter:card\" content=\"summary_large_image\" \/>\n<meta name=\"twitter:label1\" content=\"Napisao\/la\" \/>\n\t<meta name=\"twitter:data1\" content=\"Boris\" \/>\n\t<meta name=\"twitter:label2\" content=\"Procijenjeno vrijeme \u010ditanja\" \/>\n\t<meta name=\"twitter:data2\" content=\"1 minuta\" \/>\n<script type=\"application\/ld+json\" class=\"yoast-schema-graph\">{\"@context\":\"https:\/\/schema.org\",\"@graph\":[{\"@type\":\"WebPage\",\"@id\":\"https:\/\/www.vegaintro-projekti.com\/pilar-stari\/2021\/07\/dr-sc-sandra-cvikic-na-okruglom-stolu-utjecaj-blokade-na-medunarodnu-politiku-nustar-1-7-2021\/\",\"url\":\"https:\/\/www.vegaintro-projekti.com\/pilar-stari\/2021\/07\/dr-sc-sandra-cvikic-na-okruglom-stolu-utjecaj-blokade-na-medunarodnu-politiku-nustar-1-7-2021\/\",\"name\":\"Dr. sc. Sandra Cviki\u0107 na okruglom stolu \u201eUtjecaj blokade na me\u0111unarodnu politiku\u201c; Nu\u0161tar, 1. 7. 2021. - Institut dru&scaron;tvenih znanosti Ivo Pilar\",\"isPartOf\":{\"@id\":\"https:\/\/www.vegaintro-projekti.com\/pilar-stari\/#website\"},\"datePublished\":\"2021-07-06T17:52:20+00:00\",\"dateModified\":\"2021-07-06T17:52:52+00:00\",\"author\":{\"@id\":\"https:\/\/www.vegaintro-projekti.com\/pilar-stari\/#\/schema\/person\/ddd404c9f1e15e4ffef5986ac6a5d28b\"},\"breadcrumb\":{\"@id\":\"https:\/\/www.vegaintro-projekti.com\/pilar-stari\/2021\/07\/dr-sc-sandra-cvikic-na-okruglom-stolu-utjecaj-blokade-na-medunarodnu-politiku-nustar-1-7-2021\/#breadcrumb\"},\"inLanguage\":\"hr\",\"potentialAction\":[{\"@type\":\"ReadAction\",\"target\":[\"https:\/\/www.vegaintro-projekti.com\/pilar-stari\/2021\/07\/dr-sc-sandra-cvikic-na-okruglom-stolu-utjecaj-blokade-na-medunarodnu-politiku-nustar-1-7-2021\/\"]}]},{\"@type\":\"BreadcrumbList\",\"@id\":\"https:\/\/www.vegaintro-projekti.com\/pilar-stari\/2021\/07\/dr-sc-sandra-cvikic-na-okruglom-stolu-utjecaj-blokade-na-medunarodnu-politiku-nustar-1-7-2021\/#breadcrumb\",\"itemListElement\":[{\"@type\":\"ListItem\",\"position\":1,\"name\":\"Home\",\"item\":\"https:\/\/www.vegaintro-projekti.com\/pilar-stari\/\"},{\"@type\":\"ListItem\",\"position\":2,\"name\":\"Dr. sc. Sandra Cviki\u0107 na okruglom stolu \u201eUtjecaj blokade na me\u0111unarodnu politiku\u201c; Nu\u0161tar, 1. 7. 2021.\"}]},{\"@type\":\"WebSite\",\"@id\":\"https:\/\/www.vegaintro-projekti.com\/pilar-stari\/#website\",\"url\":\"https:\/\/www.vegaintro-projekti.com\/pilar-stari\/\",\"name\":\"Institut dru&scaron;tvenih znanosti Ivo Pilar\",\"description\":\"Pilar\",\"potentialAction\":[{\"@type\":\"SearchAction\",\"target\":{\"@type\":\"EntryPoint\",\"urlTemplate\":\"https:\/\/www.vegaintro-projekti.com\/pilar-stari\/?s={search_term_string}\"},\"query-input\":\"required name=search_term_string\"}],\"inLanguage\":\"hr\"},{\"@type\":\"Person\",\"@id\":\"https:\/\/www.vegaintro-projekti.com\/pilar-stari\/#\/schema\/person\/ddd404c9f1e15e4ffef5986ac6a5d28b\",\"name\":\"Boris\",\"image\":{\"@type\":\"ImageObject\",\"inLanguage\":\"hr\",\"@id\":\"https:\/\/www.vegaintro-projekti.com\/pilar-stari\/#\/schema\/person\/image\/\",\"url\":\"https:\/\/secure.gravatar.com\/avatar\/29557b161a6ce6ab86ac1503164f1e90?s=96&d=mm&r=g\",\"contentUrl\":\"https:\/\/secure.gravatar.com\/avatar\/29557b161a6ce6ab86ac1503164f1e90?s=96&d=mm&r=g\",\"caption\":\"Boris\"},\"url\":\"https:\/\/www.vegaintro-projekti.com\/pilar-stari\/author\/boris\/\"}]}<\/script>\n<!-- \/ Yoast SEO plugin. -->","yoast_head_json":{"title":"Dr. sc. Sandra Cviki\u0107 na okruglom stolu \u201eUtjecaj blokade na me\u0111unarodnu politiku\u201c; Nu\u0161tar, 1. 7. 2021. - Institut dru&scaron;tvenih znanosti Ivo Pilar","robots":{"index":"noindex","follow":"follow","max-snippet":"max-snippet:-1","max-image-preview":"max-image-preview:large","max-video-preview":"max-video-preview:-1"},"og_locale":"hr_HR","og_type":"article","og_title":"Dr. sc. Sandra Cviki\u0107 na okruglom stolu \u201eUtjecaj blokade na me\u0111unarodnu politiku\u201c; Nu\u0161tar, 1. 7. 2021. - Institut dru&scaron;tvenih znanosti Ivo Pilar","og_description":"Dr. sc. Sandra Cviki\u0107 je na poziv Zajednice povratnika hrvatskoga Podunavlja sudjelovala na okruglom stolu na temu \u201eUtjecaj blokade na me\u0111unarodnu politiku\u201c koji je uprili\u010den povodom obilje\u017eavanja sje\u0107anja na po\u010detak akcije prognanika u blokadi UNPROFOR-ovih postrojbi 1. srpnja 1994. godine. Okrugli stol odr\u017ean je u Nu\u0161tru 1. srpnja 2021. u prostorijama op\u0107ine, gdje se raspravljalo&hellip; Pro\u010ditaj vi\u0161e o Dr. sc. Sandra Cviki\u0107 na okruglom stolu \u201eUtjecaj blokade na me\u0111unarodnu politiku\u201c; Nu\u0161tar, 1. 7. 2021.","og_url":"https:\/\/www.vegaintro-projekti.com\/pilar-stari\/2021\/07\/dr-sc-sandra-cvikic-na-okruglom-stolu-utjecaj-blokade-na-medunarodnu-politiku-nustar-1-7-2021\/","og_site_name":"Institut dru&scaron;tvenih znanosti Ivo Pilar","article_published_time":"2021-07-06T17:52:20+00:00","article_modified_time":"2021-07-06T17:52:52+00:00","og_image":[{"width":500,"height":220,"url":"https:\/\/www.vegaintro-projekti.com\/pilar-stari\/wp-content\/uploads\/2021\/07\/Sandra_Cvikic_fi.jpg","type":"image\/jpeg"}],"author":"Boris","twitter_card":"summary_large_image","twitter_misc":{"Napisao\/la":"Boris","Procijenjeno vrijeme \u010ditanja":"1 minuta"},"schema":{"@context":"https:\/\/schema.org","@graph":[{"@type":"WebPage","@id":"https:\/\/www.vegaintro-projekti.com\/pilar-stari\/2021\/07\/dr-sc-sandra-cvikic-na-okruglom-stolu-utjecaj-blokade-na-medunarodnu-politiku-nustar-1-7-2021\/","url":"https:\/\/www.vegaintro-projekti.com\/pilar-stari\/2021\/07\/dr-sc-sandra-cvikic-na-okruglom-stolu-utjecaj-blokade-na-medunarodnu-politiku-nustar-1-7-2021\/","name":"Dr. sc. Sandra Cviki\u0107 na okruglom stolu \u201eUtjecaj blokade na me\u0111unarodnu politiku\u201c; Nu\u0161tar, 1. 7. 2021. - Institut dru&scaron;tvenih znanosti Ivo Pilar","isPartOf":{"@id":"https:\/\/www.vegaintro-projekti.com\/pilar-stari\/#website"},"datePublished":"2021-07-06T17:52:20+00:00","dateModified":"2021-07-06T17:52:52+00:00","author":{"@id":"https:\/\/www.vegaintro-projekti.com\/pilar-stari\/#\/schema\/person\/ddd404c9f1e15e4ffef5986ac6a5d28b"},"breadcrumb":{"@id":"https:\/\/www.vegaintro-projekti.com\/pilar-stari\/2021\/07\/dr-sc-sandra-cvikic-na-okruglom-stolu-utjecaj-blokade-na-medunarodnu-politiku-nustar-1-7-2021\/#breadcrumb"},"inLanguage":"hr","potentialAction":[{"@type":"ReadAction","target":["https:\/\/www.vegaintro-projekti.com\/pilar-stari\/2021\/07\/dr-sc-sandra-cvikic-na-okruglom-stolu-utjecaj-blokade-na-medunarodnu-politiku-nustar-1-7-2021\/"]}]},{"@type":"BreadcrumbList","@id":"https:\/\/www.vegaintro-projekti.com\/pilar-stari\/2021\/07\/dr-sc-sandra-cvikic-na-okruglom-stolu-utjecaj-blokade-na-medunarodnu-politiku-nustar-1-7-2021\/#breadcrumb","itemListElement":[{"@type":"ListItem","position":1,"name":"Home","item":"https:\/\/www.vegaintro-projekti.com\/pilar-stari\/"},{"@type":"ListItem","position":2,"name":"Dr. sc. Sandra Cviki\u0107 na okruglom stolu \u201eUtjecaj blokade na me\u0111unarodnu politiku\u201c; Nu\u0161tar, 1. 7. 2021."}]},{"@type":"WebSite","@id":"https:\/\/www.vegaintro-projekti.com\/pilar-stari\/#website","url":"https:\/\/www.vegaintro-projekti.com\/pilar-stari\/","name":"Institut dru&scaron;tvenih znanosti Ivo Pilar","description":"Pilar","potentialAction":[{"@type":"SearchAction","target":{"@type":"EntryPoint","urlTemplate":"https:\/\/www.vegaintro-projekti.com\/pilar-stari\/?s={search_term_string}"},"query-input":"required name=search_term_string"}],"inLanguage":"hr"},{"@type":"Person","@id":"https:\/\/www.vegaintro-projekti.com\/pilar-stari\/#\/schema\/person\/ddd404c9f1e15e4ffef5986ac6a5d28b","name":"Boris","image":{"@type":"ImageObject","inLanguage":"hr","@id":"https:\/\/www.vegaintro-projekti.com\/pilar-stari\/#\/schema\/person\/image\/","url":"https:\/\/secure.gravatar.com\/avatar\/29557b161a6ce6ab86ac1503164f1e90?s=96&d=mm&r=g","contentUrl":"https:\/\/secure.gravatar.com\/avatar\/29557b161a6ce6ab86ac1503164f1e90?s=96&d=mm&r=g","caption":"Boris"},"url":"https:\/\/www.vegaintro-projekti.com\/pilar-stari\/author\/boris\/"}]}},"_links":{"self":[{"href":"https:\/\/www.vegaintro-projekti.com\/pilar-stari\/wp-json\/wp\/v2\/posts\/19211"}],"collection":[{"href":"https:\/\/www.vegaintro-projekti.com\/pilar-stari\/wp-json\/wp\/v2\/posts"}],"about":[{"href":"https:\/\/www.vegaintro-projekti.com\/pilar-stari\/wp-json\/wp\/v2\/types\/post"}],"author":[{"embeddable":true,"href":"https:\/\/www.vegaintro-projekti.com\/pilar-stari\/wp-json\/wp\/v2\/users\/7"}],"replies":[{"embeddable":true,"href":"https:\/\/www.vegaintro-projekti.com\/pilar-stari\/wp-json\/wp\/v2\/comments?post=19211"}],"version-history":[{"count":2,"href":"https:\/\/www.vegaintro-projekti.com\/pilar-stari\/wp-json\/wp\/v2\/posts\/19211\/revisions"}],"predecessor-version":[{"id":19214,"href":"https:\/\/www.vegaintro-projekti.com\/pilar-stari\/wp-json\/wp\/v2\/posts\/19211\/revisions\/19214"}],"wp:featuredmedia":[{"embeddable":true,"href":"https:\/\/www.vegaintro-projekti.com\/pilar-stari\/wp-json\/wp\/v2\/media\/19209"}],"wp:attachment":[{"href":"https:\/\/www.vegaintro-projekti.com\/pilar-stari\/wp-json\/wp\/v2\/media?parent=19211"}],"wp:term":[{"taxonomy":"category","embeddable":true,"href":"https:\/\/www.vegaintro-projekti.com\/pilar-stari\/wp-json\/wp\/v2\/categories?post=19211"},{"taxonomy":"post_tag","embeddable":true,"href":"https:\/\/www.vegaintro-projekti.com\/pilar-stari\/wp-json\/wp\/v2\/tags?post=19211"}],"curies":[{"name":"wp","href":"https:\/\/api.w.org\/{rel}","templated":true}]}}