{"id":19235,"date":"2021-07-12T18:06:48","date_gmt":"2021-07-12T18:06:48","guid":{"rendered":"https:\/\/www.vegaintro-projekti.com\/pilar-stari\/?p=19235"},"modified":"2021-07-16T12:34:25","modified_gmt":"2021-07-16T12:34:25","slug":"dr-sc-na-medunarodnoj-konferenciji-art-and-the-state-in-modern-central-europe-zagreb-30-6-3-7-2021","status":"publish","type":"post","link":"https:\/\/www.vegaintro-projekti.com\/pilar-stari\/2021\/07\/dr-sc-na-medunarodnoj-konferenciji-art-and-the-state-in-modern-central-europe-zagreb-30-6-3-7-2021\/","title":{"rendered":"Dr. sc. Ljiljana Dobrov\u0161ak na me\u0111unarodnoj konferenciji Art and the State in Modern Central Europe; Zagreb, 30. 6. &#8211; 3. 7. 2021."},"content":{"rendered":"<p><strong>Voditeljica projekta HRZZ-a Prvi svjetski rat u kulturi sje\u0107anja. Zaboravljena ba\u0161tina dr. sc. Ljiljana Dobrov\u0161ak sudjelovala je izlaganjem pod naslovom \u201eWorld War I Memorials and the State\u201c na me\u0111unarodnoj konferenciji Art and the State in Modern Central Europe odr\u017eanoj na Filozofskom fakultetu u Zagrebu od 30. lipnja do 3. srpnja 2021.<\/strong><\/p>\n<p><a href=\"https:\/\/www.vegaintro-projekti.com\/pilar-stari\/wp-content\/uploads\/2021\/07\/AS_Programme-and-Book-of-Abstracts.pdf\"><img decoding=\"async\" loading=\"lazy\" class=\"alignnone wp-image-19231 size-full\" src=\"https:\/\/www.vegaintro-projekti.com\/pilar-stari\/wp-content\/uploads\/2021\/07\/AS1_s.jpg\" alt=\"\" width=\"620\" height=\"292\" srcset=\"https:\/\/www.vegaintro-projekti.com\/pilar-stari\/wp-content\/uploads\/2021\/07\/AS1_s.jpg 620w, https:\/\/www.vegaintro-projekti.com\/pilar-stari\/wp-content\/uploads\/2021\/07\/AS1_s-300x141.jpg 300w\" sizes=\"(max-width: 620px) 100vw, 620px\" \/><\/a><a href=\"https:\/\/www.vegaintro-projekti.com\/pilar-stari\/wp-content\/uploads\/2021\/07\/IMG_2990-scaled.jpg\"><img decoding=\"async\" loading=\"lazy\" class=\"alignnone wp-image-19238 size-full\" src=\"https:\/\/www.vegaintro-projekti.com\/pilar-stari\/wp-content\/uploads\/2021\/07\/IMG_2990ss.jpg\" alt=\"\" width=\"620\" height=\"455\" srcset=\"https:\/\/www.vegaintro-projekti.com\/pilar-stari\/wp-content\/uploads\/2021\/07\/IMG_2990ss.jpg 620w, https:\/\/www.vegaintro-projekti.com\/pilar-stari\/wp-content\/uploads\/2021\/07\/IMG_2990ss-300x220.jpg 300w\" sizes=\"(max-width: 620px) 100vw, 620px\" \/><\/a><\/p>\n<p>&#8211; <a href=\"https:\/\/www.vegaintro-projekti.com\/pilar-stari\/wp-content\/uploads\/2021\/07\/AS_Programme-and-Book-of-Abstracts.pdf\">Program i sa\u017eeci konferencije Art and the State in Modern Central Europe; Zagreb, 30. 6. &#8211; 3. 7. 2021.<\/a><\/p>\n<p><strong>World War I Memorials and the State<\/strong><\/p>\n<p>This presentation will discuss the erection of memorials to victims of World War I on the territory of Croatia during the war. The idea of memorials as a way of \u201chonouring heroes\u201d appeared during the war, and for this purpose the Imperial and Royal Office for the Promotion of Crafts in Vienna (Kunstverlag Schr\u00f6ll und Kopm) issued a work entitled Soldatengr\u00e4ber und Kriegsdenkmale. It contained a series of developed blueprints for memorials and individual and mass graves, in rural or urban areas, lowlands or highlands, and made from any possible material. In 1916, a public debate developed about what kind of memorials should be erected in honour of fallen heroes. Military circles proposed classic memorials, i.e. a single memorial post or plaque for each soldier, on his native soil. They also proposed the construction of a monumental collective memorial in the centre of municipalities or villages, where every local fallen soldier would be commemorated in some small way. Civilian circles considered the proposal of individual memorials very inappropriate due to the economic conditions in the country, and advocated a completely different model \u2013 investing funds raised through various charities to erect homes for orphans of fallen soldiers. Based on her research, the author will try to determine to what extent the mentioned efforts were successful as well as the role of state institutions in erecting war memorials.<\/p>\n<blockquote><p><a href=\"https:\/\/www.vegaintro-projekti.com\/pilar-stari\/2020\/01\/prvi-svjetski-rat-u-kulturi-sjecanja-zaboravljena-bastina\/\">Projekt Prvi svjetski rat u kulturi sje\u0107anja<\/a><\/p><\/blockquote>\n","protected":false},"excerpt":{"rendered":"<p>Voditeljica projekta HRZZ-a Prvi svjetski rat u kulturi sje\u0107anja. Zaboravljena ba\u0161tina dr. sc. Ljiljana Dobrov\u0161ak sudjelovala je izlaganjem pod naslovom \u201eWorld War I Memorials and the State\u201c na me\u0111unarodnoj konferenciji Art and the State in Modern Central Europe odr\u017eanoj na Filozofskom fakultetu u Zagrebu od 30. lipnja do 3. srpnja 2021. &#8211; Program i sa\u017eeci&hellip; <a class=\"continue\" href=\"https:\/\/www.vegaintro-projekti.com\/pilar-stari\/2021\/07\/dr-sc-na-medunarodnoj-konferenciji-art-and-the-state-in-modern-central-europe-zagreb-30-6-3-7-2021\/\">Pro\u010ditaj vi\u0161e o<span> Dr. sc. Ljiljana Dobrov\u0161ak na me\u0111unarodnoj konferenciji Art and the State in Modern Central Europe; Zagreb, 30. 6. &#8211; 3. 7. 2021.<\/span><\/a><\/p>\n","protected":false},"author":7,"featured_media":19233,"comment_status":"closed","ping_status":"closed","sticky":false,"template":"","format":"standard","meta":{"inline_featured_image":false,"ngg_post_thumbnail":0,"footnotes":""},"categories":[48,11],"tags":[],"yoast_head":"<!-- This site is optimized with the Yoast SEO plugin v21.2 - https:\/\/yoast.com\/wordpress\/plugins\/seo\/ -->\n<title>Dr. sc. Ljiljana Dobrov\u0161ak na me\u0111unarodnoj konferenciji Art and the State in Modern Central Europe; Zagreb, 30. 6. - 3. 7. 2021. - Institut dru&scaron;tvenih znanosti Ivo Pilar<\/title>\n<meta name=\"robots\" content=\"noindex, follow, max-snippet:-1, max-image-preview:large, max-video-preview:-1\" \/>\n<meta property=\"og:locale\" content=\"hr_HR\" \/>\n<meta property=\"og:type\" content=\"article\" \/>\n<meta property=\"og:title\" content=\"Dr. sc. Ljiljana Dobrov\u0161ak na me\u0111unarodnoj konferenciji Art and the State in Modern Central Europe; Zagreb, 30. 6. - 3. 7. 2021. - Institut dru&scaron;tvenih znanosti Ivo Pilar\" \/>\n<meta property=\"og:description\" content=\"Voditeljica projekta HRZZ-a Prvi svjetski rat u kulturi sje\u0107anja. Zaboravljena ba\u0161tina dr. sc. Ljiljana Dobrov\u0161ak sudjelovala je izlaganjem pod naslovom \u201eWorld War I Memorials and the State\u201c na me\u0111unarodnoj konferenciji Art and the State in Modern Central Europe odr\u017eanoj na Filozofskom fakultetu u Zagrebu od 30. lipnja do 3. srpnja 2021. &#8211; Program i sa\u017eeci&hellip; Pro\u010ditaj vi\u0161e o Dr. sc. Ljiljana Dobrov\u0161ak na me\u0111unarodnoj konferenciji Art and the State in Modern Central Europe; Zagreb, 30. 6. &#8211; 3. 7. 2021.\" \/>\n<meta property=\"og:url\" content=\"https:\/\/www.vegaintro-projekti.com\/pilar-stari\/2021\/07\/dr-sc-na-medunarodnoj-konferenciji-art-and-the-state-in-modern-central-europe-zagreb-30-6-3-7-2021\/\" \/>\n<meta property=\"og:site_name\" content=\"Institut dru&scaron;tvenih znanosti Ivo Pilar\" \/>\n<meta property=\"article:published_time\" content=\"2021-07-12T18:06:48+00:00\" \/>\n<meta property=\"article:modified_time\" content=\"2021-07-16T12:34:25+00:00\" \/>\n<meta property=\"og:image\" content=\"https:\/\/www.vegaintro-projekti.com\/pilar-stari\/wp-content\/uploads\/2021\/07\/IMG_2990fi.jpg\" \/>\n\t<meta property=\"og:image:width\" content=\"500\" \/>\n\t<meta property=\"og:image:height\" content=\"221\" \/>\n\t<meta property=\"og:image:type\" content=\"image\/jpeg\" \/>\n<meta name=\"author\" content=\"Boris\" \/>\n<meta name=\"twitter:card\" content=\"summary_large_image\" \/>\n<meta name=\"twitter:label1\" content=\"Napisao\/la\" \/>\n\t<meta name=\"twitter:data1\" content=\"Boris\" \/>\n\t<meta name=\"twitter:label2\" content=\"Procijenjeno vrijeme \u010ditanja\" \/>\n\t<meta name=\"twitter:data2\" content=\"2 minute\" \/>\n<script type=\"application\/ld+json\" class=\"yoast-schema-graph\">{\"@context\":\"https:\/\/schema.org\",\"@graph\":[{\"@type\":\"WebPage\",\"@id\":\"https:\/\/www.vegaintro-projekti.com\/pilar-stari\/2021\/07\/dr-sc-na-medunarodnoj-konferenciji-art-and-the-state-in-modern-central-europe-zagreb-30-6-3-7-2021\/\",\"url\":\"https:\/\/www.vegaintro-projekti.com\/pilar-stari\/2021\/07\/dr-sc-na-medunarodnoj-konferenciji-art-and-the-state-in-modern-central-europe-zagreb-30-6-3-7-2021\/\",\"name\":\"Dr. sc. Ljiljana Dobrov\u0161ak na me\u0111unarodnoj konferenciji Art and the State in Modern Central Europe; Zagreb, 30. 6. - 3. 7. 2021. - Institut dru&scaron;tvenih znanosti Ivo Pilar\",\"isPartOf\":{\"@id\":\"https:\/\/www.vegaintro-projekti.com\/pilar-stari\/#website\"},\"datePublished\":\"2021-07-12T18:06:48+00:00\",\"dateModified\":\"2021-07-16T12:34:25+00:00\",\"author\":{\"@id\":\"https:\/\/www.vegaintro-projekti.com\/pilar-stari\/#\/schema\/person\/ddd404c9f1e15e4ffef5986ac6a5d28b\"},\"breadcrumb\":{\"@id\":\"https:\/\/www.vegaintro-projekti.com\/pilar-stari\/2021\/07\/dr-sc-na-medunarodnoj-konferenciji-art-and-the-state-in-modern-central-europe-zagreb-30-6-3-7-2021\/#breadcrumb\"},\"inLanguage\":\"hr\",\"potentialAction\":[{\"@type\":\"ReadAction\",\"target\":[\"https:\/\/www.vegaintro-projekti.com\/pilar-stari\/2021\/07\/dr-sc-na-medunarodnoj-konferenciji-art-and-the-state-in-modern-central-europe-zagreb-30-6-3-7-2021\/\"]}]},{\"@type\":\"BreadcrumbList\",\"@id\":\"https:\/\/www.vegaintro-projekti.com\/pilar-stari\/2021\/07\/dr-sc-na-medunarodnoj-konferenciji-art-and-the-state-in-modern-central-europe-zagreb-30-6-3-7-2021\/#breadcrumb\",\"itemListElement\":[{\"@type\":\"ListItem\",\"position\":1,\"name\":\"Home\",\"item\":\"https:\/\/www.vegaintro-projekti.com\/pilar-stari\/\"},{\"@type\":\"ListItem\",\"position\":2,\"name\":\"Dr. sc. Ljiljana Dobrov\u0161ak na me\u0111unarodnoj konferenciji Art and the State in Modern Central Europe; Zagreb, 30. 6. &#8211; 3. 7. 2021.\"}]},{\"@type\":\"WebSite\",\"@id\":\"https:\/\/www.vegaintro-projekti.com\/pilar-stari\/#website\",\"url\":\"https:\/\/www.vegaintro-projekti.com\/pilar-stari\/\",\"name\":\"Institut dru&scaron;tvenih znanosti Ivo Pilar\",\"description\":\"Pilar\",\"potentialAction\":[{\"@type\":\"SearchAction\",\"target\":{\"@type\":\"EntryPoint\",\"urlTemplate\":\"https:\/\/www.vegaintro-projekti.com\/pilar-stari\/?s={search_term_string}\"},\"query-input\":\"required name=search_term_string\"}],\"inLanguage\":\"hr\"},{\"@type\":\"Person\",\"@id\":\"https:\/\/www.vegaintro-projekti.com\/pilar-stari\/#\/schema\/person\/ddd404c9f1e15e4ffef5986ac6a5d28b\",\"name\":\"Boris\",\"image\":{\"@type\":\"ImageObject\",\"inLanguage\":\"hr\",\"@id\":\"https:\/\/www.vegaintro-projekti.com\/pilar-stari\/#\/schema\/person\/image\/\",\"url\":\"https:\/\/secure.gravatar.com\/avatar\/29557b161a6ce6ab86ac1503164f1e90?s=96&d=mm&r=g\",\"contentUrl\":\"https:\/\/secure.gravatar.com\/avatar\/29557b161a6ce6ab86ac1503164f1e90?s=96&d=mm&r=g\",\"caption\":\"Boris\"},\"url\":\"https:\/\/www.vegaintro-projekti.com\/pilar-stari\/author\/boris\/\"}]}<\/script>\n<!-- \/ Yoast SEO plugin. -->","yoast_head_json":{"title":"Dr. sc. Ljiljana Dobrov\u0161ak na me\u0111unarodnoj konferenciji Art and the State in Modern Central Europe; Zagreb, 30. 6. - 3. 7. 2021. - Institut dru&scaron;tvenih znanosti Ivo Pilar","robots":{"index":"noindex","follow":"follow","max-snippet":"max-snippet:-1","max-image-preview":"max-image-preview:large","max-video-preview":"max-video-preview:-1"},"og_locale":"hr_HR","og_type":"article","og_title":"Dr. sc. Ljiljana Dobrov\u0161ak na me\u0111unarodnoj konferenciji Art and the State in Modern Central Europe; Zagreb, 30. 6. - 3. 7. 2021. - Institut dru&scaron;tvenih znanosti Ivo Pilar","og_description":"Voditeljica projekta HRZZ-a Prvi svjetski rat u kulturi sje\u0107anja. Zaboravljena ba\u0161tina dr. sc. Ljiljana Dobrov\u0161ak sudjelovala je izlaganjem pod naslovom \u201eWorld War I Memorials and the State\u201c na me\u0111unarodnoj konferenciji Art and the State in Modern Central Europe odr\u017eanoj na Filozofskom fakultetu u Zagrebu od 30. lipnja do 3. srpnja 2021. &#8211; Program i sa\u017eeci&hellip; Pro\u010ditaj vi\u0161e o Dr. sc. Ljiljana Dobrov\u0161ak na me\u0111unarodnoj konferenciji Art and the State in Modern Central Europe; Zagreb, 30. 6. &#8211; 3. 7. 2021.","og_url":"https:\/\/www.vegaintro-projekti.com\/pilar-stari\/2021\/07\/dr-sc-na-medunarodnoj-konferenciji-art-and-the-state-in-modern-central-europe-zagreb-30-6-3-7-2021\/","og_site_name":"Institut dru&scaron;tvenih znanosti Ivo Pilar","article_published_time":"2021-07-12T18:06:48+00:00","article_modified_time":"2021-07-16T12:34:25+00:00","og_image":[{"width":500,"height":221,"url":"https:\/\/www.vegaintro-projekti.com\/pilar-stari\/wp-content\/uploads\/2021\/07\/IMG_2990fi.jpg","type":"image\/jpeg"}],"author":"Boris","twitter_card":"summary_large_image","twitter_misc":{"Napisao\/la":"Boris","Procijenjeno vrijeme \u010ditanja":"2 minute"},"schema":{"@context":"https:\/\/schema.org","@graph":[{"@type":"WebPage","@id":"https:\/\/www.vegaintro-projekti.com\/pilar-stari\/2021\/07\/dr-sc-na-medunarodnoj-konferenciji-art-and-the-state-in-modern-central-europe-zagreb-30-6-3-7-2021\/","url":"https:\/\/www.vegaintro-projekti.com\/pilar-stari\/2021\/07\/dr-sc-na-medunarodnoj-konferenciji-art-and-the-state-in-modern-central-europe-zagreb-30-6-3-7-2021\/","name":"Dr. sc. Ljiljana Dobrov\u0161ak na me\u0111unarodnoj konferenciji Art and the State in Modern Central Europe; Zagreb, 30. 6. - 3. 7. 2021. - Institut dru&scaron;tvenih znanosti Ivo Pilar","isPartOf":{"@id":"https:\/\/www.vegaintro-projekti.com\/pilar-stari\/#website"},"datePublished":"2021-07-12T18:06:48+00:00","dateModified":"2021-07-16T12:34:25+00:00","author":{"@id":"https:\/\/www.vegaintro-projekti.com\/pilar-stari\/#\/schema\/person\/ddd404c9f1e15e4ffef5986ac6a5d28b"},"breadcrumb":{"@id":"https:\/\/www.vegaintro-projekti.com\/pilar-stari\/2021\/07\/dr-sc-na-medunarodnoj-konferenciji-art-and-the-state-in-modern-central-europe-zagreb-30-6-3-7-2021\/#breadcrumb"},"inLanguage":"hr","potentialAction":[{"@type":"ReadAction","target":["https:\/\/www.vegaintro-projekti.com\/pilar-stari\/2021\/07\/dr-sc-na-medunarodnoj-konferenciji-art-and-the-state-in-modern-central-europe-zagreb-30-6-3-7-2021\/"]}]},{"@type":"BreadcrumbList","@id":"https:\/\/www.vegaintro-projekti.com\/pilar-stari\/2021\/07\/dr-sc-na-medunarodnoj-konferenciji-art-and-the-state-in-modern-central-europe-zagreb-30-6-3-7-2021\/#breadcrumb","itemListElement":[{"@type":"ListItem","position":1,"name":"Home","item":"https:\/\/www.vegaintro-projekti.com\/pilar-stari\/"},{"@type":"ListItem","position":2,"name":"Dr. sc. Ljiljana Dobrov\u0161ak na me\u0111unarodnoj konferenciji Art and the State in Modern Central Europe; Zagreb, 30. 6. &#8211; 3. 7. 2021."}]},{"@type":"WebSite","@id":"https:\/\/www.vegaintro-projekti.com\/pilar-stari\/#website","url":"https:\/\/www.vegaintro-projekti.com\/pilar-stari\/","name":"Institut dru&scaron;tvenih znanosti Ivo Pilar","description":"Pilar","potentialAction":[{"@type":"SearchAction","target":{"@type":"EntryPoint","urlTemplate":"https:\/\/www.vegaintro-projekti.com\/pilar-stari\/?s={search_term_string}"},"query-input":"required name=search_term_string"}],"inLanguage":"hr"},{"@type":"Person","@id":"https:\/\/www.vegaintro-projekti.com\/pilar-stari\/#\/schema\/person\/ddd404c9f1e15e4ffef5986ac6a5d28b","name":"Boris","image":{"@type":"ImageObject","inLanguage":"hr","@id":"https:\/\/www.vegaintro-projekti.com\/pilar-stari\/#\/schema\/person\/image\/","url":"https:\/\/secure.gravatar.com\/avatar\/29557b161a6ce6ab86ac1503164f1e90?s=96&d=mm&r=g","contentUrl":"https:\/\/secure.gravatar.com\/avatar\/29557b161a6ce6ab86ac1503164f1e90?s=96&d=mm&r=g","caption":"Boris"},"url":"https:\/\/www.vegaintro-projekti.com\/pilar-stari\/author\/boris\/"}]}},"_links":{"self":[{"href":"https:\/\/www.vegaintro-projekti.com\/pilar-stari\/wp-json\/wp\/v2\/posts\/19235"}],"collection":[{"href":"https:\/\/www.vegaintro-projekti.com\/pilar-stari\/wp-json\/wp\/v2\/posts"}],"about":[{"href":"https:\/\/www.vegaintro-projekti.com\/pilar-stari\/wp-json\/wp\/v2\/types\/post"}],"author":[{"embeddable":true,"href":"https:\/\/www.vegaintro-projekti.com\/pilar-stari\/wp-json\/wp\/v2\/users\/7"}],"replies":[{"embeddable":true,"href":"https:\/\/www.vegaintro-projekti.com\/pilar-stari\/wp-json\/wp\/v2\/comments?post=19235"}],"version-history":[{"count":5,"href":"https:\/\/www.vegaintro-projekti.com\/pilar-stari\/wp-json\/wp\/v2\/posts\/19235\/revisions"}],"predecessor-version":[{"id":19241,"href":"https:\/\/www.vegaintro-projekti.com\/pilar-stari\/wp-json\/wp\/v2\/posts\/19235\/revisions\/19241"}],"wp:featuredmedia":[{"embeddable":true,"href":"https:\/\/www.vegaintro-projekti.com\/pilar-stari\/wp-json\/wp\/v2\/media\/19233"}],"wp:attachment":[{"href":"https:\/\/www.vegaintro-projekti.com\/pilar-stari\/wp-json\/wp\/v2\/media?parent=19235"}],"wp:term":[{"taxonomy":"category","embeddable":true,"href":"https:\/\/www.vegaintro-projekti.com\/pilar-stari\/wp-json\/wp\/v2\/categories?post=19235"},{"taxonomy":"post_tag","embeddable":true,"href":"https:\/\/www.vegaintro-projekti.com\/pilar-stari\/wp-json\/wp\/v2\/tags?post=19235"}],"curies":[{"name":"wp","href":"https:\/\/api.w.org\/{rel}","templated":true}]}}