{"id":19276,"date":"2021-07-13T16:34:28","date_gmt":"2021-07-13T16:34:28","guid":{"rendered":"https:\/\/www.vegaintro-projekti.com\/pilar-stari\/?p=19276"},"modified":"2021-07-13T16:35:12","modified_gmt":"2021-07-13T16:35:12","slug":"dr-sc-ljiljana-kaliterna-lipovcan-sve-je-vise-svjetla-na-kraju-tunela-10-7-2021","status":"publish","type":"post","link":"https:\/\/www.vegaintro-projekti.com\/pilar-stari\/2021\/07\/dr-sc-ljiljana-kaliterna-lipovcan-sve-je-vise-svjetla-na-kraju-tunela-10-7-2021\/","title":{"rendered":"Dr. sc. Ljiljana Kaliterna Lipov\u010dan: Sve je vi\u0161e svjetla na kraju tunela, 10. 7. 2021."},"content":{"rendered":"<p><strong>Glas Slavonije u prilogu Magazin od 10. srpnja 2021. objavljuje razgovor s dr. sc. Ljiljanom Kaliterna Lipov\u010dan, znanstvenom savjetnicom u trajnom zvanju Instituta Pilar, pod naslovom &#8220;Sve je vi\u0161e svjetla na kraju tunela&#8221;<\/strong><\/p>\n<p><a href=\"http:\/\/glas.hr\/468615\/11\/Sve-je-vise-svjetla-na-kraju-tunela\"><img decoding=\"async\" loading=\"lazy\" class=\"alignnone wp-image-19273 size-full\" src=\"https:\/\/www.vegaintro-projekti.com\/pilar-stari\/wp-content\/uploads\/2021\/07\/Sl_2-2.jpg\" alt=\"\" width=\"620\" height=\"410\" srcset=\"https:\/\/www.vegaintro-projekti.com\/pilar-stari\/wp-content\/uploads\/2021\/07\/Sl_2-2.jpg 620w, https:\/\/www.vegaintro-projekti.com\/pilar-stari\/wp-content\/uploads\/2021\/07\/Sl_2-2-300x198.jpg 300w, https:\/\/www.vegaintro-projekti.com\/pilar-stari\/wp-content\/uploads\/2021\/07\/Sl_2-2-310x205.jpg 310w\" sizes=\"(max-width: 620px) 100vw, 620px\" \/><\/a><\/p>\n<p><strong>&#8211; Glas Slavonije (tiskano izdanje):<\/strong> <a href=\"https:\/\/www.vegaintro-projekti.com\/pilar-stari\/wp-content\/uploads\/2021\/07\/Glas_Slavonije_10-7-2021.pdf\">LJILJANA KALITERNA LIPOV\u010cAN: Sve je vi\u0161e svjetla na kraju tunela, 10. 7. 2021.<\/a><br \/>\n<strong>&#8211; Glas Slavonije (online izdanje):<\/strong> <a href=\"http:\/\/glas.hr\/468615\/11\/Sve-je-vise-svjetla-na-kraju-tunela\">LJILJANA KALITERNA LIPOV\u010cAN: Sve je vi\u0161e svjetla na kraju tunela, 10. 7. 2021.<\/a><\/p>\n<p><span style=\"font-size: 14pt;\">DR. SC. LJILJANA KALITERNA LIPOV\u010cAN: <\/span><span style=\"font-size: 14pt;\">Sve je vi\u0161e svjetla na kraju tunela<\/span><\/p>\n<p>Gledaju\u0107i \u0161iru sliku hrvatskog dru\u0161tva danas, nakon sad ve\u0107 godinu i pol u pandemiji i koronakrizi, koje su i kakve posljedice korone na dru\u0161tvo? S tim u vezi, \u0161to prevladava &#8211; optimizam ili pesimizam, kakvi su va\u0161i dojmovi &#8211; pitali smo prof. dr. sc. Ljiljanu Kaliternu Lipov\u010dan, znanstvenu savjetnicu u trajnom zvanju na Institutu dru\u0161tvenih znanosti &#8220;Ivo Pilar&#8221; u Zagrebu&#8230;<\/p>\n<p><strong>&#8211; Winston Churchill jednom je rekao: &#8220;Za sebe sam optimist &#8211; ne \u010dini mi se kao da ima ikakve koristi biti ne\u0161to drugo&#8221;&#8230; Va\u0161 komentar?<\/strong><\/p>\n<p>&#8211; Winston Churchill bio je pametan \u010dovjek. Istina je da je za vlastitu dobrobit i dobro mentalno zdravlje bolje biti optimist. Prema najnovijem istra\u017eivanju Europske zaklade za pobolj\u0161anje uvjeta \u017eivota i rada, iz travnja ove godine, koje se provelo u 27 zemalja EU-a, nismo ba\u0161 pretjerani optimisti. \u0160esti smo, pri dnu ljestvice kojom su gra\u0111ani izra\u017eavali svoja uvjerenja da \u0107e se njihova financijska situacija pogor\u0161ati idu\u0107e godine. Pesimisti\u010dniji od nas su gra\u0111ani Ma\u0111arske, Cipra, Gr\u010dke, Slova\u010dke i Bugarske, svi ostali manje su pesimisti\u010dni, a najoptimisti\u010dniji su gra\u0111ani Luksemburga, Danske, \u0160vedske i Irske.<\/p>\n<p>Me\u0111utim, ima jedno svjetlo na kraju tunela, \u010dak dva svjetla. Oko 35 % na\u0161ih gra\u0111ana smatralo je u travnju ove godine da \u0107e situacija u budu\u0107nosti biti lo\u0161ija, \u0161to zna\u010di da ih je ve\u0107ina (65%) smatrala da \u0107e biti bolja ili ista. Je li to onda prevladavaju\u0107i pesimizam ili optimizam? Tako\u0111er, u prolje\u0107e pro\u0161le godine (2020.) i mi i svi ostali gra\u0111ani zemalja EU-a bili smo pesimisti\u010dniji nego ove godine. U Hrvatskoj je pro\u0161le godine \u010dak 50% gra\u0111ana mislilo da \u0107e situacija biti lo\u0161ija, a sada ih je 35%. Po tome bi se reklo da smo u godini pandemije malo revidirali svoja uvjerenja pa smo smanjili osje\u0107aj pesimizma. Prilagodili smo se i uvidjeli da ipak nije tako lo\u0161e kako smo o\u010dekivali.<\/p>\n<p><strong>EKSTREMI SU RIJETKOST<\/strong><\/p>\n<p><strong>&#8211; Kad smo kod referenci, spomenut \u0107u jo\u0161 jednu glasovitu: Milan Kundera u svojoj &#8220;\u0160ali&#8221; pi\u0161e da je &#8220;optimizam opijum za narod&#8221;. Je li politi\u010dki korektno biti danas pesimist? Va\u0161 komentar na te moje opaske?<\/strong><\/p>\n<p>&#8211; A ima i ona da su &#8220;pesimisti zapravo realni optimisti&#8221;. Me\u0111utim, malo je toga realnog i racionalnog u optimizmu\/pesimizmu jer oni odra\u017eavaju na\u0161a uvjerenja o budu\u0107nosti, o kojoj vrlo malo znamo ili \u010dak nimalo ne znamo, mo\u017eemo samo vjerovati i naga\u0111ati da \u0107e ona biti ovakva ili onakva, ali, na \u017ealost, te\u0161ko mo\u017eemo predvi\u0111ati, osim nekih op\u0107ih stvari na koje utje\u010demo sami. A \u010dak i one se mogu promijeniti svaki \u010das. Tko je prije tri godine mogao predvidjeti pandemiju?<\/p>\n<p>A kad smo kod politi\u010dke korektnosti, nisam ba\u0161 ljubitelj op\u0107ih uvjerenja i prevladavaju\u0107ih mi\u0161ljenja, svatko od nas ima svoja jedinstvena iskustva koja mu poma\u017eu da izgradi vlastita uvjerenja. Istina je da vlada op\u0107e uvjerenje da je potrebno biti sretan i optimisti\u010dan da bi se \u017eivjelo dobro i neki ljudi osje\u0107aju to kao neku vrstu prisile. Ne mo\u017eemo se prisiliti na osje\u0107aje i nije dobro glumiti sre\u0107u i optimizam, ali znanstveno utemeljeni pokazatelji upu\u0107uju na to da je stvarno bolje biti pozitivan. Ne\u0107emo se na to prisiljavati, ali nije lo\u0161e s vremena na vrijeme razmisliti o tome kako zapravo \u017eivimo i \u0161to nas veseli pa \u0107emo uvidjeti da u \u017eivotu ima puno vi\u0161e dobrih stvari nego lo\u0161ih.<\/p>\n<p><strong>&#8211; \u0160to se RH ti\u010de, tako\u0111er u nekoj \u0161iroj slici, koja uklju\u010duje razne segmente dru\u0161tva, od politike preko ekonomije do kulture itd., mnogi \u0107e re\u0107i da zapravo postoje dvije Hrvatske &#8211; Hrvatska optimizma i Hrvatska pesimizma. Koja, odnosno kakva, prevladava? Va\u0161 komentar?<\/strong><\/p>\n<p>&#8211; U svakoj zemlji postoje i pesimisti i optimisti, ve\u0107ina ljudi je, me\u0111utim, negdje u sredini. Ekstremi su rijetkost, pa tako i kod nas. Kao \u0161to se mo\u017ee vidjeti iz podataka koje sam iznijela u prvom odgovoru, \u010dini se da ipak prevladavaju optimisti. Dvije tre\u0107ine gra\u0111ana smatraju da \u0107e njihova financijska situacija u idu\u0107oj godini ostati ista ili \u0107e se pobolj\u0161ati, a jedna tre\u0107ina o\u010dekuje pogor\u0161anje.<\/p>\n<p><strong>&#8211; Izravno ili neizravno s optimizmom i pesimizmom &#8211; tko su sretni ljudi danas u Hrvatskoj, oni koji se nisu zarazili koronom, koji su dobro podnijeli cijepljenje, koji usto i rade i primaju pla\u0107u ili neki drugi, tre\u0107i&#8230;? Drugim rije\u010dima, \u0161to Hrvatima vra\u0107a optimizam u ovim pandemijskim vremenima&#8230;? Vidimo da to ovaj put nisu nogometa\u0161i&#8230;<\/strong><\/p>\n<p>&#8211; Sretni ljudi su oni koji imaju stabilne prihode, ne nu\u017eno velike, koji se osje\u0107aju zdravima i koji imaju dobre i harmoni\u010dne odnose s drugim ljudima. Zanimljivo je da sve vi\u0161e svjetskih istra\u017eivanja u doba korone pokazuje kako se osje\u0107aj sre\u0107e i \u017eivotnog zadovoljstva nije puno promijenio u odnosu prema prije, osim kod ljudi koji su ostali bez posla zbog ove krize. Stoga bi o\u010duvanje radnih mjesta trebalo biti apsolutni dr\u017eavni prioritet. Bez prihoda te\u0161ko da mo\u017eemo sretno \u017eivjeti.<\/p>\n<p><strong>PRIVIKNUTI NA OPREZ<\/strong><\/p>\n<p><strong>&#8211; Za kraj, uz sav negativizam (medijski najvi\u0161e!) kojim smo svednevice izlo\u017eeni, \u010dega je trenuta\u010dno u Hrvatskoj vi\u0161e &#8211; dobrih predznaka izlaska iz koronakrize ili krivih i lo\u0161ih interpretacija i percepcija stvarnosti? Usput re\u010deno, na strani pesimista i dalje su u optjecaju pri\u010de koje, ne bez osnove, pozivaju na oprez, ali i pri\u010de koje su ina\u010dice scenarija sudnjeg dana, dok optimisti misle da je pandemiji kraj pa se masovno vesele, idu na more, koncerte&#8230;<\/strong><\/p>\n<p>&#8211; Na \u017ealost, ne mogu ni\u0161ta re\u0107i o izlasku iz koronakrize jer nije izvjesno da \u0107emo se virusa tako brzo rije\u0161iti, ali pozitivno je da su se ljudi priviknuli na oprez. Unato\u010d izlascima, ljetovanju i odlascima na utakmice, \u010dini se da se ipak ve\u0107ina ljudi pridr\u017eava propisanih epidemiolo\u0161kih mjera, maske se nose u zatvorenim prostorima i javnom prijevozu, ruke se \u010de\u0161\u0107e peru i nekako mi se \u010dini da smo spremniji i na samoizolaciju u slu\u010daju potrebe. U po\u010detku smo bili u \u0161oku od pomisli da moramo biti izolirani desetak dana, a sad to ide automatski. Va\u017eno je dobro komunicirati propisane mjere i mislim da su ljudi spremni pridr\u017eavati ih se. Mi smo ipak prilagodljiva bi\u0107a. Optimisti\u010dno zaklju\u010dujem da se mo\u017eemo na sve prilagoditi ako uvi\u0111amo da je to nu\u017eno i da \u0107e voditi boljitku. Pri tome je va\u017eno da se svi pridr\u017eavamo propisanih mjera i da one vrijede za sve podjednako.<\/p>\n<p>A \u0161to se ti\u010de teorija urote, \u010dinjenica je da su sve mra\u010dne i crne, kao da je nekome cilj zastra\u0161iti nas. Za\u0161to ne postoji teorija da \u0107emo se nakon cijepljenja pomladiti, biti zdraviji i sretniji? I opet smo na po\u010detku, pesimisti \u0107e misliti da \u0107emo svi umrijeti, optimisti da \u0107emo iz krize izi\u0107i bolji, a nitko zapravo ne zna \u0161to \u0107e biti, osim da \u0107e biti, ili, kako je rekao Krle\u017ea: &#8220;Nikdar ni tak bilo da ni nekak bilo.&#8221; (D.J)<\/p>\n<blockquote><p><a href=\"https:\/\/www.vegaintro-projekti.com\/pilar-stari\/biografije\/user-bio\/?my_user_id=31\">Dr. sc. Ljiljana Kaliterna Lipov\u010dan<\/a><\/p><\/blockquote>\n","protected":false},"excerpt":{"rendered":"<p>Glas Slavonije u prilogu Magazin od 10. srpnja 2021. objavljuje razgovor s dr. sc. Ljiljanom Kaliterna Lipov\u010dan, znanstvenom savjetnicom u trajnom zvanju Instituta Pilar, pod naslovom &#8220;Sve je vi\u0161e svjetla na kraju tunela&#8221; &#8211; Glas Slavonije (tiskano izdanje): LJILJANA KALITERNA LIPOV\u010cAN: Sve je vi\u0161e svjetla na kraju tunela, 10. 7. 2021. &#8211; Glas Slavonije (online&hellip; <a class=\"continue\" href=\"https:\/\/www.vegaintro-projekti.com\/pilar-stari\/2021\/07\/dr-sc-ljiljana-kaliterna-lipovcan-sve-je-vise-svjetla-na-kraju-tunela-10-7-2021\/\">Pro\u010ditaj vi\u0161e o<span> Dr. sc. Ljiljana Kaliterna Lipov\u010dan: Sve je vi\u0161e svjetla na kraju tunela, 10. 7. 2021.<\/span><\/a><\/p>\n","protected":false},"author":7,"featured_media":19274,"comment_status":"closed","ping_status":"closed","sticky":false,"template":"","format":"standard","meta":{"inline_featured_image":false,"ngg_post_thumbnail":0,"footnotes":""},"categories":[48,12],"tags":[],"yoast_head":"<!-- This site is optimized with the Yoast SEO plugin v21.2 - https:\/\/yoast.com\/wordpress\/plugins\/seo\/ -->\n<title>Dr. sc. Ljiljana Kaliterna Lipov\u010dan: Sve je vi\u0161e svjetla na kraju tunela, 10. 7. 2021. - Institut dru&scaron;tvenih znanosti Ivo Pilar<\/title>\n<meta name=\"robots\" content=\"noindex, follow, max-snippet:-1, max-image-preview:large, max-video-preview:-1\" \/>\n<meta property=\"og:locale\" content=\"hr_HR\" \/>\n<meta property=\"og:type\" content=\"article\" \/>\n<meta property=\"og:title\" content=\"Dr. sc. Ljiljana Kaliterna Lipov\u010dan: Sve je vi\u0161e svjetla na kraju tunela, 10. 7. 2021. - Institut dru&scaron;tvenih znanosti Ivo Pilar\" \/>\n<meta property=\"og:description\" content=\"Glas Slavonije u prilogu Magazin od 10. srpnja 2021. objavljuje razgovor s dr. sc. Ljiljanom Kaliterna Lipov\u010dan, znanstvenom savjetnicom u trajnom zvanju Instituta Pilar, pod naslovom &#8220;Sve je vi\u0161e svjetla na kraju tunela&#8221; &#8211; Glas Slavonije (tiskano izdanje): LJILJANA KALITERNA LIPOV\u010cAN: Sve je vi\u0161e svjetla na kraju tunela, 10. 7. 2021. &#8211; Glas Slavonije (online&hellip; Pro\u010ditaj vi\u0161e o Dr. sc. Ljiljana Kaliterna Lipov\u010dan: Sve je vi\u0161e svjetla na kraju tunela, 10. 7. 2021.\" \/>\n<meta property=\"og:url\" content=\"https:\/\/www.vegaintro-projekti.com\/pilar-stari\/2021\/07\/dr-sc-ljiljana-kaliterna-lipovcan-sve-je-vise-svjetla-na-kraju-tunela-10-7-2021\/\" \/>\n<meta property=\"og:site_name\" content=\"Institut dru&scaron;tvenih znanosti Ivo Pilar\" \/>\n<meta property=\"article:published_time\" content=\"2021-07-13T16:34:28+00:00\" \/>\n<meta property=\"article:modified_time\" content=\"2021-07-13T16:35:12+00:00\" \/>\n<meta property=\"og:image\" content=\"https:\/\/www.vegaintro-projekti.com\/pilar-stari\/wp-content\/uploads\/2021\/07\/Sl_2fi.jpg\" \/>\n\t<meta property=\"og:image:width\" content=\"499\" \/>\n\t<meta property=\"og:image:height\" content=\"221\" \/>\n\t<meta property=\"og:image:type\" content=\"image\/jpeg\" \/>\n<meta name=\"author\" content=\"Boris\" \/>\n<meta name=\"twitter:card\" content=\"summary_large_image\" \/>\n<meta name=\"twitter:label1\" content=\"Napisao\/la\" \/>\n\t<meta name=\"twitter:data1\" content=\"Boris\" \/>\n\t<meta name=\"twitter:label2\" content=\"Procijenjeno vrijeme \u010ditanja\" \/>\n\t<meta name=\"twitter:data2\" content=\"6 minuta\" \/>\n<script type=\"application\/ld+json\" class=\"yoast-schema-graph\">{\"@context\":\"https:\/\/schema.org\",\"@graph\":[{\"@type\":\"WebPage\",\"@id\":\"https:\/\/www.vegaintro-projekti.com\/pilar-stari\/2021\/07\/dr-sc-ljiljana-kaliterna-lipovcan-sve-je-vise-svjetla-na-kraju-tunela-10-7-2021\/\",\"url\":\"https:\/\/www.vegaintro-projekti.com\/pilar-stari\/2021\/07\/dr-sc-ljiljana-kaliterna-lipovcan-sve-je-vise-svjetla-na-kraju-tunela-10-7-2021\/\",\"name\":\"Dr. sc. Ljiljana Kaliterna Lipov\u010dan: Sve je vi\u0161e svjetla na kraju tunela, 10. 7. 2021. - Institut dru&scaron;tvenih znanosti Ivo Pilar\",\"isPartOf\":{\"@id\":\"https:\/\/www.vegaintro-projekti.com\/pilar-stari\/#website\"},\"datePublished\":\"2021-07-13T16:34:28+00:00\",\"dateModified\":\"2021-07-13T16:35:12+00:00\",\"author\":{\"@id\":\"https:\/\/www.vegaintro-projekti.com\/pilar-stari\/#\/schema\/person\/ddd404c9f1e15e4ffef5986ac6a5d28b\"},\"breadcrumb\":{\"@id\":\"https:\/\/www.vegaintro-projekti.com\/pilar-stari\/2021\/07\/dr-sc-ljiljana-kaliterna-lipovcan-sve-je-vise-svjetla-na-kraju-tunela-10-7-2021\/#breadcrumb\"},\"inLanguage\":\"hr\",\"potentialAction\":[{\"@type\":\"ReadAction\",\"target\":[\"https:\/\/www.vegaintro-projekti.com\/pilar-stari\/2021\/07\/dr-sc-ljiljana-kaliterna-lipovcan-sve-je-vise-svjetla-na-kraju-tunela-10-7-2021\/\"]}]},{\"@type\":\"BreadcrumbList\",\"@id\":\"https:\/\/www.vegaintro-projekti.com\/pilar-stari\/2021\/07\/dr-sc-ljiljana-kaliterna-lipovcan-sve-je-vise-svjetla-na-kraju-tunela-10-7-2021\/#breadcrumb\",\"itemListElement\":[{\"@type\":\"ListItem\",\"position\":1,\"name\":\"Home\",\"item\":\"https:\/\/www.vegaintro-projekti.com\/pilar-stari\/\"},{\"@type\":\"ListItem\",\"position\":2,\"name\":\"Dr. sc. Ljiljana Kaliterna Lipov\u010dan: Sve je vi\u0161e svjetla na kraju tunela, 10. 7. 2021.\"}]},{\"@type\":\"WebSite\",\"@id\":\"https:\/\/www.vegaintro-projekti.com\/pilar-stari\/#website\",\"url\":\"https:\/\/www.vegaintro-projekti.com\/pilar-stari\/\",\"name\":\"Institut dru&scaron;tvenih znanosti Ivo Pilar\",\"description\":\"Pilar\",\"potentialAction\":[{\"@type\":\"SearchAction\",\"target\":{\"@type\":\"EntryPoint\",\"urlTemplate\":\"https:\/\/www.vegaintro-projekti.com\/pilar-stari\/?s={search_term_string}\"},\"query-input\":\"required name=search_term_string\"}],\"inLanguage\":\"hr\"},{\"@type\":\"Person\",\"@id\":\"https:\/\/www.vegaintro-projekti.com\/pilar-stari\/#\/schema\/person\/ddd404c9f1e15e4ffef5986ac6a5d28b\",\"name\":\"Boris\",\"image\":{\"@type\":\"ImageObject\",\"inLanguage\":\"hr\",\"@id\":\"https:\/\/www.vegaintro-projekti.com\/pilar-stari\/#\/schema\/person\/image\/\",\"url\":\"https:\/\/secure.gravatar.com\/avatar\/29557b161a6ce6ab86ac1503164f1e90?s=96&d=mm&r=g\",\"contentUrl\":\"https:\/\/secure.gravatar.com\/avatar\/29557b161a6ce6ab86ac1503164f1e90?s=96&d=mm&r=g\",\"caption\":\"Boris\"},\"url\":\"https:\/\/www.vegaintro-projekti.com\/pilar-stari\/author\/boris\/\"}]}<\/script>\n<!-- \/ Yoast SEO plugin. -->","yoast_head_json":{"title":"Dr. sc. Ljiljana Kaliterna Lipov\u010dan: Sve je vi\u0161e svjetla na kraju tunela, 10. 7. 2021. - Institut dru&scaron;tvenih znanosti Ivo Pilar","robots":{"index":"noindex","follow":"follow","max-snippet":"max-snippet:-1","max-image-preview":"max-image-preview:large","max-video-preview":"max-video-preview:-1"},"og_locale":"hr_HR","og_type":"article","og_title":"Dr. sc. Ljiljana Kaliterna Lipov\u010dan: Sve je vi\u0161e svjetla na kraju tunela, 10. 7. 2021. - Institut dru&scaron;tvenih znanosti Ivo Pilar","og_description":"Glas Slavonije u prilogu Magazin od 10. srpnja 2021. objavljuje razgovor s dr. sc. Ljiljanom Kaliterna Lipov\u010dan, znanstvenom savjetnicom u trajnom zvanju Instituta Pilar, pod naslovom &#8220;Sve je vi\u0161e svjetla na kraju tunela&#8221; &#8211; Glas Slavonije (tiskano izdanje): LJILJANA KALITERNA LIPOV\u010cAN: Sve je vi\u0161e svjetla na kraju tunela, 10. 7. 2021. &#8211; Glas Slavonije (online&hellip; Pro\u010ditaj vi\u0161e o Dr. sc. Ljiljana Kaliterna Lipov\u010dan: Sve je vi\u0161e svjetla na kraju tunela, 10. 7. 2021.","og_url":"https:\/\/www.vegaintro-projekti.com\/pilar-stari\/2021\/07\/dr-sc-ljiljana-kaliterna-lipovcan-sve-je-vise-svjetla-na-kraju-tunela-10-7-2021\/","og_site_name":"Institut dru&scaron;tvenih znanosti Ivo Pilar","article_published_time":"2021-07-13T16:34:28+00:00","article_modified_time":"2021-07-13T16:35:12+00:00","og_image":[{"width":499,"height":221,"url":"https:\/\/www.vegaintro-projekti.com\/pilar-stari\/wp-content\/uploads\/2021\/07\/Sl_2fi.jpg","type":"image\/jpeg"}],"author":"Boris","twitter_card":"summary_large_image","twitter_misc":{"Napisao\/la":"Boris","Procijenjeno vrijeme \u010ditanja":"6 minuta"},"schema":{"@context":"https:\/\/schema.org","@graph":[{"@type":"WebPage","@id":"https:\/\/www.vegaintro-projekti.com\/pilar-stari\/2021\/07\/dr-sc-ljiljana-kaliterna-lipovcan-sve-je-vise-svjetla-na-kraju-tunela-10-7-2021\/","url":"https:\/\/www.vegaintro-projekti.com\/pilar-stari\/2021\/07\/dr-sc-ljiljana-kaliterna-lipovcan-sve-je-vise-svjetla-na-kraju-tunela-10-7-2021\/","name":"Dr. sc. Ljiljana Kaliterna Lipov\u010dan: Sve je vi\u0161e svjetla na kraju tunela, 10. 7. 2021. - Institut dru&scaron;tvenih znanosti Ivo Pilar","isPartOf":{"@id":"https:\/\/www.vegaintro-projekti.com\/pilar-stari\/#website"},"datePublished":"2021-07-13T16:34:28+00:00","dateModified":"2021-07-13T16:35:12+00:00","author":{"@id":"https:\/\/www.vegaintro-projekti.com\/pilar-stari\/#\/schema\/person\/ddd404c9f1e15e4ffef5986ac6a5d28b"},"breadcrumb":{"@id":"https:\/\/www.vegaintro-projekti.com\/pilar-stari\/2021\/07\/dr-sc-ljiljana-kaliterna-lipovcan-sve-je-vise-svjetla-na-kraju-tunela-10-7-2021\/#breadcrumb"},"inLanguage":"hr","potentialAction":[{"@type":"ReadAction","target":["https:\/\/www.vegaintro-projekti.com\/pilar-stari\/2021\/07\/dr-sc-ljiljana-kaliterna-lipovcan-sve-je-vise-svjetla-na-kraju-tunela-10-7-2021\/"]}]},{"@type":"BreadcrumbList","@id":"https:\/\/www.vegaintro-projekti.com\/pilar-stari\/2021\/07\/dr-sc-ljiljana-kaliterna-lipovcan-sve-je-vise-svjetla-na-kraju-tunela-10-7-2021\/#breadcrumb","itemListElement":[{"@type":"ListItem","position":1,"name":"Home","item":"https:\/\/www.vegaintro-projekti.com\/pilar-stari\/"},{"@type":"ListItem","position":2,"name":"Dr. sc. Ljiljana Kaliterna Lipov\u010dan: Sve je vi\u0161e svjetla na kraju tunela, 10. 7. 2021."}]},{"@type":"WebSite","@id":"https:\/\/www.vegaintro-projekti.com\/pilar-stari\/#website","url":"https:\/\/www.vegaintro-projekti.com\/pilar-stari\/","name":"Institut dru&scaron;tvenih znanosti Ivo Pilar","description":"Pilar","potentialAction":[{"@type":"SearchAction","target":{"@type":"EntryPoint","urlTemplate":"https:\/\/www.vegaintro-projekti.com\/pilar-stari\/?s={search_term_string}"},"query-input":"required name=search_term_string"}],"inLanguage":"hr"},{"@type":"Person","@id":"https:\/\/www.vegaintro-projekti.com\/pilar-stari\/#\/schema\/person\/ddd404c9f1e15e4ffef5986ac6a5d28b","name":"Boris","image":{"@type":"ImageObject","inLanguage":"hr","@id":"https:\/\/www.vegaintro-projekti.com\/pilar-stari\/#\/schema\/person\/image\/","url":"https:\/\/secure.gravatar.com\/avatar\/29557b161a6ce6ab86ac1503164f1e90?s=96&d=mm&r=g","contentUrl":"https:\/\/secure.gravatar.com\/avatar\/29557b161a6ce6ab86ac1503164f1e90?s=96&d=mm&r=g","caption":"Boris"},"url":"https:\/\/www.vegaintro-projekti.com\/pilar-stari\/author\/boris\/"}]}},"_links":{"self":[{"href":"https:\/\/www.vegaintro-projekti.com\/pilar-stari\/wp-json\/wp\/v2\/posts\/19276"}],"collection":[{"href":"https:\/\/www.vegaintro-projekti.com\/pilar-stari\/wp-json\/wp\/v2\/posts"}],"about":[{"href":"https:\/\/www.vegaintro-projekti.com\/pilar-stari\/wp-json\/wp\/v2\/types\/post"}],"author":[{"embeddable":true,"href":"https:\/\/www.vegaintro-projekti.com\/pilar-stari\/wp-json\/wp\/v2\/users\/7"}],"replies":[{"embeddable":true,"href":"https:\/\/www.vegaintro-projekti.com\/pilar-stari\/wp-json\/wp\/v2\/comments?post=19276"}],"version-history":[{"count":2,"href":"https:\/\/www.vegaintro-projekti.com\/pilar-stari\/wp-json\/wp\/v2\/posts\/19276\/revisions"}],"predecessor-version":[{"id":19280,"href":"https:\/\/www.vegaintro-projekti.com\/pilar-stari\/wp-json\/wp\/v2\/posts\/19276\/revisions\/19280"}],"wp:featuredmedia":[{"embeddable":true,"href":"https:\/\/www.vegaintro-projekti.com\/pilar-stari\/wp-json\/wp\/v2\/media\/19274"}],"wp:attachment":[{"href":"https:\/\/www.vegaintro-projekti.com\/pilar-stari\/wp-json\/wp\/v2\/media?parent=19276"}],"wp:term":[{"taxonomy":"category","embeddable":true,"href":"https:\/\/www.vegaintro-projekti.com\/pilar-stari\/wp-json\/wp\/v2\/categories?post=19276"},{"taxonomy":"post_tag","embeddable":true,"href":"https:\/\/www.vegaintro-projekti.com\/pilar-stari\/wp-json\/wp\/v2\/tags?post=19276"}],"curies":[{"name":"wp","href":"https:\/\/api.w.org\/{rel}","templated":true}]}}