{"id":19282,"date":"2021-07-15T08:04:24","date_gmt":"2021-07-15T08:04:24","guid":{"rendered":"https:\/\/www.vegaintro-projekti.com\/pilar-stari\/?p=19282"},"modified":"2025-05-08T16:34:25","modified_gmt":"2025-05-08T16:34:25","slug":"podrucni-centar-vis","status":"publish","type":"post","link":"https:\/\/www.vegaintro-projekti.com\/pilar-stari\/2021\/07\/podrucni-centar-vis\/","title":{"rendered":"Podru\u010dni centar Vis"},"content":{"rendered":"<p><span style=\"font-size: 10pt;\"><a href=\"#naziv\">Naziv<\/a>&nbsp;\u2022 <a href=\"#sj\">Sjedi\u0161te<\/a>&nbsp;\u2022 <a href=\"#vo\">Voditelj<\/a>&nbsp;\u2022 <a href=\"#os\">Osnutak<\/a> \u2022 <a href=\"#dj\">Publikacije<\/a>&nbsp;\u2022 <a href=\"#novosti\">Novosti<\/a><\/span><\/p>\n<p><span style=\"font-size: 10pt;\"><a href=\"https:\/\/www.vegaintro-projekti.com\/pilar-stari\/wp-content\/uploads\/2021\/04\/1.jpg\"><img decoding=\"async\" loading=\"lazy\" class=\"alignnone wp-image-18452 size-full\" src=\"https:\/\/www.vegaintro-projekti.com\/pilar-stari\/wp-content\/uploads\/2021\/04\/1_s-1.jpg\" alt=\"\" width=\"310\" height=\"215\" srcset=\"https:\/\/www.vegaintro-projekti.com\/pilar-stari\/wp-content\/uploads\/2021\/04\/1_s-1.jpg 310w, https:\/\/www.vegaintro-projekti.com\/pilar-stari\/wp-content\/uploads\/2021\/04\/1_s-1-300x208.jpg 300w, https:\/\/www.vegaintro-projekti.com\/pilar-stari\/wp-content\/uploads\/2021\/04\/1_s-1-110x75.jpg 110w\" sizes=\"(max-width: 310px) 100vw, 310px\" \/><\/a><a href=\"https:\/\/www.vegaintro-projekti.com\/pilar-stari\/wp-content\/uploads\/2021\/04\/2_n.jpg\"><img decoding=\"async\" loading=\"lazy\" class=\"alignnone wp-image-18454 size-full\" src=\"https:\/\/www.vegaintro-projekti.com\/pilar-stari\/wp-content\/uploads\/2021\/04\/2_s.jpg\" alt=\"\" width=\"310\" height=\"215\" srcset=\"https:\/\/www.vegaintro-projekti.com\/pilar-stari\/wp-content\/uploads\/2021\/04\/2_s.jpg 310w, https:\/\/www.vegaintro-projekti.com\/pilar-stari\/wp-content\/uploads\/2021\/04\/2_s-300x208.jpg 300w, https:\/\/www.vegaintro-projekti.com\/pilar-stari\/wp-content\/uploads\/2021\/04\/2_s-110x75.jpg 110w\" sizes=\"(max-width: 310px) 100vw, 310px\" \/><\/a><a href=\"https:\/\/www.vegaintro-projekti.com\/pilar-stari\/wp-content\/uploads\/2021\/04\/10.jpg\"><img decoding=\"async\" loading=\"lazy\" class=\"alignnone wp-image-18530 size-full\" src=\"https:\/\/www.vegaintro-projekti.com\/pilar-stari\/wp-content\/uploads\/2021\/04\/10_s.jpg\" alt=\"\" width=\"620\" height=\"490\" srcset=\"https:\/\/www.vegaintro-projekti.com\/pilar-stari\/wp-content\/uploads\/2021\/04\/10_s.jpg 620w, https:\/\/www.vegaintro-projekti.com\/pilar-stari\/wp-content\/uploads\/2021\/04\/10_s-300x237.jpg 300w\" sizes=\"(max-width: 620px) 100vw, 620px\" \/><\/a><\/span><\/p>\n<p>&#8211; <a href=\"https:\/\/www.vegaintro-projekti.com\/pilar-stari\/2021\/04\/svecano-otvoren-podrucni-centar-instituta-drustvenih-znanosti-ivo-pilar-u-visu-23-4-2021\/\">Sve\u010dano otvoren Podru\u010dni centar Instituta dru\u0161tvenih znanosti Ivo Pilar u Visu, 23. 4. 2021.<\/a><br \/>\n&#8211; <a href=\"https:\/\/www.facebook.com\/watch\/?v=448278252908455\">VIDEOZAPIS prigodom otkrivanja plo\u010de \u2013 otvaranja Podru\u010dnog centra Vis Instituta Ivo Pilar, 23. 4. 2021.<\/a><\/p>\n<p><span style=\"font-size: 12pt;\"><a id=\"naziv\"><\/a>Naziv<\/span><\/p>\n<p><span style=\"font-size: 10pt;\"><strong>Institut dru\u0161tvenih znanosti Ivo Pilar &#8211; Podru\u010dni centar Vis<\/strong><\/span><\/p>\n<p><a id=\"sj\"><\/a><span style=\"font-size: 12pt;\">Sjedi\u0161te<\/span><\/p>\n<p>\u0160etali\u0161te Vi\u0161ki boj 13<br \/>\n21480 Vis<br \/>\nEmail: <a href=\"mailto:ivan.hrstic@vegaintro-projekti.com\/pilar-stari\">ivan.hrstic@vegaintro-projekti.com\/pilar-stari<\/a><\/p>\n<p><a id=\"vo\"><\/a><span style=\"font-size: 12pt;\">Voditelj<\/span><\/p>\n<p><a href=\"https:\/\/www.vegaintro-projekti.com\/pilar-stari\/biografije\/user-bio\/?my_user_id=30\">Dr. sc. Ivan Hrsti\u0107<\/a><\/p>\n<p><a id=\"os\"><\/a><span style=\"font-size: 12pt;\">Osnutak<\/span><\/p>\n<p>29. sije\u010dnja 2021.<\/p>\n<p><a id=\"dj\"><\/a><span style=\"font-size: 12pt;\">Publikacije: Mediterranean Issues<\/span><\/p>\n<p><strong><span style=\"font-size: 10pt;\">Book 3: MEDITERRANEAN &#8211; IMPRESSION, CONCEPTS, STORIES<\/span><\/strong><\/p>\n<p><a href=\"https:\/\/www.mic-vis.eu\/Programme\/BookOfPapers\"><img decoding=\"async\" loading=\"lazy\" class=\"wp-image-18532 size-full alignleft\" src=\"https:\/\/www.vegaintro-projekti.com\/pilar-stari\/wp-content\/uploads\/2021\/04\/Mediteran_3s.jpg\" alt=\"\" width=\"218\" height=\"314\" srcset=\"https:\/\/www.vegaintro-projekti.com\/pilar-stari\/wp-content\/uploads\/2021\/04\/Mediteran_3s.jpg 218w, https:\/\/www.vegaintro-projekti.com\/pilar-stari\/wp-content\/uploads\/2021\/04\/Mediteran_3s-208x300.jpg 208w\" sizes=\"(max-width: 218px) 100vw, 218px\" \/><\/a><\/p>\n<p>&nbsp;<\/p>\n<p><span style=\"font-size: 8pt;\"><strong>Katica Jur\u010devi\u0107, Ljiljana Kaliterna Lipov\u010dan, Rino Medi\u0107, Ozana Ramljak (Eds.)<\/strong><\/span><br \/>\n<span style=\"font-size: 8pt;\"><strong>MEDITERRANEAN &#8211; IMPRESSION, CONCEPTS, STORIES<\/strong><\/span><br \/>\n<span style=\"font-size: 8pt;\"><strong>Selected papers presented at Mediterranean Islands Conference MIC \u2013 VIS, 2020<\/strong><\/span><br \/>\n<span style=\"font-size: 8pt;\"><strong>Mediterranean Issues, Book 3<\/strong><\/span><br \/>\n<span style=\"font-size: 8pt;\"><strong>Institute of Social Sciences Ivo Pilar \u2013 VERN\u2019 Group \u2013 Croatian Academy of Sciences and Arts, Scientific Council of Anthropological Research (HAZU)<\/strong><\/span><br \/>\n<span style=\"font-size: 8pt;\"><strong>Zagreb, 2021, 680 pgs.<\/strong><\/span><\/p>\n<p><span style=\"font-size: 10pt;\">&#8211; <a href=\"https:\/\/www.mic-vis.eu\/Programme\/BookOfPapers\">FULL TEXT<\/a><\/span><\/p>\n<p><strong><span style=\"font-size: 10pt;\"><br \/>\nBook 2: REFLECTIONS ON THE MEDITERRANEAN<\/span><\/strong><\/p>\n<p><a href=\"https:\/\/www.mic-vis.eu\/Conference\/MicVis2018\"><img decoding=\"async\" loading=\"lazy\" class=\"alignleft wp-image-15212 size-full\" src=\"https:\/\/www.vegaintro-projekti.com\/pilar-stari\/wp-content\/uploads\/2019\/12\/Mediterr_2_nasl.jpg\" alt=\"\" width=\"216\" height=\"314\" srcset=\"https:\/\/www.vegaintro-projekti.com\/pilar-stari\/wp-content\/uploads\/2019\/12\/Mediterr_2_nasl.jpg 216w, https:\/\/www.vegaintro-projekti.com\/pilar-stari\/wp-content\/uploads\/2019\/12\/Mediterr_2_nasl-206x300.jpg 206w\" sizes=\"(max-width: 216px) 100vw, 216px\" \/><\/a><\/p>\n<p>&nbsp;<\/p>\n<p>&nbsp;<\/p>\n<p><span style=\"font-size: 8pt;\"><strong>Katica Jur\u010devi\u0107, Ljiljana Kaliterna Lipov\u010dan, Ozana Ramljak (Eds.)<\/strong><\/span><br \/>\n<span style=\"font-size: 8pt;\"><strong>REFLECTIONS ON THE MEDITERRANEAN<\/strong><\/span><br \/>\n<span style=\"font-size: 8pt;\"><strong>Selected papers presented at Mediterranean Islands Conference MIC \u2013 VIS, 2018<\/strong><\/span><br \/>\n<span style=\"font-size: 8pt;\"><strong>Mediterranean Issues, Book 2<\/strong><\/span><br \/>\n<span style=\"font-size: 8pt;\"><strong>Institute of Social Sciences Ivo Pilar \u2013 VERN\u2019 Group \u2013 Croatian Academy of Sciences and Arts, Scientific Council of Anthropological Research (HAZU) \u2013 Euro-Mediterranean Academic Network (EMAN)<\/strong><\/span><br \/>\n<span style=\"font-size: 8pt;\"><strong>Zagreb, 2019, 670 pgs.<\/strong><\/span><\/p>\n<p><span style=\"font-size: 10pt;\">&#8211; <a href=\"https:\/\/www.mic-vis.eu\/Conference\/MicVis2018\">FULL TEXT<\/a><\/span><\/p>\n<p><strong><span style=\"font-size: 10pt;\">Book 1: IMAGINING THE MEDITERRANEAN: CHALLENGES AND PERSPECTIVES<\/span><\/strong><\/p>\n<p><a href=\"https:\/\/www.vegaintro-projekti.com\/pilar-stari\/wp-content\/uploads\/2018\/01\/MedVis_omot.pdf\"><img decoding=\"async\" loading=\"lazy\" class=\"wp-image-15211 size-full alignleft\" src=\"https:\/\/www.vegaintro-projekti.com\/pilar-stari\/wp-content\/uploads\/2019\/12\/MedVis_nasl_1.jpg\" alt=\"\" width=\"221\" height=\"314\" srcset=\"https:\/\/www.vegaintro-projekti.com\/pilar-stari\/wp-content\/uploads\/2019\/12\/MedVis_nasl_1.jpg 221w, https:\/\/www.vegaintro-projekti.com\/pilar-stari\/wp-content\/uploads\/2019\/12\/MedVis_nasl_1-211x300.jpg 211w\" sizes=\"(max-width: 221px) 100vw, 221px\" \/><\/a><\/p>\n<p>&nbsp;<\/p>\n<p><span style=\"font-size: 8pt;\"><strong>Katica Jur\u010devi\u0107, Ljiljana Kaliterna Lipov\u010dan, Ozana Ramljak (Eds.)<\/strong><\/span><br \/>\n<span style=\"font-size: 8pt;\"><strong>IMAGINING THE MEDITERRANEAN: CHALLENGES AND PERSPECTIVES<\/strong><\/span><br \/>\n<span style=\"font-size: 8pt;\"><strong>Selected papers presented at Mediterranean Islands Conference MIC \u2013 VIS, 2016<\/strong><\/span><br \/>\n<span style=\"font-size: 8pt;\"><strong>Mediterranean Issues, Book 1<\/strong><\/span><br \/>\n<span style=\"font-size: 8pt;\"><strong>Institute of Social Sciences Ivo Pilar \u2013 VERN\u2019 Group \u2013 Croatian Academy of Sciences and Arts, Scientific Council of Anthropological Research (HAZU) \u2013 Euro-Mediterranean Academic Network (EMAN)<\/strong><\/span><br \/>\n<span style=\"font-size: 8pt;\"><strong>Zagreb, 2017, 445 pgs.<br \/>\n<\/strong><\/span><\/p>\n<p>&#8211; <a href=\"https:\/\/www.vegaintro-projekti.com\/pilar-stari\/wp-content\/uploads\/2018\/01\/MedVis_omot.pdf\">Cover<\/a>&nbsp;| <a href=\"https:\/\/www.vegaintro-projekti.com\/pilar-stari\/wp-content\/uploads\/2018\/01\/MedVis_impreseum.pdf\">Impressum<\/a> | <a href=\"https:\/\/www.vegaintro-projekti.com\/pilar-stari\/wp-content\/uploads\/2018\/01\/MedVis_contents.pdf\">Contents<\/a>&nbsp;|&nbsp;<a href=\"https:\/\/www.vegaintro-projekti.com\/pilar-stari\/wp-content\/uploads\/2018\/01\/MedVis_preface.pdf\">Preface<\/a><\/p>\n<p>&nbsp;<\/p>\n<p><span style=\"font-size: 10pt;\"> <a id=\"novosti\"><\/a><span style=\"font-size: 12pt;\">Novosti<\/span><\/span><\/p>\n<p>&#8211; <a href=\"https:\/\/www.vegaintro-projekti.com\/pilar-stari\/2025\/05\/predstavljanje-biblioteke-mladi-u-drustvu-vis-6-5-2025\/\">Predstavljanje biblioteke Mladi u dru\u0161tvu; Vis, 6. 5. 2025.<\/a><br \/>\n&#8211; <a href=\"https:\/\/www.vegaintro-projekti.com\/pilar-stari\/2022\/09\/mic-vis-2022-konferencija-o-mediteranskim-otocima-vis-14-17-9-2022\/\">MIC &#8211; Vis 2022: Konferencija o mediteranskim otocima; Vis, 14.-17. 9. 2022.<\/a><br \/>\n&#8211; <a href=\"https:\/\/www.vegaintro-projekti.com\/pilar-stari\/2021\/10\/dr-sc-ljiljana-kaliterna-lipovcan-ljudi-nece-toliko-stradati-od-pandemije-kao-sto-se-mislilo-13-10-2021\/\">Dr. sc. Ljiljana Kaliterna Lipov\u010dan: Ljudi ne\u0107e toliko stradati od pandemije kao \u0161to se mislilo, 13. 10. 2021.<\/a><br \/>\n&#8211; <a href=\"https:\/\/www.vegaintro-projekti.com\/pilar-stari\/2021\/10\/tribina-podrucnog-centra-vis-kvaliteta-zivota-u-hrvatskoj-vis-24-9-2021\/\">Tribina Podru\u010dnog centra Vis \u201eKvaliteta \u017eivota u Hrvatskoj\u201c; Vis, 24. 9. 2021.<\/a><br \/>\n&#8211; <a href=\"https:\/\/www.vegaintro-projekti.com\/pilar-stari\/2021\/04\/svecano-otvoren-podrucni-centar-instituta-drustvenih-znanosti-ivo-pilar-u-visu-23-4-2021\/\">Sve\u010dano otvoren Podru\u010dni centar Instituta dru\u0161tvenih znanosti Ivo Pilar u Visu, 23. 4. 2021.<\/a><\/p>\n","protected":false},"excerpt":{"rendered":"<p>Naziv&nbsp;\u2022 Sjedi\u0161te&nbsp;\u2022 Voditelj&nbsp;\u2022 Osnutak \u2022 Publikacije&nbsp;\u2022 Novosti &#8211; Sve\u010dano otvoren Podru\u010dni centar Instituta dru\u0161tvenih znanosti Ivo Pilar u Visu, 23. 4. 2021. &#8211; VIDEOZAPIS prigodom otkrivanja plo\u010de \u2013 otvaranja Podru\u010dnog centra Vis Instituta Ivo Pilar, 23. 4. 2021. Naziv Institut dru\u0161tvenih znanosti Ivo Pilar &#8211; Podru\u010dni centar Vis Sjedi\u0161te \u0160etali\u0161te Vi\u0161ki boj 13 21480 Vis&hellip; <a class=\"continue\" href=\"https:\/\/www.vegaintro-projekti.com\/pilar-stari\/2021\/07\/podrucni-centar-vis\/\">Pro\u010ditaj vi\u0161e o<span> Podru\u010dni centar Vis<\/span><\/a><\/p>\n","protected":false},"author":371,"featured_media":0,"comment_status":"closed","ping_status":"closed","sticky":false,"template":"","format":"standard","meta":{"inline_featured_image":false,"ngg_post_thumbnail":0,"footnotes":""},"categories":[51],"tags":[],"yoast_head":"<!-- This site is optimized with the Yoast SEO plugin v21.2 - https:\/\/yoast.com\/wordpress\/plugins\/seo\/ -->\n<title>Podru\u010dni centar Vis - Institut dru&scaron;tvenih znanosti Ivo Pilar<\/title>\n<meta name=\"robots\" content=\"noindex, follow, max-snippet:-1, max-image-preview:large, max-video-preview:-1\" \/>\n<meta property=\"og:locale\" content=\"hr_HR\" \/>\n<meta property=\"og:type\" content=\"article\" \/>\n<meta property=\"og:title\" content=\"Podru\u010dni centar Vis - Institut dru&scaron;tvenih znanosti Ivo Pilar\" \/>\n<meta property=\"og:description\" content=\"Naziv&nbsp;\u2022 Sjedi\u0161te&nbsp;\u2022 Voditelj&nbsp;\u2022 Osnutak \u2022 Publikacije&nbsp;\u2022 Novosti &#8211; Sve\u010dano otvoren Podru\u010dni centar Instituta dru\u0161tvenih znanosti Ivo Pilar u Visu, 23. 4. 2021. &#8211; VIDEOZAPIS prigodom otkrivanja plo\u010de \u2013 otvaranja Podru\u010dnog centra Vis Instituta Ivo Pilar, 23. 4. 2021. Naziv Institut dru\u0161tvenih znanosti Ivo Pilar &#8211; Podru\u010dni centar Vis Sjedi\u0161te \u0160etali\u0161te Vi\u0161ki boj 13 21480 Vis&hellip; Pro\u010ditaj vi\u0161e o Podru\u010dni centar Vis\" \/>\n<meta property=\"og:url\" content=\"https:\/\/www.vegaintro-projekti.com\/pilar-stari\/2021\/07\/podrucni-centar-vis\/\" \/>\n<meta property=\"og:site_name\" content=\"Institut dru&scaron;tvenih znanosti Ivo Pilar\" \/>\n<meta property=\"article:published_time\" content=\"2021-07-15T08:04:24+00:00\" \/>\n<meta property=\"article:modified_time\" content=\"2025-05-08T16:34:25+00:00\" \/>\n<meta property=\"og:image\" content=\"https:\/\/www.vegaintro-projekti.com\/pilar-stari\/wp-content\/uploads\/2021\/04\/1_s-1.jpg\" \/>\n<meta name=\"author\" content=\"Zoran Grubi\u0161a\" \/>\n<meta name=\"twitter:card\" content=\"summary_large_image\" \/>\n<meta name=\"twitter:label1\" content=\"Napisao\/la\" \/>\n\t<meta name=\"twitter:data1\" content=\"Zoran Grubi\u0161a\" \/>\n\t<meta name=\"twitter:label2\" content=\"Procijenjeno vrijeme \u010ditanja\" \/>\n\t<meta name=\"twitter:data2\" content=\"3 minute\" \/>\n<script type=\"application\/ld+json\" class=\"yoast-schema-graph\">{\"@context\":\"https:\/\/schema.org\",\"@graph\":[{\"@type\":\"WebPage\",\"@id\":\"https:\/\/www.vegaintro-projekti.com\/pilar-stari\/2021\/07\/podrucni-centar-vis\/\",\"url\":\"https:\/\/www.vegaintro-projekti.com\/pilar-stari\/2021\/07\/podrucni-centar-vis\/\",\"name\":\"Podru\u010dni centar Vis - Institut dru&scaron;tvenih znanosti Ivo Pilar\",\"isPartOf\":{\"@id\":\"https:\/\/www.vegaintro-projekti.com\/pilar-stari\/#website\"},\"datePublished\":\"2021-07-15T08:04:24+00:00\",\"dateModified\":\"2025-05-08T16:34:25+00:00\",\"author\":{\"@id\":\"https:\/\/www.vegaintro-projekti.com\/pilar-stari\/#\/schema\/person\/e50f47503a9b677683f28fd53ee3430b\"},\"breadcrumb\":{\"@id\":\"https:\/\/www.vegaintro-projekti.com\/pilar-stari\/2021\/07\/podrucni-centar-vis\/#breadcrumb\"},\"inLanguage\":\"hr\",\"potentialAction\":[{\"@type\":\"ReadAction\",\"target\":[\"https:\/\/www.vegaintro-projekti.com\/pilar-stari\/2021\/07\/podrucni-centar-vis\/\"]}]},{\"@type\":\"BreadcrumbList\",\"@id\":\"https:\/\/www.vegaintro-projekti.com\/pilar-stari\/2021\/07\/podrucni-centar-vis\/#breadcrumb\",\"itemListElement\":[{\"@type\":\"ListItem\",\"position\":1,\"name\":\"Home\",\"item\":\"https:\/\/www.vegaintro-projekti.com\/pilar-stari\/\"},{\"@type\":\"ListItem\",\"position\":2,\"name\":\"Podru\u010dni centar Vis\"}]},{\"@type\":\"WebSite\",\"@id\":\"https:\/\/www.vegaintro-projekti.com\/pilar-stari\/#website\",\"url\":\"https:\/\/www.vegaintro-projekti.com\/pilar-stari\/\",\"name\":\"Institut dru&scaron;tvenih znanosti Ivo Pilar\",\"description\":\"Pilar\",\"potentialAction\":[{\"@type\":\"SearchAction\",\"target\":{\"@type\":\"EntryPoint\",\"urlTemplate\":\"https:\/\/www.vegaintro-projekti.com\/pilar-stari\/?s={search_term_string}\"},\"query-input\":\"required name=search_term_string\"}],\"inLanguage\":\"hr\"},{\"@type\":\"Person\",\"@id\":\"https:\/\/www.vegaintro-projekti.com\/pilar-stari\/#\/schema\/person\/e50f47503a9b677683f28fd53ee3430b\",\"name\":\"Zoran Grubi\u0161a\",\"image\":{\"@type\":\"ImageObject\",\"inLanguage\":\"hr\",\"@id\":\"https:\/\/www.vegaintro-projekti.com\/pilar-stari\/#\/schema\/person\/image\/\",\"url\":\"https:\/\/secure.gravatar.com\/avatar\/d1d7b5ec97ae7cd51c85d4291c117839?s=96&d=mm&r=g\",\"contentUrl\":\"https:\/\/secure.gravatar.com\/avatar\/d1d7b5ec97ae7cd51c85d4291c117839?s=96&d=mm&r=g\",\"caption\":\"Zoran Grubi\u0161a\"},\"url\":\"https:\/\/www.vegaintro-projekti.com\/pilar-stari\/author\/zoran-vega\/\"}]}<\/script>\n<!-- \/ Yoast SEO plugin. -->","yoast_head_json":{"title":"Podru\u010dni centar Vis - Institut dru&scaron;tvenih znanosti Ivo Pilar","robots":{"index":"noindex","follow":"follow","max-snippet":"max-snippet:-1","max-image-preview":"max-image-preview:large","max-video-preview":"max-video-preview:-1"},"og_locale":"hr_HR","og_type":"article","og_title":"Podru\u010dni centar Vis - Institut dru&scaron;tvenih znanosti Ivo Pilar","og_description":"Naziv&nbsp;\u2022 Sjedi\u0161te&nbsp;\u2022 Voditelj&nbsp;\u2022 Osnutak \u2022 Publikacije&nbsp;\u2022 Novosti &#8211; Sve\u010dano otvoren Podru\u010dni centar Instituta dru\u0161tvenih znanosti Ivo Pilar u Visu, 23. 4. 2021. &#8211; VIDEOZAPIS prigodom otkrivanja plo\u010de \u2013 otvaranja Podru\u010dnog centra Vis Instituta Ivo Pilar, 23. 4. 2021. Naziv Institut dru\u0161tvenih znanosti Ivo Pilar &#8211; Podru\u010dni centar Vis Sjedi\u0161te \u0160etali\u0161te Vi\u0161ki boj 13 21480 Vis&hellip; Pro\u010ditaj vi\u0161e o Podru\u010dni centar Vis","og_url":"https:\/\/www.vegaintro-projekti.com\/pilar-stari\/2021\/07\/podrucni-centar-vis\/","og_site_name":"Institut dru&scaron;tvenih znanosti Ivo Pilar","article_published_time":"2021-07-15T08:04:24+00:00","article_modified_time":"2025-05-08T16:34:25+00:00","og_image":[{"url":"https:\/\/www.vegaintro-projekti.com\/pilar-stari\/wp-content\/uploads\/2021\/04\/1_s-1.jpg"}],"author":"Zoran Grubi\u0161a","twitter_card":"summary_large_image","twitter_misc":{"Napisao\/la":"Zoran Grubi\u0161a","Procijenjeno vrijeme \u010ditanja":"3 minute"},"schema":{"@context":"https:\/\/schema.org","@graph":[{"@type":"WebPage","@id":"https:\/\/www.vegaintro-projekti.com\/pilar-stari\/2021\/07\/podrucni-centar-vis\/","url":"https:\/\/www.vegaintro-projekti.com\/pilar-stari\/2021\/07\/podrucni-centar-vis\/","name":"Podru\u010dni centar Vis - Institut dru&scaron;tvenih znanosti Ivo Pilar","isPartOf":{"@id":"https:\/\/www.vegaintro-projekti.com\/pilar-stari\/#website"},"datePublished":"2021-07-15T08:04:24+00:00","dateModified":"2025-05-08T16:34:25+00:00","author":{"@id":"https:\/\/www.vegaintro-projekti.com\/pilar-stari\/#\/schema\/person\/e50f47503a9b677683f28fd53ee3430b"},"breadcrumb":{"@id":"https:\/\/www.vegaintro-projekti.com\/pilar-stari\/2021\/07\/podrucni-centar-vis\/#breadcrumb"},"inLanguage":"hr","potentialAction":[{"@type":"ReadAction","target":["https:\/\/www.vegaintro-projekti.com\/pilar-stari\/2021\/07\/podrucni-centar-vis\/"]}]},{"@type":"BreadcrumbList","@id":"https:\/\/www.vegaintro-projekti.com\/pilar-stari\/2021\/07\/podrucni-centar-vis\/#breadcrumb","itemListElement":[{"@type":"ListItem","position":1,"name":"Home","item":"https:\/\/www.vegaintro-projekti.com\/pilar-stari\/"},{"@type":"ListItem","position":2,"name":"Podru\u010dni centar Vis"}]},{"@type":"WebSite","@id":"https:\/\/www.vegaintro-projekti.com\/pilar-stari\/#website","url":"https:\/\/www.vegaintro-projekti.com\/pilar-stari\/","name":"Institut dru&scaron;tvenih znanosti Ivo Pilar","description":"Pilar","potentialAction":[{"@type":"SearchAction","target":{"@type":"EntryPoint","urlTemplate":"https:\/\/www.vegaintro-projekti.com\/pilar-stari\/?s={search_term_string}"},"query-input":"required name=search_term_string"}],"inLanguage":"hr"},{"@type":"Person","@id":"https:\/\/www.vegaintro-projekti.com\/pilar-stari\/#\/schema\/person\/e50f47503a9b677683f28fd53ee3430b","name":"Zoran Grubi\u0161a","image":{"@type":"ImageObject","inLanguage":"hr","@id":"https:\/\/www.vegaintro-projekti.com\/pilar-stari\/#\/schema\/person\/image\/","url":"https:\/\/secure.gravatar.com\/avatar\/d1d7b5ec97ae7cd51c85d4291c117839?s=96&d=mm&r=g","contentUrl":"https:\/\/secure.gravatar.com\/avatar\/d1d7b5ec97ae7cd51c85d4291c117839?s=96&d=mm&r=g","caption":"Zoran Grubi\u0161a"},"url":"https:\/\/www.vegaintro-projekti.com\/pilar-stari\/author\/zoran-vega\/"}]}},"_links":{"self":[{"href":"https:\/\/www.vegaintro-projekti.com\/pilar-stari\/wp-json\/wp\/v2\/posts\/19282"}],"collection":[{"href":"https:\/\/www.vegaintro-projekti.com\/pilar-stari\/wp-json\/wp\/v2\/posts"}],"about":[{"href":"https:\/\/www.vegaintro-projekti.com\/pilar-stari\/wp-json\/wp\/v2\/types\/post"}],"author":[{"embeddable":true,"href":"https:\/\/www.vegaintro-projekti.com\/pilar-stari\/wp-json\/wp\/v2\/users\/371"}],"replies":[{"embeddable":true,"href":"https:\/\/www.vegaintro-projekti.com\/pilar-stari\/wp-json\/wp\/v2\/comments?post=19282"}],"version-history":[{"count":33,"href":"https:\/\/www.vegaintro-projekti.com\/pilar-stari\/wp-json\/wp\/v2\/posts\/19282\/revisions"}],"predecessor-version":[{"id":33941,"href":"https:\/\/www.vegaintro-projekti.com\/pilar-stari\/wp-json\/wp\/v2\/posts\/19282\/revisions\/33941"}],"wp:attachment":[{"href":"https:\/\/www.vegaintro-projekti.com\/pilar-stari\/wp-json\/wp\/v2\/media?parent=19282"}],"wp:term":[{"taxonomy":"category","embeddable":true,"href":"https:\/\/www.vegaintro-projekti.com\/pilar-stari\/wp-json\/wp\/v2\/categories?post=19282"},{"taxonomy":"post_tag","embeddable":true,"href":"https:\/\/www.vegaintro-projekti.com\/pilar-stari\/wp-json\/wp\/v2\/tags?post=19282"}],"curies":[{"name":"wp","href":"https:\/\/api.w.org\/{rel}","templated":true}]}}