{"id":19317,"date":"2021-07-17T14:05:50","date_gmt":"2021-07-17T14:05:50","guid":{"rendered":"https:\/\/www.vegaintro-projekti.com\/pilar-stari\/?p=19317"},"modified":"2021-07-22T23:02:26","modified_gmt":"2021-07-22T23:02:26","slug":"marina-maglic-i-tomislav-pavlovic-predstavili-nalaze-chief-projekta-na-26-svjetskom-kongresu-medunarodnog-udruzenja-politickih-znanosti-ipsa-10-15-7-2021","status":"publish","type":"post","link":"https:\/\/www.vegaintro-projekti.com\/pilar-stari\/2021\/07\/marina-maglic-i-tomislav-pavlovic-predstavili-nalaze-chief-projekta-na-26-svjetskom-kongresu-medunarodnog-udruzenja-politickih-znanosti-ipsa-10-15-7-2021\/","title":{"rendered":"Marina Magli\u0107 i Tomislav Pavlovi\u0107 predstavili nalaze CHIEF projekta na 26. Svjetskom kongresu Me\u0111unarodnog udru\u017eenja politi\u010dkih znanosti (IPSA), 10.-15. 7. 2021."},"content":{"rendered":"<p><strong>U okviru 26. Svjetskog kongresa Me\u0111unarodnog udru\u017eenja politi\u010dkih znanosti (IPSA), s temom <em>New Nationalisms in an Open World<\/em>, odr\u017ean je i online panel posve\u0107en dijelu nalaza i spoznaja EU Obzor2020 CHIEF projekta o politi\u010dkoj socijalizaciji mladih, posebice u pogledu razli\u010ditosti, prava manjina i razumijevanju nacionalnih kultura pod nazivom &#8220;\u2018Our Lives Our Culture(s)&#8217;: How Young People Perceive Diversity and National Cultures&#8221;<\/strong><\/p>\n<p><img decoding=\"async\" loading=\"lazy\" class=\"alignnone wp-image-19313 size-full\" src=\"https:\/\/www.vegaintro-projekti.com\/pilar-stari\/wp-content\/uploads\/2021\/07\/Sl_1-2.jpg\" alt=\"\" width=\"620\" height=\"162\" srcset=\"https:\/\/www.vegaintro-projekti.com\/pilar-stari\/wp-content\/uploads\/2021\/07\/Sl_1-2.jpg 620w, https:\/\/www.vegaintro-projekti.com\/pilar-stari\/wp-content\/uploads\/2021\/07\/Sl_1-2-300x78.jpg 300w\" sizes=\"(max-width: 620px) 100vw, 620px\" \/><img decoding=\"async\" loading=\"lazy\" class=\"alignnone wp-image-19316 size-full\" src=\"https:\/\/www.vegaintro-projekti.com\/pilar-stari\/wp-content\/uploads\/2021\/07\/Sl_3-2.jpg\" alt=\"\" width=\"620\" height=\"321\" srcset=\"https:\/\/www.vegaintro-projekti.com\/pilar-stari\/wp-content\/uploads\/2021\/07\/Sl_3-2.jpg 620w, https:\/\/www.vegaintro-projekti.com\/pilar-stari\/wp-content\/uploads\/2021\/07\/Sl_3-2-300x155.jpg 300w\" sizes=\"(max-width: 620px) 100vw, 620px\" \/><\/p>\n<p><strong>&#8211; Program kongresa: <\/strong><a href=\"https:\/\/wc2021.ipsa.org\/sites\/default\/files\/page\/WC2020\/Program\/WC2021_IPSA_Program_26_Final%20web.pdf\">https:\/\/wc2021.ipsa.org\/sites\/default\/files\/page\/WC2020\/Program\/WC2021_IPSA_Program_26_Final%20web.pdf<\/a><strong><br \/>\n&#8211; Panel sa sa\u017eecima:<\/strong><br \/>\n<a href=\"https:\/\/wc2021.ipsa.org\/wc\/panel\/our-lives-our-cultures-how-young-people-perceive-diversity-and-national-cultures\">https:\/\/wc2021.ipsa.org\/wc\/panel\/our-lives-our-cultures-how-young-people-perceive-diversity-and-national-cultures<\/a><\/p>\n<p>Prezentacije u okviru panela temeljile su se na nalazima me\u0111ukulturalnog anketnog ispitivanja srednjo\u0161kolaca iz deset zemalja te etnografskih istra\u017eivanja s mladima. Doktorandica Instituta <strong>Marina Magli\u0107<\/strong> prezentirala je nalaze o ulozi multikulturalnih iskustava u obja\u0161njenju stavova u\u010denika iz devet zemalja prema pravima migranata (<em>The Relationship Between Multicultural Experience and Students\u2019 Attitudes Toward Equal Rights for Immigrants: A Cross-National Comparison of Nine European and Asian Countries:<\/em> Magli\u0107, M., Milas, G. i Franc R.), a doktorand <strong>Tomislav Pavlovi\u0107<\/strong> nalaze o ulozi me\u0111ugrupnog kontakta i obilje\u017eja \u0161kola u obja\u0161njenju stavova hrvatskih srednjo\u0161kolaca prema nacionalnim manjinama (<em>Secondary School Students\u2019 Attitudes towards National Minorities: The Role of Intergroup Contact and School Characteristics:<\/em> Pavlovi\u0107, T. i&nbsp; Su\u010di\u0107, I.).<\/p>\n<p><img decoding=\"async\" loading=\"lazy\" class=\"alignnone wp-image-19315 size-full\" src=\"https:\/\/www.vegaintro-projekti.com\/pilar-stari\/wp-content\/uploads\/2021\/07\/Sl_2-3.jpg\" alt=\"\" width=\"345\" height=\"546\" srcset=\"https:\/\/www.vegaintro-projekti.com\/pilar-stari\/wp-content\/uploads\/2021\/07\/Sl_2-3.jpg 345w, https:\/\/www.vegaintro-projekti.com\/pilar-stari\/wp-content\/uploads\/2021\/07\/Sl_2-3-190x300.jpg 190w\" sizes=\"(max-width: 345px) 100vw, 345px\" \/><\/p>\n<p>Kolege iz <strong>Slova\u010dke<\/strong> prezentirali su nalaze o odnosu kulturalnog kapitala i prihva\u0107anju razli\u010ditosti me\u0111u mladima, kolege iz <strong>Turske<\/strong> o aspiracijama mladih, kolege iz <strong>Indije<\/strong> o percepciji razli\u010ditosti me\u0111u mladima iz Indije s posebnim naglaskom na odnos religije i nacije, a kolege iz <strong>\u0160panjolske<\/strong> o kulturalnoj participaciji mladih u Kataloniji. Okupiv\u0161i istra\u017eiva\u010de EU Obzor2020 CFIEF projekta i ostale zainteresirane, panel je omogu\u0107io razmjenu spoznaja i sagledavanje nalaza pojedina\u010dnih nacionalnih ili me\u0111ukulturalnih istra\u017eivanja provedenih u okviru EU OBZOR2020 CHIEF projekta u \u0161irem kontekstu.<\/p>\n<blockquote><p><a href=\"https:\/\/www.vegaintro-projekti.com\/pilar-stari\/2018\/10\/institut-u-projektu-cultural-heritage-and-identities-of-europes-future-chief\/\">Projekt CHIEF<\/a><\/p><\/blockquote>\n","protected":false},"excerpt":{"rendered":"<p>U okviru 26. Svjetskog kongresa Me\u0111unarodnog udru\u017eenja politi\u010dkih znanosti (IPSA), s temom New Nationalisms in an Open World, odr\u017ean je i online panel posve\u0107en dijelu nalaza i spoznaja EU Obzor2020 CHIEF projekta o politi\u010dkoj socijalizaciji mladih, posebice u pogledu razli\u010ditosti, prava manjina i razumijevanju nacionalnih kultura pod nazivom &#8220;\u2018Our Lives Our Culture(s)&#8217;: How Young People&hellip; <a class=\"continue\" href=\"https:\/\/www.vegaintro-projekti.com\/pilar-stari\/2021\/07\/marina-maglic-i-tomislav-pavlovic-predstavili-nalaze-chief-projekta-na-26-svjetskom-kongresu-medunarodnog-udruzenja-politickih-znanosti-ipsa-10-15-7-2021\/\">Pro\u010ditaj vi\u0161e o<span> Marina Magli\u0107 i Tomislav Pavlovi\u0107 predstavili nalaze CHIEF projekta na 26. Svjetskom kongresu Me\u0111unarodnog udru\u017eenja politi\u010dkih znanosti (IPSA), 10.-15. 7. 2021.<\/span><\/a><\/p>\n","protected":false},"author":7,"featured_media":19314,"comment_status":"closed","ping_status":"closed","sticky":false,"template":"","format":"standard","meta":{"inline_featured_image":false,"ngg_post_thumbnail":0,"footnotes":""},"categories":[48,29],"tags":[],"yoast_head":"<!-- This site is optimized with the Yoast SEO plugin v21.2 - https:\/\/yoast.com\/wordpress\/plugins\/seo\/ -->\n<title>Marina Magli\u0107 i Tomislav Pavlovi\u0107 predstavili nalaze CHIEF projekta na 26. Svjetskom kongresu Me\u0111unarodnog udru\u017eenja politi\u010dkih znanosti (IPSA), 10.-15. 7. 2021. - Institut dru&scaron;tvenih znanosti Ivo Pilar<\/title>\n<meta name=\"robots\" content=\"noindex, follow, max-snippet:-1, max-image-preview:large, max-video-preview:-1\" \/>\n<meta property=\"og:locale\" content=\"hr_HR\" \/>\n<meta property=\"og:type\" content=\"article\" \/>\n<meta property=\"og:title\" content=\"Marina Magli\u0107 i Tomislav Pavlovi\u0107 predstavili nalaze CHIEF projekta na 26. Svjetskom kongresu Me\u0111unarodnog udru\u017eenja politi\u010dkih znanosti (IPSA), 10.-15. 7. 2021. - Institut dru&scaron;tvenih znanosti Ivo Pilar\" \/>\n<meta property=\"og:description\" content=\"U okviru 26. Svjetskog kongresa Me\u0111unarodnog udru\u017eenja politi\u010dkih znanosti (IPSA), s temom New Nationalisms in an Open World, odr\u017ean je i online panel posve\u0107en dijelu nalaza i spoznaja EU Obzor2020 CHIEF projekta o politi\u010dkoj socijalizaciji mladih, posebice u pogledu razli\u010ditosti, prava manjina i razumijevanju nacionalnih kultura pod nazivom &#8220;\u2018Our Lives Our Culture(s)&#8217;: How Young People&hellip; Pro\u010ditaj vi\u0161e o Marina Magli\u0107 i Tomislav Pavlovi\u0107 predstavili nalaze CHIEF projekta na 26. Svjetskom kongresu Me\u0111unarodnog udru\u017eenja politi\u010dkih znanosti (IPSA), 10.-15. 7. 2021.\" \/>\n<meta property=\"og:url\" content=\"https:\/\/www.vegaintro-projekti.com\/pilar-stari\/2021\/07\/marina-maglic-i-tomislav-pavlovic-predstavili-nalaze-chief-projekta-na-26-svjetskom-kongresu-medunarodnog-udruzenja-politickih-znanosti-ipsa-10-15-7-2021\/\" \/>\n<meta property=\"og:site_name\" content=\"Institut dru&scaron;tvenih znanosti Ivo Pilar\" \/>\n<meta property=\"article:published_time\" content=\"2021-07-17T14:05:50+00:00\" \/>\n<meta property=\"article:modified_time\" content=\"2021-07-22T23:02:26+00:00\" \/>\n<meta property=\"og:image\" content=\"https:\/\/www.vegaintro-projekti.com\/pilar-stari\/wp-content\/uploads\/2021\/07\/Sl_1fi-1.jpg\" \/>\n\t<meta property=\"og:image:width\" content=\"499\" \/>\n\t<meta property=\"og:image:height\" content=\"220\" \/>\n\t<meta property=\"og:image:type\" content=\"image\/jpeg\" \/>\n<meta name=\"author\" content=\"Boris\" \/>\n<meta name=\"twitter:card\" content=\"summary_large_image\" \/>\n<meta name=\"twitter:label1\" content=\"Napisao\/la\" \/>\n\t<meta name=\"twitter:data1\" content=\"Boris\" \/>\n\t<meta name=\"twitter:label2\" content=\"Procijenjeno vrijeme \u010ditanja\" \/>\n\t<meta name=\"twitter:data2\" content=\"2 minute\" \/>\n<script type=\"application\/ld+json\" class=\"yoast-schema-graph\">{\"@context\":\"https:\/\/schema.org\",\"@graph\":[{\"@type\":\"WebPage\",\"@id\":\"https:\/\/www.vegaintro-projekti.com\/pilar-stari\/2021\/07\/marina-maglic-i-tomislav-pavlovic-predstavili-nalaze-chief-projekta-na-26-svjetskom-kongresu-medunarodnog-udruzenja-politickih-znanosti-ipsa-10-15-7-2021\/\",\"url\":\"https:\/\/www.vegaintro-projekti.com\/pilar-stari\/2021\/07\/marina-maglic-i-tomislav-pavlovic-predstavili-nalaze-chief-projekta-na-26-svjetskom-kongresu-medunarodnog-udruzenja-politickih-znanosti-ipsa-10-15-7-2021\/\",\"name\":\"Marina Magli\u0107 i Tomislav Pavlovi\u0107 predstavili nalaze CHIEF projekta na 26. Svjetskom kongresu Me\u0111unarodnog udru\u017eenja politi\u010dkih znanosti (IPSA), 10.-15. 7. 2021. - Institut dru&scaron;tvenih znanosti Ivo Pilar\",\"isPartOf\":{\"@id\":\"https:\/\/www.vegaintro-projekti.com\/pilar-stari\/#website\"},\"datePublished\":\"2021-07-17T14:05:50+00:00\",\"dateModified\":\"2021-07-22T23:02:26+00:00\",\"author\":{\"@id\":\"https:\/\/www.vegaintro-projekti.com\/pilar-stari\/#\/schema\/person\/ddd404c9f1e15e4ffef5986ac6a5d28b\"},\"breadcrumb\":{\"@id\":\"https:\/\/www.vegaintro-projekti.com\/pilar-stari\/2021\/07\/marina-maglic-i-tomislav-pavlovic-predstavili-nalaze-chief-projekta-na-26-svjetskom-kongresu-medunarodnog-udruzenja-politickih-znanosti-ipsa-10-15-7-2021\/#breadcrumb\"},\"inLanguage\":\"hr\",\"potentialAction\":[{\"@type\":\"ReadAction\",\"target\":[\"https:\/\/www.vegaintro-projekti.com\/pilar-stari\/2021\/07\/marina-maglic-i-tomislav-pavlovic-predstavili-nalaze-chief-projekta-na-26-svjetskom-kongresu-medunarodnog-udruzenja-politickih-znanosti-ipsa-10-15-7-2021\/\"]}]},{\"@type\":\"BreadcrumbList\",\"@id\":\"https:\/\/www.vegaintro-projekti.com\/pilar-stari\/2021\/07\/marina-maglic-i-tomislav-pavlovic-predstavili-nalaze-chief-projekta-na-26-svjetskom-kongresu-medunarodnog-udruzenja-politickih-znanosti-ipsa-10-15-7-2021\/#breadcrumb\",\"itemListElement\":[{\"@type\":\"ListItem\",\"position\":1,\"name\":\"Home\",\"item\":\"https:\/\/www.vegaintro-projekti.com\/pilar-stari\/\"},{\"@type\":\"ListItem\",\"position\":2,\"name\":\"Marina Magli\u0107 i Tomislav Pavlovi\u0107 predstavili nalaze CHIEF projekta na 26. Svjetskom kongresu Me\u0111unarodnog udru\u017eenja politi\u010dkih znanosti (IPSA), 10.-15. 7. 2021.\"}]},{\"@type\":\"WebSite\",\"@id\":\"https:\/\/www.vegaintro-projekti.com\/pilar-stari\/#website\",\"url\":\"https:\/\/www.vegaintro-projekti.com\/pilar-stari\/\",\"name\":\"Institut dru&scaron;tvenih znanosti Ivo Pilar\",\"description\":\"Pilar\",\"potentialAction\":[{\"@type\":\"SearchAction\",\"target\":{\"@type\":\"EntryPoint\",\"urlTemplate\":\"https:\/\/www.vegaintro-projekti.com\/pilar-stari\/?s={search_term_string}\"},\"query-input\":\"required name=search_term_string\"}],\"inLanguage\":\"hr\"},{\"@type\":\"Person\",\"@id\":\"https:\/\/www.vegaintro-projekti.com\/pilar-stari\/#\/schema\/person\/ddd404c9f1e15e4ffef5986ac6a5d28b\",\"name\":\"Boris\",\"image\":{\"@type\":\"ImageObject\",\"inLanguage\":\"hr\",\"@id\":\"https:\/\/www.vegaintro-projekti.com\/pilar-stari\/#\/schema\/person\/image\/\",\"url\":\"https:\/\/secure.gravatar.com\/avatar\/29557b161a6ce6ab86ac1503164f1e90?s=96&d=mm&r=g\",\"contentUrl\":\"https:\/\/secure.gravatar.com\/avatar\/29557b161a6ce6ab86ac1503164f1e90?s=96&d=mm&r=g\",\"caption\":\"Boris\"},\"url\":\"https:\/\/www.vegaintro-projekti.com\/pilar-stari\/author\/boris\/\"}]}<\/script>\n<!-- \/ Yoast SEO plugin. -->","yoast_head_json":{"title":"Marina Magli\u0107 i Tomislav Pavlovi\u0107 predstavili nalaze CHIEF projekta na 26. Svjetskom kongresu Me\u0111unarodnog udru\u017eenja politi\u010dkih znanosti (IPSA), 10.-15. 7. 2021. - Institut dru&scaron;tvenih znanosti Ivo Pilar","robots":{"index":"noindex","follow":"follow","max-snippet":"max-snippet:-1","max-image-preview":"max-image-preview:large","max-video-preview":"max-video-preview:-1"},"og_locale":"hr_HR","og_type":"article","og_title":"Marina Magli\u0107 i Tomislav Pavlovi\u0107 predstavili nalaze CHIEF projekta na 26. Svjetskom kongresu Me\u0111unarodnog udru\u017eenja politi\u010dkih znanosti (IPSA), 10.-15. 7. 2021. - Institut dru&scaron;tvenih znanosti Ivo Pilar","og_description":"U okviru 26. Svjetskog kongresa Me\u0111unarodnog udru\u017eenja politi\u010dkih znanosti (IPSA), s temom New Nationalisms in an Open World, odr\u017ean je i online panel posve\u0107en dijelu nalaza i spoznaja EU Obzor2020 CHIEF projekta o politi\u010dkoj socijalizaciji mladih, posebice u pogledu razli\u010ditosti, prava manjina i razumijevanju nacionalnih kultura pod nazivom &#8220;\u2018Our Lives Our Culture(s)&#8217;: How Young People&hellip; Pro\u010ditaj vi\u0161e o Marina Magli\u0107 i Tomislav Pavlovi\u0107 predstavili nalaze CHIEF projekta na 26. Svjetskom kongresu Me\u0111unarodnog udru\u017eenja politi\u010dkih znanosti (IPSA), 10.-15. 7. 2021.","og_url":"https:\/\/www.vegaintro-projekti.com\/pilar-stari\/2021\/07\/marina-maglic-i-tomislav-pavlovic-predstavili-nalaze-chief-projekta-na-26-svjetskom-kongresu-medunarodnog-udruzenja-politickih-znanosti-ipsa-10-15-7-2021\/","og_site_name":"Institut dru&scaron;tvenih znanosti Ivo Pilar","article_published_time":"2021-07-17T14:05:50+00:00","article_modified_time":"2021-07-22T23:02:26+00:00","og_image":[{"width":499,"height":220,"url":"https:\/\/www.vegaintro-projekti.com\/pilar-stari\/wp-content\/uploads\/2021\/07\/Sl_1fi-1.jpg","type":"image\/jpeg"}],"author":"Boris","twitter_card":"summary_large_image","twitter_misc":{"Napisao\/la":"Boris","Procijenjeno vrijeme \u010ditanja":"2 minute"},"schema":{"@context":"https:\/\/schema.org","@graph":[{"@type":"WebPage","@id":"https:\/\/www.vegaintro-projekti.com\/pilar-stari\/2021\/07\/marina-maglic-i-tomislav-pavlovic-predstavili-nalaze-chief-projekta-na-26-svjetskom-kongresu-medunarodnog-udruzenja-politickih-znanosti-ipsa-10-15-7-2021\/","url":"https:\/\/www.vegaintro-projekti.com\/pilar-stari\/2021\/07\/marina-maglic-i-tomislav-pavlovic-predstavili-nalaze-chief-projekta-na-26-svjetskom-kongresu-medunarodnog-udruzenja-politickih-znanosti-ipsa-10-15-7-2021\/","name":"Marina Magli\u0107 i Tomislav Pavlovi\u0107 predstavili nalaze CHIEF projekta na 26. Svjetskom kongresu Me\u0111unarodnog udru\u017eenja politi\u010dkih znanosti (IPSA), 10.-15. 7. 2021. - Institut dru&scaron;tvenih znanosti Ivo Pilar","isPartOf":{"@id":"https:\/\/www.vegaintro-projekti.com\/pilar-stari\/#website"},"datePublished":"2021-07-17T14:05:50+00:00","dateModified":"2021-07-22T23:02:26+00:00","author":{"@id":"https:\/\/www.vegaintro-projekti.com\/pilar-stari\/#\/schema\/person\/ddd404c9f1e15e4ffef5986ac6a5d28b"},"breadcrumb":{"@id":"https:\/\/www.vegaintro-projekti.com\/pilar-stari\/2021\/07\/marina-maglic-i-tomislav-pavlovic-predstavili-nalaze-chief-projekta-na-26-svjetskom-kongresu-medunarodnog-udruzenja-politickih-znanosti-ipsa-10-15-7-2021\/#breadcrumb"},"inLanguage":"hr","potentialAction":[{"@type":"ReadAction","target":["https:\/\/www.vegaintro-projekti.com\/pilar-stari\/2021\/07\/marina-maglic-i-tomislav-pavlovic-predstavili-nalaze-chief-projekta-na-26-svjetskom-kongresu-medunarodnog-udruzenja-politickih-znanosti-ipsa-10-15-7-2021\/"]}]},{"@type":"BreadcrumbList","@id":"https:\/\/www.vegaintro-projekti.com\/pilar-stari\/2021\/07\/marina-maglic-i-tomislav-pavlovic-predstavili-nalaze-chief-projekta-na-26-svjetskom-kongresu-medunarodnog-udruzenja-politickih-znanosti-ipsa-10-15-7-2021\/#breadcrumb","itemListElement":[{"@type":"ListItem","position":1,"name":"Home","item":"https:\/\/www.vegaintro-projekti.com\/pilar-stari\/"},{"@type":"ListItem","position":2,"name":"Marina Magli\u0107 i Tomislav Pavlovi\u0107 predstavili nalaze CHIEF projekta na 26. Svjetskom kongresu Me\u0111unarodnog udru\u017eenja politi\u010dkih znanosti (IPSA), 10.-15. 7. 2021."}]},{"@type":"WebSite","@id":"https:\/\/www.vegaintro-projekti.com\/pilar-stari\/#website","url":"https:\/\/www.vegaintro-projekti.com\/pilar-stari\/","name":"Institut dru&scaron;tvenih znanosti Ivo Pilar","description":"Pilar","potentialAction":[{"@type":"SearchAction","target":{"@type":"EntryPoint","urlTemplate":"https:\/\/www.vegaintro-projekti.com\/pilar-stari\/?s={search_term_string}"},"query-input":"required name=search_term_string"}],"inLanguage":"hr"},{"@type":"Person","@id":"https:\/\/www.vegaintro-projekti.com\/pilar-stari\/#\/schema\/person\/ddd404c9f1e15e4ffef5986ac6a5d28b","name":"Boris","image":{"@type":"ImageObject","inLanguage":"hr","@id":"https:\/\/www.vegaintro-projekti.com\/pilar-stari\/#\/schema\/person\/image\/","url":"https:\/\/secure.gravatar.com\/avatar\/29557b161a6ce6ab86ac1503164f1e90?s=96&d=mm&r=g","contentUrl":"https:\/\/secure.gravatar.com\/avatar\/29557b161a6ce6ab86ac1503164f1e90?s=96&d=mm&r=g","caption":"Boris"},"url":"https:\/\/www.vegaintro-projekti.com\/pilar-stari\/author\/boris\/"}]}},"_links":{"self":[{"href":"https:\/\/www.vegaintro-projekti.com\/pilar-stari\/wp-json\/wp\/v2\/posts\/19317"}],"collection":[{"href":"https:\/\/www.vegaintro-projekti.com\/pilar-stari\/wp-json\/wp\/v2\/posts"}],"about":[{"href":"https:\/\/www.vegaintro-projekti.com\/pilar-stari\/wp-json\/wp\/v2\/types\/post"}],"author":[{"embeddable":true,"href":"https:\/\/www.vegaintro-projekti.com\/pilar-stari\/wp-json\/wp\/v2\/users\/7"}],"replies":[{"embeddable":true,"href":"https:\/\/www.vegaintro-projekti.com\/pilar-stari\/wp-json\/wp\/v2\/comments?post=19317"}],"version-history":[{"count":5,"href":"https:\/\/www.vegaintro-projekti.com\/pilar-stari\/wp-json\/wp\/v2\/posts\/19317\/revisions"}],"predecessor-version":[{"id":19324,"href":"https:\/\/www.vegaintro-projekti.com\/pilar-stari\/wp-json\/wp\/v2\/posts\/19317\/revisions\/19324"}],"wp:featuredmedia":[{"embeddable":true,"href":"https:\/\/www.vegaintro-projekti.com\/pilar-stari\/wp-json\/wp\/v2\/media\/19314"}],"wp:attachment":[{"href":"https:\/\/www.vegaintro-projekti.com\/pilar-stari\/wp-json\/wp\/v2\/media?parent=19317"}],"wp:term":[{"taxonomy":"category","embeddable":true,"href":"https:\/\/www.vegaintro-projekti.com\/pilar-stari\/wp-json\/wp\/v2\/categories?post=19317"},{"taxonomy":"post_tag","embeddable":true,"href":"https:\/\/www.vegaintro-projekti.com\/pilar-stari\/wp-json\/wp\/v2\/tags?post=19317"}],"curies":[{"name":"wp","href":"https:\/\/api.w.org\/{rel}","templated":true}]}}