{"id":19488,"date":"2021-08-08T14:18:07","date_gmt":"2021-08-08T14:18:07","guid":{"rendered":"https:\/\/www.vegaintro-projekti.com\/pilar-stari\/?p=19488"},"modified":"2021-08-19T11:38:08","modified_gmt":"2021-08-19T11:38:08","slug":"medunarodni-dana-sjecanja-na-romske-zrtve-genocida-u-drugom-svjetskom-ratu-2-8-2021","status":"publish","type":"post","link":"https:\/\/www.vegaintro-projekti.com\/pilar-stari\/2021\/08\/medunarodni-dana-sjecanja-na-romske-zrtve-genocida-u-drugom-svjetskom-ratu-2-8-2021\/","title":{"rendered":"Me\u0111unarodni dan sje\u0107anja na romske \u017ertve genocida u Drugom svjetskom ratu, 2. 8. 2021."},"content":{"rendered":"<p><strong>Na romskom groblju u selu U\u0161tici odr\u017eana je 2. kolovoza 2021. komemoracija u povodu Me\u0111unarodnog dana sje\u0107anja na romske \u017ertve genocida u Drugom svjetskom ratu &#8211; Samudaripen. Na komemoraciji su kao predstavnici Instituta sudjelovali ravnatelj prof. dr. sc. \u017deljko Holjevac, koji je tom prigodom polo\u017eio vijenac, i dr. sc. Danijel Vojak, koji je stru\u010dno komentirao prijenos komemoracije na HTV 4.<\/strong> &#8211; <a href=\"#mediji\">Iz medija<\/a><\/p>\n<p><a href=\"https:\/\/www.vegaintro-projekti.com\/pilar-stari\/wp-content\/uploads\/2021\/08\/Sl_0.jpg\"><img decoding=\"async\" loading=\"lazy\" class=\"alignnone wp-image-19482 size-full\" src=\"https:\/\/www.vegaintro-projekti.com\/pilar-stari\/wp-content\/uploads\/2021\/08\/Sl_0s.jpg\" alt=\"\" width=\"620\" height=\"233\" srcset=\"https:\/\/www.vegaintro-projekti.com\/pilar-stari\/wp-content\/uploads\/2021\/08\/Sl_0s.jpg 620w, https:\/\/www.vegaintro-projekti.com\/pilar-stari\/wp-content\/uploads\/2021\/08\/Sl_0s-300x113.jpg 300w\" sizes=\"(max-width: 620px) 100vw, 620px\" \/><\/a><a href=\"https:\/\/www.vegaintro-projekti.com\/pilar-stari\/wp-content\/uploads\/2021\/08\/Sl_1.jpg\"><img decoding=\"async\" loading=\"lazy\" class=\"alignnone wp-image-19484 size-full\" src=\"https:\/\/www.vegaintro-projekti.com\/pilar-stari\/wp-content\/uploads\/2021\/08\/Sl_1s.jpg\" alt=\"\" width=\"620\" height=\"326\" srcset=\"https:\/\/www.vegaintro-projekti.com\/pilar-stari\/wp-content\/uploads\/2021\/08\/Sl_1s.jpg 620w, https:\/\/www.vegaintro-projekti.com\/pilar-stari\/wp-content\/uploads\/2021\/08\/Sl_1s-300x158.jpg 300w\" sizes=\"(max-width: 620px) 100vw, 620px\" \/><\/a><\/p>\n<p><strong>Komemoracija<\/strong> se odr\u017eava u sje\u0107anje na vi\u0161e tisu\u0107a ubijenih Roma i Sinta romske \u017ertve, a koje su bile ubijene 2. kolovoza 1944. u Zigeunerlager (\u201eCiganskom logoru\u201c) u Auschwitzu. Uz dvije glazbene to\u010dke i monodramu, pozdravne rije\u010di uputio je saborski zastupnik Veljko Kajtazi, a pro\u010ditan je i ulomak iz najbolje ocijenjenog eseja s nedavno odr\u017eane Ljetne \u0161kole suo\u010davanja s pro\u0161lo\u0161\u0107u u Romskom memorijalnom centru u U\u0161tici. Poslije islamske, katoli\u010dke i pravoslavne vjerske slu\u017ebe i polaganja vijenaca, sudionici komemoracije obi\u0161li su spomen obilje\u017eje Zid boli u izgradnji.<\/p>\n<p><span style=\"font-size: 14pt;\">Dr. sc. Danijel Vojak: Prisutnost teme genocida u javnom prostoru<\/span><\/p>\n<p>Drugi kolovoz se obilje\u017eava u Hrvatskoj od 2014. godine kao Me\u0111unarodni dan sje\u0107anja na romske \u017ertve genocida u Drugom svjetskom ratu \u2013 Samudaripen, a taj je datum prihvatilo i Vije\u0107e Europe, na spomen likvidacije vi\u0161e od 4.300 Roma u nacisti\u010dkom koncentracijskom logoru Auschwitz u no\u0107i 2. na 3. kolovoza 1944. godine.<\/p>\n<p>&#8220;Tema genocida nad Romima od usta\u0161kog re\u017eima prisutna je u hrvatskom javnom prostoru samo prigodno&#8221; &#8211; ka\u017ee za Radio Slobodna Europa (RSE) najbolji poznavatelj moderne romske povijesti u Hrvatskoj, vi\u0161i znanstveni suradnik na zagreba\u010dkom Institutu Ivo Pilar Danijel Vojak &#8211; &#8220;kada se obilje\u017eavaju datumi zna\u010dajni za Rome poput Svjetskog dana Roma 8. travnja ili dana\u0161nji Me\u0111unarodni dan sje\u0107anja na romske \u017ertve genocida u Drugom svjetskom ratu \u2013 Samudaripen&#8221;.<\/p>\n<p>&#8220;Jedino tih dana se u op\u0107oj javnosti pri\u010da o stradanju Roma, sa naglaskom na ovu komemoraciju koja se unazad nekoliko godina izravno prenosi na \u010cetvrtom programu Hrvatske radio-televizije, da bi nakon toga zanimanje javnosti i medija nekako zamrlo, da bi se ne\u0161to malo opet pojavilo oko Dana sje\u0107anja na holokaust 27. sije\u010dnja, kada obilje\u017eavamo oslobo\u0111enje logora Auschwitz&#8221;, ka\u017ee Vojak.<\/p>\n<p>Unutar te koncepcije kulture sje\u0107anja unazad nekoliko godina se obilje\u017eava i druge, ne\u017eidovske \u017ertve, a me\u0111u njima i Romi, koji su zajedno sa \u017didovima bili jedna od najve\u0107ih skupina koja je stradala za vrijeme Drugog svjetskog rata, podsje\u0107a Vojak.<\/p>\n<p><a href=\"https:\/\/www.vegaintro-projekti.com\/pilar-stari\/wp-content\/uploads\/2021\/08\/Sl_2-scaled.jpg\"><img decoding=\"async\" loading=\"lazy\" class=\"alignnone wp-image-19487 size-full\" src=\"https:\/\/www.vegaintro-projekti.com\/pilar-stari\/wp-content\/uploads\/2021\/08\/Sl_2s.jpg\" alt=\"\" width=\"620\" height=\"891\" srcset=\"https:\/\/www.vegaintro-projekti.com\/pilar-stari\/wp-content\/uploads\/2021\/08\/Sl_2s.jpg 620w, https:\/\/www.vegaintro-projekti.com\/pilar-stari\/wp-content\/uploads\/2021\/08\/Sl_2s-209x300.jpg 209w\" sizes=\"(max-width: 620px) 100vw, 620px\" \/><\/a><\/p>\n<p><strong>Kako promijeniti stanje?<\/strong><\/p>\n<p>Vojak predla\u017ee da resorna ministarstva sna\u017enije poti\u010du znanstvenike da u ve\u0107oj mjeri istra\u017euju nedovoljno istra\u017eenu temu stradanja Roma, gdje kao pozitivan primjer isti\u010de aktualne napore Ministarstva znanosti i obrazovanja i njihove Uprave za nacionalne manjine.<\/p>\n<p>Osim toga, Vojak sugerira da se Romski memorijalni centar U\u0161tica i Javna ustanova Spomen-podru\u010dje Jasenovac dodatno anga\u017eiraju na organizaciji znanstvenih skupova i javnih tribina na tu temu i da se radi na organiziranju posjeta \u0161kola tim lokacijama, kako bi tema genocida nad Romima u puno ve\u0107em opsegu u\u0161la u hrvatski obrazovni sustav.<\/p>\n<p>&#8220;U svim dijelovima dru\u0161tva aktivno treba podr\u017eavati kulturu sje\u0107anja putem komemoracija i posjeta, poticati znanstveno istra\u017eivanje te tematike i rezultate tih istra\u017eivanja u puno ve\u0107em opsegu unijeti u obrazovni sustav, kako bi se i nastavnike i u\u010denike kvalitetnije obrazovalo o toj tematici&#8221;, zaklju\u010duje Danijel Vojak.<\/p>\n<p><a id=\"mediji\"><\/a><span style=\"font-size: 14pt;\">Iz medija<\/span><\/p>\n<p><strong>&#8211; Al Jazeera: <\/strong><a href=\"https:\/\/balkans.aljazeera.net\/teme\/2021\/8\/12\/danijel-vojak-zasto-je-niska-razina-kulture-sjecanje-na-romske-zrtve-iz-drugog-svjetskog-rata\">Danijel Vojak: Za\u0161to tragedija Roma pada u zaborav?, 12. 8. 2021.<\/a><strong><br \/>\n&#8211; Novosti:<\/strong> <a href=\"https:\/\/www.portalnovosti.com\/zaboravljeni-genocid\">Zaboravljeni genocid, 5. 8. 2021.<\/a><strong><br \/>\n&#8211; Radio Slobodna Evropa:<\/strong> <a href=\"https:\/\/www.slobodnaevropa.org\/a\/hrvatska-romi-genocid-jasenovac\/31389893.html\">Sje\u0107anje na Rome pobijene od usta\u0161kog re\u017eima u Drugom svjetskom ratu, 2. 8. 2021.<\/a><br \/>\n<strong>&#8211; Danas.rs:<\/strong> <a href=\"https:\/\/www.danas.rs\/svet\/u-ustici-odrzan-skup-secanja-na-rome-koje-je-pobio-ustaski-rezim-u-drugom-svetskom-ratu\/\">U U\u0161tici odr\u017ean skup se\u0107anja na Rome koje je pobio usta\u0161ki re\u017eim u Drugom svetskom ratu, 2. 8. 2021.<\/a><br \/>\n<strong>&#8211; HRT:<\/strong> <a href=\"https:\/\/vijesti.hrt.hr\/manjine\/medunarodni-dan-sjecanja-na-romske-zrtve-holokausta-2542959\">Me\u0111unarodni dan sje\u0107anja na romske \u017ertve genocida u Drugom svjetskom ratu, 2. 8. 2021.<\/a><\/p>\n<blockquote><p><a href=\"https:\/\/www.vegaintro-projekti.com\/pilar-stari\/2015\/02\/stradanje-roma-na-podrucju-nezavisne-drzave-hrvatske-za-vrijeme-drugog-svjetskog-rata\/\">Stradanje Roma na podru\u010dju NDH za vrijeme Drugog svjetskog rata<\/a><\/p><\/blockquote>\n","protected":false},"excerpt":{"rendered":"<p>Na romskom groblju u selu U\u0161tici odr\u017eana je 2. kolovoza 2021. komemoracija u povodu Me\u0111unarodnog dana sje\u0107anja na romske \u017ertve genocida u Drugom svjetskom ratu &#8211; Samudaripen. Na komemoraciji su kao predstavnici Instituta sudjelovali ravnatelj prof. dr. sc. \u017deljko Holjevac, koji je tom prigodom polo\u017eio vijenac, i dr. sc. Danijel Vojak, koji je stru\u010dno komentirao&hellip; <a class=\"continue\" href=\"https:\/\/www.vegaintro-projekti.com\/pilar-stari\/2021\/08\/medunarodni-dana-sjecanja-na-romske-zrtve-genocida-u-drugom-svjetskom-ratu-2-8-2021\/\">Pro\u010ditaj vi\u0161e o<span> Me\u0111unarodni dan sje\u0107anja na romske \u017ertve genocida u Drugom svjetskom ratu, 2. 8. 2021.<\/span><\/a><\/p>\n","protected":false},"author":7,"featured_media":19486,"comment_status":"closed","ping_status":"closed","sticky":false,"template":"","format":"standard","meta":{"inline_featured_image":false,"ngg_post_thumbnail":0,"footnotes":""},"categories":[11],"tags":[],"yoast_head":"<!-- This site is optimized with the Yoast SEO plugin v21.2 - https:\/\/yoast.com\/wordpress\/plugins\/seo\/ -->\n<title>Me\u0111unarodni dan sje\u0107anja na romske \u017ertve genocida u Drugom svjetskom ratu, 2. 8. 2021. - Institut dru&scaron;tvenih znanosti Ivo Pilar<\/title>\n<meta name=\"robots\" content=\"noindex, follow, max-snippet:-1, max-image-preview:large, max-video-preview:-1\" \/>\n<meta property=\"og:locale\" content=\"hr_HR\" \/>\n<meta property=\"og:type\" content=\"article\" \/>\n<meta property=\"og:title\" content=\"Me\u0111unarodni dan sje\u0107anja na romske \u017ertve genocida u Drugom svjetskom ratu, 2. 8. 2021. - Institut dru&scaron;tvenih znanosti Ivo Pilar\" \/>\n<meta property=\"og:description\" content=\"Na romskom groblju u selu U\u0161tici odr\u017eana je 2. kolovoza 2021. komemoracija u povodu Me\u0111unarodnog dana sje\u0107anja na romske \u017ertve genocida u Drugom svjetskom ratu &#8211; Samudaripen. Na komemoraciji su kao predstavnici Instituta sudjelovali ravnatelj prof. dr. sc. \u017deljko Holjevac, koji je tom prigodom polo\u017eio vijenac, i dr. sc. Danijel Vojak, koji je stru\u010dno komentirao&hellip; Pro\u010ditaj vi\u0161e o Me\u0111unarodni dan sje\u0107anja na romske \u017ertve genocida u Drugom svjetskom ratu, 2. 8. 2021.\" \/>\n<meta property=\"og:url\" content=\"https:\/\/www.vegaintro-projekti.com\/pilar-stari\/2021\/08\/medunarodni-dana-sjecanja-na-romske-zrtve-genocida-u-drugom-svjetskom-ratu-2-8-2021\/\" \/>\n<meta property=\"og:site_name\" content=\"Institut dru&scaron;tvenih znanosti Ivo Pilar\" \/>\n<meta property=\"article:published_time\" content=\"2021-08-08T14:18:07+00:00\" \/>\n<meta property=\"article:modified_time\" content=\"2021-08-19T11:38:08+00:00\" \/>\n<meta property=\"og:image\" content=\"https:\/\/www.vegaintro-projekti.com\/pilar-stari\/wp-content\/uploads\/2021\/08\/Sl_2fi.jpg\" \/>\n\t<meta property=\"og:image:width\" content=\"499\" \/>\n\t<meta property=\"og:image:height\" content=\"220\" \/>\n\t<meta property=\"og:image:type\" content=\"image\/jpeg\" \/>\n<meta name=\"author\" content=\"Boris\" \/>\n<meta name=\"twitter:card\" content=\"summary_large_image\" \/>\n<meta name=\"twitter:label1\" content=\"Napisao\/la\" \/>\n\t<meta name=\"twitter:data1\" content=\"Boris\" \/>\n\t<meta name=\"twitter:label2\" content=\"Procijenjeno vrijeme \u010ditanja\" \/>\n\t<meta name=\"twitter:data2\" content=\"3 minute\" \/>\n<script type=\"application\/ld+json\" class=\"yoast-schema-graph\">{\"@context\":\"https:\/\/schema.org\",\"@graph\":[{\"@type\":\"WebPage\",\"@id\":\"https:\/\/www.vegaintro-projekti.com\/pilar-stari\/2021\/08\/medunarodni-dana-sjecanja-na-romske-zrtve-genocida-u-drugom-svjetskom-ratu-2-8-2021\/\",\"url\":\"https:\/\/www.vegaintro-projekti.com\/pilar-stari\/2021\/08\/medunarodni-dana-sjecanja-na-romske-zrtve-genocida-u-drugom-svjetskom-ratu-2-8-2021\/\",\"name\":\"Me\u0111unarodni dan sje\u0107anja na romske \u017ertve genocida u Drugom svjetskom ratu, 2. 8. 2021. - Institut dru&scaron;tvenih znanosti Ivo Pilar\",\"isPartOf\":{\"@id\":\"https:\/\/www.vegaintro-projekti.com\/pilar-stari\/#website\"},\"datePublished\":\"2021-08-08T14:18:07+00:00\",\"dateModified\":\"2021-08-19T11:38:08+00:00\",\"author\":{\"@id\":\"https:\/\/www.vegaintro-projekti.com\/pilar-stari\/#\/schema\/person\/ddd404c9f1e15e4ffef5986ac6a5d28b\"},\"breadcrumb\":{\"@id\":\"https:\/\/www.vegaintro-projekti.com\/pilar-stari\/2021\/08\/medunarodni-dana-sjecanja-na-romske-zrtve-genocida-u-drugom-svjetskom-ratu-2-8-2021\/#breadcrumb\"},\"inLanguage\":\"hr\",\"potentialAction\":[{\"@type\":\"ReadAction\",\"target\":[\"https:\/\/www.vegaintro-projekti.com\/pilar-stari\/2021\/08\/medunarodni-dana-sjecanja-na-romske-zrtve-genocida-u-drugom-svjetskom-ratu-2-8-2021\/\"]}]},{\"@type\":\"BreadcrumbList\",\"@id\":\"https:\/\/www.vegaintro-projekti.com\/pilar-stari\/2021\/08\/medunarodni-dana-sjecanja-na-romske-zrtve-genocida-u-drugom-svjetskom-ratu-2-8-2021\/#breadcrumb\",\"itemListElement\":[{\"@type\":\"ListItem\",\"position\":1,\"name\":\"Home\",\"item\":\"https:\/\/www.vegaintro-projekti.com\/pilar-stari\/\"},{\"@type\":\"ListItem\",\"position\":2,\"name\":\"Me\u0111unarodni dan sje\u0107anja na romske \u017ertve genocida u Drugom svjetskom ratu, 2. 8. 2021.\"}]},{\"@type\":\"WebSite\",\"@id\":\"https:\/\/www.vegaintro-projekti.com\/pilar-stari\/#website\",\"url\":\"https:\/\/www.vegaintro-projekti.com\/pilar-stari\/\",\"name\":\"Institut dru&scaron;tvenih znanosti Ivo Pilar\",\"description\":\"Pilar\",\"potentialAction\":[{\"@type\":\"SearchAction\",\"target\":{\"@type\":\"EntryPoint\",\"urlTemplate\":\"https:\/\/www.vegaintro-projekti.com\/pilar-stari\/?s={search_term_string}\"},\"query-input\":\"required name=search_term_string\"}],\"inLanguage\":\"hr\"},{\"@type\":\"Person\",\"@id\":\"https:\/\/www.vegaintro-projekti.com\/pilar-stari\/#\/schema\/person\/ddd404c9f1e15e4ffef5986ac6a5d28b\",\"name\":\"Boris\",\"image\":{\"@type\":\"ImageObject\",\"inLanguage\":\"hr\",\"@id\":\"https:\/\/www.vegaintro-projekti.com\/pilar-stari\/#\/schema\/person\/image\/\",\"url\":\"https:\/\/secure.gravatar.com\/avatar\/29557b161a6ce6ab86ac1503164f1e90?s=96&d=mm&r=g\",\"contentUrl\":\"https:\/\/secure.gravatar.com\/avatar\/29557b161a6ce6ab86ac1503164f1e90?s=96&d=mm&r=g\",\"caption\":\"Boris\"},\"url\":\"https:\/\/www.vegaintro-projekti.com\/pilar-stari\/author\/boris\/\"}]}<\/script>\n<!-- \/ Yoast SEO plugin. -->","yoast_head_json":{"title":"Me\u0111unarodni dan sje\u0107anja na romske \u017ertve genocida u Drugom svjetskom ratu, 2. 8. 2021. - Institut dru&scaron;tvenih znanosti Ivo Pilar","robots":{"index":"noindex","follow":"follow","max-snippet":"max-snippet:-1","max-image-preview":"max-image-preview:large","max-video-preview":"max-video-preview:-1"},"og_locale":"hr_HR","og_type":"article","og_title":"Me\u0111unarodni dan sje\u0107anja na romske \u017ertve genocida u Drugom svjetskom ratu, 2. 8. 2021. - Institut dru&scaron;tvenih znanosti Ivo Pilar","og_description":"Na romskom groblju u selu U\u0161tici odr\u017eana je 2. kolovoza 2021. komemoracija u povodu Me\u0111unarodnog dana sje\u0107anja na romske \u017ertve genocida u Drugom svjetskom ratu &#8211; Samudaripen. Na komemoraciji su kao predstavnici Instituta sudjelovali ravnatelj prof. dr. sc. \u017deljko Holjevac, koji je tom prigodom polo\u017eio vijenac, i dr. sc. Danijel Vojak, koji je stru\u010dno komentirao&hellip; Pro\u010ditaj vi\u0161e o Me\u0111unarodni dan sje\u0107anja na romske \u017ertve genocida u Drugom svjetskom ratu, 2. 8. 2021.","og_url":"https:\/\/www.vegaintro-projekti.com\/pilar-stari\/2021\/08\/medunarodni-dana-sjecanja-na-romske-zrtve-genocida-u-drugom-svjetskom-ratu-2-8-2021\/","og_site_name":"Institut dru&scaron;tvenih znanosti Ivo Pilar","article_published_time":"2021-08-08T14:18:07+00:00","article_modified_time":"2021-08-19T11:38:08+00:00","og_image":[{"width":499,"height":220,"url":"https:\/\/www.vegaintro-projekti.com\/pilar-stari\/wp-content\/uploads\/2021\/08\/Sl_2fi.jpg","type":"image\/jpeg"}],"author":"Boris","twitter_card":"summary_large_image","twitter_misc":{"Napisao\/la":"Boris","Procijenjeno vrijeme \u010ditanja":"3 minute"},"schema":{"@context":"https:\/\/schema.org","@graph":[{"@type":"WebPage","@id":"https:\/\/www.vegaintro-projekti.com\/pilar-stari\/2021\/08\/medunarodni-dana-sjecanja-na-romske-zrtve-genocida-u-drugom-svjetskom-ratu-2-8-2021\/","url":"https:\/\/www.vegaintro-projekti.com\/pilar-stari\/2021\/08\/medunarodni-dana-sjecanja-na-romske-zrtve-genocida-u-drugom-svjetskom-ratu-2-8-2021\/","name":"Me\u0111unarodni dan sje\u0107anja na romske \u017ertve genocida u Drugom svjetskom ratu, 2. 8. 2021. - Institut dru&scaron;tvenih znanosti Ivo Pilar","isPartOf":{"@id":"https:\/\/www.vegaintro-projekti.com\/pilar-stari\/#website"},"datePublished":"2021-08-08T14:18:07+00:00","dateModified":"2021-08-19T11:38:08+00:00","author":{"@id":"https:\/\/www.vegaintro-projekti.com\/pilar-stari\/#\/schema\/person\/ddd404c9f1e15e4ffef5986ac6a5d28b"},"breadcrumb":{"@id":"https:\/\/www.vegaintro-projekti.com\/pilar-stari\/2021\/08\/medunarodni-dana-sjecanja-na-romske-zrtve-genocida-u-drugom-svjetskom-ratu-2-8-2021\/#breadcrumb"},"inLanguage":"hr","potentialAction":[{"@type":"ReadAction","target":["https:\/\/www.vegaintro-projekti.com\/pilar-stari\/2021\/08\/medunarodni-dana-sjecanja-na-romske-zrtve-genocida-u-drugom-svjetskom-ratu-2-8-2021\/"]}]},{"@type":"BreadcrumbList","@id":"https:\/\/www.vegaintro-projekti.com\/pilar-stari\/2021\/08\/medunarodni-dana-sjecanja-na-romske-zrtve-genocida-u-drugom-svjetskom-ratu-2-8-2021\/#breadcrumb","itemListElement":[{"@type":"ListItem","position":1,"name":"Home","item":"https:\/\/www.vegaintro-projekti.com\/pilar-stari\/"},{"@type":"ListItem","position":2,"name":"Me\u0111unarodni dan sje\u0107anja na romske \u017ertve genocida u Drugom svjetskom ratu, 2. 8. 2021."}]},{"@type":"WebSite","@id":"https:\/\/www.vegaintro-projekti.com\/pilar-stari\/#website","url":"https:\/\/www.vegaintro-projekti.com\/pilar-stari\/","name":"Institut dru&scaron;tvenih znanosti Ivo Pilar","description":"Pilar","potentialAction":[{"@type":"SearchAction","target":{"@type":"EntryPoint","urlTemplate":"https:\/\/www.vegaintro-projekti.com\/pilar-stari\/?s={search_term_string}"},"query-input":"required name=search_term_string"}],"inLanguage":"hr"},{"@type":"Person","@id":"https:\/\/www.vegaintro-projekti.com\/pilar-stari\/#\/schema\/person\/ddd404c9f1e15e4ffef5986ac6a5d28b","name":"Boris","image":{"@type":"ImageObject","inLanguage":"hr","@id":"https:\/\/www.vegaintro-projekti.com\/pilar-stari\/#\/schema\/person\/image\/","url":"https:\/\/secure.gravatar.com\/avatar\/29557b161a6ce6ab86ac1503164f1e90?s=96&d=mm&r=g","contentUrl":"https:\/\/secure.gravatar.com\/avatar\/29557b161a6ce6ab86ac1503164f1e90?s=96&d=mm&r=g","caption":"Boris"},"url":"https:\/\/www.vegaintro-projekti.com\/pilar-stari\/author\/boris\/"}]}},"_links":{"self":[{"href":"https:\/\/www.vegaintro-projekti.com\/pilar-stari\/wp-json\/wp\/v2\/posts\/19488"}],"collection":[{"href":"https:\/\/www.vegaintro-projekti.com\/pilar-stari\/wp-json\/wp\/v2\/posts"}],"about":[{"href":"https:\/\/www.vegaintro-projekti.com\/pilar-stari\/wp-json\/wp\/v2\/types\/post"}],"author":[{"embeddable":true,"href":"https:\/\/www.vegaintro-projekti.com\/pilar-stari\/wp-json\/wp\/v2\/users\/7"}],"replies":[{"embeddable":true,"href":"https:\/\/www.vegaintro-projekti.com\/pilar-stari\/wp-json\/wp\/v2\/comments?post=19488"}],"version-history":[{"count":10,"href":"https:\/\/www.vegaintro-projekti.com\/pilar-stari\/wp-json\/wp\/v2\/posts\/19488\/revisions"}],"predecessor-version":[{"id":19507,"href":"https:\/\/www.vegaintro-projekti.com\/pilar-stari\/wp-json\/wp\/v2\/posts\/19488\/revisions\/19507"}],"wp:featuredmedia":[{"embeddable":true,"href":"https:\/\/www.vegaintro-projekti.com\/pilar-stari\/wp-json\/wp\/v2\/media\/19486"}],"wp:attachment":[{"href":"https:\/\/www.vegaintro-projekti.com\/pilar-stari\/wp-json\/wp\/v2\/media?parent=19488"}],"wp:term":[{"taxonomy":"category","embeddable":true,"href":"https:\/\/www.vegaintro-projekti.com\/pilar-stari\/wp-json\/wp\/v2\/categories?post=19488"},{"taxonomy":"post_tag","embeddable":true,"href":"https:\/\/www.vegaintro-projekti.com\/pilar-stari\/wp-json\/wp\/v2\/tags?post=19488"}],"curies":[{"name":"wp","href":"https:\/\/api.w.org\/{rel}","templated":true}]}}