{"id":196,"date":"2017-12-25T17:43:46","date_gmt":"2017-12-25T17:43:46","guid":{"rendered":"https:\/\/www.vegaintro-projekti.com\/pilar-stari\/2008\/11\/24\/biblioteka-funkcionalnih-centara\/"},"modified":"2023-05-04T07:52:26","modified_gmt":"2023-05-04T07:52:26","slug":"biblioteka-funkcionalnih-centara","status":"publish","type":"post","link":"https:\/\/www.vegaintro-projekti.com\/pilar-stari\/2017\/12\/biblioteka-funkcionalnih-centara\/","title":{"rendered":"Biblioteka funkcionalnih centara"},"content":{"rendered":"<p>&nbsp;<\/p>\n<p>&#8211; <a href=\"#ciddulr\">Biblioteka&nbsp;<strong>Centra&nbsp;za istra\u017eivanje demokracije, dobru upravu i lokalni razvoj<\/strong><\/a><br \/>\n&#8211; <a href=\"#curs\">Biblioteka <strong>Centra za urbane&nbsp;i ruralne&nbsp;studije<\/strong><\/a><br \/>\n&#8211; <a href=\"#crs\">Biblioteka <strong>Centra za religijske studije<\/strong><\/a><br \/>\n&#8211; <a href=\"#bibl_poduzetnistvo\">Biblioteka <strong>Centra za istra\u017eivanje poduzetni\u0161tva<\/strong><\/a><br \/>\n&#8211; <a href=\"#cioor\">Biblioteka <strong>Centra za integralnu odr\u017eivost i odr\u017eivi razvoj<\/strong><\/a><br \/>\n&#8211; <a href=\"#cks\">Biblioteka <strong>Centra za kulturne studije<\/strong><\/a><\/p>\n<blockquote><p><a href=\"https:\/\/www.vegaintro-projekti.com\/pilar-stari\/2017\/11\/biblioteka-funkcionalnih-centara-pregled-sadraja\/\">Pregled sadr\u017eaja i punih tekstova knjiga Biblioteke funkcionalnih centara<\/a><\/p><\/blockquote>\n<p><span style=\"font-size: 8pt;\">Puni tekstovi radova ovih publikacija besplatno se smiju koristiti za osobnu ili edukacijsku svrhu uz po\u0161tivanje autorskih prava autora i izdava\u010da.<\/span><\/p>\n<p><a name=\"ciddulr\"><\/a>&nbsp;<\/p>\n<table border=\"0\">\n<tbody>\n<tr>\n<td><img decoding=\"async\" loading=\"lazy\" src=\"https:\/\/www.vegaintro-projekti.com\/pilar-stari\/wp-content\/images\/stories\/fotografije\/funkcionalni\/SasaPoljanecBoric\/d_logo.jpg\" alt=\"d logo\" width=\"80\" height=\"62\"><\/td>\n<td valign=\"bottom\"><strong>Biblioteka <\/strong><a href=\"https:\/\/www.vegaintro-projekti.com\/pilar-stari\/2010\/06\/centar-za-istraivanje-demokracije-dobru-upravu-i-lokalni-razvoj\/\"><strong>Centra&nbsp;za istra\u017eivanje demokracije, dobru upravu i lokalni razvoj<\/strong><\/a><\/td>\n<\/tr>\n<\/tbody>\n<\/table>\n<p>&#8211; <a href=\"#ciddulr_1\">Knjiga prva: Kultura anga\u017eirane sociologije<\/a><\/p>\n<p><a name=\"ciddulr_1\"><\/a>&nbsp;<\/p>\n<p><span style=\"font-size: 12pt;\">Knjiga 1.<\/span><\/p>\n<table border=\"0\">\n<tbody>\n<tr>\n<td><a style=\"text-decoration: underline;\" href=\"https:\/\/www.vegaintro-projekti.com\/pilar-stari\/wp-content\/images\/stories\/fotografije\/funkcionalni\/SasaPoljanecBoric\/Angazirana_sociologija-naslovnica.jpg\"><img decoding=\"async\" loading=\"lazy\" src=\"https:\/\/www.vegaintro-projekti.com\/pilar-stari\/wp-content\/images\/stories\/fotografije\/funkcionalni\/SasaPoljanecBoric\/Angazirana_sociolgija-nasl.jpg\" alt=\"Angazirana sociolgija-nasl\" width=\"223\" height=\"314\"><\/a><\/td>\n<td valign=\"bottom\"><span style=\"font-size: 12pt;\"><br \/>\n<\/span><strong><span style=\"font-size: 8pt;\">Sa\u0161a Poljanec Bori\u0107<\/span><\/strong><br \/>\n<a href=\"https:\/\/www.vegaintro-projekti.com\/pilar-stari\/2017\/11\/biblioteka-funkcionalnih-centara-pregled-sadraja\/#ciddulr_1\"><strong><span style=\"font-size: 8pt;\">KULTURA ANGA\u017dIRANE SOCIOLOGIJE<\/span><\/strong><\/a><br \/>\n<strong><span style=\"font-size: 8pt;\">Biblioteka Centra za istra\u017eivanje demokracije, dobru upravu i lokalni razvoj &#8211;&nbsp;Knjiga prva<\/span><\/strong><br \/>\n<strong><span style=\"font-size: 8pt;\">Institut dru\u0161tvenih znanosti Ivo Pilar<\/span><\/strong><br \/>\n<strong><span style=\"font-size: 8pt;\">Zagreb, 2013. &#8211;&nbsp;Str. 128.<\/span><\/strong><strong><span style=\"font-size: 8pt;\"><br \/>\n<\/span><\/strong><\/td>\n<\/tr>\n<\/tbody>\n<\/table>\n<p><a name=\"curs\"><\/a>&nbsp;<\/p>\n<table border=\"0\">\n<tbody>\n<tr>\n<td><img decoding=\"async\" loading=\"lazy\" src=\"https:\/\/www.vegaintro-projekti.com\/pilar-stari\/wp-content\/images\/stories\/fotografije\/glagoljica\/_u.jpg\" alt=\"_u\" width=\"64\" height=\"60\"><\/td>\n<td valign=\"bottom\"><strong>Biblioteka <\/strong><a href=\"https:\/\/www.vegaintro-projekti.com\/pilar-stari\/2010\/06\/centar-za-urbane-i-ruralne-studije\/\"><strong>Centra&nbsp;za urbane i ruralne&nbsp;studije<\/strong><\/a><\/td>\n<\/tr>\n<\/tbody>\n<\/table>\n<p>&#8211; <a href=\"#curs_1\">Knjiga&nbsp;prva: U potrazi za drugim prostorom<br \/>\n<\/a>&#8211; <a href=\"#sz\">Knjiga druga: Skriveni \u017eivoti<\/a><br \/>\n&#8211; <a href=\"#curs-3\">Knjiga tre\u0107a: Vitalni gradovi<\/a><br \/>\n&#8211; <a href=\"#Nigdina\">Knjiga \u010detvrta: Lica nigdine<\/a><br \/>\n&#8211; <a href=\"#hidden\">Knjiga peta \/ Book five: Hidden Lives<\/a><\/p>\n<p><a name=\"curs_1\"><\/a>&nbsp;<br \/>\n<span style=\"font-size: 12pt;\">Knjiga 1. <\/span><\/p>\n<table border=\"0\">\n<tbody>\n<tr>\n<td><a href=\"https:\/\/www.vegaintro-projekti.com\/pilar-stari\/2011\/04\/objavljeni-sociologijski-aspekti-sekundarnog-stanovanja\/\"><img decoding=\"async\" loading=\"lazy\" src=\"https:\/\/www.vegaintro-projekti.com\/pilar-stari\/wp-content\/images\/stories\/fotografije\/bibl_funk_centri\/sek_sta__naslovna.jpg\" alt=\"sek_sta__naslovna\" width=\"222\" height=\"314\"><\/a><\/td>\n<td valign=\"bottom\"><span style=\"font-size: 8pt;\"><span style=\"font-size: 8pt;\"><span style=\"font-size: 8pt;\"><strong>Geran-Marko MILETI\u0106<\/strong><\/span><br \/>\n<a href=\"https:\/\/www.vegaintro-projekti.com\/pilar-stari\/2017\/11\/biblioteka-funkcionalnih-centara-pregled-sadraja\/#curs-1\"><strong>U POTRAZI ZA DRUGIM PROSTOROM: SOCIOLOGIJSKI ASPEKTI SEKUNDARNOG STANOVANJA U HRVATSK<\/strong><strong>OJ<\/strong><\/a><\/span><br \/>\n<strong><span style=\"font-size: 8pt;\">Biblioteka Centra za urbane i ruralne studije \u2013 Knjiga prva<br \/>\nInstitut dru\u0161tvenih znanosti Ivo Pilar<br \/>\nZagreb, 2011. &#8211; Str. 292.<\/span><\/strong><\/span><\/td>\n<\/tr>\n<\/tbody>\n<\/table>\n<p><a name=\"sz\"><\/a>&nbsp;<br \/>\n<span style=\"font-size: 12pt;\">Knjiga 2.<\/span><\/p>\n<table border=\"0\">\n<tbody>\n<tr>\n<td><img decoding=\"async\" loading=\"lazy\" src=\"https:\/\/www.vegaintro-projekti.com\/pilar-stari\/wp-content\/images\/stories\/fotografije\/funkcionalni\/lyn_naslovnica.jpg\" alt=\"lyn_naslovnica\" width=\"224\" height=\"314\"><\/td>\n<td valign=\"bottom\">\n<div><span style=\"font-size: 8pt;\"><span style=\"font-size: 8pt;\"><strong>Lynette \u0160IKI\u0106-MI\u0106ANOVI\u0106<\/strong><\/span><\/span><\/div>\n<div><a href=\"https:\/\/www.vegaintro-projekti.com\/pilar-stari\/2017\/11\/biblioteka-funkcionalnih-centara-pregled-sadraja\/#sz\"><span style=\"font-size: 8pt;\"><span style=\"font-size: 8pt;\"><strong>SKRIVENI \u017dIVOTI &#8211; PRILOG ANTROPOLOGIJI RURALNIH \u017dENA<\/strong><\/span><\/span><\/a><\/div>\n<div><span style=\"font-size: 8pt;\"><span style=\"font-size: 8pt;\"><strong>Biblioteka Centra za urbane i ruralne studije \u2013 Knjiga druga<\/strong><\/span><\/span><\/div>\n<div><span style=\"font-size: 8pt;\"><span style=\"font-size: 8pt;\"><strong>Institut dru\u0161tvenih znanosti Ivo Pilar<\/strong><\/span><\/span><\/div>\n<div><span style=\"font-size: 8pt;\"><span style=\"font-size: 8pt;\"><strong>Zagreb, 2012. &#8211; Str. 174.<\/strong><\/span><\/span><\/div>\n<\/td>\n<\/tr>\n<\/tbody>\n<\/table>\n<p><a name=\"curs-3\"><\/a>&nbsp;<br \/>\n<span style=\"font-size: 12pt;\">Knjiga 3.<\/span><\/p>\n<table border=\"0\">\n<tbody>\n<tr>\n<td><img decoding=\"async\" loading=\"lazy\" src=\"https:\/\/www.vegaintro-projekti.com\/pilar-stari\/wp-content\/images\/stories\/fotografije\/funkcionalni\/nasl.jpg\" alt=\"nasl\" width=\"222\" height=\"314\"><\/td>\n<td valign=\"bottom\"><span style=\"font-size: 12pt;\"><br \/>\n<\/span><strong><span style=\"font-size: 8pt;\">Anka MI\u0160ETI\u0106, Geran-Marko MILETI\u0106 i Sara UR\u0160I\u0106<\/span><\/strong><br \/>\n<a href=\"https:\/\/www.vegaintro-projekti.com\/pilar-stari\/2017\/11\/biblioteka-funkcionalnih-centara-pregled-sadraja\/#curs-3\"><strong><span style=\"font-size: 8pt;\">VITALNI GRADOVI &#8211; Pogled iz perspektive stru\u010dnjaka u gradskim upravama<\/span><\/strong><\/a><br \/>\n<strong><span style=\"font-size: 8pt;\">Biblioteka Centra za urbane i ruralne studije \u2013 Knjiga tre\u0107a<\/span><\/strong><br \/>\n<strong><span style=\"font-size: 8pt;\">Institut dru\u0161tvenih znanosti Ivo Pilar<\/span><\/strong><br \/>\n<strong><span style=\"font-size: 8pt;\">Zagreb, 2012. &#8211; Str. 148.<\/span><\/strong><strong><span style=\"font-size: 8pt;\"><br \/>\n<\/span><\/strong><\/td>\n<\/tr>\n<\/tbody>\n<\/table>\n<p><span style=\"font-size: 10pt;\"><br \/>\n<a name=\"Nigdina\"><\/a>&nbsp;<br \/>\n<span style=\"font-size: 12pt;\">Knjiga 4.<\/span><\/span><\/p>\n<table border=\"0\">\n<tbody>\n<tr>\n<td><img decoding=\"async\" loading=\"lazy\" src=\"https:\/\/www.vegaintro-projekti.com\/pilar-stari\/wp-content\/images\/stories\/fotografije\/publikacije\/naslovnice\/small\/Nigdina_nasl.jpg\" alt=\"Nigdina nasl\" width=\"224\" height=\"314\"><\/td>\n<td valign=\"bottom\"><strong><span style=\"font-size: 8pt;\">Maja \u0160TAMBUK<\/span><\/strong><br \/>\n<a href=\"https:\/\/www.vegaintro-projekti.com\/pilar-stari\/2017\/11\/biblioteka-funkcionalnih-centara-pregled-sadraja\/#Nigdina\"><strong><span style=\"font-size: 8pt;\">LICA NIGDINE.&nbsp;Dru\u0161tveni i prostorni okvir razvitka hrvatskog sela<\/span><\/strong><\/a><br \/>\n<strong><span style=\"font-size: 8pt;\">Biblioteka Centra za urbane i ruralne studije.&nbsp;\u2013 Knjiga \u010detvrta<\/span><\/strong><br \/>\n<strong><span style=\"font-size: 8pt;\">Institut dru\u0161tvenih znanosti Ivo Pilar<\/span><\/strong><br \/>\n<strong><span style=\"font-size: 8pt;\">Zagreb, 2014. &#8211; Str. 208.<\/span><\/strong><strong><span style=\"font-size: 8pt;\"><br \/>\n<\/span><\/strong><\/td>\n<\/tr>\n<\/tbody>\n<\/table>\n<p><a name=\"hidden\"><\/a>&nbsp;<br \/>\n<span style=\"font-size: 12pt;\">Knjiga 5.<\/span><\/p>\n<table border=\"0\">\n<tbody>\n<tr>\n<td><img decoding=\"async\" loading=\"lazy\" src=\"https:\/\/www.vegaintro-projekti.com\/pilar-stari\/wp-content\/images\/stories\/fotografije\/publikacije\/naslovnice\/small\/Lynette_nasl.jpg\" alt=\"Lynette nasl\" width=\"213\" height=\"314\"><\/td>\n<td valign=\"bottom\"><em><em>&nbsp;<\/em><\/em><\/p>\n<div>&nbsp;<\/div>\n<div><strong><br \/>\n<span style=\"font-size: 8pt;\">Lynette \u0160IKI\u0106-MI\u0106ANOVI\u0106<\/span><\/strong><\/div>\n<div><a href=\"https:\/\/www.vegaintro-projekti.com\/pilar-stari\/2017\/11\/biblioteka-funkcionalnih-centara-pregled-sadraja\/#hidden\"><span style=\"font-size: 8pt;\"><strong>HIDDEN LIVES. An anthropological study of rural women<\/strong><\/span><\/a><\/div>\n<div><span style=\"font-size: 8pt;\"><strong>Centre for Urban and Rural Studies Series \u2013 Book 5<\/strong><\/span><\/div>\n<div><span style=\"font-size: 8pt;\"><strong>Ivo Pilar Institute of Social Sciences<\/strong><\/span><\/div>\n<div><span style=\"font-size: 8pt;\"><strong>Zagreb 2014 &#8211; pp 186<\/strong><\/span><\/div>\n<\/td>\n<\/tr>\n<\/tbody>\n<\/table>\n<p><a name=\"crs\"><\/a>&nbsp;<\/p>\n<table border=\"0\">\n<tbody>\n<tr>\n<td><img decoding=\"async\" loading=\"lazy\" src=\"https:\/\/www.vegaintro-projekti.com\/pilar-stari\/wp-content\/images\/stories\/fotografije\/glagoljica\/r.jpg\" alt=\"r\" width=\"40\" height=\"60\"><\/td>\n<td valign=\"bottom\"><strong>Biblioteka <\/strong><a href=\"https:\/\/www.vegaintro-projekti.com\/pilar-stari\/2010\/06\/centar-za-religijske-studije\/\"><strong>Centra&nbsp;za religijske studije<\/strong><\/a><\/td>\n<\/tr>\n<\/tbody>\n<\/table>\n<p>&#8211; <a href=\"#crs-1\">Knjiga&nbsp;prva: Fra Didak Bunti\u0107 &#8211; \u010dovjek i djelo<\/a><br \/>\n&#8211; <a href=\"#relig2\">Knjiga druga: Kako razumjeti rod?<\/a><br \/>\n&#8211; <a href=\"#crs3\">Knjiga tre\u0107a:&nbsp;AND GOD WILL WIPE AWAY ALL TEARS FROM THEIR EYES<br \/>\n<\/a><br \/>\n<a name=\"crs-1\"><\/a>&nbsp;<br \/>\n<span style=\"font-size: 12pt;\">Knjiga 1. <\/span><\/p>\n<table border=\"0\">\n<tbody>\n<tr>\n<td><a href=\"https:\/\/www.vegaintro-projekti.com\/pilar-stari\/2009\/10\/fra-didak-bunti-ovjek-i-djelo\/\" target=\"_self\" rel=\"noopener noreferrer\"><img decoding=\"async\" loading=\"lazy\" src=\"https:\/\/www.vegaintro-projekti.com\/pilar-stari\/wp-content\/images\/stories\/fotografije\/bibl_funk_centri\/fra_didak.jpg\" alt=\"fra_didak\" width=\"229\" height=\"314\"><\/a><\/td>\n<td valign=\"bottom\"><a href=\"https:\/\/www.vegaintro-projekti.com\/pilar-stari\/2017\/11\/biblioteka-funkcionalnih-centara-pregled-sadraja\/#b-crs-1\"><span style=\"font-size: 8pt;\"><strong>FRA DIDAK BUNTI\u0106 \u2212 \u010cOVJEK I DJELO<\/strong><\/span><\/a><br \/>\n<span style=\"font-size: 8pt;\"><strong>Uredili: Stipe Tadi\u0107 i Marinko \u0160akota<br \/>\nBiblioteka Centra za religijske studije \u2013 Knjiga prva<br \/>\nInstitut dru\u0161tvenih znanosti Ivo Pilar i Hercegova\u010dka provincija Uznesenja BDM<br \/>\nZagreb, 2009. \u2013 Str. 695.<\/strong><\/span><\/td>\n<\/tr>\n<\/tbody>\n<\/table>\n<p><a name=\"relig2\"><\/a>&nbsp;<br \/>\n<span style=\"font-size: 12pt;\">Knjiga 2.<\/span><\/p>\n<table border=\"0\">\n<tbody>\n<tr>\n<td><img decoding=\"async\" loading=\"lazy\" src=\"https:\/\/www.vegaintro-projekti.com\/pilar-stari\/wp-content\/images\/stories\/fotografije\/publikacije\/rod_naslovnica.jpg\" alt=\"rod_naslovnica\" width=\"222\" height=\"314\"><\/td>\n<td valign=\"bottom\"><span style=\"color: #000000;\"><br \/>\n<\/span><\/p>\n<p style=\"line-height: normal; margin: 0cm 0cm 0pt;\">&nbsp;<\/p>\n<p>&nbsp;<\/p>\n<p class=\"MsoNormal\" style=\"line-height: normal; margin: 0cm 0cm 0pt;\">&nbsp;<\/p>\n<p class=\"MsoNormal\" style=\"line-height: normal; margin: 0cm 0cm 0pt;\">&nbsp;<\/p>\n<p>&nbsp;<\/p>\n<p class=\"MsoNormal\" style=\"line-height: normal; margin: 0cm 0cm 0pt;\">&nbsp;<\/p>\n<p class=\"MsoNormal\" style=\"line-height: normal; margin: 0cm 0cm 0pt;\">&nbsp;<\/p>\n<p style=\"line-height: normal; margin: 0cm 0cm 0pt;\"><span style=\"font-size: 8pt;\"><strong>Jadranka Rebeka ANI\u0106<br \/>\n<\/strong><a href=\"https:\/\/www.vegaintro-projekti.com\/pilar-stari\/2017\/11\/biblioteka-funkcionalnih-centara-pregled-sadraja\/#rod\"><strong>KAKO RAZUMJETI ROD? Povijest rasprave i razli\u010dita razumijevanja u Crkvi<\/strong><\/a><br \/>\n<\/span><span style=\"font-size: 8pt;\"><strong>Biblioteka Centra za religijske sudije &#8211; Knjiga druga<br \/>\nInstitut dru\u0161tvenih znanosti Ivo Pilar<br \/>\nZagreb, 2011. &#8211; Str. 194.<br \/>\n<\/strong><\/span><\/p>\n<\/td>\n<\/tr>\n<\/tbody>\n<\/table>\n<p><a name=\"crs3\"><\/a>&nbsp;<\/p>\n<p>&nbsp;<span style=\"font-size: 12pt;\">Knjiga 3.<\/span><\/p>\n<table border=\"0\">\n<tbody>\n<tr>\n<td><img decoding=\"async\" loading=\"lazy\" src=\"https:\/\/www.vegaintro-projekti.com\/pilar-stari\/wp-content\/images\/stories\/fotografije\/funkcionalni\/rebeka_nasl.jpg\" alt=\"rebeka nasl\" width=\"225\" height=\"314\"><\/td>\n<td valign=\"bottom\"><span style=\"font-size: 12pt;\">&nbsp;<\/span><br \/>\n<a href=\"https:\/\/www.vegaintro-projekti.com\/pilar-stari\/2017\/11\/biblioteka-funkcionalnih-centara-pregled-sadraja\/#crs3\"><span style=\"font-size: 8pt;\"><strong>AND GOD WILL WIPE AWAY ALL TEARS FROM THEIR EYES<\/strong><\/span><\/a><br \/>\n<span style=\"font-size: 8pt;\"><strong>A Theological Approach to the Suffering and Hopes of Women<\/strong><\/span><br \/>\n<span style=\"font-size: 8pt;\"><strong>GOTT WIRD JEDE TR\u00c4NE VON IHREN AUGEN ABWISCHEN<\/strong><\/span><br \/>\n<span style=\"font-size: 8pt;\"><strong>Theologische Ann\u00e4herungen an Leid und Hoffnung von Frauen<\/strong><\/span><br \/>\n<span style=\"font-size: 8pt;\"><strong>Editors: Jadranka Rebeka Ani\u0107, Ana Thea Filipovi\u0107, Katica Knezovi\u0107, Lynette \u0160iki\u0107-Mi\u0107anovi\u0107<\/strong><\/span><br \/>\n<span style=\"font-size: 8pt;\"><strong>Biblioteka Centra za religijske studije \/ Centre for Religious Studies Series &#8211; Knjiga tre\u0107a \/ Book Three<\/strong><\/span><br \/>\n<span style=\"font-size: 8pt;\"><strong>Institut dru\u0161tvenih znanosti Ivo Pilar \/ Ivo Pilar Institute of Social Sciences<\/strong><\/span><br \/>\n<span style=\"font-size: 8pt;\"><strong>Zagreb, 2013. \u2013 Str. 288.<br \/>\n<\/strong><\/span><\/td>\n<\/tr>\n<\/tbody>\n<\/table>\n<p>&nbsp;<\/p>\n<p><a name=\"bibl_poduzetnistvo\"><\/a>&nbsp;<\/p>\n<table border=\"0\">\n<tbody>\n<tr>\n<td><img decoding=\"async\" loading=\"lazy\" src=\"https:\/\/www.vegaintro-projekti.com\/pilar-stari\/wp-content\/images\/stories\/fotografije\/glagoljica\/e.jpg\" alt=\"e\" width=\"42\" height=\"63\"><\/td>\n<td valign=\"bottom\">&nbsp;<\/p>\n<p>&nbsp;<\/p>\n<p><strong>Biblioteka <\/strong><a href=\"https:\/\/www.vegaintro-projekti.com\/pilar-stari\/2010\/06\/centar-za-istraivanje-poduzetnitva\/\"><strong>Centra&nbsp;za&nbsp;istra\u017eivanje poduzetni\u0161tva<\/strong><\/a><\/td>\n<\/tr>\n<\/tbody>\n<\/table>\n<p>&#8211; <a href=\"#cip-1\">Knjiga prva: Kapitalizam i socijalna integracija<\/a><\/p>\n<p><span style=\"font-size: 12pt;\"><a name=\"cip-1\"><\/a>&nbsp;<br \/>\nKnjiga 1.<\/span><\/p>\n<table border=\"0\">\n<tbody>\n<tr>\n<td><img decoding=\"async\" loading=\"lazy\" src=\"https:\/\/www.vegaintro-projekti.com\/pilar-stari\/wp-content\/images\/stories\/fotografije\/bibl_funk_centri\/kapitalizam-korice.jpg\" alt=\"kapitalizam-korice\" width=\"230\" height=\"314\"><\/td>\n<td valign=\"bottom\"><span style=\"font-size: 8pt;\"><a href=\"https:\/\/www.vegaintro-projekti.com\/pilar-stari\/2017\/11\/biblioteka-funkcionalnih-centara-pregled-sadraja\/#b-cip-1\"><strong>KAPITALIZAM I SOCIJALNA INTEGRACIJA<\/strong><\/a><br \/>\n<strong>Urednik: Drago \u010cengi\u0107<br \/>\nBiblioteka Centra za istra\u017eivanje poduzetni\u0161tva \u2013 Knjiga prva<br \/>\nInstitut dru\u0161tvenih znanosti Ivo Pilar i Zaklada Konrada Adenauera<br \/>\nZagreb, 2008. \u2013 Str. 211.<\/strong><\/span><\/td>\n<\/tr>\n<\/tbody>\n<\/table>\n<p><a name=\"cioor\"><\/a>&nbsp;<\/p>\n<table border=\"0\">\n<tbody>\n<tr>\n<td><img decoding=\"async\" loading=\"lazy\" src=\"https:\/\/www.vegaintro-projekti.com\/pilar-stari\/wp-content\/images\/stories\/fotografije\/glagoljica\/o.jpg\" alt=\"o\" width=\"42\" height=\"60\"><\/td>\n<td valign=\"bottom\"><strong>Biblioteka <\/strong><a href=\"https:\/\/www.vegaintro-projekti.com\/pilar-stari\/2010\/06\/centar-za-istraivanje-integralne-odrivosti-i-odrivog-razvoja\/\"><strong>Centra&nbsp;za&nbsp;integralnu odr\u017eivost i odr\u017eivi razvoj<\/strong><\/a><\/td>\n<\/tr>\n<\/tbody>\n<\/table>\n<p>&#8211; <a href=\"#cioor-1\">Knjiga prva: Razvoj sposoban za budu\u0107nost<\/a><br \/>\n&#8211; <a href=\"#cioor-2\">Knjiga druga: Uvod u sociologiju (odr\u017eivih) zajednica<\/a><br \/>\n&#8211; <a href=\"#razvoj3\">Knjiga&nbsp;tre\u0107a: Nacionalni interesi razvoja Hrvatske kroz prizmu koncepta odr\u017eivog razvoja<\/a><\/p>\n<p><a name=\"cioor-1\"><\/a>&nbsp;<br \/>\n<span style=\"font-size: 12pt;\">Knjiga 1.<\/span><\/p>\n<table border=\"0\">\n<tbody>\n<tr>\n<td><img decoding=\"async\" loading=\"lazy\" src=\"https:\/\/www.vegaintro-projekti.com\/pilar-stari\/wp-content\/images\/stories\/fotografije\/publikacije\/lay_naslovnica.jpg\" alt=\"lay_naslovnica\" width=\"229\" height=\"314\"><\/td>\n<td valign=\"bottom\"><span style=\"font-size: 8pt;\"><a href=\"https:\/\/www.vegaintro-projekti.com\/pilar-stari\/2017\/11\/biblioteka-funkcionalnih-centara-pregled-sadraja\/#b-cioor-1\"><strong>RAZVOJ SPOSOBAN ZA BUDU\u0106NOST \u2212 PRINOSI PROMI\u0160LJANJU ODR\u017dIVOG RAZVOJA HRVATSKE<\/strong><\/a><br \/>\n<strong>Urednik: Vladimir Lay<br \/>\nBiblioteka Centra za integralnu odr\u017eivost i odr\u017eivi razvoj \u2013 Knjiga prva<br \/>\nInstitut dru\u0161tvenih znanosti Ivo Pilar<br \/>\nZagreb, 2007. \u2013 Str. 283.<\/strong><\/span><\/td>\n<\/tr>\n<\/tbody>\n<\/table>\n<p><a name=\"cioor-2\"><\/a>&nbsp;<\/p>\n<p><span style=\"font-size: 12pt;\">Knjiga 2.<\/span><\/p>\n<table border=\"0\">\n<tbody>\n<tr>\n<td><a href=\"https:\/\/www.vegaintro-projekti.com\/pilar-stari\/wp-content\/images\/stories\/dokumenti\/e_knjige\/_uvod_u_sociologiju_odrzivih_zajednica.pdf\"><img decoding=\"async\" loading=\"lazy\" src=\"https:\/\/www.vegaintro-projekti.com\/pilar-stari\/wp-content\/images\/stories\/fotografije\/bibl_funk_centri\/sociologija_zajednica.jpg\" alt=\"sociologija_zajednica\" width=\"222\" height=\"314\"><\/a><\/td>\n<td valign=\"bottom\"><span style=\"font-size: 8pt;\"><strong>Marija Geiger Zeman i Zdenko Zeman<\/strong><br \/>\n<a href=\"https:\/\/www.vegaintro-projekti.com\/pilar-stari\/2017\/11\/biblioteka-funkcionalnih-centara-pregled-sadraja\/#cioor-2\"><strong>UVOD U SOCIOLOGIJU (ODR\u017dIVIH) ZAJEDNICA<\/strong><\/a><br \/>\n<strong>Biblioteka Centra za istra\u017eivanje integralne odr\u017eivosti i odr\u017eivog razvoja &#8211; Knjiga druga<br \/>\nInstitut dru\u0161tvenih znanosti Ivo Pilar<br \/>\nZagreb, 2010. &#8211; Str. 210.<\/strong><\/span><\/td>\n<\/tr>\n<\/tbody>\n<\/table>\n<p>&nbsp;<\/p>\n<p><a name=\"razvoj3\"><\/a>&nbsp;<br \/>\n<span style=\"font-size: 12pt;\">Knjiga 3.<\/span><\/p>\n<table border=\"0\">\n<tbody>\n<tr>\n<td><a href=\"https:\/\/www.vegaintro-projekti.com\/pilar-stari\/wp-content\/images\/stories\/dokumenti\/funkcionalni\/lay_simlesa\/nacionalni_interesi_razvoja_hrvatske_koncept_odrzivog_razvoja.pdf\"><img decoding=\"async\" loading=\"lazy\" src=\"https:\/\/www.vegaintro-projekti.com\/pilar-stari\/wp-content\/images\/stories\/fotografije\/funkcionalni\/laysimlesa-korice.jpg\" alt=\"laysimlesa-korice\" width=\"215\" height=\"314\"><\/a><\/td>\n<td valign=\"bottom\"><span style=\"font-size: 8pt;\"><strong>Vladimir Lay i Dra\u017een \u0160imle\u0161a<br \/>\n<\/strong><a href=\"https:\/\/www.vegaintro-projekti.com\/pilar-stari\/2017\/11\/biblioteka-funkcionalnih-centara-pregled-sadraja\/#razvoj3\"><strong>NACIONALNI INTERESI RAZVOJA HRVATSKE KROZ PRIZMU KONCEPTA ODR\u017dIVOG RAZVOJA<\/strong><\/a><br \/>\n<strong>Biblioteka Centra za istra\u017eivanje integralne odr\u017eivosti i odr\u017eivog razvoja &#8211; Knjiga tre\u0107a<br \/>\nInstituta dru\u0161tvenih znanosti Ivo Pilar<br \/>\nZagreb, 2012. &#8211; Str. 140.<\/strong><\/span><\/td>\n<\/tr>\n<\/tbody>\n<\/table>\n<p>&nbsp;<br \/>\n<a name=\"cks\"><\/a>&nbsp;<\/p>\n<table border=\"0\">\n<tbody>\n<tr>\n<td><img decoding=\"async\" loading=\"lazy\" src=\"https:\/\/www.vegaintro-projekti.com\/pilar-stari\/wp-content\/images\/stories\/fotografije\/funkcionalni\/kulstudije.jpg\" alt=\"kulstudije\" width=\"49\" height=\"60\"><\/td>\n<td valign=\"bottom\"><strong>Biblioteka <\/strong><a href=\"https:\/\/www.vegaintro-projekti.com\/pilar-stari\/2010\/06\/centar-za-kulturne-studije\/\"><strong>Centra&nbsp;za&nbsp;kulturne studije<\/strong><\/a><\/td>\n<\/tr>\n<\/tbody>\n<\/table>\n<p>&nbsp;<br \/>\n&#8211; <a href=\"#cks-1\">Knjiga prva: Potro\u0161a\u010dka kultura i konzumerizam<\/a><\/p>\n<p><a name=\"cks-1\"><\/a>&nbsp;<br \/>\n<span style=\"font-size: 12pt;\">Knjiga 1.<\/span><\/p>\n<table border=\"0\">\n<tbody>\n<tr>\n<td><img decoding=\"async\" loading=\"lazy\" src=\"https:\/\/www.vegaintro-projekti.com\/pilar-stari\/wp-content\/images\/stories\/fotografije\/funkcionalni\/Potrosacka-naslovnica.jpg\" alt=\"Potrosacka-naslovnica\" width=\"223\" height=\"314\"><\/td>\n<td valign=\"bottom\"><span style=\"font-size: 8pt;\"><strong>Snje\u017eana \u010cOLI\u0106 (ur.)<\/strong><\/span><br \/>\n<a href=\"https:\/\/www.vegaintro-projekti.com\/pilar-stari\/2017\/11\/biblioteka-funkcionalnih-centara-pregled-sadraja\/#cks-1\"><span style=\"font-size: 8pt;\"><strong>POTRO\u0160A\u010cKA KULTURA I KONZUMERIZAM<\/strong><\/span><\/a><br \/>\n<span style=\"font-size: 8pt;\"><strong>Biblioteka Centra za kulturne studije &#8211; Knjiga prva<\/strong><\/span><br \/>\n<span style=\"font-size: 8pt;\"><strong>Institut dru\u0161tvenih znanosti Ivo Pilar<\/strong><\/span><br \/>\n<span style=\"font-size: 8pt;\"><strong>Zagreb, 2013. \u2013 Str. 206.<\/strong><\/span><span style=\"font-size: 8pt;\"><strong><br \/>\n<\/strong><\/span><\/td>\n<\/tr>\n<\/tbody>\n<\/table>\n<blockquote><p><a href=\"https:\/\/www.vegaintro-projekti.com\/pilar-stari\/2017\/11\/biblioteka-funkcionalnih-centara-pregled-sadraja\/\">Pregled sadr\u017eaja i punih tekstova knjiga Biblioteke funkcionalnih centara<\/a><\/p><\/blockquote>\n","protected":false},"excerpt":{"rendered":"<p>&nbsp; &#8211; Biblioteka&nbsp;Centra&nbsp;za istra\u017eivanje demokracije, dobru upravu i lokalni razvoj &#8211; Biblioteka Centra za urbane&nbsp;i ruralne&nbsp;studije &#8211; Biblioteka Centra za religijske studije &#8211; Biblioteka Centra za istra\u017eivanje poduzetni\u0161tva &#8211; Biblioteka Centra za integralnu odr\u017eivost i odr\u017eivi razvoj &#8211; Biblioteka Centra za kulturne studije Pregled sadr\u017eaja i punih tekstova knjiga Biblioteke funkcionalnih centara Puni tekstovi radova&hellip; <a class=\"continue\" href=\"https:\/\/www.vegaintro-projekti.com\/pilar-stari\/2017\/12\/biblioteka-funkcionalnih-centara\/\">Pro\u010ditaj vi\u0161e o<span> Biblioteka funkcionalnih centara<\/span><\/a><\/p>\n","protected":false},"author":1,"featured_media":0,"comment_status":"closed","ping_status":"closed","sticky":false,"template":"","format":"standard","meta":{"inline_featured_image":false,"ngg_post_thumbnail":0,"footnotes":""},"categories":[8],"tags":[],"yoast_head":"<!-- This site is optimized with the Yoast SEO plugin v21.2 - https:\/\/yoast.com\/wordpress\/plugins\/seo\/ -->\n<title>Biblioteka funkcionalnih centara - Institut dru&scaron;tvenih znanosti Ivo Pilar<\/title>\n<meta name=\"robots\" content=\"noindex, follow, max-snippet:-1, max-image-preview:large, max-video-preview:-1\" \/>\n<meta property=\"og:locale\" content=\"hr_HR\" \/>\n<meta property=\"og:type\" content=\"article\" \/>\n<meta property=\"og:title\" content=\"Biblioteka funkcionalnih centara - Institut dru&scaron;tvenih znanosti Ivo Pilar\" \/>\n<meta property=\"og:description\" content=\"&nbsp; &#8211; Biblioteka&nbsp;Centra&nbsp;za istra\u017eivanje demokracije, dobru upravu i lokalni razvoj &#8211; Biblioteka Centra za urbane&nbsp;i ruralne&nbsp;studije &#8211; Biblioteka Centra za religijske studije &#8211; Biblioteka Centra za istra\u017eivanje poduzetni\u0161tva &#8211; Biblioteka Centra za integralnu odr\u017eivost i odr\u017eivi razvoj &#8211; Biblioteka Centra za kulturne studije Pregled sadr\u017eaja i punih tekstova knjiga Biblioteke funkcionalnih centara Puni tekstovi radova&hellip; Pro\u010ditaj vi\u0161e o Biblioteka funkcionalnih centara\" \/>\n<meta property=\"og:url\" content=\"https:\/\/www.vegaintro-projekti.com\/pilar-stari\/2017\/12\/biblioteka-funkcionalnih-centara\/\" \/>\n<meta property=\"og:site_name\" content=\"Institut dru&scaron;tvenih znanosti Ivo Pilar\" \/>\n<meta property=\"article:published_time\" content=\"2017-12-25T17:43:46+00:00\" \/>\n<meta property=\"article:modified_time\" content=\"2023-05-04T07:52:26+00:00\" \/>\n<meta property=\"og:image\" content=\"https:\/\/www.vegaintro-projekti.com\/pilar-stari\/wp-content\/images\/stories\/fotografije\/funkcionalni\/SasaPoljanecBoric\/d_logo.jpg\" \/>\n<meta name=\"author\" content=\"pilar-admin\" \/>\n<meta name=\"twitter:card\" content=\"summary_large_image\" \/>\n<meta name=\"twitter:label1\" content=\"Napisao\/la\" \/>\n\t<meta name=\"twitter:data1\" content=\"pilar-admin\" \/>\n\t<meta name=\"twitter:label2\" content=\"Procijenjeno vrijeme \u010ditanja\" \/>\n\t<meta name=\"twitter:data2\" content=\"8 minuta\" \/>\n<script type=\"application\/ld+json\" class=\"yoast-schema-graph\">{\"@context\":\"https:\/\/schema.org\",\"@graph\":[{\"@type\":\"WebPage\",\"@id\":\"https:\/\/www.vegaintro-projekti.com\/pilar-stari\/2017\/12\/biblioteka-funkcionalnih-centara\/\",\"url\":\"https:\/\/www.vegaintro-projekti.com\/pilar-stari\/2017\/12\/biblioteka-funkcionalnih-centara\/\",\"name\":\"Biblioteka funkcionalnih centara - Institut dru&scaron;tvenih znanosti Ivo Pilar\",\"isPartOf\":{\"@id\":\"https:\/\/www.vegaintro-projekti.com\/pilar-stari\/#website\"},\"datePublished\":\"2017-12-25T17:43:46+00:00\",\"dateModified\":\"2023-05-04T07:52:26+00:00\",\"author\":{\"@id\":\"https:\/\/www.vegaintro-projekti.com\/pilar-stari\/#\/schema\/person\/c0db50ebd77c4409e19b18044bbf10c1\"},\"breadcrumb\":{\"@id\":\"https:\/\/www.vegaintro-projekti.com\/pilar-stari\/2017\/12\/biblioteka-funkcionalnih-centara\/#breadcrumb\"},\"inLanguage\":\"hr\",\"potentialAction\":[{\"@type\":\"ReadAction\",\"target\":[\"https:\/\/www.vegaintro-projekti.com\/pilar-stari\/2017\/12\/biblioteka-funkcionalnih-centara\/\"]}]},{\"@type\":\"BreadcrumbList\",\"@id\":\"https:\/\/www.vegaintro-projekti.com\/pilar-stari\/2017\/12\/biblioteka-funkcionalnih-centara\/#breadcrumb\",\"itemListElement\":[{\"@type\":\"ListItem\",\"position\":1,\"name\":\"Home\",\"item\":\"https:\/\/www.vegaintro-projekti.com\/pilar-stari\/\"},{\"@type\":\"ListItem\",\"position\":2,\"name\":\"Biblioteka funkcionalnih centara\"}]},{\"@type\":\"WebSite\",\"@id\":\"https:\/\/www.vegaintro-projekti.com\/pilar-stari\/#website\",\"url\":\"https:\/\/www.vegaintro-projekti.com\/pilar-stari\/\",\"name\":\"Institut dru&scaron;tvenih znanosti Ivo Pilar\",\"description\":\"Pilar\",\"potentialAction\":[{\"@type\":\"SearchAction\",\"target\":{\"@type\":\"EntryPoint\",\"urlTemplate\":\"https:\/\/www.vegaintro-projekti.com\/pilar-stari\/?s={search_term_string}\"},\"query-input\":\"required name=search_term_string\"}],\"inLanguage\":\"hr\"},{\"@type\":\"Person\",\"@id\":\"https:\/\/www.vegaintro-projekti.com\/pilar-stari\/#\/schema\/person\/c0db50ebd77c4409e19b18044bbf10c1\",\"name\":\"pilar-admin\",\"image\":{\"@type\":\"ImageObject\",\"inLanguage\":\"hr\",\"@id\":\"https:\/\/www.vegaintro-projekti.com\/pilar-stari\/#\/schema\/person\/image\/\",\"url\":\"https:\/\/secure.gravatar.com\/avatar\/fac9e03c4db0011b9c1ad8b5e9c74b8c?s=96&d=mm&r=g\",\"contentUrl\":\"https:\/\/secure.gravatar.com\/avatar\/fac9e03c4db0011b9c1ad8b5e9c74b8c?s=96&d=mm&r=g\",\"caption\":\"pilar-admin\"},\"url\":\"https:\/\/www.vegaintro-projekti.com\/pilar-stari\/author\/pilar-admin\/\"}]}<\/script>\n<!-- \/ Yoast SEO plugin. -->","yoast_head_json":{"title":"Biblioteka funkcionalnih centara - Institut dru&scaron;tvenih znanosti Ivo Pilar","robots":{"index":"noindex","follow":"follow","max-snippet":"max-snippet:-1","max-image-preview":"max-image-preview:large","max-video-preview":"max-video-preview:-1"},"og_locale":"hr_HR","og_type":"article","og_title":"Biblioteka funkcionalnih centara - Institut dru&scaron;tvenih znanosti Ivo Pilar","og_description":"&nbsp; &#8211; Biblioteka&nbsp;Centra&nbsp;za istra\u017eivanje demokracije, dobru upravu i lokalni razvoj &#8211; Biblioteka Centra za urbane&nbsp;i ruralne&nbsp;studije &#8211; Biblioteka Centra za religijske studije &#8211; Biblioteka Centra za istra\u017eivanje poduzetni\u0161tva &#8211; Biblioteka Centra za integralnu odr\u017eivost i odr\u017eivi razvoj &#8211; Biblioteka Centra za kulturne studije Pregled sadr\u017eaja i punih tekstova knjiga Biblioteke funkcionalnih centara Puni tekstovi radova&hellip; Pro\u010ditaj vi\u0161e o Biblioteka funkcionalnih centara","og_url":"https:\/\/www.vegaintro-projekti.com\/pilar-stari\/2017\/12\/biblioteka-funkcionalnih-centara\/","og_site_name":"Institut dru&scaron;tvenih znanosti Ivo Pilar","article_published_time":"2017-12-25T17:43:46+00:00","article_modified_time":"2023-05-04T07:52:26+00:00","og_image":[{"url":"https:\/\/www.vegaintro-projekti.com\/pilar-stari\/wp-content\/images\/stories\/fotografije\/funkcionalni\/SasaPoljanecBoric\/d_logo.jpg"}],"author":"pilar-admin","twitter_card":"summary_large_image","twitter_misc":{"Napisao\/la":"pilar-admin","Procijenjeno vrijeme \u010ditanja":"8 minuta"},"schema":{"@context":"https:\/\/schema.org","@graph":[{"@type":"WebPage","@id":"https:\/\/www.vegaintro-projekti.com\/pilar-stari\/2017\/12\/biblioteka-funkcionalnih-centara\/","url":"https:\/\/www.vegaintro-projekti.com\/pilar-stari\/2017\/12\/biblioteka-funkcionalnih-centara\/","name":"Biblioteka funkcionalnih centara - Institut dru&scaron;tvenih znanosti Ivo Pilar","isPartOf":{"@id":"https:\/\/www.vegaintro-projekti.com\/pilar-stari\/#website"},"datePublished":"2017-12-25T17:43:46+00:00","dateModified":"2023-05-04T07:52:26+00:00","author":{"@id":"https:\/\/www.vegaintro-projekti.com\/pilar-stari\/#\/schema\/person\/c0db50ebd77c4409e19b18044bbf10c1"},"breadcrumb":{"@id":"https:\/\/www.vegaintro-projekti.com\/pilar-stari\/2017\/12\/biblioteka-funkcionalnih-centara\/#breadcrumb"},"inLanguage":"hr","potentialAction":[{"@type":"ReadAction","target":["https:\/\/www.vegaintro-projekti.com\/pilar-stari\/2017\/12\/biblioteka-funkcionalnih-centara\/"]}]},{"@type":"BreadcrumbList","@id":"https:\/\/www.vegaintro-projekti.com\/pilar-stari\/2017\/12\/biblioteka-funkcionalnih-centara\/#breadcrumb","itemListElement":[{"@type":"ListItem","position":1,"name":"Home","item":"https:\/\/www.vegaintro-projekti.com\/pilar-stari\/"},{"@type":"ListItem","position":2,"name":"Biblioteka funkcionalnih centara"}]},{"@type":"WebSite","@id":"https:\/\/www.vegaintro-projekti.com\/pilar-stari\/#website","url":"https:\/\/www.vegaintro-projekti.com\/pilar-stari\/","name":"Institut dru&scaron;tvenih znanosti Ivo Pilar","description":"Pilar","potentialAction":[{"@type":"SearchAction","target":{"@type":"EntryPoint","urlTemplate":"https:\/\/www.vegaintro-projekti.com\/pilar-stari\/?s={search_term_string}"},"query-input":"required name=search_term_string"}],"inLanguage":"hr"},{"@type":"Person","@id":"https:\/\/www.vegaintro-projekti.com\/pilar-stari\/#\/schema\/person\/c0db50ebd77c4409e19b18044bbf10c1","name":"pilar-admin","image":{"@type":"ImageObject","inLanguage":"hr","@id":"https:\/\/www.vegaintro-projekti.com\/pilar-stari\/#\/schema\/person\/image\/","url":"https:\/\/secure.gravatar.com\/avatar\/fac9e03c4db0011b9c1ad8b5e9c74b8c?s=96&d=mm&r=g","contentUrl":"https:\/\/secure.gravatar.com\/avatar\/fac9e03c4db0011b9c1ad8b5e9c74b8c?s=96&d=mm&r=g","caption":"pilar-admin"},"url":"https:\/\/www.vegaintro-projekti.com\/pilar-stari\/author\/pilar-admin\/"}]}},"_links":{"self":[{"href":"https:\/\/www.vegaintro-projekti.com\/pilar-stari\/wp-json\/wp\/v2\/posts\/196"}],"collection":[{"href":"https:\/\/www.vegaintro-projekti.com\/pilar-stari\/wp-json\/wp\/v2\/posts"}],"about":[{"href":"https:\/\/www.vegaintro-projekti.com\/pilar-stari\/wp-json\/wp\/v2\/types\/post"}],"author":[{"embeddable":true,"href":"https:\/\/www.vegaintro-projekti.com\/pilar-stari\/wp-json\/wp\/v2\/users\/1"}],"replies":[{"embeddable":true,"href":"https:\/\/www.vegaintro-projekti.com\/pilar-stari\/wp-json\/wp\/v2\/comments?post=196"}],"version-history":[{"count":29,"href":"https:\/\/www.vegaintro-projekti.com\/pilar-stari\/wp-json\/wp\/v2\/posts\/196\/revisions"}],"predecessor-version":[{"id":25833,"href":"https:\/\/www.vegaintro-projekti.com\/pilar-stari\/wp-json\/wp\/v2\/posts\/196\/revisions\/25833"}],"wp:attachment":[{"href":"https:\/\/www.vegaintro-projekti.com\/pilar-stari\/wp-json\/wp\/v2\/media?parent=196"}],"wp:term":[{"taxonomy":"category","embeddable":true,"href":"https:\/\/www.vegaintro-projekti.com\/pilar-stari\/wp-json\/wp\/v2\/categories?post=196"},{"taxonomy":"post_tag","embeddable":true,"href":"https:\/\/www.vegaintro-projekti.com\/pilar-stari\/wp-json\/wp\/v2\/tags?post=196"}],"curies":[{"name":"wp","href":"https:\/\/api.w.org\/{rel}","templated":true}]}}