{"id":19625,"date":"2021-09-01T11:56:01","date_gmt":"2021-09-01T11:56:01","guid":{"rendered":"https:\/\/www.vegaintro-projekti.com\/pilar-stari\/?p=19625"},"modified":"2021-09-05T12:53:34","modified_gmt":"2021-09-05T12:53:34","slug":"dr-sc-vine-mihaljevic-na-konferenciji-narciso-in-frantumi-effetti-della-pandemia-sullordine-del-mondo-26-28-8-2021","status":"publish","type":"post","link":"https:\/\/www.vegaintro-projekti.com\/pilar-stari\/2021\/09\/dr-sc-vine-mihaljevic-na-konferenciji-narciso-in-frantumi-effetti-della-pandemia-sullordine-del-mondo-26-28-8-2021\/","title":{"rendered":"Dr. sc. Vine Mihaljevi\u0107 na konferenciji &#8220;Narciso in frantumi. Effetti della pandemia sull\u2019ordine del mondo&#8221;, 26.-28. 8. 2021."},"content":{"rendered":"<p><strong>Dr. sc. Vine Mihaljevi\u0107 sudjelovao je s predavanjem &#8220;Sakralizacija&#8221; i &#8220;desakralizcija&#8221; medija na online 28. Me\u0111unarodnoj \u0161koli o religiji \u201cLjudski narcizam u rasulu. Posljedice pandemije na svjetski poredak&#8221; u organizaciji Dru\u0161tva za studij religijskih fenomena, Op\u0107ina San Gimignano i Barberino Tavarnelle, Sociolo\u0161kog talijanskog dru\u0161tva &#8211; Sekcija za sociologiju religije i Sveu\u010dili\u0161ta u Firenzi, koja je odr\u017eana od 26. do 28. kolovoza 2021. u San Gimignano, u Italiji<\/strong><\/p>\n<p><a href=\"https:\/\/www.vegaintro-projekti.com\/pilar-stari\/wp-content\/uploads\/2021\/09\/LibrettoGuidaSummer2021.pdf\"><img decoding=\"async\" loading=\"lazy\" class=\"alignnone wp-image-19623 size-full\" src=\"https:\/\/www.vegaintro-projekti.com\/pilar-stari\/wp-content\/uploads\/2021\/09\/Libretto1.jpg\" alt=\"\" width=\"620\" height=\"708\" srcset=\"https:\/\/www.vegaintro-projekti.com\/pilar-stari\/wp-content\/uploads\/2021\/09\/Libretto1.jpg 620w, https:\/\/www.vegaintro-projekti.com\/pilar-stari\/wp-content\/uploads\/2021\/09\/Libretto1-263x300.jpg 263w\" sizes=\"(max-width: 620px) 100vw, 620px\" \/><\/a><\/p>\n<p><strong>&#8211; Program sa sa\u017eecima:<\/strong> <a href=\"https:\/\/www.vegaintro-projekti.com\/pilar-stari\/wp-content\/uploads\/2021\/09\/LibrettoGuidaSummer2021.pdf\">XXVIII INTERNATIONAL SUMMER SCHOOL ON RELIGION 2021: Narciso in frantumi. Effetti della pandemia sull\u2019ordine del mondo<\/a><\/p>\n<p><strong>Vine Mihaljevi\u0107<\/strong>, Istituto delle Scienze Sociali Ivo Pilar &#8211; Zagreb, &#8220;Sacralizzazione&#8221; e &#8220;desacralizzazione&#8221; dei media. XXVIII International Summer School on Religion 2021. Narciso in frantumi. Effetti della pandemia sull\u2019ordine del mondo, CISRECO Edizioni, Associazione per lo studio dei fenomeni religiosi, Comune di San Gimignano, Comune di Barberino Tavarnelle, Religioni e Societ\u00e0, AIS-Associazione Italiana di Sociologia \/ Sezione di Sociologia della Religione, Universit\u00e0 degli Studi di Firenze, da 26 al 28 agosto 2021.<\/p>\n<blockquote><p><a href=\"https:\/\/www.vegaintro-projekti.com\/pilar-stari\/biografije\/user-bio\/?my_user_id=38\">Dr. sc. Vine Mihaljevi\u0107<\/a><\/p><\/blockquote>\n","protected":false},"excerpt":{"rendered":"<p>Dr. sc. Vine Mihaljevi\u0107 sudjelovao je s predavanjem &#8220;Sakralizacija&#8221; i &#8220;desakralizcija&#8221; medija na online 28. Me\u0111unarodnoj \u0161koli o religiji \u201cLjudski narcizam u rasulu. Posljedice pandemije na svjetski poredak&#8221; u organizaciji Dru\u0161tva za studij religijskih fenomena, Op\u0107ina San Gimignano i Barberino Tavarnelle, Sociolo\u0161kog talijanskog dru\u0161tva &#8211; Sekcija za sociologiju religije i Sveu\u010dili\u0161ta u Firenzi, koja je&hellip; <a class=\"continue\" href=\"https:\/\/www.vegaintro-projekti.com\/pilar-stari\/2021\/09\/dr-sc-vine-mihaljevic-na-konferenciji-narciso-in-frantumi-effetti-della-pandemia-sullordine-del-mondo-26-28-8-2021\/\">Pro\u010ditaj vi\u0161e o<span> Dr. sc. Vine Mihaljevi\u0107 na konferenciji &#8220;Narciso in frantumi. Effetti della pandemia sull\u2019ordine del mondo&#8221;, 26.-28. 8. 2021.<\/span><\/a><\/p>\n","protected":false},"author":7,"featured_media":19622,"comment_status":"closed","ping_status":"closed","sticky":false,"template":"","format":"standard","meta":{"inline_featured_image":false,"ngg_post_thumbnail":0,"footnotes":""},"categories":[11],"tags":[],"yoast_head":"<!-- This site is optimized with the Yoast SEO plugin v21.2 - https:\/\/yoast.com\/wordpress\/plugins\/seo\/ -->\n<title>Dr. sc. Vine Mihaljevi\u0107 na konferenciji &quot;Narciso in frantumi. Effetti della pandemia sull\u2019ordine del mondo&quot;, 26.-28. 8. 2021. - Institut dru&scaron;tvenih znanosti Ivo Pilar<\/title>\n<meta name=\"robots\" content=\"noindex, follow, max-snippet:-1, max-image-preview:large, max-video-preview:-1\" \/>\n<meta property=\"og:locale\" content=\"hr_HR\" \/>\n<meta property=\"og:type\" content=\"article\" \/>\n<meta property=\"og:title\" content=\"Dr. sc. Vine Mihaljevi\u0107 na konferenciji &quot;Narciso in frantumi. Effetti della pandemia sull\u2019ordine del mondo&quot;, 26.-28. 8. 2021. - Institut dru&scaron;tvenih znanosti Ivo Pilar\" \/>\n<meta property=\"og:description\" content=\"Dr. sc. Vine Mihaljevi\u0107 sudjelovao je s predavanjem &#8220;Sakralizacija&#8221; i &#8220;desakralizcija&#8221; medija na online 28. Me\u0111unarodnoj \u0161koli o religiji \u201cLjudski narcizam u rasulu. Posljedice pandemije na svjetski poredak&#8221; u organizaciji Dru\u0161tva za studij religijskih fenomena, Op\u0107ina San Gimignano i Barberino Tavarnelle, Sociolo\u0161kog talijanskog dru\u0161tva &#8211; Sekcija za sociologiju religije i Sveu\u010dili\u0161ta u Firenzi, koja je&hellip; Pro\u010ditaj vi\u0161e o Dr. sc. Vine Mihaljevi\u0107 na konferenciji &#8220;Narciso in frantumi. Effetti della pandemia sull\u2019ordine del mondo&#8221;, 26.-28. 8. 2021.\" \/>\n<meta property=\"og:url\" content=\"https:\/\/www.vegaintro-projekti.com\/pilar-stari\/2021\/09\/dr-sc-vine-mihaljevic-na-konferenciji-narciso-in-frantumi-effetti-della-pandemia-sullordine-del-mondo-26-28-8-2021\/\" \/>\n<meta property=\"og:site_name\" content=\"Institut dru&scaron;tvenih znanosti Ivo Pilar\" \/>\n<meta property=\"article:published_time\" content=\"2021-09-01T11:56:01+00:00\" \/>\n<meta property=\"article:modified_time\" content=\"2021-09-05T12:53:34+00:00\" \/>\n<meta property=\"og:image\" content=\"https:\/\/www.vegaintro-projekti.com\/pilar-stari\/wp-content\/uploads\/2021\/09\/Libretto_fi.jpg\" \/>\n\t<meta property=\"og:image:width\" content=\"499\" \/>\n\t<meta property=\"og:image:height\" content=\"221\" \/>\n\t<meta property=\"og:image:type\" content=\"image\/jpeg\" \/>\n<meta name=\"author\" content=\"Boris\" \/>\n<meta name=\"twitter:card\" content=\"summary_large_image\" \/>\n<meta name=\"twitter:label1\" content=\"Napisao\/la\" \/>\n\t<meta name=\"twitter:data1\" content=\"Boris\" \/>\n\t<meta name=\"twitter:label2\" content=\"Procijenjeno vrijeme \u010ditanja\" \/>\n\t<meta name=\"twitter:data2\" content=\"1 minuta\" \/>\n<script type=\"application\/ld+json\" class=\"yoast-schema-graph\">{\"@context\":\"https:\/\/schema.org\",\"@graph\":[{\"@type\":\"WebPage\",\"@id\":\"https:\/\/www.vegaintro-projekti.com\/pilar-stari\/2021\/09\/dr-sc-vine-mihaljevic-na-konferenciji-narciso-in-frantumi-effetti-della-pandemia-sullordine-del-mondo-26-28-8-2021\/\",\"url\":\"https:\/\/www.vegaintro-projekti.com\/pilar-stari\/2021\/09\/dr-sc-vine-mihaljevic-na-konferenciji-narciso-in-frantumi-effetti-della-pandemia-sullordine-del-mondo-26-28-8-2021\/\",\"name\":\"Dr. sc. Vine Mihaljevi\u0107 na konferenciji \\\"Narciso in frantumi. Effetti della pandemia sull\u2019ordine del mondo\\\", 26.-28. 8. 2021. - Institut dru&scaron;tvenih znanosti Ivo Pilar\",\"isPartOf\":{\"@id\":\"https:\/\/www.vegaintro-projekti.com\/pilar-stari\/#website\"},\"datePublished\":\"2021-09-01T11:56:01+00:00\",\"dateModified\":\"2021-09-05T12:53:34+00:00\",\"author\":{\"@id\":\"https:\/\/www.vegaintro-projekti.com\/pilar-stari\/#\/schema\/person\/ddd404c9f1e15e4ffef5986ac6a5d28b\"},\"breadcrumb\":{\"@id\":\"https:\/\/www.vegaintro-projekti.com\/pilar-stari\/2021\/09\/dr-sc-vine-mihaljevic-na-konferenciji-narciso-in-frantumi-effetti-della-pandemia-sullordine-del-mondo-26-28-8-2021\/#breadcrumb\"},\"inLanguage\":\"hr\",\"potentialAction\":[{\"@type\":\"ReadAction\",\"target\":[\"https:\/\/www.vegaintro-projekti.com\/pilar-stari\/2021\/09\/dr-sc-vine-mihaljevic-na-konferenciji-narciso-in-frantumi-effetti-della-pandemia-sullordine-del-mondo-26-28-8-2021\/\"]}]},{\"@type\":\"BreadcrumbList\",\"@id\":\"https:\/\/www.vegaintro-projekti.com\/pilar-stari\/2021\/09\/dr-sc-vine-mihaljevic-na-konferenciji-narciso-in-frantumi-effetti-della-pandemia-sullordine-del-mondo-26-28-8-2021\/#breadcrumb\",\"itemListElement\":[{\"@type\":\"ListItem\",\"position\":1,\"name\":\"Home\",\"item\":\"https:\/\/www.vegaintro-projekti.com\/pilar-stari\/\"},{\"@type\":\"ListItem\",\"position\":2,\"name\":\"Dr. sc. Vine Mihaljevi\u0107 na konferenciji &#8220;Narciso in frantumi. Effetti della pandemia sull\u2019ordine del mondo&#8221;, 26.-28. 8. 2021.\"}]},{\"@type\":\"WebSite\",\"@id\":\"https:\/\/www.vegaintro-projekti.com\/pilar-stari\/#website\",\"url\":\"https:\/\/www.vegaintro-projekti.com\/pilar-stari\/\",\"name\":\"Institut dru&scaron;tvenih znanosti Ivo Pilar\",\"description\":\"Pilar\",\"potentialAction\":[{\"@type\":\"SearchAction\",\"target\":{\"@type\":\"EntryPoint\",\"urlTemplate\":\"https:\/\/www.vegaintro-projekti.com\/pilar-stari\/?s={search_term_string}\"},\"query-input\":\"required name=search_term_string\"}],\"inLanguage\":\"hr\"},{\"@type\":\"Person\",\"@id\":\"https:\/\/www.vegaintro-projekti.com\/pilar-stari\/#\/schema\/person\/ddd404c9f1e15e4ffef5986ac6a5d28b\",\"name\":\"Boris\",\"image\":{\"@type\":\"ImageObject\",\"inLanguage\":\"hr\",\"@id\":\"https:\/\/www.vegaintro-projekti.com\/pilar-stari\/#\/schema\/person\/image\/\",\"url\":\"https:\/\/secure.gravatar.com\/avatar\/29557b161a6ce6ab86ac1503164f1e90?s=96&d=mm&r=g\",\"contentUrl\":\"https:\/\/secure.gravatar.com\/avatar\/29557b161a6ce6ab86ac1503164f1e90?s=96&d=mm&r=g\",\"caption\":\"Boris\"},\"url\":\"https:\/\/www.vegaintro-projekti.com\/pilar-stari\/author\/boris\/\"}]}<\/script>\n<!-- \/ Yoast SEO plugin. -->","yoast_head_json":{"title":"Dr. sc. Vine Mihaljevi\u0107 na konferenciji \"Narciso in frantumi. Effetti della pandemia sull\u2019ordine del mondo\", 26.-28. 8. 2021. - Institut dru&scaron;tvenih znanosti Ivo Pilar","robots":{"index":"noindex","follow":"follow","max-snippet":"max-snippet:-1","max-image-preview":"max-image-preview:large","max-video-preview":"max-video-preview:-1"},"og_locale":"hr_HR","og_type":"article","og_title":"Dr. sc. Vine Mihaljevi\u0107 na konferenciji \"Narciso in frantumi. Effetti della pandemia sull\u2019ordine del mondo\", 26.-28. 8. 2021. - Institut dru&scaron;tvenih znanosti Ivo Pilar","og_description":"Dr. sc. Vine Mihaljevi\u0107 sudjelovao je s predavanjem &#8220;Sakralizacija&#8221; i &#8220;desakralizcija&#8221; medija na online 28. Me\u0111unarodnoj \u0161koli o religiji \u201cLjudski narcizam u rasulu. Posljedice pandemije na svjetski poredak&#8221; u organizaciji Dru\u0161tva za studij religijskih fenomena, Op\u0107ina San Gimignano i Barberino Tavarnelle, Sociolo\u0161kog talijanskog dru\u0161tva &#8211; Sekcija za sociologiju religije i Sveu\u010dili\u0161ta u Firenzi, koja je&hellip; Pro\u010ditaj vi\u0161e o Dr. sc. Vine Mihaljevi\u0107 na konferenciji &#8220;Narciso in frantumi. Effetti della pandemia sull\u2019ordine del mondo&#8221;, 26.-28. 8. 2021.","og_url":"https:\/\/www.vegaintro-projekti.com\/pilar-stari\/2021\/09\/dr-sc-vine-mihaljevic-na-konferenciji-narciso-in-frantumi-effetti-della-pandemia-sullordine-del-mondo-26-28-8-2021\/","og_site_name":"Institut dru&scaron;tvenih znanosti Ivo Pilar","article_published_time":"2021-09-01T11:56:01+00:00","article_modified_time":"2021-09-05T12:53:34+00:00","og_image":[{"width":499,"height":221,"url":"https:\/\/www.vegaintro-projekti.com\/pilar-stari\/wp-content\/uploads\/2021\/09\/Libretto_fi.jpg","type":"image\/jpeg"}],"author":"Boris","twitter_card":"summary_large_image","twitter_misc":{"Napisao\/la":"Boris","Procijenjeno vrijeme \u010ditanja":"1 minuta"},"schema":{"@context":"https:\/\/schema.org","@graph":[{"@type":"WebPage","@id":"https:\/\/www.vegaintro-projekti.com\/pilar-stari\/2021\/09\/dr-sc-vine-mihaljevic-na-konferenciji-narciso-in-frantumi-effetti-della-pandemia-sullordine-del-mondo-26-28-8-2021\/","url":"https:\/\/www.vegaintro-projekti.com\/pilar-stari\/2021\/09\/dr-sc-vine-mihaljevic-na-konferenciji-narciso-in-frantumi-effetti-della-pandemia-sullordine-del-mondo-26-28-8-2021\/","name":"Dr. sc. Vine Mihaljevi\u0107 na konferenciji \"Narciso in frantumi. Effetti della pandemia sull\u2019ordine del mondo\", 26.-28. 8. 2021. - Institut dru&scaron;tvenih znanosti Ivo Pilar","isPartOf":{"@id":"https:\/\/www.vegaintro-projekti.com\/pilar-stari\/#website"},"datePublished":"2021-09-01T11:56:01+00:00","dateModified":"2021-09-05T12:53:34+00:00","author":{"@id":"https:\/\/www.vegaintro-projekti.com\/pilar-stari\/#\/schema\/person\/ddd404c9f1e15e4ffef5986ac6a5d28b"},"breadcrumb":{"@id":"https:\/\/www.vegaintro-projekti.com\/pilar-stari\/2021\/09\/dr-sc-vine-mihaljevic-na-konferenciji-narciso-in-frantumi-effetti-della-pandemia-sullordine-del-mondo-26-28-8-2021\/#breadcrumb"},"inLanguage":"hr","potentialAction":[{"@type":"ReadAction","target":["https:\/\/www.vegaintro-projekti.com\/pilar-stari\/2021\/09\/dr-sc-vine-mihaljevic-na-konferenciji-narciso-in-frantumi-effetti-della-pandemia-sullordine-del-mondo-26-28-8-2021\/"]}]},{"@type":"BreadcrumbList","@id":"https:\/\/www.vegaintro-projekti.com\/pilar-stari\/2021\/09\/dr-sc-vine-mihaljevic-na-konferenciji-narciso-in-frantumi-effetti-della-pandemia-sullordine-del-mondo-26-28-8-2021\/#breadcrumb","itemListElement":[{"@type":"ListItem","position":1,"name":"Home","item":"https:\/\/www.vegaintro-projekti.com\/pilar-stari\/"},{"@type":"ListItem","position":2,"name":"Dr. sc. Vine Mihaljevi\u0107 na konferenciji &#8220;Narciso in frantumi. Effetti della pandemia sull\u2019ordine del mondo&#8221;, 26.-28. 8. 2021."}]},{"@type":"WebSite","@id":"https:\/\/www.vegaintro-projekti.com\/pilar-stari\/#website","url":"https:\/\/www.vegaintro-projekti.com\/pilar-stari\/","name":"Institut dru&scaron;tvenih znanosti Ivo Pilar","description":"Pilar","potentialAction":[{"@type":"SearchAction","target":{"@type":"EntryPoint","urlTemplate":"https:\/\/www.vegaintro-projekti.com\/pilar-stari\/?s={search_term_string}"},"query-input":"required name=search_term_string"}],"inLanguage":"hr"},{"@type":"Person","@id":"https:\/\/www.vegaintro-projekti.com\/pilar-stari\/#\/schema\/person\/ddd404c9f1e15e4ffef5986ac6a5d28b","name":"Boris","image":{"@type":"ImageObject","inLanguage":"hr","@id":"https:\/\/www.vegaintro-projekti.com\/pilar-stari\/#\/schema\/person\/image\/","url":"https:\/\/secure.gravatar.com\/avatar\/29557b161a6ce6ab86ac1503164f1e90?s=96&d=mm&r=g","contentUrl":"https:\/\/secure.gravatar.com\/avatar\/29557b161a6ce6ab86ac1503164f1e90?s=96&d=mm&r=g","caption":"Boris"},"url":"https:\/\/www.vegaintro-projekti.com\/pilar-stari\/author\/boris\/"}]}},"_links":{"self":[{"href":"https:\/\/www.vegaintro-projekti.com\/pilar-stari\/wp-json\/wp\/v2\/posts\/19625"}],"collection":[{"href":"https:\/\/www.vegaintro-projekti.com\/pilar-stari\/wp-json\/wp\/v2\/posts"}],"about":[{"href":"https:\/\/www.vegaintro-projekti.com\/pilar-stari\/wp-json\/wp\/v2\/types\/post"}],"author":[{"embeddable":true,"href":"https:\/\/www.vegaintro-projekti.com\/pilar-stari\/wp-json\/wp\/v2\/users\/7"}],"replies":[{"embeddable":true,"href":"https:\/\/www.vegaintro-projekti.com\/pilar-stari\/wp-json\/wp\/v2\/comments?post=19625"}],"version-history":[{"count":1,"href":"https:\/\/www.vegaintro-projekti.com\/pilar-stari\/wp-json\/wp\/v2\/posts\/19625\/revisions"}],"predecessor-version":[{"id":19626,"href":"https:\/\/www.vegaintro-projekti.com\/pilar-stari\/wp-json\/wp\/v2\/posts\/19625\/revisions\/19626"}],"wp:featuredmedia":[{"embeddable":true,"href":"https:\/\/www.vegaintro-projekti.com\/pilar-stari\/wp-json\/wp\/v2\/media\/19622"}],"wp:attachment":[{"href":"https:\/\/www.vegaintro-projekti.com\/pilar-stari\/wp-json\/wp\/v2\/media?parent=19625"}],"wp:term":[{"taxonomy":"category","embeddable":true,"href":"https:\/\/www.vegaintro-projekti.com\/pilar-stari\/wp-json\/wp\/v2\/categories?post=19625"},{"taxonomy":"post_tag","embeddable":true,"href":"https:\/\/www.vegaintro-projekti.com\/pilar-stari\/wp-json\/wp\/v2\/tags?post=19625"}],"curies":[{"name":"wp","href":"https:\/\/api.w.org\/{rel}","templated":true}]}}