{"id":19655,"date":"2021-09-03T19:15:26","date_gmt":"2021-09-03T19:15:26","guid":{"rendered":"https:\/\/www.vegaintro-projekti.com\/pilar-stari\/?p=19655"},"modified":"2021-09-06T19:46:35","modified_gmt":"2021-09-06T19:46:35","slug":"istrazivacki-tim-projekta-chief-na-konferenciji-esa-e-sociological-knowledges-for-alternative-futures-barcelona-31-8-3-9-2021","status":"publish","type":"post","link":"https:\/\/www.vegaintro-projekti.com\/pilar-stari\/2021\/09\/istrazivacki-tim-projekta-chief-na-konferenciji-esa-e-sociological-knowledges-for-alternative-futures-barcelona-31-8-3-9-2021\/","title":{"rendered":"Istra\u017eiva\u010dki tim projekta CHIEF na konferenciji ESA-e &#8220;Sociological Knowledges for Alternative Futures&#8221;; Barcelona, 31. 8. &#8211; 3. 9. 2021."},"content":{"rendered":"<p><strong>U Barceloni se od 31. kolovoza do 3. rujna 2021. u organizaciji ESA-e (European Sociological Association) odr\u017eavala 15. konferencija pod naslovom <em>Sociological Knowledges for Alternative Futures<\/em>. Zbog pandemijskih okolnosti konferencija se odr\u017eala online, a okupila je vi\u0161e od 3.800 sudionika<\/strong><\/p>\n<p><img decoding=\"async\" loading=\"lazy\" class=\"alignnone wp-image-19649 size-full\" src=\"https:\/\/www.vegaintro-projekti.com\/pilar-stari\/wp-content\/uploads\/2021\/09\/Sl_1.jpg\" alt=\"\" width=\"620\" height=\"301\" srcset=\"https:\/\/www.vegaintro-projekti.com\/pilar-stari\/wp-content\/uploads\/2021\/09\/Sl_1.jpg 620w, https:\/\/www.vegaintro-projekti.com\/pilar-stari\/wp-content\/uploads\/2021\/09\/Sl_1-300x146.jpg 300w\" sizes=\"(max-width: 620px) 100vw, 620px\" \/><\/p>\n<p>Izlaganja su organizirana u 37 tematskih blokova u okviru kojih su se odr\u017eavale sesije. Pilarov istra\u017eiva\u010dki tim H2020 projekta CHIEF na konferenciji je sudjelovao s pet istra\u017eiva\u010da i istra\u017eiva\u010dica, odnosno s tri izlaganja koja su se temeljila na podatcima prikupljenim u razli\u010ditim radnim paketima.<\/p>\n<p><img decoding=\"async\" loading=\"lazy\" class=\"alignnone wp-image-19651 size-full\" src=\"https:\/\/www.vegaintro-projekti.com\/pilar-stari\/wp-content\/uploads\/2021\/09\/Sl_2.jpg\" alt=\"\" width=\"620\" height=\"279\" srcset=\"https:\/\/www.vegaintro-projekti.com\/pilar-stari\/wp-content\/uploads\/2021\/09\/Sl_2.jpg 620w, https:\/\/www.vegaintro-projekti.com\/pilar-stari\/wp-content\/uploads\/2021\/09\/Sl_2-300x135.jpg 300w\" sizes=\"(max-width: 620px) 100vw, 620px\" \/><\/p>\n<p><strong>Marko Mustapi\u0107<\/strong>, <strong>Goran Milas<\/strong> i <strong>Vanja Dergi\u0107<\/strong> su pod naslovom <em><strong>Cultural participation and cultural transmission among youth in Croatia<\/strong><\/em> na temelju podataka prikupljenih u radnim paketima 2 (anketa i intervjui s u\u010denicima srednjih \u0161kola) i 5 (dubinski intervjui s mladima i starijim \u010dlanovima njihovih obitelji) prezentirali zastupljenost pojedinih oblika kulturne participacije me\u0111u mladima i razli\u010dite na\u010dine me\u0111ugeneracijskog prijenosa kulturnih obrazaca u obitelji. Anketno istra\u017eivanje je pokazalo da mladi pokazuju vrlo ograni\u010deno zanimanje za tradicionalne oblike kulture, uklju\u010duju\u0107i i kulturnu participaciju. Ujedno su i kvalitativni i kvantitativni podatci istra\u017eivanja pokazali da su utjecaji \u0161kole i roditelja vrlo ograni\u010deni i da se adolescenti u tom smislu oblikuju poglavito u interakciji s vr\u0161njacima.<\/p>\n<p><img decoding=\"async\" loading=\"lazy\" class=\"alignnone wp-image-19652 size-full\" src=\"https:\/\/www.vegaintro-projekti.com\/pilar-stari\/wp-content\/uploads\/2021\/09\/Sl_3.jpg\" alt=\"\" width=\"620\" height=\"376\" srcset=\"https:\/\/www.vegaintro-projekti.com\/pilar-stari\/wp-content\/uploads\/2021\/09\/Sl_3.jpg 620w, https:\/\/www.vegaintro-projekti.com\/pilar-stari\/wp-content\/uploads\/2021\/09\/Sl_3-300x182.jpg 300w\" sizes=\"(max-width: 620px) 100vw, 620px\" \/><\/p>\n<p><strong>Dino Vuku\u0161i\u0107<\/strong>, <strong>Ra\u0161eljka Krni\u0107<\/strong> i <strong>Vanja Dergi\u0107<\/strong> su na temelju rezultata etnografskog istra\u017eivanja obavljenog u sklopu radnog paketa 7 (Anga\u017eman mladih u kulturnim praksama) prezentirali izlaganje pod naslovom <em><strong>Towards a New Urban Community: Ethnography of &#8216;BEK&#8217; Squat in Zagreb<\/strong><\/em>. Kroz analizu empirijskog materijala zaklju\u010dili su da se o BEK-u mo\u017ee govoriti kao o hibridnom modelu skvotiranja. Naime, inicijalno zami\u0161ljen kao skvot BEK svojim djelovanjem postaje neformalni socijalni centar. Ta neformalna organizacija nastoji potaknuti ve\u0107u participaciju mladih u dru\u0161tvu. Mladi su okupljeni oko zajedni\u010dkih ideja rje\u0161enja dru\u0161tvenih problema kojima su izlo\u017eeni, a njihova participacija za cilj ima inkluzivno djelovanje prema mladima u Zagrebu, ponajprije pripadnicima supkulturnih grupa.<\/p>\n<p><img decoding=\"async\" loading=\"lazy\" class=\"alignnone wp-image-19653 size-full\" src=\"https:\/\/www.vegaintro-projekti.com\/pilar-stari\/wp-content\/uploads\/2021\/09\/Sl_4.jpg\" alt=\"\" width=\"620\" height=\"348\" srcset=\"https:\/\/www.vegaintro-projekti.com\/pilar-stari\/wp-content\/uploads\/2021\/09\/Sl_4.jpg 620w, https:\/\/www.vegaintro-projekti.com\/pilar-stari\/wp-content\/uploads\/2021\/09\/Sl_4-300x168.jpg 300w\" sizes=\"(max-width: 620px) 100vw, 620px\" \/><\/p>\n<p><strong>Andrej Ivan Nuredinovi\u0107<\/strong> i <strong>Dino Vuku\u0161i\u0107<\/strong> su na temelju podataka znatnim dijelom prikupljenih u okviru radnog paketa 4 (Kvalitativno istra\u017eivanje u neformalnim obrazovnim okru\u017eenjima) izlagali pod naslovom <em><strong>A Time of Disasters &#8211; What Can We Learn from Mobilization of Ultras Subculture in Croatia?<\/strong><\/em> U izlaganju su prikazani rezultati terenskog istra\u017eivanja uloge pripadnika ultras supkulture u saniranju \u0161teta nakon dvaju razornih potresa 2020. godine u Zagrebu i Petrinji. Autori su analizirali slo\u017eene odrednice kolektivnog identiteta navija\u010dkih skupina koje dovode do njihove mobilizacije u kriznim situacijama, poput ugroza od potresa. Tako\u0111er, pokazali su kako pojedini aspekti kolektivnog djelovanja navija\u010dkih skupina i njihovih ritualnih akcija karakteristi\u010dni za tu supkulturu pove\u0107avanju njihovu organizacijsku mo\u0107 i dru\u0161tveno odgovorno djelovanje.<\/p>\n<p><img decoding=\"async\" loading=\"lazy\" class=\"alignnone wp-image-19654 size-full\" src=\"https:\/\/www.vegaintro-projekti.com\/pilar-stari\/wp-content\/uploads\/2021\/09\/Sl_5.jpg\" alt=\"\" width=\"620\" height=\"348\" srcset=\"https:\/\/www.vegaintro-projekti.com\/pilar-stari\/wp-content\/uploads\/2021\/09\/Sl_5.jpg 620w, https:\/\/www.vegaintro-projekti.com\/pilar-stari\/wp-content\/uploads\/2021\/09\/Sl_5-300x168.jpg 300w\" sizes=\"(max-width: 620px) 100vw, 620px\" \/><\/p>\n<blockquote><p><a href=\"https:\/\/www.vegaintro-projekti.com\/pilar-stari\/2018\/10\/institut-u-projektu-cultural-heritage-and-identities-of-europes-future-chief\/\">Projekt CHIEF<\/a><\/p><\/blockquote>\n","protected":false},"excerpt":{"rendered":"<p>U Barceloni se od 31. kolovoza do 3. rujna 2021. u organizaciji ESA-e (European Sociological Association) odr\u017eavala 15. konferencija pod naslovom Sociological Knowledges for Alternative Futures. Zbog pandemijskih okolnosti konferencija se odr\u017eala online, a okupila je vi\u0161e od 3.800 sudionika Izlaganja su organizirana u 37 tematskih blokova u okviru kojih su se odr\u017eavale sesije. Pilarov&hellip; <a class=\"continue\" href=\"https:\/\/www.vegaintro-projekti.com\/pilar-stari\/2021\/09\/istrazivacki-tim-projekta-chief-na-konferenciji-esa-e-sociological-knowledges-for-alternative-futures-barcelona-31-8-3-9-2021\/\">Pro\u010ditaj vi\u0161e o<span> Istra\u017eiva\u010dki tim projekta CHIEF na konferenciji ESA-e &#8220;Sociological Knowledges for Alternative Futures&#8221;; Barcelona, 31. 8. &#8211; 3. 9. 2021.<\/span><\/a><\/p>\n","protected":false},"author":7,"featured_media":19650,"comment_status":"closed","ping_status":"closed","sticky":false,"template":"","format":"standard","meta":{"inline_featured_image":false,"ngg_post_thumbnail":0,"footnotes":""},"categories":[48,11],"tags":[],"yoast_head":"<!-- This site is optimized with the Yoast SEO plugin v21.2 - https:\/\/yoast.com\/wordpress\/plugins\/seo\/ -->\n<title>Istra\u017eiva\u010dki tim projekta CHIEF na konferenciji ESA-e &quot;Sociological Knowledges for Alternative Futures&quot;; Barcelona, 31. 8. - 3. 9. 2021. - Institut dru&scaron;tvenih znanosti Ivo Pilar<\/title>\n<meta name=\"robots\" content=\"noindex, follow, max-snippet:-1, max-image-preview:large, max-video-preview:-1\" \/>\n<meta property=\"og:locale\" content=\"hr_HR\" \/>\n<meta property=\"og:type\" content=\"article\" \/>\n<meta property=\"og:title\" content=\"Istra\u017eiva\u010dki tim projekta CHIEF na konferenciji ESA-e &quot;Sociological Knowledges for Alternative Futures&quot;; Barcelona, 31. 8. - 3. 9. 2021. - Institut dru&scaron;tvenih znanosti Ivo Pilar\" \/>\n<meta property=\"og:description\" content=\"U Barceloni se od 31. kolovoza do 3. rujna 2021. u organizaciji ESA-e (European Sociological Association) odr\u017eavala 15. konferencija pod naslovom Sociological Knowledges for Alternative Futures. Zbog pandemijskih okolnosti konferencija se odr\u017eala online, a okupila je vi\u0161e od 3.800 sudionika Izlaganja su organizirana u 37 tematskih blokova u okviru kojih su se odr\u017eavale sesije. Pilarov&hellip; Pro\u010ditaj vi\u0161e o Istra\u017eiva\u010dki tim projekta CHIEF na konferenciji ESA-e &#8220;Sociological Knowledges for Alternative Futures&#8221;; Barcelona, 31. 8. &#8211; 3. 9. 2021.\" \/>\n<meta property=\"og:url\" content=\"https:\/\/www.vegaintro-projekti.com\/pilar-stari\/2021\/09\/istrazivacki-tim-projekta-chief-na-konferenciji-esa-e-sociological-knowledges-for-alternative-futures-barcelona-31-8-3-9-2021\/\" \/>\n<meta property=\"og:site_name\" content=\"Institut dru&scaron;tvenih znanosti Ivo Pilar\" \/>\n<meta property=\"article:published_time\" content=\"2021-09-03T19:15:26+00:00\" \/>\n<meta property=\"article:modified_time\" content=\"2021-09-06T19:46:35+00:00\" \/>\n<meta property=\"og:image\" content=\"https:\/\/www.vegaintro-projekti.com\/pilar-stari\/wp-content\/uploads\/2021\/09\/Sl_1_fi.jpg\" \/>\n\t<meta property=\"og:image:width\" content=\"499\" \/>\n\t<meta property=\"og:image:height\" content=\"220\" \/>\n\t<meta property=\"og:image:type\" content=\"image\/jpeg\" \/>\n<meta name=\"author\" content=\"Boris\" \/>\n<meta name=\"twitter:card\" content=\"summary_large_image\" \/>\n<meta name=\"twitter:label1\" content=\"Napisao\/la\" \/>\n\t<meta name=\"twitter:data1\" content=\"Boris\" \/>\n\t<meta name=\"twitter:label2\" content=\"Procijenjeno vrijeme \u010ditanja\" \/>\n\t<meta name=\"twitter:data2\" content=\"2 minute\" \/>\n<script type=\"application\/ld+json\" class=\"yoast-schema-graph\">{\"@context\":\"https:\/\/schema.org\",\"@graph\":[{\"@type\":\"WebPage\",\"@id\":\"https:\/\/www.vegaintro-projekti.com\/pilar-stari\/2021\/09\/istrazivacki-tim-projekta-chief-na-konferenciji-esa-e-sociological-knowledges-for-alternative-futures-barcelona-31-8-3-9-2021\/\",\"url\":\"https:\/\/www.vegaintro-projekti.com\/pilar-stari\/2021\/09\/istrazivacki-tim-projekta-chief-na-konferenciji-esa-e-sociological-knowledges-for-alternative-futures-barcelona-31-8-3-9-2021\/\",\"name\":\"Istra\u017eiva\u010dki tim projekta CHIEF na konferenciji ESA-e \\\"Sociological Knowledges for Alternative Futures\\\"; Barcelona, 31. 8. - 3. 9. 2021. - Institut dru&scaron;tvenih znanosti Ivo Pilar\",\"isPartOf\":{\"@id\":\"https:\/\/www.vegaintro-projekti.com\/pilar-stari\/#website\"},\"datePublished\":\"2021-09-03T19:15:26+00:00\",\"dateModified\":\"2021-09-06T19:46:35+00:00\",\"author\":{\"@id\":\"https:\/\/www.vegaintro-projekti.com\/pilar-stari\/#\/schema\/person\/ddd404c9f1e15e4ffef5986ac6a5d28b\"},\"breadcrumb\":{\"@id\":\"https:\/\/www.vegaintro-projekti.com\/pilar-stari\/2021\/09\/istrazivacki-tim-projekta-chief-na-konferenciji-esa-e-sociological-knowledges-for-alternative-futures-barcelona-31-8-3-9-2021\/#breadcrumb\"},\"inLanguage\":\"hr\",\"potentialAction\":[{\"@type\":\"ReadAction\",\"target\":[\"https:\/\/www.vegaintro-projekti.com\/pilar-stari\/2021\/09\/istrazivacki-tim-projekta-chief-na-konferenciji-esa-e-sociological-knowledges-for-alternative-futures-barcelona-31-8-3-9-2021\/\"]}]},{\"@type\":\"BreadcrumbList\",\"@id\":\"https:\/\/www.vegaintro-projekti.com\/pilar-stari\/2021\/09\/istrazivacki-tim-projekta-chief-na-konferenciji-esa-e-sociological-knowledges-for-alternative-futures-barcelona-31-8-3-9-2021\/#breadcrumb\",\"itemListElement\":[{\"@type\":\"ListItem\",\"position\":1,\"name\":\"Home\",\"item\":\"https:\/\/www.vegaintro-projekti.com\/pilar-stari\/\"},{\"@type\":\"ListItem\",\"position\":2,\"name\":\"Istra\u017eiva\u010dki tim projekta CHIEF na konferenciji ESA-e &#8220;Sociological Knowledges for Alternative Futures&#8221;; Barcelona, 31. 8. &#8211; 3. 9. 2021.\"}]},{\"@type\":\"WebSite\",\"@id\":\"https:\/\/www.vegaintro-projekti.com\/pilar-stari\/#website\",\"url\":\"https:\/\/www.vegaintro-projekti.com\/pilar-stari\/\",\"name\":\"Institut dru&scaron;tvenih znanosti Ivo Pilar\",\"description\":\"Pilar\",\"potentialAction\":[{\"@type\":\"SearchAction\",\"target\":{\"@type\":\"EntryPoint\",\"urlTemplate\":\"https:\/\/www.vegaintro-projekti.com\/pilar-stari\/?s={search_term_string}\"},\"query-input\":\"required name=search_term_string\"}],\"inLanguage\":\"hr\"},{\"@type\":\"Person\",\"@id\":\"https:\/\/www.vegaintro-projekti.com\/pilar-stari\/#\/schema\/person\/ddd404c9f1e15e4ffef5986ac6a5d28b\",\"name\":\"Boris\",\"image\":{\"@type\":\"ImageObject\",\"inLanguage\":\"hr\",\"@id\":\"https:\/\/www.vegaintro-projekti.com\/pilar-stari\/#\/schema\/person\/image\/\",\"url\":\"https:\/\/secure.gravatar.com\/avatar\/29557b161a6ce6ab86ac1503164f1e90?s=96&d=mm&r=g\",\"contentUrl\":\"https:\/\/secure.gravatar.com\/avatar\/29557b161a6ce6ab86ac1503164f1e90?s=96&d=mm&r=g\",\"caption\":\"Boris\"},\"url\":\"https:\/\/www.vegaintro-projekti.com\/pilar-stari\/author\/boris\/\"}]}<\/script>\n<!-- \/ Yoast SEO plugin. -->","yoast_head_json":{"title":"Istra\u017eiva\u010dki tim projekta CHIEF na konferenciji ESA-e \"Sociological Knowledges for Alternative Futures\"; Barcelona, 31. 8. - 3. 9. 2021. - Institut dru&scaron;tvenih znanosti Ivo Pilar","robots":{"index":"noindex","follow":"follow","max-snippet":"max-snippet:-1","max-image-preview":"max-image-preview:large","max-video-preview":"max-video-preview:-1"},"og_locale":"hr_HR","og_type":"article","og_title":"Istra\u017eiva\u010dki tim projekta CHIEF na konferenciji ESA-e \"Sociological Knowledges for Alternative Futures\"; Barcelona, 31. 8. - 3. 9. 2021. - Institut dru&scaron;tvenih znanosti Ivo Pilar","og_description":"U Barceloni se od 31. kolovoza do 3. rujna 2021. u organizaciji ESA-e (European Sociological Association) odr\u017eavala 15. konferencija pod naslovom Sociological Knowledges for Alternative Futures. Zbog pandemijskih okolnosti konferencija se odr\u017eala online, a okupila je vi\u0161e od 3.800 sudionika Izlaganja su organizirana u 37 tematskih blokova u okviru kojih su se odr\u017eavale sesije. Pilarov&hellip; Pro\u010ditaj vi\u0161e o Istra\u017eiva\u010dki tim projekta CHIEF na konferenciji ESA-e &#8220;Sociological Knowledges for Alternative Futures&#8221;; Barcelona, 31. 8. &#8211; 3. 9. 2021.","og_url":"https:\/\/www.vegaintro-projekti.com\/pilar-stari\/2021\/09\/istrazivacki-tim-projekta-chief-na-konferenciji-esa-e-sociological-knowledges-for-alternative-futures-barcelona-31-8-3-9-2021\/","og_site_name":"Institut dru&scaron;tvenih znanosti Ivo Pilar","article_published_time":"2021-09-03T19:15:26+00:00","article_modified_time":"2021-09-06T19:46:35+00:00","og_image":[{"width":499,"height":220,"url":"https:\/\/www.vegaintro-projekti.com\/pilar-stari\/wp-content\/uploads\/2021\/09\/Sl_1_fi.jpg","type":"image\/jpeg"}],"author":"Boris","twitter_card":"summary_large_image","twitter_misc":{"Napisao\/la":"Boris","Procijenjeno vrijeme \u010ditanja":"2 minute"},"schema":{"@context":"https:\/\/schema.org","@graph":[{"@type":"WebPage","@id":"https:\/\/www.vegaintro-projekti.com\/pilar-stari\/2021\/09\/istrazivacki-tim-projekta-chief-na-konferenciji-esa-e-sociological-knowledges-for-alternative-futures-barcelona-31-8-3-9-2021\/","url":"https:\/\/www.vegaintro-projekti.com\/pilar-stari\/2021\/09\/istrazivacki-tim-projekta-chief-na-konferenciji-esa-e-sociological-knowledges-for-alternative-futures-barcelona-31-8-3-9-2021\/","name":"Istra\u017eiva\u010dki tim projekta CHIEF na konferenciji ESA-e \"Sociological Knowledges for Alternative Futures\"; Barcelona, 31. 8. - 3. 9. 2021. - Institut dru&scaron;tvenih znanosti Ivo Pilar","isPartOf":{"@id":"https:\/\/www.vegaintro-projekti.com\/pilar-stari\/#website"},"datePublished":"2021-09-03T19:15:26+00:00","dateModified":"2021-09-06T19:46:35+00:00","author":{"@id":"https:\/\/www.vegaintro-projekti.com\/pilar-stari\/#\/schema\/person\/ddd404c9f1e15e4ffef5986ac6a5d28b"},"breadcrumb":{"@id":"https:\/\/www.vegaintro-projekti.com\/pilar-stari\/2021\/09\/istrazivacki-tim-projekta-chief-na-konferenciji-esa-e-sociological-knowledges-for-alternative-futures-barcelona-31-8-3-9-2021\/#breadcrumb"},"inLanguage":"hr","potentialAction":[{"@type":"ReadAction","target":["https:\/\/www.vegaintro-projekti.com\/pilar-stari\/2021\/09\/istrazivacki-tim-projekta-chief-na-konferenciji-esa-e-sociological-knowledges-for-alternative-futures-barcelona-31-8-3-9-2021\/"]}]},{"@type":"BreadcrumbList","@id":"https:\/\/www.vegaintro-projekti.com\/pilar-stari\/2021\/09\/istrazivacki-tim-projekta-chief-na-konferenciji-esa-e-sociological-knowledges-for-alternative-futures-barcelona-31-8-3-9-2021\/#breadcrumb","itemListElement":[{"@type":"ListItem","position":1,"name":"Home","item":"https:\/\/www.vegaintro-projekti.com\/pilar-stari\/"},{"@type":"ListItem","position":2,"name":"Istra\u017eiva\u010dki tim projekta CHIEF na konferenciji ESA-e &#8220;Sociological Knowledges for Alternative Futures&#8221;; Barcelona, 31. 8. &#8211; 3. 9. 2021."}]},{"@type":"WebSite","@id":"https:\/\/www.vegaintro-projekti.com\/pilar-stari\/#website","url":"https:\/\/www.vegaintro-projekti.com\/pilar-stari\/","name":"Institut dru&scaron;tvenih znanosti Ivo Pilar","description":"Pilar","potentialAction":[{"@type":"SearchAction","target":{"@type":"EntryPoint","urlTemplate":"https:\/\/www.vegaintro-projekti.com\/pilar-stari\/?s={search_term_string}"},"query-input":"required name=search_term_string"}],"inLanguage":"hr"},{"@type":"Person","@id":"https:\/\/www.vegaintro-projekti.com\/pilar-stari\/#\/schema\/person\/ddd404c9f1e15e4ffef5986ac6a5d28b","name":"Boris","image":{"@type":"ImageObject","inLanguage":"hr","@id":"https:\/\/www.vegaintro-projekti.com\/pilar-stari\/#\/schema\/person\/image\/","url":"https:\/\/secure.gravatar.com\/avatar\/29557b161a6ce6ab86ac1503164f1e90?s=96&d=mm&r=g","contentUrl":"https:\/\/secure.gravatar.com\/avatar\/29557b161a6ce6ab86ac1503164f1e90?s=96&d=mm&r=g","caption":"Boris"},"url":"https:\/\/www.vegaintro-projekti.com\/pilar-stari\/author\/boris\/"}]}},"_links":{"self":[{"href":"https:\/\/www.vegaintro-projekti.com\/pilar-stari\/wp-json\/wp\/v2\/posts\/19655"}],"collection":[{"href":"https:\/\/www.vegaintro-projekti.com\/pilar-stari\/wp-json\/wp\/v2\/posts"}],"about":[{"href":"https:\/\/www.vegaintro-projekti.com\/pilar-stari\/wp-json\/wp\/v2\/types\/post"}],"author":[{"embeddable":true,"href":"https:\/\/www.vegaintro-projekti.com\/pilar-stari\/wp-json\/wp\/v2\/users\/7"}],"replies":[{"embeddable":true,"href":"https:\/\/www.vegaintro-projekti.com\/pilar-stari\/wp-json\/wp\/v2\/comments?post=19655"}],"version-history":[{"count":3,"href":"https:\/\/www.vegaintro-projekti.com\/pilar-stari\/wp-json\/wp\/v2\/posts\/19655\/revisions"}],"predecessor-version":[{"id":19658,"href":"https:\/\/www.vegaintro-projekti.com\/pilar-stari\/wp-json\/wp\/v2\/posts\/19655\/revisions\/19658"}],"wp:featuredmedia":[{"embeddable":true,"href":"https:\/\/www.vegaintro-projekti.com\/pilar-stari\/wp-json\/wp\/v2\/media\/19650"}],"wp:attachment":[{"href":"https:\/\/www.vegaintro-projekti.com\/pilar-stari\/wp-json\/wp\/v2\/media?parent=19655"}],"wp:term":[{"taxonomy":"category","embeddable":true,"href":"https:\/\/www.vegaintro-projekti.com\/pilar-stari\/wp-json\/wp\/v2\/categories?post=19655"},{"taxonomy":"post_tag","embeddable":true,"href":"https:\/\/www.vegaintro-projekti.com\/pilar-stari\/wp-json\/wp\/v2\/tags?post=19655"}],"curies":[{"name":"wp","href":"https:\/\/api.w.org\/{rel}","templated":true}]}}