{"id":19688,"date":"2021-09-07T07:34:31","date_gmt":"2021-09-07T07:34:31","guid":{"rendered":"https:\/\/www.vegaintro-projekti.com\/pilar-stari\/?p=19688"},"modified":"2021-09-07T08:05:57","modified_gmt":"2021-09-07T08:05:57","slug":"dr-sc-ivana-radacic-drzava-treba-pomoci-osobama-koje-se-bave-prostitucijom-6-9-2021","status":"publish","type":"post","link":"https:\/\/www.vegaintro-projekti.com\/pilar-stari\/2021\/09\/dr-sc-ivana-radacic-drzava-treba-pomoci-osobama-koje-se-bave-prostitucijom-6-9-2021\/","title":{"rendered":"Dr. sc. Ivana Rada\u010di\u0107: \u201cDr\u017eava treba pomo\u0107i osobama koje se bave prostitucijom\u201d, 6. 9. 2021."},"content":{"rendered":"<p><strong>Portal Telegram iz pera Sanje Modri\u0107 objavljuje 6. rujna 2021. razgovor s dr. sc. Ivanom Rada\u010di\u0107 pod naslovom &#8220;Uredni\u0161tvo Slobodne i dalje ne razumije u \u010demu je problem&#8221; a N1 razgovor pod naslovom \u201cDr\u017eava treba pomo\u0107i osobama koje se bave prostitucijom\u201d<\/strong><\/p>\n<p><a href=\"https:\/\/www.vegaintro-projekti.com\/pilar-stari\/wp-content\/uploads\/2021\/09\/IRadacic-T.jpg\"><img decoding=\"async\" loading=\"lazy\" class=\"alignnone wp-image-19703 size-full\" src=\"https:\/\/www.vegaintro-projekti.com\/pilar-stari\/wp-content\/uploads\/2021\/09\/IRadacic-T_s.jpg\" alt=\"\" width=\"620\" height=\"391\" srcset=\"https:\/\/www.vegaintro-projekti.com\/pilar-stari\/wp-content\/uploads\/2021\/09\/IRadacic-T_s.jpg 620w, https:\/\/www.vegaintro-projekti.com\/pilar-stari\/wp-content\/uploads\/2021\/09\/IRadacic-T_s-300x189.jpg 300w\" sizes=\"(max-width: 620px) 100vw, 620px\" \/><\/a><\/p>\n<p><strong>\u2013 Telegram:<\/strong> <a href=\"https:\/\/www.telegram.hr\/politika-kriminal\/intervju-sa-znanstvenicom-koja-se-bavi-fenomenom-prostitucije-urednistvo-slobodne-i-dalje-ne-razumije-u-cemu-je-problem\/\">Intervju sa znanstvenicom koja se bavi fenomenom prostitucije: &#8216;Uredni\u0161tvo Slobodne i dalje ne razumije u \u010demu je problem&#8217;, 6. 9. 2021.<\/a><br \/>\n<strong>\u2013 N1:<\/strong> <a href=\"https:\/\/hr.n1info.com\/vijesti\/drzava-treba-pomoci-osobama-koje-se-bave-prostitucijom\/?fbclid=IwAR0ae4afDGm5cJ1n4A5v3LRb0zCE--qR_kXQn8_Vjhm2bK-tphfu7lt2Zzk\">\u201cDr\u017eava treba pomo\u0107i osobama koje se bave prostitucijom\u201d, 6. 9. 2021.<\/a><\/p>\n<p><span style=\"font-size: 14pt;\">Telegram: Intervju sa znanstvenicom koja se bavi fenomenom prostitucije: &#8216;Uredni\u0161tvo Slobodne i dalje ne razumije u \u010demu je problem&#8217;<\/span><\/p>\n<p>Razgovarali smo s dr. Ivanom Rada\u010di\u0107 o slu\u010daju biv\u0161e prostitutke koja radi u centru za socijalnu skrb<\/p>\n<p>Zahtjev da se ograni\u010de prava osoba koje su se ranije bavile ili se bave prostitucijom, u potpunom je nesuglasju s preporukama Europskog parlamenta, u kojima se dr\u017eavama nala\u017ee da uspostave mehanizme podr\u0161ke i mehanizme izlaza za one koje iz prostitucije \u017eele iza\u0107i. Mi takve programe nemamo. I to je rupa u sustavu, a ne to \u0161to se takva osoba zaposlila u sustavu.<\/p>\n<p>Skoro pa jednoglasnu osudu op\u0107e i stru\u010dne javnosti do\u017eivjela je serija tekstova u Slobodnoj Dalmaciji u kojima se napada sustav jer je u jednom dalmatinskom centru za socijalnu skrb zaposlio neimenovanu biv\u0161u prostitutku koja se sama uspjela i\u0161\u010dupati iz svoje nevolje, diplomirati i na\u0107i posao.<\/p>\n<p>O implikacijama tog slu\u010daja i o stigmi koja prati osobe koje pru\u017eaju ili su pru\u017eale seksualne usluge razgovaramo s dr. Ivanom Rada\u010di\u0107, znanstvenicom s Instituta dru\u0161tvenih znanosti Ivo Pilar, koja ve\u0107 desetak godina izu\u010dava temu prostitucije i o tome je napisala niz znanstvenih radova. Gospo\u0111a Rada\u010di\u0107 \u010dlanica je i biv\u0161a predsjednica peto\u010dlane radne skupine UN-a zadu\u017eene za pitanja diskriminacije \u017eena u zakonima i praksi.<\/p>\n<p>Ka\u017eem Ivani Rada\u010di\u0107 da bih ja tako\u0111er rado pisala o psihologinji koja se sama rehabilitirala, ali tako da je predstavim kao osobu koja mo\u017ee biti ohrabrenje za sve koji su u sli\u010dnoj situaciji da se poku\u0161aju izvu\u0107i i zapo\u010deti druga\u010diji \u017eivot, kao pobjednicu. Ona smatra da se to mo\u017ee napraviti korektno samo ako \u017eena sama pristane ispri\u010dati svoju pri\u010du.<\/p>\n<p><strong>TELEGRAM: Nakon prvog pa onda jo\u0161 nekoliko gadljivih tekstova Slobodne Dalmacije o \u201dslu\u010daju\u201d diplomirane psihologinje i biv\u0161e prostitutke, glavna urednica se napokon ispri\u010dala svima \u201dkoje je prezentacije teme povrijedio\u201d. Mislite li da time treba staviti to\u010dku na ovaj slu\u010daj?<\/strong><\/p>\n<p><strong>RADA\u010cI\u0106:<\/strong> S obzirom na tekst i ton isprike, kao i razloge koji su navedeni u prilog objavljivanja \u010dlanaka, \u010dini se da uredni\u0161tvo Slobodne Dalmacije i dalje ne razumije u \u010demu je problem. U ovom slu\u010daju prekr\u0161en je zakon, naru\u0161ena su prava ove \u017eene, a tako\u0111er su prekr\u0161eni i novinarski kodeksi. Mislim da bi novinarska struka svakako trebala iz ovog slu\u010daja ne\u0161to nau\u010diti.<\/p>\n<p>Nadalje, nadam se da ovaj slu\u010daj mo\u017ee biti pokreta\u010d promjena zastarjelog i patrijarhalnog zakona koji ka\u017enjava osobe koje prodaju seksualne usluge. Sude\u0107i prema komentarima na \u010dlanke u Slobodnoj Dalmaciji, \u0161iroka javnost se ne sla\u017ee s logikom moralne i prekr\u0161ajnopravne osude \u017eena na kojoj po\u010diva va\u017ee\u0107i Zakon o prekr\u0161ajima protiv javnog mira i reda.<\/p>\n<p><strong>TELEGRAM: Vi\u0161e od 300 psihologa osudilo je ovakvo senzacionalisti\u010dko pisanje, sko\u010dili su i mediji, no recite nam vi koje sve elemente ovog serijala smatrate problemati\u010dnima i za\u0161to.<\/strong><\/p>\n<p><strong>RADA\u010cI\u0106:<\/strong> Jako ih je mnogo. Prvo, nedopustivo je, a i nezakonito, da novinar uop\u0107e pi\u0161e o prekr\u0161ajnim postupcima u kojima je nastupila rehabilitacija, a na to ga je i sud upozorio. Drugo, u tekstovima su navedeni detalji koji mogu rezultirati time da \u017eena bude prepoznata u zajednici i onda stigmatizirana. Tre\u0107e, ton tekstova je osu\u0111uju\u0107i, a ideje koje se promoviraju u neskladu su s normama za\u0161tite ljudskih prava.<\/p>\n<p>Autor, a o\u010digledno i glavna urednica, polaze od ideja da je zapo\u0161ljavanje osobe koja je prije bila prekr\u0161ajno ka\u017enjavana zbog prostitucije problemati\u010dno, da ukazuje na propuste u sustavu, odnosno da takva osoba ne bi smjela raditi s korisnicima aparata socijalne skrbi. U tom smjeru idu i komentari dviju citiranih psihologinja.<\/p>\n<p>A zadnji \u010dlanak propituje kako bi takva (\u010ditaj: nemoralna) osoba kao \u0161to je ta psihologinja mogla odlu\u010divati ho\u0107e li oduzeti dijete \u201dprostitutki\u201d ili nekome (\u010ditaj: nemoralnome) tko nakon razvoda ima vi\u0161e partnera koje dovodi doma, kao da je seksualni \u017eivot ne\u0161to \u0161to bi, samo po sebi, trebalo biti razlogom za oduzimanje djece.<\/p>\n<p><strong>TELEGRAM: Ka\u017eete da je pristup temi bio protivan me\u0111unarodnim normama. Koje su to norme?<\/strong><\/p>\n<p><strong>RADA\u010cI\u0106:<\/strong> Zahtjev da se ograni\u010de prava osoba koje su se ranije bavile ili se bave prostitucijom, u potpunom je nesuglasju sa standardima za\u0161tite ljudskih prava, kao i preporukama Europskog parlamenta, u kojima se dr\u017eavama nala\u017ee da uspostave mehanizme podr\u0161ke i mehanizme izlaza za one koje iz prostitucije \u017eele iza\u0107i. Mi takve programe pomo\u0107i i podr\u0161ke tek trebamo graditi jer nemamo nikakve. I to je rupa u sustavu, a ne to \u0161to se takva osoba zaposlila u sustavu.<\/p>\n<p>Ne samo da je bilo kakva diskriminacija osoba koje se bave ili su se bavile prostitucijom zabranjena me\u0111unarodnim normama, nego je zabranjena i na\u0161im Ustavom. A kako me\u0111unarodnopravne norme nala\u017eu da dr\u017eave ukinu bilo kakve oblike ka\u017enjavanja osoba koje prodaju seksualne usluge, to zna\u010di da i Hrvatska treba reformirati svoje zakonodavstvo i kreirati nove politike prostitucije u \u010dijem dono\u0161enju trebaju sudjelovati i osobe koje prodaju seksualne usluge.<\/p>\n<p><strong>TELEGRAM: Od nekoga tko o\u010dito smatra da je zazorno zaposliti \u201dtakvu osobu\u201d, meni je u inbox odmah poslano njezino ime, ime sveu\u010dili\u0161ta na kome je diplomirala i godina kad je diplomirala. Osobu koja mi je to poslala upozorila sam da ne \u0161iri tu informaciju i smjesta sam je blokirala. Ali to zna\u010di da je identitet te \u017eene otkriven i da je samo pitanje dana kada \u0107e biti moralno i profesionalno \u017eigosana na sve zamislive na\u010dine. Kako se to mo\u017ee sprije\u010diti?<\/strong><\/p>\n<p><strong>RADA\u010cI\u0106:<\/strong> Stigmatizacija i marginalizacija su ogromni problemi. Jedan od na\u010dina da se to sprije\u010di je \u0161irenje svijesti o nedopustivosti diskriminacije i osu\u0111ivanja tih osoba. Stekla sam dojam da su \u010dlanci u Slobodnoj Dalmaciji i\u0161li u smjeru pritiska na sustav. Ali nadam se da je nadle\u017enom Ministarstvu i centrima za socijalnu skrb jasno da bi bilo kakvo \u0161ikaniranje, marginaliziranje ili diskriminacija ove osobe ili bilo koje druge osobe koja se bavila ili se bavi prostitucijom bili nedopustivi, te da je ovo prilika da porade na tome da pobolj\u0161aju sustav zapo\u0161ljavanja osoba koje \u017eele iza\u0107i iz prostitucije.<\/p>\n<p><strong>TELEGRAM:<\/strong> Budu\u0107i da se, kao znanstvenica, dugo bavite istra\u017eivanjem fenomena prostitucije, usudite li se napraviti psihoprofil prostitutke? Naravno da su sve pri\u010de razli\u010dite, ali mo\u017ee li se ipak re\u0107i tko su generalno te \u017eene, iz kakvih socijalnih prilika i obiteljskih situacija dolaze?<\/p>\n<p><strong>RADA\u010cI\u0106: Prema onome \u0161to znam kroz dugogodi\u0161nje istra\u017eivanje ovog fenomena, uklju\u010duju\u0107i projekt Regulacija prostitucije u Hrvatskoj, koji vodim sada, a financira ga Hrvatska zaklada za znanost, pri\u010de zaista jesu razli\u010dite, a prostitucijom se bave osobe svih spolova i rodnih identiteta. No svakako prete\u017eu \u017eene i velik je broj njih u prostituciji zbog te\u0161kih \u017eivotnih okolnosti, a u kontekstu rodne i druge nejednakosti.<\/strong><\/p>\n<p>\u0160to se ti\u010de sudske prakse koju smo tijekom projekta analizirali, gotovo svi slu\u010dajevi sa zagreba\u010dkog i splitskog op\u0107inskog prekr\u0161ajnog suda, a oni imaju najvi\u0161e takvih predmeta, odnose se na takozvanu nisku prostituciju. To je uli\u010dna prostitucija, prostitucija po iznajmljenim stanovima, ona je ve\u0107inom neorganizirana, a obavljaju je \u017eene (96 posto u na\u0161em uzorku) koje su u te\u0161kom dru\u0161tveno-ekonomskom polo\u017eaju.<\/p>\n<p>One su uglavnom nezaposlene, s osnovnim ili srednjo\u0161kolskim obrazovanjem, samohrane majke, a kao razloge bavljenja prostitucijom upravo to i navode. Za neke je prostitucija prakti\u010dki jedina mogu\u0107nost u kontekstu nasilja i siroma\u0161tva, a za neke svjestan izbor. Mnogima s kojima smo mi razgovarali to je te\u0161ko i stresno, iako stvari nisu crno-bijele. Kriminalizacija im nikako ne poma\u017ee jer im ote\u017eava da prijave nasilne klijente ili organizatore prostitucije budu\u0107i da tada sebe izla\u017eu pravnom progonu. Zato je kriminalizacija problemati\u010dna iz perspektive za\u0161tite ljudskih prava.<\/p>\n<p><strong>TELEGRAM: Intonacija tekstova u Slobodnoj poziva na ka\u017enjavanje i lin\u010d premda je \u017eena o kojoj pi\u0161u uspjela diplomirati i zaposlila se u dr\u017eavnoj slu\u017ebi, dapa\u010de kao najbolja kandidatkinja. No, njena klijentela se uop\u0107e ne problematizira premda bez mu\u0161karaca koji tra\u017ee takve usluge ne bi bilo tog zanimanja. \u0160to iz toga \u010ditate?<\/strong><\/p>\n<p><strong>RADA\u010cI\u0106:<\/strong> \u010citam da se radi o dvostrukim moralnim standardima, odnosno patrijarhalnoj osudi \u017eena. Sjetimo se samo kako pravno finale nikad nije dobio poznati slu\u010daj u kojem su visoko pozicionirani mu\u0161karci koristili usluge maloljetnica, \u0161ti\u0107enica doma u Osijeku.<\/p>\n<p><strong>TELEGRAM: Kako se u hrvatskim medijima ina\u010de pi\u0161e o prostituciji?<\/strong><\/p>\n<p><strong>RADA\u010cI\u0106:<\/strong> Obi\u010dno kad se radi o nekom skandalu. Ili se glamurizira takozvana elitna prostitucija. Ili se katkad o prostituciji \u010dita u crnoj kronici. Eventualno se mo\u017ee na\u0107i neka \u201dispovijest\u201d prostitutke. Ali se skoro se nikad ne pi\u0161e o javnim politikama prostitucije, na \u010demu bi, po meni, trebao biti naglasak odgovornog novinarstva.<\/p>\n<p><strong>TELEGRAM: Postoji li u kancelarijama vlasti svijest da bi prostituciju u Hrvatskoj trebalo regulirati i kako bi dobar pristup po va\u0161em sudu trebao izgledati? Imaju li \u017eene koje se bave prostitucijom kod nas sada ikakvu pravnu sigurnost?<\/strong><\/p>\n<p><strong>RADA\u010cI\u0106:<\/strong> U sklopu projekta razgovarali smo nedavno i sa stru\u010dnjacima u sustavu dr\u017eave uprave, policijskom i pravosudnom sustavu. Svi su bili kriti\u010dni prema na\u0161im zakonodavnim rje\u0161enjima, s time da bi neki i\u0161li u smjeru legalizacije, a neki u smjeru ka\u017enjavanja klijenata. No, osim tih dvaju modela, koji su danas dominantni u Europi, postoji i modeli potpune dekriminalizacije dobrovoljne prostitucije odraslih osoba koji ima Novi Zeland.<\/p>\n<p>Njega sam imala priliku bolje upoznati kad sam tamo boravila rade\u0107i istra\u017eivanje s udrugom New Zelanda Prostitute Collective. Mogu re\u0107i je da taj model doveo do partnerskih odnosa izme\u0111u policije, osoba koje prodaju seksualne usluge i drugih relevantnih aktera u stvaranju i provo\u0111enju politika prostitucije.<\/p>\n<p><strong>TELEGRAM: Na\u010din obrade u Slobodnoj Dalmaciji o\u010dito proistje\u010de, iz patrijarhalnog dru\u0161tvenog obrasca. \u010cini li se vama op\u0107enito da se iz toga pomalo izvla\u010dimo, ili ne? Ako da, koje signale primje\u0107ujete?<\/strong><\/p>\n<p><strong>RADA\u010cI\u0106:<\/strong> Sude\u0107i prema reakcijama na tekstove o kojima govorimo, \u010dini mi se da napredujemo i to me raduje. Gotovo svi komentari na ove \u010dlanke u Slobodnoj Dalmaciji bili su protiv osu\u0111ivanja ove \u017eene, gotovo nitko nije imao problem s njezinim zapo\u0161ljavanjem i dosta je ljudi ustalo u njenu obranu uklju\u010duju\u0107i i nadbiskupa Uzini\u0107a. Vrijeme je, \u010dini se, sazrelo za promjenu i stvaranje uklju\u010divijeg dru\u0161tva.<\/p>\n<p><strong>\u2013 Telegram:<\/strong> <a href=\"https:\/\/www.telegram.hr\/politika-kriminal\/intervju-sa-znanstvenicom-koja-se-bavi-fenomenom-prostitucije-urednistvo-slobodne-i-dalje-ne-razumije-u-cemu-je-problem\/\">Intervju sa znanstvenicom koja se bavi fenomenom prostitucije: &#8216;Uredni\u0161tvo Slobodne i dalje ne razumije u \u010demu je problem&#8217;, 6. 9. 2021.<\/a><\/p>\n<p>&nbsp;<\/p>\n<p><span style=\"font-size: 14pt;\">N1: \u201cDr\u017eava treba pomo\u0107i osobama koje se bave prostitucijom\u201d<\/span><\/p>\n<p><strong>\u010clanak u Slobodnoj Dalmaciji o psihologinji Centra za socijalnu skrb koja je u pro\u0161losti prekr\u0161ajno prijavljena za prostituciju izazvao je \u017eestoke kritike. O konkretnoj situaciji i regulaciji problema prostitucije u N1 Studiju u\u017eivo govorila je Ivana Rada\u010di\u0107, znanstvenica s Instituta Ivo Pilar i \u010dlanica radne skupine UN-a o diskriminaciji \u017eena<\/strong><\/p>\n<p><a href=\"https:\/\/www.vegaintro-projekti.com\/pilar-stari\/wp-content\/uploads\/2021\/09\/IRadacic.jpg\"><img decoding=\"async\" loading=\"lazy\" class=\"alignnone wp-image-19687 size-full\" src=\"https:\/\/www.vegaintro-projekti.com\/pilar-stari\/wp-content\/uploads\/2021\/09\/IRadacic_s.jpg\" alt=\"\" width=\"620\" height=\"415\" srcset=\"https:\/\/www.vegaintro-projekti.com\/pilar-stari\/wp-content\/uploads\/2021\/09\/IRadacic_s.jpg 620w, https:\/\/www.vegaintro-projekti.com\/pilar-stari\/wp-content\/uploads\/2021\/09\/IRadacic_s-300x201.jpg 300w, https:\/\/www.vegaintro-projekti.com\/pilar-stari\/wp-content\/uploads\/2021\/09\/IRadacic_s-110x75.jpg 110w\" sizes=\"(max-width: 620px) 100vw, 620px\" \/><\/a><\/p>\n<p><strong>&#8211; N1:<\/strong> <a href=\"https:\/\/hr.n1info.com\/vijesti\/drzava-treba-pomoci-osobama-koje-se-bave-prostitucijom\/?fbclid=IwAR0ae4afDGm5cJ1n4A5v3LRb0zCE--qR_kXQn8_Vjhm2bK-tphfu7lt2Zzk\">\u201cDr\u017eava treba pomo\u0107i osobama koje se bave prostitucijom\u201d, 6. 9. 2021.<\/a><\/p>\n<p>Rada\u010di\u0107 je istaknula da je problemati\u010dno da se pi\u0161e o prekr\u0161ajnoj osu\u0111ivanosti kad je nastupio protek rehabilitacije, o \u010demu je novinar bio obavije\u0161ten. \u201cTo je kr\u0161enje zakona\u201d, ka\u017ee i dodaje:<\/p>\n<p>\u201cProblemati\u010dna je i motivacija da se proka\u017ee sustav koji je dozvolio da se zaposli osoba koja ima prekr\u0161ajno-pravnu osudu u pro\u0161losti zbog prostitucije, kao i prijedlozi da bi se njima trebalo ograni\u010davati zapo\u0161ljavanje u pojedinim sektorima. Sve je to protivno ljudskim pravima.\u201d<\/p>\n<p><strong>\u201cDr\u017eava bi trebala imati javne politike o prostituciji\u201d<\/strong><\/p>\n<p>Ka\u017ee da bi dr\u017eave trebale pomo\u0107i osobama koje se bave prostitucijom ili \u017eele iza\u0107i iz toga. \u201cDr\u017eave bi trebale imati programe kojima se poti\u010de zapo\u0161ljavanje, a kod nas se i\u0161lo time da se osudi to \u0161to se osoba zaposlila\u201d, komentirala je.<\/p>\n<p>Navodi kako vlada diskurs da se o tome pi\u0161e kao o propustu: \u201cNema nikakvog propusta. Dr\u017eava bi trebala imati javne politike o prostituciji, dosigurati podr\u0161ku pomo\u0107 i sustav izlaska. Kod nas imamo prekr\u0161ajno-pravno ka\u017enjavanje tih osoba, sada bi ih i stigmatizirali i marginalizirali, a ve\u0107 smo problemati\u010dni jer ih ka\u017enjavamo\u201d, govori.<\/p>\n<p>Istra\u017eivanje Regulacija prostitucije u Hrvatskoj, koje provodi Hrvatska zaklada za znanost, poklazalo je da su 96 posto okrivljenih bile \u017eene, a ve\u0107ina ih to radi iz nu\u017ede: \u201cAko se njih kriminalizira, radi se o diskriminaciji \u017eena. To smatra na\u0161a radna skupina.\u201d<\/p>\n<p>\u201cIz svakog iskustva rastemo i u\u010dimo. Ako je netko na pozicije marginalizacije, mo\u017ee biti samo u plusu da poma\u017ee drugim osobama u sustavu socijalne skrbi koje su i same u takvoj poziciji\u201d, poja\u0161njava ova pravnica.<\/p>\n<p>Po pitanju regulacije problema prostitucije, u Europi i svijetu ne postoji konsenzus \u2013 neki se zala\u017eu za legalizaciju, a neki za ka\u017enjavanje klijenata. U ve\u0107ini europskih zemalja ka\u017enjava se klijent.<\/p>\n<p>\u201cMe\u0111unarodno pravo inzistira na tome da se takve osobe ne ka\u017enjavaju. Ve\u0107ina ih je u tome iz nu\u017ede. Dapa\u010de, mora im se pru\u017eiti podr\u0161ka i mogu\u0107nost zapo\u0161ljavanja\u201d, istaknula je.<\/p>\n<p><strong>\u201cTe\u0161ko je za\u0161tititi osobe koje se bave prostitucijom kad su meta zakona\u201d<\/strong><\/p>\n<p>Na\u0161 zakon koji zabranjuje prostituciju donesen je 1977. godine, a prema njemu se ka\u017enjavaju osobe koje se odaju prostituciji. Rada\u010di\u0107 navodi da je problemati\u010dan dio s \u201codavanjem prostituciji\u201d te da su prakse policije i sudova razli\u010dite.<\/p>\n<p>\u201cTe\u0161ko je za\u0161tititi osobe koje se bave prostitucijom kad su one meta zakona. Ne mo\u017ee u 21. stolje\u0107u ostati na ka\u017enjavanju \u017eena, to je kr\u0161enje ljudskih prava\u201d, rekla je.<\/p>\n<p>Poru\u010duje da bi trebalo razgovarati o politikama prostitucije, a ne o ispovijestima, senzacionalizmu ili moraliziranju, kakvo do \u010dlanka u Slobodnoj Dalmaciji nismo ni vidjeli.<\/p>\n<p><strong>\u2013 N1:<\/strong> <a href=\"https:\/\/hr.n1info.com\/vijesti\/drzava-treba-pomoci-osobama-koje-se-bave-prostitucijom\/?fbclid=IwAR0ae4afDGm5cJ1n4A5v3LRb0zCE--qR_kXQn8_Vjhm2bK-tphfu7lt2Zzk\">\u201cDr\u017eava treba pomo\u0107i osobama koje se bave prostitucijom\u201d, 6. 9. 2021.<\/a><\/p>\n<blockquote><p><a href=\"https:\/\/www.vegaintro-projekti.com\/pilar-stari\/biografije\/user-bio\/?my_user_id=97\">Dr. sc. Ivana Rada\u010di\u0107<\/a><\/p><\/blockquote>\n","protected":false},"excerpt":{"rendered":"<p>Portal Telegram iz pera Sanje Modri\u0107 objavljuje 6. rujna 2021. razgovor s dr. sc. Ivanom Rada\u010di\u0107 pod naslovom &#8220;Uredni\u0161tvo Slobodne i dalje ne razumije u \u010demu je problem&#8221; a N1 razgovor pod naslovom \u201cDr\u017eava treba pomo\u0107i osobama koje se bave prostitucijom\u201d \u2013 Telegram: Intervju sa znanstvenicom koja se bavi fenomenom prostitucije: &#8216;Uredni\u0161tvo Slobodne i dalje&hellip; <a class=\"continue\" href=\"https:\/\/www.vegaintro-projekti.com\/pilar-stari\/2021\/09\/dr-sc-ivana-radacic-drzava-treba-pomoci-osobama-koje-se-bave-prostitucijom-6-9-2021\/\">Pro\u010ditaj vi\u0161e o<span> Dr. sc. Ivana Rada\u010di\u0107: \u201cDr\u017eava treba pomo\u0107i osobama koje se bave prostitucijom\u201d, 6. 9. 2021.<\/span><\/a><\/p>\n","protected":false},"author":7,"featured_media":19701,"comment_status":"closed","ping_status":"closed","sticky":false,"template":"","format":"standard","meta":{"inline_featured_image":false,"ngg_post_thumbnail":0,"footnotes":""},"categories":[48,12],"tags":[],"yoast_head":"<!-- This site is optimized with the Yoast SEO plugin v21.2 - https:\/\/yoast.com\/wordpress\/plugins\/seo\/ -->\n<title>Dr. sc. Ivana Rada\u010di\u0107: \u201cDr\u017eava treba pomo\u0107i osobama koje se bave prostitucijom\u201d, 6. 9. 2021. - Institut dru&scaron;tvenih znanosti Ivo Pilar<\/title>\n<meta name=\"robots\" content=\"noindex, follow, max-snippet:-1, max-image-preview:large, max-video-preview:-1\" \/>\n<meta property=\"og:locale\" content=\"hr_HR\" \/>\n<meta property=\"og:type\" content=\"article\" \/>\n<meta property=\"og:title\" content=\"Dr. sc. Ivana Rada\u010di\u0107: \u201cDr\u017eava treba pomo\u0107i osobama koje se bave prostitucijom\u201d, 6. 9. 2021. - Institut dru&scaron;tvenih znanosti Ivo Pilar\" \/>\n<meta property=\"og:description\" content=\"Portal Telegram iz pera Sanje Modri\u0107 objavljuje 6. rujna 2021. razgovor s dr. sc. Ivanom Rada\u010di\u0107 pod naslovom &#8220;Uredni\u0161tvo Slobodne i dalje ne razumije u \u010demu je problem&#8221; a N1 razgovor pod naslovom \u201cDr\u017eava treba pomo\u0107i osobama koje se bave prostitucijom\u201d \u2013 Telegram: Intervju sa znanstvenicom koja se bavi fenomenom prostitucije: &#8216;Uredni\u0161tvo Slobodne i dalje&hellip; Pro\u010ditaj vi\u0161e o Dr. sc. Ivana Rada\u010di\u0107: \u201cDr\u017eava treba pomo\u0107i osobama koje se bave prostitucijom\u201d, 6. 9. 2021.\" \/>\n<meta property=\"og:url\" content=\"https:\/\/www.vegaintro-projekti.com\/pilar-stari\/2021\/09\/dr-sc-ivana-radacic-drzava-treba-pomoci-osobama-koje-se-bave-prostitucijom-6-9-2021\/\" \/>\n<meta property=\"og:site_name\" content=\"Institut dru&scaron;tvenih znanosti Ivo Pilar\" \/>\n<meta property=\"article:published_time\" content=\"2021-09-07T07:34:31+00:00\" \/>\n<meta property=\"article:modified_time\" content=\"2021-09-07T08:05:57+00:00\" \/>\n<meta property=\"og:image\" content=\"https:\/\/www.vegaintro-projekti.com\/pilar-stari\/wp-content\/uploads\/2021\/09\/IRadacic-T_fi.jpg\" \/>\n\t<meta property=\"og:image:width\" content=\"500\" \/>\n\t<meta property=\"og:image:height\" content=\"281\" \/>\n\t<meta property=\"og:image:type\" content=\"image\/jpeg\" \/>\n<meta name=\"author\" content=\"Boris\" \/>\n<meta name=\"twitter:card\" content=\"summary_large_image\" \/>\n<meta name=\"twitter:label1\" content=\"Napisao\/la\" \/>\n\t<meta name=\"twitter:data1\" content=\"Boris\" \/>\n\t<meta name=\"twitter:label2\" content=\"Procijenjeno vrijeme \u010ditanja\" \/>\n\t<meta name=\"twitter:data2\" content=\"12 minuta\" \/>\n<script type=\"application\/ld+json\" class=\"yoast-schema-graph\">{\"@context\":\"https:\/\/schema.org\",\"@graph\":[{\"@type\":\"WebPage\",\"@id\":\"https:\/\/www.vegaintro-projekti.com\/pilar-stari\/2021\/09\/dr-sc-ivana-radacic-drzava-treba-pomoci-osobama-koje-se-bave-prostitucijom-6-9-2021\/\",\"url\":\"https:\/\/www.vegaintro-projekti.com\/pilar-stari\/2021\/09\/dr-sc-ivana-radacic-drzava-treba-pomoci-osobama-koje-se-bave-prostitucijom-6-9-2021\/\",\"name\":\"Dr. sc. Ivana Rada\u010di\u0107: \u201cDr\u017eava treba pomo\u0107i osobama koje se bave prostitucijom\u201d, 6. 9. 2021. - Institut dru&scaron;tvenih znanosti Ivo Pilar\",\"isPartOf\":{\"@id\":\"https:\/\/www.vegaintro-projekti.com\/pilar-stari\/#website\"},\"datePublished\":\"2021-09-07T07:34:31+00:00\",\"dateModified\":\"2021-09-07T08:05:57+00:00\",\"author\":{\"@id\":\"https:\/\/www.vegaintro-projekti.com\/pilar-stari\/#\/schema\/person\/ddd404c9f1e15e4ffef5986ac6a5d28b\"},\"breadcrumb\":{\"@id\":\"https:\/\/www.vegaintro-projekti.com\/pilar-stari\/2021\/09\/dr-sc-ivana-radacic-drzava-treba-pomoci-osobama-koje-se-bave-prostitucijom-6-9-2021\/#breadcrumb\"},\"inLanguage\":\"hr\",\"potentialAction\":[{\"@type\":\"ReadAction\",\"target\":[\"https:\/\/www.vegaintro-projekti.com\/pilar-stari\/2021\/09\/dr-sc-ivana-radacic-drzava-treba-pomoci-osobama-koje-se-bave-prostitucijom-6-9-2021\/\"]}]},{\"@type\":\"BreadcrumbList\",\"@id\":\"https:\/\/www.vegaintro-projekti.com\/pilar-stari\/2021\/09\/dr-sc-ivana-radacic-drzava-treba-pomoci-osobama-koje-se-bave-prostitucijom-6-9-2021\/#breadcrumb\",\"itemListElement\":[{\"@type\":\"ListItem\",\"position\":1,\"name\":\"Home\",\"item\":\"https:\/\/www.vegaintro-projekti.com\/pilar-stari\/\"},{\"@type\":\"ListItem\",\"position\":2,\"name\":\"Dr. sc. Ivana Rada\u010di\u0107: \u201cDr\u017eava treba pomo\u0107i osobama koje se bave prostitucijom\u201d, 6. 9. 2021.\"}]},{\"@type\":\"WebSite\",\"@id\":\"https:\/\/www.vegaintro-projekti.com\/pilar-stari\/#website\",\"url\":\"https:\/\/www.vegaintro-projekti.com\/pilar-stari\/\",\"name\":\"Institut dru&scaron;tvenih znanosti Ivo Pilar\",\"description\":\"Pilar\",\"potentialAction\":[{\"@type\":\"SearchAction\",\"target\":{\"@type\":\"EntryPoint\",\"urlTemplate\":\"https:\/\/www.vegaintro-projekti.com\/pilar-stari\/?s={search_term_string}\"},\"query-input\":\"required name=search_term_string\"}],\"inLanguage\":\"hr\"},{\"@type\":\"Person\",\"@id\":\"https:\/\/www.vegaintro-projekti.com\/pilar-stari\/#\/schema\/person\/ddd404c9f1e15e4ffef5986ac6a5d28b\",\"name\":\"Boris\",\"image\":{\"@type\":\"ImageObject\",\"inLanguage\":\"hr\",\"@id\":\"https:\/\/www.vegaintro-projekti.com\/pilar-stari\/#\/schema\/person\/image\/\",\"url\":\"https:\/\/secure.gravatar.com\/avatar\/29557b161a6ce6ab86ac1503164f1e90?s=96&d=mm&r=g\",\"contentUrl\":\"https:\/\/secure.gravatar.com\/avatar\/29557b161a6ce6ab86ac1503164f1e90?s=96&d=mm&r=g\",\"caption\":\"Boris\"},\"url\":\"https:\/\/www.vegaintro-projekti.com\/pilar-stari\/author\/boris\/\"}]}<\/script>\n<!-- \/ Yoast SEO plugin. -->","yoast_head_json":{"title":"Dr. sc. Ivana Rada\u010di\u0107: \u201cDr\u017eava treba pomo\u0107i osobama koje se bave prostitucijom\u201d, 6. 9. 2021. - Institut dru&scaron;tvenih znanosti Ivo Pilar","robots":{"index":"noindex","follow":"follow","max-snippet":"max-snippet:-1","max-image-preview":"max-image-preview:large","max-video-preview":"max-video-preview:-1"},"og_locale":"hr_HR","og_type":"article","og_title":"Dr. sc. Ivana Rada\u010di\u0107: \u201cDr\u017eava treba pomo\u0107i osobama koje se bave prostitucijom\u201d, 6. 9. 2021. - Institut dru&scaron;tvenih znanosti Ivo Pilar","og_description":"Portal Telegram iz pera Sanje Modri\u0107 objavljuje 6. rujna 2021. razgovor s dr. sc. Ivanom Rada\u010di\u0107 pod naslovom &#8220;Uredni\u0161tvo Slobodne i dalje ne razumije u \u010demu je problem&#8221; a N1 razgovor pod naslovom \u201cDr\u017eava treba pomo\u0107i osobama koje se bave prostitucijom\u201d \u2013 Telegram: Intervju sa znanstvenicom koja se bavi fenomenom prostitucije: &#8216;Uredni\u0161tvo Slobodne i dalje&hellip; Pro\u010ditaj vi\u0161e o Dr. sc. Ivana Rada\u010di\u0107: \u201cDr\u017eava treba pomo\u0107i osobama koje se bave prostitucijom\u201d, 6. 9. 2021.","og_url":"https:\/\/www.vegaintro-projekti.com\/pilar-stari\/2021\/09\/dr-sc-ivana-radacic-drzava-treba-pomoci-osobama-koje-se-bave-prostitucijom-6-9-2021\/","og_site_name":"Institut dru&scaron;tvenih znanosti Ivo Pilar","article_published_time":"2021-09-07T07:34:31+00:00","article_modified_time":"2021-09-07T08:05:57+00:00","og_image":[{"width":500,"height":281,"url":"https:\/\/www.vegaintro-projekti.com\/pilar-stari\/wp-content\/uploads\/2021\/09\/IRadacic-T_fi.jpg","type":"image\/jpeg"}],"author":"Boris","twitter_card":"summary_large_image","twitter_misc":{"Napisao\/la":"Boris","Procijenjeno vrijeme \u010ditanja":"12 minuta"},"schema":{"@context":"https:\/\/schema.org","@graph":[{"@type":"WebPage","@id":"https:\/\/www.vegaintro-projekti.com\/pilar-stari\/2021\/09\/dr-sc-ivana-radacic-drzava-treba-pomoci-osobama-koje-se-bave-prostitucijom-6-9-2021\/","url":"https:\/\/www.vegaintro-projekti.com\/pilar-stari\/2021\/09\/dr-sc-ivana-radacic-drzava-treba-pomoci-osobama-koje-se-bave-prostitucijom-6-9-2021\/","name":"Dr. sc. Ivana Rada\u010di\u0107: \u201cDr\u017eava treba pomo\u0107i osobama koje se bave prostitucijom\u201d, 6. 9. 2021. - Institut dru&scaron;tvenih znanosti Ivo Pilar","isPartOf":{"@id":"https:\/\/www.vegaintro-projekti.com\/pilar-stari\/#website"},"datePublished":"2021-09-07T07:34:31+00:00","dateModified":"2021-09-07T08:05:57+00:00","author":{"@id":"https:\/\/www.vegaintro-projekti.com\/pilar-stari\/#\/schema\/person\/ddd404c9f1e15e4ffef5986ac6a5d28b"},"breadcrumb":{"@id":"https:\/\/www.vegaintro-projekti.com\/pilar-stari\/2021\/09\/dr-sc-ivana-radacic-drzava-treba-pomoci-osobama-koje-se-bave-prostitucijom-6-9-2021\/#breadcrumb"},"inLanguage":"hr","potentialAction":[{"@type":"ReadAction","target":["https:\/\/www.vegaintro-projekti.com\/pilar-stari\/2021\/09\/dr-sc-ivana-radacic-drzava-treba-pomoci-osobama-koje-se-bave-prostitucijom-6-9-2021\/"]}]},{"@type":"BreadcrumbList","@id":"https:\/\/www.vegaintro-projekti.com\/pilar-stari\/2021\/09\/dr-sc-ivana-radacic-drzava-treba-pomoci-osobama-koje-se-bave-prostitucijom-6-9-2021\/#breadcrumb","itemListElement":[{"@type":"ListItem","position":1,"name":"Home","item":"https:\/\/www.vegaintro-projekti.com\/pilar-stari\/"},{"@type":"ListItem","position":2,"name":"Dr. sc. Ivana Rada\u010di\u0107: \u201cDr\u017eava treba pomo\u0107i osobama koje se bave prostitucijom\u201d, 6. 9. 2021."}]},{"@type":"WebSite","@id":"https:\/\/www.vegaintro-projekti.com\/pilar-stari\/#website","url":"https:\/\/www.vegaintro-projekti.com\/pilar-stari\/","name":"Institut dru&scaron;tvenih znanosti Ivo Pilar","description":"Pilar","potentialAction":[{"@type":"SearchAction","target":{"@type":"EntryPoint","urlTemplate":"https:\/\/www.vegaintro-projekti.com\/pilar-stari\/?s={search_term_string}"},"query-input":"required name=search_term_string"}],"inLanguage":"hr"},{"@type":"Person","@id":"https:\/\/www.vegaintro-projekti.com\/pilar-stari\/#\/schema\/person\/ddd404c9f1e15e4ffef5986ac6a5d28b","name":"Boris","image":{"@type":"ImageObject","inLanguage":"hr","@id":"https:\/\/www.vegaintro-projekti.com\/pilar-stari\/#\/schema\/person\/image\/","url":"https:\/\/secure.gravatar.com\/avatar\/29557b161a6ce6ab86ac1503164f1e90?s=96&d=mm&r=g","contentUrl":"https:\/\/secure.gravatar.com\/avatar\/29557b161a6ce6ab86ac1503164f1e90?s=96&d=mm&r=g","caption":"Boris"},"url":"https:\/\/www.vegaintro-projekti.com\/pilar-stari\/author\/boris\/"}]}},"_links":{"self":[{"href":"https:\/\/www.vegaintro-projekti.com\/pilar-stari\/wp-json\/wp\/v2\/posts\/19688"}],"collection":[{"href":"https:\/\/www.vegaintro-projekti.com\/pilar-stari\/wp-json\/wp\/v2\/posts"}],"about":[{"href":"https:\/\/www.vegaintro-projekti.com\/pilar-stari\/wp-json\/wp\/v2\/types\/post"}],"author":[{"embeddable":true,"href":"https:\/\/www.vegaintro-projekti.com\/pilar-stari\/wp-json\/wp\/v2\/users\/7"}],"replies":[{"embeddable":true,"href":"https:\/\/www.vegaintro-projekti.com\/pilar-stari\/wp-json\/wp\/v2\/comments?post=19688"}],"version-history":[{"count":4,"href":"https:\/\/www.vegaintro-projekti.com\/pilar-stari\/wp-json\/wp\/v2\/posts\/19688\/revisions"}],"predecessor-version":[{"id":19705,"href":"https:\/\/www.vegaintro-projekti.com\/pilar-stari\/wp-json\/wp\/v2\/posts\/19688\/revisions\/19705"}],"wp:featuredmedia":[{"embeddable":true,"href":"https:\/\/www.vegaintro-projekti.com\/pilar-stari\/wp-json\/wp\/v2\/media\/19701"}],"wp:attachment":[{"href":"https:\/\/www.vegaintro-projekti.com\/pilar-stari\/wp-json\/wp\/v2\/media?parent=19688"}],"wp:term":[{"taxonomy":"category","embeddable":true,"href":"https:\/\/www.vegaintro-projekti.com\/pilar-stari\/wp-json\/wp\/v2\/categories?post=19688"},{"taxonomy":"post_tag","embeddable":true,"href":"https:\/\/www.vegaintro-projekti.com\/pilar-stari\/wp-json\/wp\/v2\/tags?post=19688"}],"curies":[{"name":"wp","href":"https:\/\/api.w.org\/{rel}","templated":true}]}}