{"id":197,"date":"2017-12-18T17:44:35","date_gmt":"2017-12-18T17:44:35","guid":{"rendered":"https:\/\/www.vegaintro-projekti.com\/pilar-stari\/2008\/11\/24\/izdanja-u-suradnji\/"},"modified":"2025-12-01T22:14:20","modified_gmt":"2025-12-01T22:14:20","slug":"izdanja-u-suradnji","status":"publish","type":"post","link":"https:\/\/www.vegaintro-projekti.com\/pilar-stari\/2017\/12\/izdanja-u-suradnji\/","title":{"rendered":"Izdanja u suradnji s drugim institucijama"},"content":{"rendered":"<p><span style=\"font-size: 8pt;\">Puni tekstovi radova ovih publikacija besplatno se smiju koristiti za osobnu ili edukacijsku svrhu uz po\u0161tivanje autorskih prava autora i izdava\u010da.<\/span><\/p>\n<p><span style=\"font-size: 12pt;\">2025.<\/span><\/p>\n<p>&gt; <a href=\"https:\/\/www.vegaintro-projekti.com\/pilar-stari\/2025\/11\/objavljena-knjiga-vinicija-b-lupisa-i-elvisa-shale-dubrovacko-albanske-bastinske-teme\/\"><strong>Vinicije B. Lupis \u2013 Elvis Shala: DUBROVA\u010cKO-ALBANSKE BA\u0160TINSKE TEME. Dubrovnik-Albanian Heritage Themes<\/strong><\/a> \/ Muzej hrvatskih arheolo\u0161kih spomenika i Institut dru\u0161tvenih znanosti Ivo Pilar, Split<\/p>\n<p><span style=\"font-size: 12pt;\">2024.<\/span><\/p>\n<p>&gt; <a href=\"https:\/\/www.vegaintro-projekti.com\/pilar-stari\/2025\/04\/objavljen-zbornik-radova-historija-roma-u-bosni-i-hercegovini\/\"><strong>HISTORIJA ROMA U BOSNI I HERCEGOVINI. Zbornik radova (uredili dr. sc. Danijel Vojak i dr. sc. Sanja Gladanac-Petrovi\u0107)<\/strong><\/a> \/ Univerzitet u Sarajevu &#8211; Institut za historiju i Institut dru\u0161tvenih znanosti Ivo Pilar, Sarajevo \u2013 Zagreb<\/p>\n<p>&gt; <a href=\"https:\/\/www.vegaintro-projekti.com\/pilar-stari\/2025\/04\/objavljena-monografija-gorjani-%e2%80%92-mjesto-ljudi-identitet-bastina\/\"><strong>GORJANI \u2012 MJESTO, LJUDI, IDENTITET, BA\u0160TINA (uredili&nbsp;dr. sc. Dra\u017een \u017divi\u0107 i dr. sc. Ivana \u017debec \u0160ilj)<\/strong><\/a> \/ Op\u0107ina Gorjani, Institut dru\u0161tvenih znanosti Ivo Pilar, Hrvatsko katoli\u010dko sveu\u010dili\u0161te, Hrvatski institut za povijest, Fakultet hrvatskih studija i Hrvatski restauratorski zavod, Gorjani<\/p>\n<p>&gt; <strong><a href=\"https:\/\/www.vegaintro-projekti.com\/pilar-stari\/2025\/02\/objavljena-varazdinska-kronika-domovinskoga-rata\/\">Prof. dr. sc., dr. sc. Miljenko Brekalo \u2013 mr. sc. Stjepan Adani\u0107: VARA\u017dDINSKA KRONIKA DOMOVINSKOGA RATA<\/a><\/strong> \/ Ogranak Matice hrvatske Osijek i Institut dru\u0161tvenih znanosti Ivo Pilar<\/p>\n<p>&gt; <a href=\"https:\/\/www.vegaintro-projekti.com\/pilar-stari\/2025\/01\/objavljen-zbornik-u-cast-stipana-trogrlica\/\"><strong>Elvis Orbani\u0107 i Marko Trogrli\u0107 (ur.): ZBORNIK U \u010cAST STIPANA TROGRLI\u0106A<\/strong><\/a> \/ Knji\u017eevni krug Split, Dr\u017eavni arhiv u Pazinu, Institut dru\u0161tvenih znanosti Ivo Pilar, Sveu\u010dili\u0161te Jurja Dobrile u Puli i Josip Tur\u010dinovi\u0107 Pazin, Split<\/p>\n<p><span style=\"font-size: 12pt;\">2023.<\/span><\/p>\n<p>&gt; <a href=\"https:\/\/www.vegaintro-projekti.com\/pilar-stari\/2023\/10\/obravljen-zbornik-romi-u-podravini-i-njihovo-stradanje-u-drugom-svjetskom-ratu\/\"><strong>Robert \u010cimin i Danijel Vojak (ur.):<\/strong> <strong>ROMI U PODRAVINI I NJIHOVO STRADANJE U DRUGOM SVJETSKOM RATU<\/strong><\/a> \/ Muzej grada Koprivnice i Institut dru\u0161tvenih znanosti Ivo Pilar, Koprivnica<\/p>\n<p><span style=\"font-size: 12pt;\">2022.<\/span><\/p>\n<p>&gt; <strong><a href=\"https:\/\/www.vegaintro-projekti.com\/pilar-stari\/2023\/01\/objavljena-knjiga-andreja-cebotareva-vlasi-i-vojna-krajina-u-hrvatskoj\/\">Andrej \u010cebotarev: VLASI I VOJNA KRAJINA U HRVATSKOJ<\/a><\/strong> \/ Hrvatska sveu\u010dili\u0161na naklada i Institut dru\u0161tvenih znanosti Ivo Pilar, Zagreb<\/p>\n<p>&gt; <a href=\"https:\/\/www.vegaintro-projekti.com\/pilar-stari\/2022\/11\/objavljena-knjiga-ddr-sc-miljenka-brekala-paradrzava-republika-srpska-krajina\/\"><strong>Miljenko Brekalo: PARADR\u017dAVA REPUBLIKA SRPSKA KRAJINA<\/strong><\/a> \/ Svjetla grada d.o.o., Institut dru\u0161tvenih znanosti Ivo Pilar, Ogranak Matice hrvatske Osijek i Hrvatski leksikografski institut Bosne i Hercegovine &#8211; Osijek<\/p>\n<p><span style=\"font-size: 12pt;\">2021.<\/span><\/p>\n<p>&gt; <a href=\"https:\/\/www.vegaintro-projekti.com\/pilar-stari\/2022\/01\/objavljena-knjiga-rat-ljudi-brojevi-vukovar-1991-i-danas\/\"><strong>Sandra Cviki\u0107, Dra\u017een \u017divi\u0107, Josipa Maras Kraljevi\u0107: RAT, LJUDI, BROJEVI \u2013 VUKOVAR 1991. I DANAS<\/strong><\/a> \/ Dr\u017eavni arhiv u Vukovaru i Institut dru\u0161tvenih znanosti Ivo Pilar, Vukovar<\/p>\n<p>&gt; <a href=\"https:\/\/www.vegaintro-projekti.com\/pilar-stari\/2021\/07\/objavljen-liber-amicorum-zbornik-radova-u-cast-profesora-iva-banca\/\"><strong>Marijana Kardum i Stipe Kljai\u0107 (ur.): LIBER AMICORUM &#8211; Zbornik radova u \u010dast profesora Iva Banca<\/strong><\/a> \/ Hrvatska sveu\u010dili\u0161na naklada, Hrvatsko katoli\u010dko sveu\u010dili\u0161te i Institut dru\u0161tvenih znanosti Ivo Pilar, Zagreb<\/p>\n<p>&gt; <strong><a href=\"https:\/\/www.vegaintro-projekti.com\/pilar-stari\/2021\/04\/objavljena-knjiga-mate-bozica-i-stjepana-cosica-hrvatski-grbovi-geneza-simbolika-povijest\/\">Mate Bo\u017ei\u0107 i Stjepan \u0106osi\u0107: HRVATSKI GRBOVI: GENEZA &#8211; SIMBOLIKA &#8211; POVIJEST<\/a><\/strong> \/ Hrvatska sveu\u010dili\u0161na naklada, Filozofski fakultet Sveu\u010dili\u0161ta u Zagrebu i Institut dru\u0161tvenih znanosti Ivo Pilar, Zagreb<\/p>\n<p>&gt; <a href=\"https:\/\/www.vegaintro-projekti.com\/pilar-stari\/2021\/04\/objavljena-knjiga-kulturni-identitet-vukovara-prilozi-za-istrazivanje-bastine-i-bastinika\/\"><strong>Mateo \u017dani\u0107 i Petar Elez (ur.): KULTURNI IDENTITET VUKOVARA &#8211; Prilozi za istra\u017eivanje ba\u0161tine i ba\u0161tinika<\/strong><\/a> \/ Dr\u017eavni arhiv u Vukovaru i Institut dru\u0161tvenih znanosti Ivo Pilar, Vukovar<\/p>\n<p><span style=\"font-size: 12pt;\">2020.<\/span><\/p>\n<p>&gt; <a href=\"https:\/\/www.vegaintro-projekti.com\/pilar-stari\/2021\/04\/objavljena-knjiga-povijesni-lingvisticki-i-pedagoski-aspekti-njemacko-austrijske-gastro-kulture-u-identitetu-grada-osijeka\/\"><strong>Anamarija Luki\u0107 \u2013 Stephanie Jug \u2013 Zvjezdana Penava Brekalo: Povijesni, lingvisti\u010dki i pedago\u0161ki aspekti njema\u010dko-austrijske gastro kulture u identitetu grada Osijeka: Projekt Koch Buch 1.8.7.3.<\/strong><\/a> \/ Njema\u010dka narodnosna zajednica \u2013 Zemaljska udruga Podunavskih \u0160vaba Osijek i Institut dru\u0161tvenih znanosti Ivo Pilar, Osijek<\/p>\n<p><span style=\"font-size: 12pt;\">2019.<\/span><\/p>\n<p>&gt; <a href=\"https:\/\/www.vegaintro-projekti.com\/pilar-stari\/2020\/02\/objavljena-knjiga-ddr-sc-miljenka-brekala-pax-croatorum-narusene-vrijednosti-domovinskoga-rata\/\"><strong>Miljenko Brekalo: PAX CROATORUM \u2013 naru\u0161ene vrijednosti Domovinskoga rata<\/strong><\/a> \/ Institut dru\u0161tvenih znanosti Ivo Pilar i Udruga hrvatskih domoljuba, Osijek\/Zagreb<\/p>\n<p>&gt; <strong><a href=\"https:\/\/www.vegaintro-projekti.com\/pilar-stari\/2019\/03\/stipan-trogrlic-katolicka-crkva-u-istri-izmedu-otpora-i-potpore-talijanskoj-vlasti-u-istri-1918-1943\/\">Stipan Trogrli\u0107:&nbsp;KATOLI\u010cKA CRKVA U ISTRI IZME\u0110U OTPORA I POTPORE TALIJANSKOJ VLASTI U ISTRI 1918. &#8211; 1943.<\/a><\/strong> \/ Dr\u017eavni arhiv u Pazinu i Institut dru\u0161tvenih znanosti Ivo Pilar<\/p>\n<p><span style=\"font-size: 12pt;\">2017.<\/span><\/p>\n<p>&gt;&nbsp;<a href=\"https:\/\/www.vegaintro-projekti.com\/pilar-stari\/2017\/10\/objavljen-zbornik-covjek-i-smrt-teoloski-filozofski-bioeticki-i-drustveni-pristup\/\"><strong>Ivan Marke\u0161i\u0107 (gl. ur.): \u010cOVJEK I SMRT: Teolo\u0161ki, filozofski, bioeti\u010dki i dru\u0161tveni pristup<\/strong><\/a>&nbsp;\/ Institut dru\u0161tvenih znanosti Ivo Pilar, Hrvatsko katoli\u010dko sveu\u010dili\u0161te i Udruga Posmrtna pripomo\u0107, Zagreb<\/p>\n<p><span style=\"font-size: 12pt;\">2014.<\/span><\/p>\n<p>&gt;&nbsp;<a href=\"https:\/\/www.vegaintro-projekti.com\/pilar-stari\/2015\/02\/knjiga-dr-sc-stipana-trogrlica-o-represiji-prema-katolickoj-crkvi-u-istri-1945-1971\/\"><strong>Stipan Trogrli\u0107:&nbsp;REPRESIJA JUGOSLAVENSKOG KOMUNISTI\u010cKOG RE\u017dIMA PREMA KATOLI\u010cKOJ CRKVI U ISTRI 1945.-1971.<\/strong><\/a> \/&nbsp;Dr\u017eavni arhiv u Pazinu i Institut dru\u0161tvenih znanosti Ivo Pilar &#8211; Podru\u010dni centar Pula<\/p>\n<p><span style=\"font-size: 12pt;\">2012.<\/span><\/p>\n<p>&gt; <a href=\"https:\/\/www.vegaintro-projekti.com\/pilar-stari\/2014\/01\/predstavljanje-knjige-jugoslavenska-muslimanska-organizacija-1929-1941\/\"><strong>Zlatko Hasanbegovi\u0107: JUGOSLAVENSKA MUSLIMANSKA ORGANIZACIJA&nbsp;1929. \u2013 1941. (U ratu i revoluciji 1941. \u2013 1945.)<\/strong><\/a> \/&nbsp;Bo\u0161nja\u010dka nacionalna zajednica&nbsp;za Grad Zagreb i Zagreba\u010dku \u017eupaniju \/&nbsp;Institut dru\u0161tvenih znanosti Ivo Pilar \/&nbsp;Med\u017elis Islamske zajednice Zagreb<\/p>\n<p>&gt; <a href=\"https:\/\/www.vegaintro-projekti.com\/pilar-stari\/2012\/09\/objavljena-monografija-vukovarsko-srijemska-upanija-prostor-ljudi-identitet\/\"><strong>Dra\u017een \u017divi\u0107 (ur.): VUKOVARSKO-SRIJEMSKA \u017dUPANIJA. Prostor, ljudi, identitet<\/strong><\/a> \/&nbsp;Institut dru\u0161tvenih znanosti Ivo Pilar i Vukovarsko-srijemska \u017eupanija, Zagreb \u2013 Vukovar<\/p>\n<p>&gt; <a href=\"https:\/\/www.vegaintro-projekti.com\/pilar-stari\/2012\/05\/2-izdanje-povijesnog-atlasa-siska\/\"><strong>Mirela Slukan Alti\u0107: POVIJESNI ATLAS GRADOVA: SISAK (2. dopunjeno izdanje)<\/strong><\/a> \/ Institut dru\u0161tvenih znanosti Ivo Pilar, Zagreb i Dr\u017eavni arhiv Sisak<\/p>\n<p><span style=\"font-size: 12pt;\">2011.<\/span><\/p>\n<p>&gt; <a href=\"https:\/\/www.vegaintro-projekti.com\/pilar-stari\/2011\/11\/objavljena-knjiga-sae-poljanec-bori-hrvatsko-drutvo-i-turizam\/\"><strong>Sa\u0161a Poljanec-Bori\u0107: HRVATSKO DRU\u0160TVO I TURIZAM. Prilog sicioekonomiji lokalnog razvoja<\/strong><\/a> \/ Sociolo\u0161ka biblioteka Hrvatskog sociolo\u0161kog dru\u0161tva i Naklade Jesenski i Turk \/ Naklada Jesenski i Turk i Institut dru\u0161tvenih znanosti Ivo Pilar, Zagreb<\/p>\n<p>&gt; <a href=\"https:\/\/www.vegaintro-projekti.com\/pilar-stari\/2011\/10\/spomenica-600-obljetnice-crkve-male-gospe-u-gornjoj-lastvi\/\"><strong>SPOMENICA 600. obljetnice Crkve Male Gospe u Gornjoj Lastvi (1410.-2010.)<\/strong><\/a> \/ Uredio: Vinicije B. Lupis \/ Naklada Bo\u0161kovi\u0107, Split; \u017dupa Gornja Lastva; Institut dru\u0161tvenih znanosti Ivo Pilar &#8211; Podru\u010dni centar Dubrovnik<\/p>\n<p>&gt; <a href=\"https:\/\/www.vegaintro-projekti.com\/pilar-stari\/2011\/09\/poduzea-kriza-i-strategije-opstanka-nova-studija-centra-za-istraivanje-poduzetnitva\/\"><strong>Drago \u010cengi\u0107 (ur.): PODUZE\u0106A, KRIZA I STRATEGIJE OPSTANKA. Socioekonomska analiza rezultata empirijskoga istra\u017eivanja u hrvatskoj metaloprera\u0111iva\u010dkoj i drvoprera\u0111iva\u010dkoj industriji: neka iskustva od 2008. do 2010. godine<\/strong><\/a> \/ Autori: Drago \u010cengi\u0107 , Ru\u017eica Butigan, Nada Kerovec, Sa\u0161a Poljanec Bori\u0107 \/ Zaklada Konrada Adenauera, Centar za istra\u017eivanje poduzetni\u0161tva Instituta Ivo Pilar i Hrvatska gospodarska komora, Zagreb<\/p>\n<p>&gt; <a href=\"https:\/\/www.vegaintro-projekti.com\/pilar-stari\/2011\/08\/podrijetlo-hrvata-nova-knjiga-ivana-juria-o-dokazima-autohtonosti\/\"><strong>Ivan Juri\u0107: PODRIJETLO HRVATA \u2013 GENETI\u010cKI DOKAZI AUTOHTONOSTI<\/strong><\/a> \/ Nova stvarnost i Institut dru\u0161tvenih znanosti Ivo Pilar, Zagreb<\/p>\n<p>&gt; <a href=\"https:\/\/www.vegaintro-projekti.com\/pilar-stari\/2011\/05\/objavljena-monografija-crkva-i-vukovarski-franjevci\/\"><strong>Fra Ivica Jagodi\u0107: CRKVA I VUKOVARSKI FRANJEVCI<\/strong><\/a> \/ Franjeva\u010dki samostan Vukovar i Institut dru\u0161tvenih znanosti Ivo Pilar &#8211; Podru\u010dni centar Vukovar, Vukovar<br \/>\n<span style=\"font-size: 12pt;\"><br \/>\n2010.<\/span><\/p>\n<p>&gt; <a href=\"https:\/\/www.vegaintro-projekti.com\/pilar-stari\/2010\/09\/objavljena-knjiga-dr-sc-kreimira-perakovia\/\"><strong>Kre\u0161imir Pera\u010dkovi\u0107: (ZA)\u0160TO RADITI U POSTINDUSTRIJSKOM DRU\u0160TVU? Promjene u dru\u0161tvenoj podjeli rada na po\u010detku 21. stolje\u0107a<\/strong><\/a> \/ Alinea d.o.o. i Institut dru\u0161tvenih znanosti Ivo Pilar, Zagreb<\/p>\n<p>&gt; <a href=\"https:\/\/www.vegaintro-projekti.com\/pilar-stari\/2010\/06\/objavljena-knjiga-dr-sc-draena-imlee-ekoloki-otisak-kako-je-razvoj-zgazio-odrivost\/\"><strong>Dra\u017een \u0160imle\u0161a: EKOLO\u0160KI OTISAK \u2013 Kako je razvoj zgazio odr\u017eivost<\/strong><\/a> \/ TIM press d.o.o. i Instituta dru\u0161tvenih znanosti Ivo Pilar, Zagreb<\/p>\n<p>&gt; <a href=\"https:\/\/www.vegaintro-projekti.com\/pilar-stari\/2010\/04\/knjiga-katice-jurevi-stari-kraj-i-novi-svijet\/\"><strong>Katica Jur\u010devi\u0107: STARI KRAJ I NOVI SVIJET. Migracije hrvatskih iseljenika i akulturacija u SAD-u 1880. \u2013 1940.<\/strong><\/a> \/ Dokumentacijsko informacijsko sredi\u0161te \u2013 DIS i Institut dru\u0161tvenih znanosti Ivo Pilar, Zagreb<\/p>\n<p><span style=\"font-size: 12pt;\">2009.<\/span><\/p>\n<p>&gt; <a href=\"https:\/\/www.vegaintro-projekti.com\/pilar-stari\/2009\/10\/kritina-infrastruktura-u-hrvatskoj\/\" target=\"_blank\" rel=\"noopener noreferrer\"><strong>KRITI\u010cNA INFRASTRUKTURA U HRVATSKOJ. Prema novom sustavu sigurnosti i za\u0161tite<\/strong><\/a> \/ <span style=\"font-size: 10pt;\">Urednici: Dario Matika i Sa\u0161a Poljanec-Bori\u0107 \/ Institut za istra\u017eivanje i razvoj obrambenih sustava MORH-a i Institut dru\u0161tvenih znanosti Ivo Pilar, Zagreb<\/span><\/p>\n<p>&gt;&nbsp;<strong>Jadranka \u0160varc: HRVATSKA U DRU\u0160TVU ZNANJA &#8211; Prijepori i perspektive inovacijske politike <\/strong>\/ Urednik: Dra\u017een Budi\u0161a \/ \u0160kolska knjiga i Institut dru\u0161tvenih znanosti Ivo Pilar, Zagreb<\/p>\n<p>&gt; <a href=\"https:\/\/www.vegaintro-projekti.com\/pilar-stari\/2009\/12\/objavljen-5-svezak-povijesnog-atlasa-gradova-varadin\/\"><strong>Mirela Slukan Alti\u0107: POVIJESNI ATLAS GRADOVA: VARA\u017dDIN<\/strong><\/a> \/ Dr\u017eavni arhiv Vara\u017edin i Institut dru\u0161tvenih znanosti Ivo Pilar, Zagreb<\/p>\n<p><span style=\"font-size: 12pt;\">2008.<\/span><\/p>\n<p>&gt; <strong>Sveto ime Croatia<\/strong> \/ Autor: Marin Sopta \/ Udruga &#8220;Hrvatska dijaspora&#8221; Zagreb i Institut dru\u0161tvenih znanosti Ivo Pilar<\/p>\n<p><span style=\"font-size: 12pt;\">2007.<\/span><\/p>\n<p>&gt; <a href=\"https:\/\/www.vegaintro-projekti.com\/pilar-stari\/wp-content\/images\/stories\/dokumenti\/funkcionalni\/hasanbegovic\/ZG_Muslimani_arak_1-18.pdf\"><strong>Zlatko Hasanbegovi\u0107:&nbsp;MUSLIMANI U ZAGREBU 1878.-1945. \u2013 Doba utemeljenja<\/strong><\/a> \/ Med\u017elis Islamske zajednice u Zagrebu i Institut dru\u0161tvenih znanosti Ivo Pilar<\/p>\n<p>&gt; <strong>Mirela Slukan Alti\u0107:&nbsp;POVIJESNI ATLAS GRADOVA: Hrvatska Kostajnica<\/strong> \/ Institut dru\u0161tvenih znanosti Ivo Pilar i Dr\u017eavni arhiv Sisak<\/p>\n<p>&gt; <strong>Ines Saboti\u010d:&nbsp;STARE ZAGREBA\u010cKE KAVANE I KR\u010cME S KRAJA 19. I PO\u010cETKA 20. STOLJE\u0106A<\/strong>&nbsp;\/ Institut dru\u0161tvenih znanosti Ivo Pilar i AGM (Biblioteka: Povjesnice)<\/p>\n<p>&gt; <strong>IVAN PAVAO II. &#8211; poslanje i djelovanje&nbsp;<\/strong>\u2013 Zbornik radova sa simpozija odr\u017eanog u Zagrebu 24. lipnja 2005. godine \/ Uredili: I. Saboti\u010d, \u017d. Tanji\u0107, G. \u010crpi\u0107 \/&nbsp;Institut Pilar u suradnji s Glasom Koncila, KBK Sveu\u010dili\u0161ta u Zagrebu, Centar za promicanje nauka Crkve HBK<\/p>\n<p><span style=\"font-size: 12pt;\">2005.<\/span><\/p>\n<p>&gt; <strong>Iseljena Hrvatska <\/strong>\/&nbsp;Autori: I. \u010cizmi\u0107, M. Sopta, V. \u0160aki\u0107&nbsp; \/ Golden Marketing \u2013 Tehni\u010dka knjiga i Institut dru\u0161tvenih znanosti Ivo Pilar<\/p>\n<p>&gt; <strong>Povijesni gradovi \u2013 Koprivnica (svezak 3)<\/strong> \/ Autorica: M. Alti\u0107 (Institut dru\u0161tvenih znanosti Ivo Pilar i Muzej grada Koprivnice<\/p>\n<p>&nbsp;<\/p>\n<table border=\"0\">\n<tbody>\n<tr>\n<td><img decoding=\"async\" title=\"iseljena\" src=\"https:\/\/www.vegaintro-projekti.com\/pilar-stari\/wp-content\/images\/stories\/fotografije\/proba\/iseljena.jpg\" alt=\"\"><\/td>\n<td><img decoding=\"async\" loading=\"lazy\" title=\"povgradovi\" src=\"https:\/\/www.vegaintro-projekti.com\/pilar-stari\/wp-content\/images\/stories\/fotografije\/proba\/gradovi.jpg\" alt=\"\" width=\"164\" height=\"205\"><\/td>\n<\/tr>\n<\/tbody>\n<\/table>\n<p><span style=\"font-size: 12pt;\">2002.<\/span><\/p>\n<p>&gt; <strong>Bog u rovu<\/strong> \/ Autor: V. Mihaljevi\u0107 \/ Institut dru\u0161tvenih znanosti Ivo Pilar i Nakladni zavod Matice Hrvatske<\/p>\n<p>&nbsp;<\/p>\n<p>&nbsp;<\/p>\n<p>&nbsp;<\/p>\n<p>&nbsp;<\/p>\n<p>&nbsp;<\/p>\n<p>&nbsp;<\/p>\n<p>&nbsp;<\/p>\n<p>&nbsp;<\/p>\n<p>&nbsp;<\/p>\n<p>&nbsp;<\/p>\n<p>&nbsp;<\/p>\n<p>&nbsp;<\/p>\n<p>&nbsp;<\/p>\n<p>&nbsp;<\/p>\n<p>&nbsp;<\/p>\n<p>&nbsp;<\/p>\n<p>&nbsp;<\/p>\n","protected":false},"excerpt":{"rendered":"<p>Puni tekstovi radova ovih publikacija besplatno se smiju koristiti za osobnu ili edukacijsku svrhu uz po\u0161tivanje autorskih prava autora i izdava\u010da. 2025. &gt; Vinicije B. Lupis \u2013 Elvis Shala: DUBROVA\u010cKO-ALBANSKE BA\u0160TINSKE TEME. Dubrovnik-Albanian Heritage Themes \/ Muzej hrvatskih arheolo\u0161kih spomenika i Institut dru\u0161tvenih znanosti Ivo Pilar, Split 2024. &gt; HISTORIJA ROMA U BOSNI I HERCEGOVINI.&hellip; <a class=\"continue\" href=\"https:\/\/www.vegaintro-projekti.com\/pilar-stari\/2017\/12\/izdanja-u-suradnji\/\">Pro\u010ditaj vi\u0161e o<span> Izdanja u suradnji s drugim institucijama<\/span><\/a><\/p>\n","protected":false},"author":1,"featured_media":0,"comment_status":"closed","ping_status":"closed","sticky":false,"template":"","format":"standard","meta":{"inline_featured_image":false,"ngg_post_thumbnail":0,"footnotes":""},"categories":[8],"tags":[],"yoast_head":"<!-- This site is optimized with the Yoast SEO plugin v21.2 - https:\/\/yoast.com\/wordpress\/plugins\/seo\/ -->\n<title>Izdanja u suradnji s drugim institucijama - Institut dru&scaron;tvenih znanosti Ivo Pilar<\/title>\n<meta name=\"robots\" content=\"noindex, follow, max-snippet:-1, max-image-preview:large, max-video-preview:-1\" \/>\n<meta property=\"og:locale\" content=\"hr_HR\" \/>\n<meta property=\"og:type\" content=\"article\" \/>\n<meta property=\"og:title\" content=\"Izdanja u suradnji s drugim institucijama - Institut dru&scaron;tvenih znanosti Ivo Pilar\" \/>\n<meta property=\"og:description\" content=\"Puni tekstovi radova ovih publikacija besplatno se smiju koristiti za osobnu ili edukacijsku svrhu uz po\u0161tivanje autorskih prava autora i izdava\u010da. 2025. &gt; Vinicije B. Lupis \u2013 Elvis Shala: DUBROVA\u010cKO-ALBANSKE BA\u0160TINSKE TEME. Dubrovnik-Albanian Heritage Themes \/ Muzej hrvatskih arheolo\u0161kih spomenika i Institut dru\u0161tvenih znanosti Ivo Pilar, Split 2024. &gt; HISTORIJA ROMA U BOSNI I HERCEGOVINI.&hellip; Pro\u010ditaj vi\u0161e o Izdanja u suradnji s drugim institucijama\" \/>\n<meta property=\"og:url\" content=\"https:\/\/www.vegaintro-projekti.com\/pilar-stari\/2017\/12\/izdanja-u-suradnji\/\" \/>\n<meta property=\"og:site_name\" content=\"Institut dru&scaron;tvenih znanosti Ivo Pilar\" \/>\n<meta property=\"article:published_time\" content=\"2017-12-18T17:44:35+00:00\" \/>\n<meta property=\"article:modified_time\" content=\"2025-12-01T22:14:20+00:00\" \/>\n<meta property=\"og:image\" content=\"https:\/\/www.vegaintro-projekti.com\/pilar-stari\/wp-content\/images\/stories\/fotografije\/proba\/iseljena.jpg\" \/>\n<meta name=\"author\" content=\"pilar-admin\" \/>\n<meta name=\"twitter:card\" content=\"summary_large_image\" \/>\n<meta name=\"twitter:label1\" content=\"Napisao\/la\" \/>\n\t<meta name=\"twitter:data1\" content=\"pilar-admin\" \/>\n\t<meta name=\"twitter:label2\" content=\"Procijenjeno vrijeme \u010ditanja\" \/>\n\t<meta name=\"twitter:data2\" content=\"7 minuta\" \/>\n<script type=\"application\/ld+json\" class=\"yoast-schema-graph\">{\"@context\":\"https:\/\/schema.org\",\"@graph\":[{\"@type\":\"WebPage\",\"@id\":\"https:\/\/www.vegaintro-projekti.com\/pilar-stari\/2017\/12\/izdanja-u-suradnji\/\",\"url\":\"https:\/\/www.vegaintro-projekti.com\/pilar-stari\/2017\/12\/izdanja-u-suradnji\/\",\"name\":\"Izdanja u suradnji s drugim institucijama - Institut dru&scaron;tvenih znanosti Ivo Pilar\",\"isPartOf\":{\"@id\":\"https:\/\/www.vegaintro-projekti.com\/pilar-stari\/#website\"},\"datePublished\":\"2017-12-18T17:44:35+00:00\",\"dateModified\":\"2025-12-01T22:14:20+00:00\",\"author\":{\"@id\":\"https:\/\/www.vegaintro-projekti.com\/pilar-stari\/#\/schema\/person\/c0db50ebd77c4409e19b18044bbf10c1\"},\"breadcrumb\":{\"@id\":\"https:\/\/www.vegaintro-projekti.com\/pilar-stari\/2017\/12\/izdanja-u-suradnji\/#breadcrumb\"},\"inLanguage\":\"hr\",\"potentialAction\":[{\"@type\":\"ReadAction\",\"target\":[\"https:\/\/www.vegaintro-projekti.com\/pilar-stari\/2017\/12\/izdanja-u-suradnji\/\"]}]},{\"@type\":\"BreadcrumbList\",\"@id\":\"https:\/\/www.vegaintro-projekti.com\/pilar-stari\/2017\/12\/izdanja-u-suradnji\/#breadcrumb\",\"itemListElement\":[{\"@type\":\"ListItem\",\"position\":1,\"name\":\"Home\",\"item\":\"https:\/\/www.vegaintro-projekti.com\/pilar-stari\/\"},{\"@type\":\"ListItem\",\"position\":2,\"name\":\"Izdanja u suradnji s drugim institucijama\"}]},{\"@type\":\"WebSite\",\"@id\":\"https:\/\/www.vegaintro-projekti.com\/pilar-stari\/#website\",\"url\":\"https:\/\/www.vegaintro-projekti.com\/pilar-stari\/\",\"name\":\"Institut dru&scaron;tvenih znanosti Ivo Pilar\",\"description\":\"Pilar\",\"potentialAction\":[{\"@type\":\"SearchAction\",\"target\":{\"@type\":\"EntryPoint\",\"urlTemplate\":\"https:\/\/www.vegaintro-projekti.com\/pilar-stari\/?s={search_term_string}\"},\"query-input\":\"required name=search_term_string\"}],\"inLanguage\":\"hr\"},{\"@type\":\"Person\",\"@id\":\"https:\/\/www.vegaintro-projekti.com\/pilar-stari\/#\/schema\/person\/c0db50ebd77c4409e19b18044bbf10c1\",\"name\":\"pilar-admin\",\"image\":{\"@type\":\"ImageObject\",\"inLanguage\":\"hr\",\"@id\":\"https:\/\/www.vegaintro-projekti.com\/pilar-stari\/#\/schema\/person\/image\/\",\"url\":\"https:\/\/secure.gravatar.com\/avatar\/fac9e03c4db0011b9c1ad8b5e9c74b8c?s=96&d=mm&r=g\",\"contentUrl\":\"https:\/\/secure.gravatar.com\/avatar\/fac9e03c4db0011b9c1ad8b5e9c74b8c?s=96&d=mm&r=g\",\"caption\":\"pilar-admin\"},\"url\":\"https:\/\/www.vegaintro-projekti.com\/pilar-stari\/author\/pilar-admin\/\"}]}<\/script>\n<!-- \/ Yoast SEO plugin. -->","yoast_head_json":{"title":"Izdanja u suradnji s drugim institucijama - Institut dru&scaron;tvenih znanosti Ivo Pilar","robots":{"index":"noindex","follow":"follow","max-snippet":"max-snippet:-1","max-image-preview":"max-image-preview:large","max-video-preview":"max-video-preview:-1"},"og_locale":"hr_HR","og_type":"article","og_title":"Izdanja u suradnji s drugim institucijama - Institut dru&scaron;tvenih znanosti Ivo Pilar","og_description":"Puni tekstovi radova ovih publikacija besplatno se smiju koristiti za osobnu ili edukacijsku svrhu uz po\u0161tivanje autorskih prava autora i izdava\u010da. 2025. &gt; Vinicije B. Lupis \u2013 Elvis Shala: DUBROVA\u010cKO-ALBANSKE BA\u0160TINSKE TEME. Dubrovnik-Albanian Heritage Themes \/ Muzej hrvatskih arheolo\u0161kih spomenika i Institut dru\u0161tvenih znanosti Ivo Pilar, Split 2024. &gt; HISTORIJA ROMA U BOSNI I HERCEGOVINI.&hellip; Pro\u010ditaj vi\u0161e o Izdanja u suradnji s drugim institucijama","og_url":"https:\/\/www.vegaintro-projekti.com\/pilar-stari\/2017\/12\/izdanja-u-suradnji\/","og_site_name":"Institut dru&scaron;tvenih znanosti Ivo Pilar","article_published_time":"2017-12-18T17:44:35+00:00","article_modified_time":"2025-12-01T22:14:20+00:00","og_image":[{"url":"https:\/\/www.vegaintro-projekti.com\/pilar-stari\/wp-content\/images\/stories\/fotografije\/proba\/iseljena.jpg"}],"author":"pilar-admin","twitter_card":"summary_large_image","twitter_misc":{"Napisao\/la":"pilar-admin","Procijenjeno vrijeme \u010ditanja":"7 minuta"},"schema":{"@context":"https:\/\/schema.org","@graph":[{"@type":"WebPage","@id":"https:\/\/www.vegaintro-projekti.com\/pilar-stari\/2017\/12\/izdanja-u-suradnji\/","url":"https:\/\/www.vegaintro-projekti.com\/pilar-stari\/2017\/12\/izdanja-u-suradnji\/","name":"Izdanja u suradnji s drugim institucijama - Institut dru&scaron;tvenih znanosti Ivo Pilar","isPartOf":{"@id":"https:\/\/www.vegaintro-projekti.com\/pilar-stari\/#website"},"datePublished":"2017-12-18T17:44:35+00:00","dateModified":"2025-12-01T22:14:20+00:00","author":{"@id":"https:\/\/www.vegaintro-projekti.com\/pilar-stari\/#\/schema\/person\/c0db50ebd77c4409e19b18044bbf10c1"},"breadcrumb":{"@id":"https:\/\/www.vegaintro-projekti.com\/pilar-stari\/2017\/12\/izdanja-u-suradnji\/#breadcrumb"},"inLanguage":"hr","potentialAction":[{"@type":"ReadAction","target":["https:\/\/www.vegaintro-projekti.com\/pilar-stari\/2017\/12\/izdanja-u-suradnji\/"]}]},{"@type":"BreadcrumbList","@id":"https:\/\/www.vegaintro-projekti.com\/pilar-stari\/2017\/12\/izdanja-u-suradnji\/#breadcrumb","itemListElement":[{"@type":"ListItem","position":1,"name":"Home","item":"https:\/\/www.vegaintro-projekti.com\/pilar-stari\/"},{"@type":"ListItem","position":2,"name":"Izdanja u suradnji s drugim institucijama"}]},{"@type":"WebSite","@id":"https:\/\/www.vegaintro-projekti.com\/pilar-stari\/#website","url":"https:\/\/www.vegaintro-projekti.com\/pilar-stari\/","name":"Institut dru&scaron;tvenih znanosti Ivo Pilar","description":"Pilar","potentialAction":[{"@type":"SearchAction","target":{"@type":"EntryPoint","urlTemplate":"https:\/\/www.vegaintro-projekti.com\/pilar-stari\/?s={search_term_string}"},"query-input":"required name=search_term_string"}],"inLanguage":"hr"},{"@type":"Person","@id":"https:\/\/www.vegaintro-projekti.com\/pilar-stari\/#\/schema\/person\/c0db50ebd77c4409e19b18044bbf10c1","name":"pilar-admin","image":{"@type":"ImageObject","inLanguage":"hr","@id":"https:\/\/www.vegaintro-projekti.com\/pilar-stari\/#\/schema\/person\/image\/","url":"https:\/\/secure.gravatar.com\/avatar\/fac9e03c4db0011b9c1ad8b5e9c74b8c?s=96&d=mm&r=g","contentUrl":"https:\/\/secure.gravatar.com\/avatar\/fac9e03c4db0011b9c1ad8b5e9c74b8c?s=96&d=mm&r=g","caption":"pilar-admin"},"url":"https:\/\/www.vegaintro-projekti.com\/pilar-stari\/author\/pilar-admin\/"}]}},"_links":{"self":[{"href":"https:\/\/www.vegaintro-projekti.com\/pilar-stari\/wp-json\/wp\/v2\/posts\/197"}],"collection":[{"href":"https:\/\/www.vegaintro-projekti.com\/pilar-stari\/wp-json\/wp\/v2\/posts"}],"about":[{"href":"https:\/\/www.vegaintro-projekti.com\/pilar-stari\/wp-json\/wp\/v2\/types\/post"}],"author":[{"embeddable":true,"href":"https:\/\/www.vegaintro-projekti.com\/pilar-stari\/wp-json\/wp\/v2\/users\/1"}],"replies":[{"embeddable":true,"href":"https:\/\/www.vegaintro-projekti.com\/pilar-stari\/wp-json\/wp\/v2\/comments?post=197"}],"version-history":[{"count":44,"href":"https:\/\/www.vegaintro-projekti.com\/pilar-stari\/wp-json\/wp\/v2\/posts\/197\/revisions"}],"predecessor-version":[{"id":36841,"href":"https:\/\/www.vegaintro-projekti.com\/pilar-stari\/wp-json\/wp\/v2\/posts\/197\/revisions\/36841"}],"wp:attachment":[{"href":"https:\/\/www.vegaintro-projekti.com\/pilar-stari\/wp-json\/wp\/v2\/media?parent=197"}],"wp:term":[{"taxonomy":"category","embeddable":true,"href":"https:\/\/www.vegaintro-projekti.com\/pilar-stari\/wp-json\/wp\/v2\/categories?post=197"},{"taxonomy":"post_tag","embeddable":true,"href":"https:\/\/www.vegaintro-projekti.com\/pilar-stari\/wp-json\/wp\/v2\/tags?post=197"}],"curies":[{"name":"wp","href":"https:\/\/api.w.org\/{rel}","templated":true}]}}