{"id":19866,"date":"2021-09-10T16:54:05","date_gmt":"2021-09-10T16:54:05","guid":{"rendered":"https:\/\/www.vegaintro-projekti.com\/pilar-stari\/?p=19866"},"modified":"2021-09-12T17:05:48","modified_gmt":"2021-09-12T17:05:48","slug":"dr-sc-danijel-vojak-na-godisnjoj-konferenciji-gypsy-lore-society-prag-8-10-9-2021","status":"publish","type":"post","link":"https:\/\/www.vegaintro-projekti.com\/pilar-stari\/2021\/09\/dr-sc-danijel-vojak-na-godisnjoj-konferenciji-gypsy-lore-society-prag-8-10-9-2021\/","title":{"rendered":"Dr. sc. Danijel Vojak na godi\u0161njoj konferenciji Gypsy Lore Society; Prag, 8.-10. 9. 2021."},"content":{"rendered":"<p><strong>Dr. sc. Danijel Vojak sudjelovao je u sklopu godi\u0161nje konferencije Gypsy Lore Society na me\u0111unarodnome znanstvenom skupu odr\u017eanom na Karlovom sveu\u010dili\u0161tu u Pragu od 8. do 10. rujna 2021.<\/strong><\/p>\n<p><a href=\"http:\/\/www.gypsyloresociety.org\/annual-meeting\"><img decoding=\"async\" loading=\"lazy\" class=\"alignnone wp-image-19864 size-full\" src=\"https:\/\/www.vegaintro-projekti.com\/pilar-stari\/wp-content\/uploads\/2021\/09\/GLS.jpg\" alt=\"\" width=\"620\" height=\"660\" srcset=\"https:\/\/www.vegaintro-projekti.com\/pilar-stari\/wp-content\/uploads\/2021\/09\/GLS.jpg 620w, https:\/\/www.vegaintro-projekti.com\/pilar-stari\/wp-content\/uploads\/2021\/09\/GLS-282x300.jpg 282w\" sizes=\"(max-width: 620px) 100vw, 620px\" \/><\/a><\/p>\n<p><strong>&#8211; Gypsy Lore Society:<\/strong> <a href=\"http:\/\/www.gypsyloresociety.org\/annual-meeting\">Annual Meeting and Conference on Romani Studies; Prag, September 8\u201310, 2021<\/a><br \/>\n<strong>&#8211; Gypsy Lore Society:<\/strong> <a href=\"https:\/\/gls2021.ff.cuni.cz\/Book_of_Abstracts_GLS_Conference_on_Romani_Studies_Prague_2021.pdf\">Book of Abstracts<\/a><\/p>\n<p>Tema online izlaganja dr. sc. Danijela Vojaka bila je \u201eMarginals on the Sidelines of the Education System or on Education About the Roma Genocide in Croatia, 1945-2020\u201c.<\/p>\n<p><span style=\"font-size: 14pt;\">Marginals on the Sidelines of the Education System or on Education About the Roma Genocide in Croatia, 1945\u20132020<\/span><\/p>\n<p>The Romani population has lived in the lands that are today part of the Republic of Croatia for over six centuries, which makes them one of the oldest minority groups. Their history of cohabitation with the majority Croatian population was often marked by repressive assimilation policies imposed on them by state and local authorities, culminating in the genocide committed by the Usta\u0161a authorities during World War II. Even today, very little is known about the extent of this genocide committed against the Roma in the Independent State of Croatia (ISC). The marginalisation of scholarly interest in researching the genocide committed against the Roma was one of the characteristics of the communist ideological model of the authorities in socialist Croatia (Yugoslavia), which prohibited the highlighting of the ethnic identities of victim groups, and instead incorporated them into the common discourse of \u201cvictims of fascist terror\u201d. With such ideological control, the memories of the Romani war victims were joined by those of other victims of the Ustasha authorities and its fascist and Nazi allies, which made it impossible to hold separate commemorations or to erect monuments for the Romani victims. The consequences of this policy are still felt in Croatia today; scholarly research on the genocidal suffering of the Roma remains insufficient and unsystematic.This paper will analyse the question of how the education system in Croatia, after the end of World War II, addressed or perceived the topic of the genocide of the Roma. The analysis will cover textbooks and history manuals which have been published and used in the teaching of history in primary and secondary schools from 1945 to the present. In particular, the paper will analyse the issue of comparison in relation to the suffering of other nations, such as Jews, with respect to the suffering of Roma during World War II in Croatia.<\/p>\n<blockquote><p><a href=\"https:\/\/www.vegaintro-projekti.com\/pilar-stari\/biografije\/user-bio\/?my_user_id=63\">Dr. sc. Danijel Vojak<\/a><\/p><\/blockquote>\n","protected":false},"excerpt":{"rendered":"<p>Dr. sc. Danijel Vojak sudjelovao je u sklopu godi\u0161nje konferencije Gypsy Lore Society na me\u0111unarodnome znanstvenom skupu odr\u017eanom na Karlovom sveu\u010dili\u0161tu u Pragu od 8. do 10. rujna 2021. &#8211; Gypsy Lore Society: Annual Meeting and Conference on Romani Studies; Prag, September 8\u201310, 2021 &#8211; Gypsy Lore Society: Book of Abstracts Tema online izlaganja dr.&hellip; <a class=\"continue\" href=\"https:\/\/www.vegaintro-projekti.com\/pilar-stari\/2021\/09\/dr-sc-danijel-vojak-na-godisnjoj-konferenciji-gypsy-lore-society-prag-8-10-9-2021\/\">Pro\u010ditaj vi\u0161e o<span> Dr. sc. Danijel Vojak na godi\u0161njoj konferenciji Gypsy Lore Society; Prag, 8.-10. 9. 2021.<\/span><\/a><\/p>\n","protected":false},"author":7,"featured_media":19865,"comment_status":"closed","ping_status":"closed","sticky":false,"template":"","format":"standard","meta":{"inline_featured_image":false,"ngg_post_thumbnail":0,"footnotes":""},"categories":[48,11],"tags":[],"yoast_head":"<!-- This site is optimized with the Yoast SEO plugin v21.2 - https:\/\/yoast.com\/wordpress\/plugins\/seo\/ -->\n<title>Dr. sc. Danijel Vojak na godi\u0161njoj konferenciji Gypsy Lore Society; Prag, 8.-10. 9. 2021. - Institut dru&scaron;tvenih znanosti Ivo Pilar<\/title>\n<meta name=\"robots\" content=\"noindex, follow, max-snippet:-1, max-image-preview:large, max-video-preview:-1\" \/>\n<meta property=\"og:locale\" content=\"hr_HR\" \/>\n<meta property=\"og:type\" content=\"article\" \/>\n<meta property=\"og:title\" content=\"Dr. sc. Danijel Vojak na godi\u0161njoj konferenciji Gypsy Lore Society; Prag, 8.-10. 9. 2021. - Institut dru&scaron;tvenih znanosti Ivo Pilar\" \/>\n<meta property=\"og:description\" content=\"Dr. sc. Danijel Vojak sudjelovao je u sklopu godi\u0161nje konferencije Gypsy Lore Society na me\u0111unarodnome znanstvenom skupu odr\u017eanom na Karlovom sveu\u010dili\u0161tu u Pragu od 8. do 10. rujna 2021. &#8211; Gypsy Lore Society: Annual Meeting and Conference on Romani Studies; Prag, September 8\u201310, 2021 &#8211; Gypsy Lore Society: Book of Abstracts Tema online izlaganja dr.&hellip; Pro\u010ditaj vi\u0161e o Dr. sc. Danijel Vojak na godi\u0161njoj konferenciji Gypsy Lore Society; Prag, 8.-10. 9. 2021.\" \/>\n<meta property=\"og:url\" content=\"https:\/\/www.vegaintro-projekti.com\/pilar-stari\/2021\/09\/dr-sc-danijel-vojak-na-godisnjoj-konferenciji-gypsy-lore-society-prag-8-10-9-2021\/\" \/>\n<meta property=\"og:site_name\" content=\"Institut dru&scaron;tvenih znanosti Ivo Pilar\" \/>\n<meta property=\"article:published_time\" content=\"2021-09-10T16:54:05+00:00\" \/>\n<meta property=\"article:modified_time\" content=\"2021-09-12T17:05:48+00:00\" \/>\n<meta property=\"og:image\" content=\"https:\/\/www.vegaintro-projekti.com\/pilar-stari\/wp-content\/uploads\/2021\/09\/GLS_fi.jpg\" \/>\n\t<meta property=\"og:image:width\" content=\"330\" \/>\n\t<meta property=\"og:image:height\" content=\"218\" \/>\n\t<meta property=\"og:image:type\" content=\"image\/jpeg\" \/>\n<meta name=\"author\" content=\"Boris\" \/>\n<meta name=\"twitter:card\" content=\"summary_large_image\" \/>\n<meta name=\"twitter:label1\" content=\"Napisao\/la\" \/>\n\t<meta name=\"twitter:data1\" content=\"Boris\" \/>\n\t<meta name=\"twitter:label2\" content=\"Procijenjeno vrijeme \u010ditanja\" \/>\n\t<meta name=\"twitter:data2\" content=\"2 minute\" \/>\n<script type=\"application\/ld+json\" class=\"yoast-schema-graph\">{\"@context\":\"https:\/\/schema.org\",\"@graph\":[{\"@type\":\"WebPage\",\"@id\":\"https:\/\/www.vegaintro-projekti.com\/pilar-stari\/2021\/09\/dr-sc-danijel-vojak-na-godisnjoj-konferenciji-gypsy-lore-society-prag-8-10-9-2021\/\",\"url\":\"https:\/\/www.vegaintro-projekti.com\/pilar-stari\/2021\/09\/dr-sc-danijel-vojak-na-godisnjoj-konferenciji-gypsy-lore-society-prag-8-10-9-2021\/\",\"name\":\"Dr. sc. Danijel Vojak na godi\u0161njoj konferenciji Gypsy Lore Society; Prag, 8.-10. 9. 2021. - Institut dru&scaron;tvenih znanosti Ivo Pilar\",\"isPartOf\":{\"@id\":\"https:\/\/www.vegaintro-projekti.com\/pilar-stari\/#website\"},\"datePublished\":\"2021-09-10T16:54:05+00:00\",\"dateModified\":\"2021-09-12T17:05:48+00:00\",\"author\":{\"@id\":\"https:\/\/www.vegaintro-projekti.com\/pilar-stari\/#\/schema\/person\/ddd404c9f1e15e4ffef5986ac6a5d28b\"},\"breadcrumb\":{\"@id\":\"https:\/\/www.vegaintro-projekti.com\/pilar-stari\/2021\/09\/dr-sc-danijel-vojak-na-godisnjoj-konferenciji-gypsy-lore-society-prag-8-10-9-2021\/#breadcrumb\"},\"inLanguage\":\"hr\",\"potentialAction\":[{\"@type\":\"ReadAction\",\"target\":[\"https:\/\/www.vegaintro-projekti.com\/pilar-stari\/2021\/09\/dr-sc-danijel-vojak-na-godisnjoj-konferenciji-gypsy-lore-society-prag-8-10-9-2021\/\"]}]},{\"@type\":\"BreadcrumbList\",\"@id\":\"https:\/\/www.vegaintro-projekti.com\/pilar-stari\/2021\/09\/dr-sc-danijel-vojak-na-godisnjoj-konferenciji-gypsy-lore-society-prag-8-10-9-2021\/#breadcrumb\",\"itemListElement\":[{\"@type\":\"ListItem\",\"position\":1,\"name\":\"Home\",\"item\":\"https:\/\/www.vegaintro-projekti.com\/pilar-stari\/\"},{\"@type\":\"ListItem\",\"position\":2,\"name\":\"Dr. sc. Danijel Vojak na godi\u0161njoj konferenciji Gypsy Lore Society; Prag, 8.-10. 9. 2021.\"}]},{\"@type\":\"WebSite\",\"@id\":\"https:\/\/www.vegaintro-projekti.com\/pilar-stari\/#website\",\"url\":\"https:\/\/www.vegaintro-projekti.com\/pilar-stari\/\",\"name\":\"Institut dru&scaron;tvenih znanosti Ivo Pilar\",\"description\":\"Pilar\",\"potentialAction\":[{\"@type\":\"SearchAction\",\"target\":{\"@type\":\"EntryPoint\",\"urlTemplate\":\"https:\/\/www.vegaintro-projekti.com\/pilar-stari\/?s={search_term_string}\"},\"query-input\":\"required name=search_term_string\"}],\"inLanguage\":\"hr\"},{\"@type\":\"Person\",\"@id\":\"https:\/\/www.vegaintro-projekti.com\/pilar-stari\/#\/schema\/person\/ddd404c9f1e15e4ffef5986ac6a5d28b\",\"name\":\"Boris\",\"image\":{\"@type\":\"ImageObject\",\"inLanguage\":\"hr\",\"@id\":\"https:\/\/www.vegaintro-projekti.com\/pilar-stari\/#\/schema\/person\/image\/\",\"url\":\"https:\/\/secure.gravatar.com\/avatar\/29557b161a6ce6ab86ac1503164f1e90?s=96&d=mm&r=g\",\"contentUrl\":\"https:\/\/secure.gravatar.com\/avatar\/29557b161a6ce6ab86ac1503164f1e90?s=96&d=mm&r=g\",\"caption\":\"Boris\"},\"url\":\"https:\/\/www.vegaintro-projekti.com\/pilar-stari\/author\/boris\/\"}]}<\/script>\n<!-- \/ Yoast SEO plugin. -->","yoast_head_json":{"title":"Dr. sc. Danijel Vojak na godi\u0161njoj konferenciji Gypsy Lore Society; Prag, 8.-10. 9. 2021. - Institut dru&scaron;tvenih znanosti Ivo Pilar","robots":{"index":"noindex","follow":"follow","max-snippet":"max-snippet:-1","max-image-preview":"max-image-preview:large","max-video-preview":"max-video-preview:-1"},"og_locale":"hr_HR","og_type":"article","og_title":"Dr. sc. Danijel Vojak na godi\u0161njoj konferenciji Gypsy Lore Society; Prag, 8.-10. 9. 2021. - Institut dru&scaron;tvenih znanosti Ivo Pilar","og_description":"Dr. sc. Danijel Vojak sudjelovao je u sklopu godi\u0161nje konferencije Gypsy Lore Society na me\u0111unarodnome znanstvenom skupu odr\u017eanom na Karlovom sveu\u010dili\u0161tu u Pragu od 8. do 10. rujna 2021. &#8211; Gypsy Lore Society: Annual Meeting and Conference on Romani Studies; Prag, September 8\u201310, 2021 &#8211; Gypsy Lore Society: Book of Abstracts Tema online izlaganja dr.&hellip; Pro\u010ditaj vi\u0161e o Dr. sc. Danijel Vojak na godi\u0161njoj konferenciji Gypsy Lore Society; Prag, 8.-10. 9. 2021.","og_url":"https:\/\/www.vegaintro-projekti.com\/pilar-stari\/2021\/09\/dr-sc-danijel-vojak-na-godisnjoj-konferenciji-gypsy-lore-society-prag-8-10-9-2021\/","og_site_name":"Institut dru&scaron;tvenih znanosti Ivo Pilar","article_published_time":"2021-09-10T16:54:05+00:00","article_modified_time":"2021-09-12T17:05:48+00:00","og_image":[{"width":330,"height":218,"url":"https:\/\/www.vegaintro-projekti.com\/pilar-stari\/wp-content\/uploads\/2021\/09\/GLS_fi.jpg","type":"image\/jpeg"}],"author":"Boris","twitter_card":"summary_large_image","twitter_misc":{"Napisao\/la":"Boris","Procijenjeno vrijeme \u010ditanja":"2 minute"},"schema":{"@context":"https:\/\/schema.org","@graph":[{"@type":"WebPage","@id":"https:\/\/www.vegaintro-projekti.com\/pilar-stari\/2021\/09\/dr-sc-danijel-vojak-na-godisnjoj-konferenciji-gypsy-lore-society-prag-8-10-9-2021\/","url":"https:\/\/www.vegaintro-projekti.com\/pilar-stari\/2021\/09\/dr-sc-danijel-vojak-na-godisnjoj-konferenciji-gypsy-lore-society-prag-8-10-9-2021\/","name":"Dr. sc. Danijel Vojak na godi\u0161njoj konferenciji Gypsy Lore Society; Prag, 8.-10. 9. 2021. - Institut dru&scaron;tvenih znanosti Ivo Pilar","isPartOf":{"@id":"https:\/\/www.vegaintro-projekti.com\/pilar-stari\/#website"},"datePublished":"2021-09-10T16:54:05+00:00","dateModified":"2021-09-12T17:05:48+00:00","author":{"@id":"https:\/\/www.vegaintro-projekti.com\/pilar-stari\/#\/schema\/person\/ddd404c9f1e15e4ffef5986ac6a5d28b"},"breadcrumb":{"@id":"https:\/\/www.vegaintro-projekti.com\/pilar-stari\/2021\/09\/dr-sc-danijel-vojak-na-godisnjoj-konferenciji-gypsy-lore-society-prag-8-10-9-2021\/#breadcrumb"},"inLanguage":"hr","potentialAction":[{"@type":"ReadAction","target":["https:\/\/www.vegaintro-projekti.com\/pilar-stari\/2021\/09\/dr-sc-danijel-vojak-na-godisnjoj-konferenciji-gypsy-lore-society-prag-8-10-9-2021\/"]}]},{"@type":"BreadcrumbList","@id":"https:\/\/www.vegaintro-projekti.com\/pilar-stari\/2021\/09\/dr-sc-danijel-vojak-na-godisnjoj-konferenciji-gypsy-lore-society-prag-8-10-9-2021\/#breadcrumb","itemListElement":[{"@type":"ListItem","position":1,"name":"Home","item":"https:\/\/www.vegaintro-projekti.com\/pilar-stari\/"},{"@type":"ListItem","position":2,"name":"Dr. sc. Danijel Vojak na godi\u0161njoj konferenciji Gypsy Lore Society; Prag, 8.-10. 9. 2021."}]},{"@type":"WebSite","@id":"https:\/\/www.vegaintro-projekti.com\/pilar-stari\/#website","url":"https:\/\/www.vegaintro-projekti.com\/pilar-stari\/","name":"Institut dru&scaron;tvenih znanosti Ivo Pilar","description":"Pilar","potentialAction":[{"@type":"SearchAction","target":{"@type":"EntryPoint","urlTemplate":"https:\/\/www.vegaintro-projekti.com\/pilar-stari\/?s={search_term_string}"},"query-input":"required name=search_term_string"}],"inLanguage":"hr"},{"@type":"Person","@id":"https:\/\/www.vegaintro-projekti.com\/pilar-stari\/#\/schema\/person\/ddd404c9f1e15e4ffef5986ac6a5d28b","name":"Boris","image":{"@type":"ImageObject","inLanguage":"hr","@id":"https:\/\/www.vegaintro-projekti.com\/pilar-stari\/#\/schema\/person\/image\/","url":"https:\/\/secure.gravatar.com\/avatar\/29557b161a6ce6ab86ac1503164f1e90?s=96&d=mm&r=g","contentUrl":"https:\/\/secure.gravatar.com\/avatar\/29557b161a6ce6ab86ac1503164f1e90?s=96&d=mm&r=g","caption":"Boris"},"url":"https:\/\/www.vegaintro-projekti.com\/pilar-stari\/author\/boris\/"}]}},"_links":{"self":[{"href":"https:\/\/www.vegaintro-projekti.com\/pilar-stari\/wp-json\/wp\/v2\/posts\/19866"}],"collection":[{"href":"https:\/\/www.vegaintro-projekti.com\/pilar-stari\/wp-json\/wp\/v2\/posts"}],"about":[{"href":"https:\/\/www.vegaintro-projekti.com\/pilar-stari\/wp-json\/wp\/v2\/types\/post"}],"author":[{"embeddable":true,"href":"https:\/\/www.vegaintro-projekti.com\/pilar-stari\/wp-json\/wp\/v2\/users\/7"}],"replies":[{"embeddable":true,"href":"https:\/\/www.vegaintro-projekti.com\/pilar-stari\/wp-json\/wp\/v2\/comments?post=19866"}],"version-history":[{"count":1,"href":"https:\/\/www.vegaintro-projekti.com\/pilar-stari\/wp-json\/wp\/v2\/posts\/19866\/revisions"}],"predecessor-version":[{"id":19869,"href":"https:\/\/www.vegaintro-projekti.com\/pilar-stari\/wp-json\/wp\/v2\/posts\/19866\/revisions\/19869"}],"wp:featuredmedia":[{"embeddable":true,"href":"https:\/\/www.vegaintro-projekti.com\/pilar-stari\/wp-json\/wp\/v2\/media\/19865"}],"wp:attachment":[{"href":"https:\/\/www.vegaintro-projekti.com\/pilar-stari\/wp-json\/wp\/v2\/media?parent=19866"}],"wp:term":[{"taxonomy":"category","embeddable":true,"href":"https:\/\/www.vegaintro-projekti.com\/pilar-stari\/wp-json\/wp\/v2\/categories?post=19866"},{"taxonomy":"post_tag","embeddable":true,"href":"https:\/\/www.vegaintro-projekti.com\/pilar-stari\/wp-json\/wp\/v2\/tags?post=19866"}],"curies":[{"name":"wp","href":"https:\/\/api.w.org\/{rel}","templated":true}]}}