{"id":19892,"date":"2021-09-16T16:13:01","date_gmt":"2021-09-16T16:13:01","guid":{"rendered":"https:\/\/www.vegaintro-projekti.com\/pilar-stari\/?p=19892"},"modified":"2021-09-16T20:53:27","modified_gmt":"2021-09-16T20:53:27","slug":"dr-sc-andreja-brajsa-zganec-na-6-psihospanciru-varazdin-11-9-2021","status":"publish","type":"post","link":"https:\/\/www.vegaintro-projekti.com\/pilar-stari\/2021\/09\/dr-sc-andreja-brajsa-zganec-na-6-psihospanciru-varazdin-11-9-2021\/","title":{"rendered":"Dr. sc. Andreja Braj\u0161a-\u017dganec na 6. Psiho\u0161panciru; Vara\u017edin, 11. 9. 2021."},"content":{"rendered":"<p><strong>Voditeljica projekta Dobrobit djeteta u kontekstu obitelji &#8211; CHILD-WELL Hrvatske zaklade za znanost dr. sc. Andreja Braj\u0161a-\u017dganec sudjelovala je 11. rujna 2021. u Vara\u017edinu <\/strong><strong>na 6. Psiho\u0161panciru u organizaciji Sveu\u010dili\u0161ta Sjever SC Vara\u017edin i Dru\u0161tva psihologa Vara\u017edin<\/strong><\/p>\n<p><img decoding=\"async\" loading=\"lazy\" class=\"alignnone wp-image-19889 size-full\" src=\"https:\/\/www.vegaintro-projekti.com\/pilar-stari\/wp-content\/uploads\/2021\/09\/Sl_01.jpg\" alt=\"\" width=\"620\" height=\"457\" srcset=\"https:\/\/www.vegaintro-projekti.com\/pilar-stari\/wp-content\/uploads\/2021\/09\/Sl_01.jpg 620w, https:\/\/www.vegaintro-projekti.com\/pilar-stari\/wp-content\/uploads\/2021\/09\/Sl_01-300x221.jpg 300w\" sizes=\"(max-width: 620px) 100vw, 620px\" \/><\/p>\n<p><strong>&#8211; Hrvatsko psiholo\u0161ko dru\u0161tvo:<\/strong> <a href=\"https:\/\/www.psihologija.hr\/zupanijska-drustva-psihologa\/dp-vara%C5%BEdin\/clanak\/psihospancir-2021-u-varazdinu-i-cakovcu.html\">Psiho\u0161pancir 2021 &#8211; u Vara\u017edinu i \u010cakovcu, 1. 9. 2021.<\/a><br \/>\n<strong>&#8211; Hrvatska psiholo\u0161ka komora:<\/strong> <a href=\"http:\/\/www.psiholoska-komora.hr\/1698\">PSIHO\u0160PANCIR 2021. &#8211; 10. 9. \u010cakovec, 11. 9. Vara\u017edin<\/a><\/p>\n<p>Andreja Braj\u0161a-\u017dganec u koautorstvu sa Marijom D\u017eida i Ivanom Hanzec Markovi\u0107 s Fakulteta hrvatskih studija Sveu\u010dili\u0161ta u Zagrebu odr\u017eala je predavanje na temu <strong>Subjektivna dobrobit roditelja i djece<\/strong>.<\/p>\n<p><img decoding=\"async\" loading=\"lazy\" class=\"alignnone wp-image-19891 size-full\" src=\"https:\/\/www.vegaintro-projekti.com\/pilar-stari\/wp-content\/uploads\/2021\/09\/Sl_02.jpg\" alt=\"\" width=\"620\" height=\"386\" srcset=\"https:\/\/www.vegaintro-projekti.com\/pilar-stari\/wp-content\/uploads\/2021\/09\/Sl_02.jpg 620w, https:\/\/www.vegaintro-projekti.com\/pilar-stari\/wp-content\/uploads\/2021\/09\/Sl_02-300x187.jpg 300w\" sizes=\"(max-width: 620px) 100vw, 620px\" \/><\/p>\n<p>Ulazak u roditeljstvo mo\u017ee imati posljedice na razli\u010dite aspekte dobrobiti roditelja poput zadovoljstva \u017eivotom i drugim \u017eivotnim domenama, zadovoljstva i kvalitete bra\u010dnih odnosa, socijalne podr\u0161ke i ekonomskog statusa roditelja. Razli\u010diti teorijski okviri poput teorije promjene i modela obiteljskog stresa obja\u0161njavaju veze roditeljske i dje\u010dje dobrobiti. Prikazana su neka istra\u017eivanja koja potvr\u0111uju teorijske postavke spomenutih teorija i koje ukazuju na veze roditeljske i dje\u010dje dobrobiti. Raspravljalo se o implikacijama spomenutih istra\u017eivanja te su dane smjernice za rad na pove\u0107anju dobrobiti roditelja.<\/p>\n<blockquote><p><a href=\"https:\/\/www.vegaintro-projekti.com\/pilar-stari\/2020\/02\/child-well-dobrobit-djeteta-u-kontekstu-obitelji\/\">Projekt CHILD-WELL<\/a><\/p><\/blockquote>\n","protected":false},"excerpt":{"rendered":"<p>Voditeljica projekta Dobrobit djeteta u kontekstu obitelji &#8211; CHILD-WELL Hrvatske zaklade za znanost dr. sc. Andreja Braj\u0161a-\u017dganec sudjelovala je 11. rujna 2021. u Vara\u017edinu na 6. Psiho\u0161panciru u organizaciji Sveu\u010dili\u0161ta Sjever SC Vara\u017edin i Dru\u0161tva psihologa Vara\u017edin &#8211; Hrvatsko psiholo\u0161ko dru\u0161tvo: Psiho\u0161pancir 2021 &#8211; u Vara\u017edinu i \u010cakovcu, 1. 9. 2021. &#8211; Hrvatska psiholo\u0161ka komora:&hellip; <a class=\"continue\" href=\"https:\/\/www.vegaintro-projekti.com\/pilar-stari\/2021\/09\/dr-sc-andreja-brajsa-zganec-na-6-psihospanciru-varazdin-11-9-2021\/\">Pro\u010ditaj vi\u0161e o<span> Dr. sc. Andreja Braj\u0161a-\u017dganec na 6. Psiho\u0161panciru; Vara\u017edin, 11. 9. 2021.<\/span><\/a><\/p>\n","protected":false},"author":7,"featured_media":19890,"comment_status":"closed","ping_status":"closed","sticky":false,"template":"","format":"standard","meta":{"inline_featured_image":false,"ngg_post_thumbnail":0,"footnotes":""},"categories":[48,11],"tags":[],"yoast_head":"<!-- This site is optimized with the Yoast SEO plugin v21.2 - https:\/\/yoast.com\/wordpress\/plugins\/seo\/ -->\n<title>Dr. sc. Andreja Braj\u0161a-\u017dganec na 6. Psiho\u0161panciru; Vara\u017edin, 11. 9. 2021. - Institut dru&scaron;tvenih znanosti Ivo Pilar<\/title>\n<meta name=\"robots\" content=\"noindex, follow, max-snippet:-1, max-image-preview:large, max-video-preview:-1\" \/>\n<meta property=\"og:locale\" content=\"hr_HR\" \/>\n<meta property=\"og:type\" content=\"article\" \/>\n<meta property=\"og:title\" content=\"Dr. sc. Andreja Braj\u0161a-\u017dganec na 6. Psiho\u0161panciru; Vara\u017edin, 11. 9. 2021. - Institut dru&scaron;tvenih znanosti Ivo Pilar\" \/>\n<meta property=\"og:description\" content=\"Voditeljica projekta Dobrobit djeteta u kontekstu obitelji &#8211; CHILD-WELL Hrvatske zaklade za znanost dr. sc. Andreja Braj\u0161a-\u017dganec sudjelovala je 11. rujna 2021. u Vara\u017edinu na 6. Psiho\u0161panciru u organizaciji Sveu\u010dili\u0161ta Sjever SC Vara\u017edin i Dru\u0161tva psihologa Vara\u017edin &#8211; Hrvatsko psiholo\u0161ko dru\u0161tvo: Psiho\u0161pancir 2021 &#8211; u Vara\u017edinu i \u010cakovcu, 1. 9. 2021. &#8211; Hrvatska psiholo\u0161ka komora:&hellip; Pro\u010ditaj vi\u0161e o Dr. sc. Andreja Braj\u0161a-\u017dganec na 6. Psiho\u0161panciru; Vara\u017edin, 11. 9. 2021.\" \/>\n<meta property=\"og:url\" content=\"https:\/\/www.vegaintro-projekti.com\/pilar-stari\/2021\/09\/dr-sc-andreja-brajsa-zganec-na-6-psihospanciru-varazdin-11-9-2021\/\" \/>\n<meta property=\"og:site_name\" content=\"Institut dru&scaron;tvenih znanosti Ivo Pilar\" \/>\n<meta property=\"article:published_time\" content=\"2021-09-16T16:13:01+00:00\" \/>\n<meta property=\"article:modified_time\" content=\"2021-09-16T20:53:27+00:00\" \/>\n<meta property=\"og:image\" content=\"https:\/\/www.vegaintro-projekti.com\/pilar-stari\/wp-content\/uploads\/2021\/09\/Sl_01fi.jpg\" \/>\n\t<meta property=\"og:image:width\" content=\"498\" \/>\n\t<meta property=\"og:image:height\" content=\"219\" \/>\n\t<meta property=\"og:image:type\" content=\"image\/jpeg\" \/>\n<meta name=\"author\" content=\"Boris\" \/>\n<meta name=\"twitter:card\" content=\"summary_large_image\" \/>\n<meta name=\"twitter:label1\" content=\"Napisao\/la\" \/>\n\t<meta name=\"twitter:data1\" content=\"Boris\" \/>\n\t<meta name=\"twitter:label2\" content=\"Procijenjeno vrijeme \u010ditanja\" \/>\n\t<meta name=\"twitter:data2\" content=\"1 minuta\" \/>\n<script type=\"application\/ld+json\" class=\"yoast-schema-graph\">{\"@context\":\"https:\/\/schema.org\",\"@graph\":[{\"@type\":\"WebPage\",\"@id\":\"https:\/\/www.vegaintro-projekti.com\/pilar-stari\/2021\/09\/dr-sc-andreja-brajsa-zganec-na-6-psihospanciru-varazdin-11-9-2021\/\",\"url\":\"https:\/\/www.vegaintro-projekti.com\/pilar-stari\/2021\/09\/dr-sc-andreja-brajsa-zganec-na-6-psihospanciru-varazdin-11-9-2021\/\",\"name\":\"Dr. sc. Andreja Braj\u0161a-\u017dganec na 6. Psiho\u0161panciru; Vara\u017edin, 11. 9. 2021. - Institut dru&scaron;tvenih znanosti Ivo Pilar\",\"isPartOf\":{\"@id\":\"https:\/\/www.vegaintro-projekti.com\/pilar-stari\/#website\"},\"datePublished\":\"2021-09-16T16:13:01+00:00\",\"dateModified\":\"2021-09-16T20:53:27+00:00\",\"author\":{\"@id\":\"https:\/\/www.vegaintro-projekti.com\/pilar-stari\/#\/schema\/person\/ddd404c9f1e15e4ffef5986ac6a5d28b\"},\"breadcrumb\":{\"@id\":\"https:\/\/www.vegaintro-projekti.com\/pilar-stari\/2021\/09\/dr-sc-andreja-brajsa-zganec-na-6-psihospanciru-varazdin-11-9-2021\/#breadcrumb\"},\"inLanguage\":\"hr\",\"potentialAction\":[{\"@type\":\"ReadAction\",\"target\":[\"https:\/\/www.vegaintro-projekti.com\/pilar-stari\/2021\/09\/dr-sc-andreja-brajsa-zganec-na-6-psihospanciru-varazdin-11-9-2021\/\"]}]},{\"@type\":\"BreadcrumbList\",\"@id\":\"https:\/\/www.vegaintro-projekti.com\/pilar-stari\/2021\/09\/dr-sc-andreja-brajsa-zganec-na-6-psihospanciru-varazdin-11-9-2021\/#breadcrumb\",\"itemListElement\":[{\"@type\":\"ListItem\",\"position\":1,\"name\":\"Home\",\"item\":\"https:\/\/www.vegaintro-projekti.com\/pilar-stari\/\"},{\"@type\":\"ListItem\",\"position\":2,\"name\":\"Dr. sc. Andreja Braj\u0161a-\u017dganec na 6. Psiho\u0161panciru; Vara\u017edin, 11. 9. 2021.\"}]},{\"@type\":\"WebSite\",\"@id\":\"https:\/\/www.vegaintro-projekti.com\/pilar-stari\/#website\",\"url\":\"https:\/\/www.vegaintro-projekti.com\/pilar-stari\/\",\"name\":\"Institut dru&scaron;tvenih znanosti Ivo Pilar\",\"description\":\"Pilar\",\"potentialAction\":[{\"@type\":\"SearchAction\",\"target\":{\"@type\":\"EntryPoint\",\"urlTemplate\":\"https:\/\/www.vegaintro-projekti.com\/pilar-stari\/?s={search_term_string}\"},\"query-input\":\"required name=search_term_string\"}],\"inLanguage\":\"hr\"},{\"@type\":\"Person\",\"@id\":\"https:\/\/www.vegaintro-projekti.com\/pilar-stari\/#\/schema\/person\/ddd404c9f1e15e4ffef5986ac6a5d28b\",\"name\":\"Boris\",\"image\":{\"@type\":\"ImageObject\",\"inLanguage\":\"hr\",\"@id\":\"https:\/\/www.vegaintro-projekti.com\/pilar-stari\/#\/schema\/person\/image\/\",\"url\":\"https:\/\/secure.gravatar.com\/avatar\/29557b161a6ce6ab86ac1503164f1e90?s=96&d=mm&r=g\",\"contentUrl\":\"https:\/\/secure.gravatar.com\/avatar\/29557b161a6ce6ab86ac1503164f1e90?s=96&d=mm&r=g\",\"caption\":\"Boris\"},\"url\":\"https:\/\/www.vegaintro-projekti.com\/pilar-stari\/author\/boris\/\"}]}<\/script>\n<!-- \/ Yoast SEO plugin. -->","yoast_head_json":{"title":"Dr. sc. Andreja Braj\u0161a-\u017dganec na 6. Psiho\u0161panciru; Vara\u017edin, 11. 9. 2021. - Institut dru&scaron;tvenih znanosti Ivo Pilar","robots":{"index":"noindex","follow":"follow","max-snippet":"max-snippet:-1","max-image-preview":"max-image-preview:large","max-video-preview":"max-video-preview:-1"},"og_locale":"hr_HR","og_type":"article","og_title":"Dr. sc. Andreja Braj\u0161a-\u017dganec na 6. Psiho\u0161panciru; Vara\u017edin, 11. 9. 2021. - Institut dru&scaron;tvenih znanosti Ivo Pilar","og_description":"Voditeljica projekta Dobrobit djeteta u kontekstu obitelji &#8211; CHILD-WELL Hrvatske zaklade za znanost dr. sc. Andreja Braj\u0161a-\u017dganec sudjelovala je 11. rujna 2021. u Vara\u017edinu na 6. Psiho\u0161panciru u organizaciji Sveu\u010dili\u0161ta Sjever SC Vara\u017edin i Dru\u0161tva psihologa Vara\u017edin &#8211; Hrvatsko psiholo\u0161ko dru\u0161tvo: Psiho\u0161pancir 2021 &#8211; u Vara\u017edinu i \u010cakovcu, 1. 9. 2021. &#8211; Hrvatska psiholo\u0161ka komora:&hellip; Pro\u010ditaj vi\u0161e o Dr. sc. Andreja Braj\u0161a-\u017dganec na 6. Psiho\u0161panciru; Vara\u017edin, 11. 9. 2021.","og_url":"https:\/\/www.vegaintro-projekti.com\/pilar-stari\/2021\/09\/dr-sc-andreja-brajsa-zganec-na-6-psihospanciru-varazdin-11-9-2021\/","og_site_name":"Institut dru&scaron;tvenih znanosti Ivo Pilar","article_published_time":"2021-09-16T16:13:01+00:00","article_modified_time":"2021-09-16T20:53:27+00:00","og_image":[{"width":498,"height":219,"url":"https:\/\/www.vegaintro-projekti.com\/pilar-stari\/wp-content\/uploads\/2021\/09\/Sl_01fi.jpg","type":"image\/jpeg"}],"author":"Boris","twitter_card":"summary_large_image","twitter_misc":{"Napisao\/la":"Boris","Procijenjeno vrijeme \u010ditanja":"1 minuta"},"schema":{"@context":"https:\/\/schema.org","@graph":[{"@type":"WebPage","@id":"https:\/\/www.vegaintro-projekti.com\/pilar-stari\/2021\/09\/dr-sc-andreja-brajsa-zganec-na-6-psihospanciru-varazdin-11-9-2021\/","url":"https:\/\/www.vegaintro-projekti.com\/pilar-stari\/2021\/09\/dr-sc-andreja-brajsa-zganec-na-6-psihospanciru-varazdin-11-9-2021\/","name":"Dr. sc. Andreja Braj\u0161a-\u017dganec na 6. Psiho\u0161panciru; Vara\u017edin, 11. 9. 2021. - Institut dru&scaron;tvenih znanosti Ivo Pilar","isPartOf":{"@id":"https:\/\/www.vegaintro-projekti.com\/pilar-stari\/#website"},"datePublished":"2021-09-16T16:13:01+00:00","dateModified":"2021-09-16T20:53:27+00:00","author":{"@id":"https:\/\/www.vegaintro-projekti.com\/pilar-stari\/#\/schema\/person\/ddd404c9f1e15e4ffef5986ac6a5d28b"},"breadcrumb":{"@id":"https:\/\/www.vegaintro-projekti.com\/pilar-stari\/2021\/09\/dr-sc-andreja-brajsa-zganec-na-6-psihospanciru-varazdin-11-9-2021\/#breadcrumb"},"inLanguage":"hr","potentialAction":[{"@type":"ReadAction","target":["https:\/\/www.vegaintro-projekti.com\/pilar-stari\/2021\/09\/dr-sc-andreja-brajsa-zganec-na-6-psihospanciru-varazdin-11-9-2021\/"]}]},{"@type":"BreadcrumbList","@id":"https:\/\/www.vegaintro-projekti.com\/pilar-stari\/2021\/09\/dr-sc-andreja-brajsa-zganec-na-6-psihospanciru-varazdin-11-9-2021\/#breadcrumb","itemListElement":[{"@type":"ListItem","position":1,"name":"Home","item":"https:\/\/www.vegaintro-projekti.com\/pilar-stari\/"},{"@type":"ListItem","position":2,"name":"Dr. sc. Andreja Braj\u0161a-\u017dganec na 6. Psiho\u0161panciru; Vara\u017edin, 11. 9. 2021."}]},{"@type":"WebSite","@id":"https:\/\/www.vegaintro-projekti.com\/pilar-stari\/#website","url":"https:\/\/www.vegaintro-projekti.com\/pilar-stari\/","name":"Institut dru&scaron;tvenih znanosti Ivo Pilar","description":"Pilar","potentialAction":[{"@type":"SearchAction","target":{"@type":"EntryPoint","urlTemplate":"https:\/\/www.vegaintro-projekti.com\/pilar-stari\/?s={search_term_string}"},"query-input":"required name=search_term_string"}],"inLanguage":"hr"},{"@type":"Person","@id":"https:\/\/www.vegaintro-projekti.com\/pilar-stari\/#\/schema\/person\/ddd404c9f1e15e4ffef5986ac6a5d28b","name":"Boris","image":{"@type":"ImageObject","inLanguage":"hr","@id":"https:\/\/www.vegaintro-projekti.com\/pilar-stari\/#\/schema\/person\/image\/","url":"https:\/\/secure.gravatar.com\/avatar\/29557b161a6ce6ab86ac1503164f1e90?s=96&d=mm&r=g","contentUrl":"https:\/\/secure.gravatar.com\/avatar\/29557b161a6ce6ab86ac1503164f1e90?s=96&d=mm&r=g","caption":"Boris"},"url":"https:\/\/www.vegaintro-projekti.com\/pilar-stari\/author\/boris\/"}]}},"_links":{"self":[{"href":"https:\/\/www.vegaintro-projekti.com\/pilar-stari\/wp-json\/wp\/v2\/posts\/19892"}],"collection":[{"href":"https:\/\/www.vegaintro-projekti.com\/pilar-stari\/wp-json\/wp\/v2\/posts"}],"about":[{"href":"https:\/\/www.vegaintro-projekti.com\/pilar-stari\/wp-json\/wp\/v2\/types\/post"}],"author":[{"embeddable":true,"href":"https:\/\/www.vegaintro-projekti.com\/pilar-stari\/wp-json\/wp\/v2\/users\/7"}],"replies":[{"embeddable":true,"href":"https:\/\/www.vegaintro-projekti.com\/pilar-stari\/wp-json\/wp\/v2\/comments?post=19892"}],"version-history":[{"count":3,"href":"https:\/\/www.vegaintro-projekti.com\/pilar-stari\/wp-json\/wp\/v2\/posts\/19892\/revisions"}],"predecessor-version":[{"id":19910,"href":"https:\/\/www.vegaintro-projekti.com\/pilar-stari\/wp-json\/wp\/v2\/posts\/19892\/revisions\/19910"}],"wp:featuredmedia":[{"embeddable":true,"href":"https:\/\/www.vegaintro-projekti.com\/pilar-stari\/wp-json\/wp\/v2\/media\/19890"}],"wp:attachment":[{"href":"https:\/\/www.vegaintro-projekti.com\/pilar-stari\/wp-json\/wp\/v2\/media?parent=19892"}],"wp:term":[{"taxonomy":"category","embeddable":true,"href":"https:\/\/www.vegaintro-projekti.com\/pilar-stari\/wp-json\/wp\/v2\/categories?post=19892"},{"taxonomy":"post_tag","embeddable":true,"href":"https:\/\/www.vegaintro-projekti.com\/pilar-stari\/wp-json\/wp\/v2\/tags?post=19892"}],"curies":[{"name":"wp","href":"https:\/\/api.w.org\/{rel}","templated":true}]}}