{"id":19903,"date":"2021-09-14T17:11:21","date_gmt":"2021-09-14T17:11:21","guid":{"rendered":"https:\/\/www.vegaintro-projekti.com\/pilar-stari\/?p=19903"},"modified":"2021-09-17T08:52:04","modified_gmt":"2021-09-17T08:52:04","slug":"dr-sc-sasa-poljanec-boric-na-okruglom-stolu-rijesimo-se-sljake-u-dugom-ratu-9-9-2021","status":"publish","type":"post","link":"https:\/\/www.vegaintro-projekti.com\/pilar-stari\/2021\/09\/dr-sc-sasa-poljanec-boric-na-okruglom-stolu-rijesimo-se-sljake-u-dugom-ratu-9-9-2021\/","title":{"rendered":"Dr. sc. Sa\u0161a Poljanec-Bori\u0107 na okruglom stolu &#8220;Rije\u0161imo se \u0161ljake&#8221; u Dugom Ratu , 9. 9. 2021."},"content":{"rendered":"<p><strong>Na poziv na\u010delnika Op\u0107ine Dugi Rat, g. Ton\u010dija Bauka, dr. sc. Sa\u0161a Poljanec-Bori\u0107 sudjelovala je na Okruglom stolu koji se 9. rujna 2021. odr\u017eao u Dugom Ratu pod nazivom &#8220;Rije\u0161imo se \u0161ljake&#8221;<\/strong><\/p>\n<p><a href=\"https:\/\/www.vegaintro-projekti.com\/pilar-stari\/wp-content\/uploads\/2021\/09\/DugiRat_0.jpeg\"><img decoding=\"async\" loading=\"lazy\" class=\"alignnone wp-image-19899 size-full\" src=\"https:\/\/www.vegaintro-projekti.com\/pilar-stari\/wp-content\/uploads\/2021\/09\/DugiRat_0s.jpg\" alt=\"\" width=\"620\" height=\"304\" srcset=\"https:\/\/www.vegaintro-projekti.com\/pilar-stari\/wp-content\/uploads\/2021\/09\/DugiRat_0s.jpg 620w, https:\/\/www.vegaintro-projekti.com\/pilar-stari\/wp-content\/uploads\/2021\/09\/DugiRat_0s-300x147.jpg 300w\" sizes=\"(max-width: 620px) 100vw, 620px\" \/><\/a><\/p>\n<p><strong>&#8211; Dalmacija danas:<\/strong> <a href=\"https:\/\/www.dalmacijadanas.hr\/dugi-rat-protiv-daljnje-prodaje-drzavnog-zemljista-investitoru-koji-ga-je-zagadio\/\">Dugi Rat protiv daljnje prodaje dr\u017eavnog zemlji\u0161ta investitoru koji ga je zagadio, 10. 9. 2021.<\/a><br \/>\n<strong>&#8211; tportal.hr:<\/strong> <a href=\"https:\/\/www.tportal.hr\/vijesti\/clanak\/dugoracani-traze-sanaciju-tvornice-dalmacija-dugi-rat-20210910\">Dugora\u0107ani tra\u017ee sanaciju Tvornice Dalmacija Dugi Rat, 10. 9. 2021.<\/a><\/p>\n<p>Okrugli stol bio je posve\u0107en raspravi o zaka\u0161njelom rje\u0161avanju problema sanacije otpada i turisti\u010dkog razvoja podru\u010dja biv\u0161e tvornice Dalmacija &#8211; Dugi Rat. Okrugli stol izazvao je velik interes javnosti te upozorio na te\u0161ko\u0107e u kojima se nalazi Op\u0107ina Dugi Rat. Sudionici su posebno istaknuli zna\u010daj ITU mehanizma koji u novom razdoblju EU financiranja od 2021. d0 2027. uklju\u010duje mogu\u0107nost prijave projekta sanacije tzv. sme\u0111ih povr\u0161ina u Urbanoj aglomeraciji Split kojoj pripada i Dugi Rat.<\/p>\n<p><a href=\"https:\/\/www.vegaintro-projekti.com\/pilar-stari\/wp-content\/uploads\/2021\/09\/DugiRat_2.jpg\"><img decoding=\"async\" loading=\"lazy\" class=\"alignnone wp-image-19901 size-full\" src=\"https:\/\/www.vegaintro-projekti.com\/pilar-stari\/wp-content\/uploads\/2021\/09\/DugiRat_2s.jpg\" alt=\"\" width=\"620\" height=\"237\" srcset=\"https:\/\/www.vegaintro-projekti.com\/pilar-stari\/wp-content\/uploads\/2021\/09\/DugiRat_2s.jpg 620w, https:\/\/www.vegaintro-projekti.com\/pilar-stari\/wp-content\/uploads\/2021\/09\/DugiRat_2s-300x115.jpg 300w\" sizes=\"(max-width: 620px) 100vw, 620px\" \/><\/a><\/p>\n<p><span style=\"font-size: 10pt;\"><em>&#8220;Takva se investicija ne mo\u017ee planirati samo iz perspektive komunalnog doprinosa. Investicija mora uva\u017eiti aspiracije za kvalitetom \u017eivota lokalnog stanovni\u0161tva, \u0161to se posti\u017ee uvo\u0111enjem sadr\u017eaja koji nisu turizam, tj. onima koji odgovaraju suvremenoj ekonomiji. Samo megalomanska apartmanizacija ne\u0107e zaposliti mlade od kojih je jedna tre\u0107ina na podru\u010dju Dugog Rata visokoobrazovana&#8221;, istaknula je stru\u010dnjakinja za lokalni ekonomski razvoj i turizam dr. sc. Sa\u0161a Poljanec Bori\u0107.<\/em><\/span><\/p>\n<blockquote><p><a href=\"https:\/\/www.vegaintro-projekti.com\/pilar-stari\/biografije\/user-bio\/?my_user_id=47\">Dr. sc. Sa\u0161a Poljanec-Bori\u0107<\/a><\/p><\/blockquote>\n","protected":false},"excerpt":{"rendered":"<p>Na poziv na\u010delnika Op\u0107ine Dugi Rat, g. Ton\u010dija Bauka, dr. sc. Sa\u0161a Poljanec-Bori\u0107 sudjelovala je na Okruglom stolu koji se 9. rujna 2021. odr\u017eao u Dugom Ratu pod nazivom &#8220;Rije\u0161imo se \u0161ljake&#8221; &#8211; Dalmacija danas: Dugi Rat protiv daljnje prodaje dr\u017eavnog zemlji\u0161ta investitoru koji ga je zagadio, 10. 9. 2021. &#8211; tportal.hr: Dugora\u0107ani tra\u017ee sanaciju&hellip; <a class=\"continue\" href=\"https:\/\/www.vegaintro-projekti.com\/pilar-stari\/2021\/09\/dr-sc-sasa-poljanec-boric-na-okruglom-stolu-rijesimo-se-sljake-u-dugom-ratu-9-9-2021\/\">Pro\u010ditaj vi\u0161e o<span> Dr. sc. Sa\u0161a Poljanec-Bori\u0107 na okruglom stolu &#8220;Rije\u0161imo se \u0161ljake&#8221; u Dugom Ratu , 9. 9. 2021.<\/span><\/a><\/p>\n","protected":false},"author":7,"featured_media":19902,"comment_status":"closed","ping_status":"closed","sticky":false,"template":"","format":"standard","meta":{"inline_featured_image":false,"ngg_post_thumbnail":0,"footnotes":""},"categories":[48,11],"tags":[],"yoast_head":"<!-- This site is optimized with the Yoast SEO plugin v21.2 - https:\/\/yoast.com\/wordpress\/plugins\/seo\/ -->\n<title>Dr. sc. Sa\u0161a Poljanec-Bori\u0107 na okruglom stolu &quot;Rije\u0161imo se \u0161ljake&quot; u Dugom Ratu , 9. 9. 2021. - Institut dru&scaron;tvenih znanosti Ivo Pilar<\/title>\n<meta name=\"robots\" content=\"noindex, follow, max-snippet:-1, max-image-preview:large, max-video-preview:-1\" \/>\n<meta property=\"og:locale\" content=\"hr_HR\" \/>\n<meta property=\"og:type\" content=\"article\" \/>\n<meta property=\"og:title\" content=\"Dr. sc. Sa\u0161a Poljanec-Bori\u0107 na okruglom stolu &quot;Rije\u0161imo se \u0161ljake&quot; u Dugom Ratu , 9. 9. 2021. - Institut dru&scaron;tvenih znanosti Ivo Pilar\" \/>\n<meta property=\"og:description\" content=\"Na poziv na\u010delnika Op\u0107ine Dugi Rat, g. Ton\u010dija Bauka, dr. sc. Sa\u0161a Poljanec-Bori\u0107 sudjelovala je na Okruglom stolu koji se 9. rujna 2021. odr\u017eao u Dugom Ratu pod nazivom &#8220;Rije\u0161imo se \u0161ljake&#8221; &#8211; Dalmacija danas: Dugi Rat protiv daljnje prodaje dr\u017eavnog zemlji\u0161ta investitoru koji ga je zagadio, 10. 9. 2021. &#8211; tportal.hr: Dugora\u0107ani tra\u017ee sanaciju&hellip; Pro\u010ditaj vi\u0161e o Dr. sc. Sa\u0161a Poljanec-Bori\u0107 na okruglom stolu &#8220;Rije\u0161imo se \u0161ljake&#8221; u Dugom Ratu , 9. 9. 2021.\" \/>\n<meta property=\"og:url\" content=\"https:\/\/www.vegaintro-projekti.com\/pilar-stari\/2021\/09\/dr-sc-sasa-poljanec-boric-na-okruglom-stolu-rijesimo-se-sljake-u-dugom-ratu-9-9-2021\/\" \/>\n<meta property=\"og:site_name\" content=\"Institut dru&scaron;tvenih znanosti Ivo Pilar\" \/>\n<meta property=\"article:published_time\" content=\"2021-09-14T17:11:21+00:00\" \/>\n<meta property=\"article:modified_time\" content=\"2021-09-17T08:52:04+00:00\" \/>\n<meta property=\"og:image\" content=\"https:\/\/www.vegaintro-projekti.com\/pilar-stari\/wp-content\/uploads\/2021\/09\/DugiRat_fi.jpg\" \/>\n\t<meta property=\"og:image:width\" content=\"500\" \/>\n\t<meta property=\"og:image:height\" content=\"220\" \/>\n\t<meta property=\"og:image:type\" content=\"image\/jpeg\" \/>\n<meta name=\"author\" content=\"Boris\" \/>\n<meta name=\"twitter:card\" content=\"summary_large_image\" \/>\n<meta name=\"twitter:label1\" content=\"Napisao\/la\" \/>\n\t<meta name=\"twitter:data1\" content=\"Boris\" \/>\n\t<meta name=\"twitter:label2\" content=\"Procijenjeno vrijeme \u010ditanja\" \/>\n\t<meta name=\"twitter:data2\" content=\"1 minuta\" \/>\n<script type=\"application\/ld+json\" class=\"yoast-schema-graph\">{\"@context\":\"https:\/\/schema.org\",\"@graph\":[{\"@type\":\"WebPage\",\"@id\":\"https:\/\/www.vegaintro-projekti.com\/pilar-stari\/2021\/09\/dr-sc-sasa-poljanec-boric-na-okruglom-stolu-rijesimo-se-sljake-u-dugom-ratu-9-9-2021\/\",\"url\":\"https:\/\/www.vegaintro-projekti.com\/pilar-stari\/2021\/09\/dr-sc-sasa-poljanec-boric-na-okruglom-stolu-rijesimo-se-sljake-u-dugom-ratu-9-9-2021\/\",\"name\":\"Dr. sc. Sa\u0161a Poljanec-Bori\u0107 na okruglom stolu \\\"Rije\u0161imo se \u0161ljake\\\" u Dugom Ratu , 9. 9. 2021. - Institut dru&scaron;tvenih znanosti Ivo Pilar\",\"isPartOf\":{\"@id\":\"https:\/\/www.vegaintro-projekti.com\/pilar-stari\/#website\"},\"datePublished\":\"2021-09-14T17:11:21+00:00\",\"dateModified\":\"2021-09-17T08:52:04+00:00\",\"author\":{\"@id\":\"https:\/\/www.vegaintro-projekti.com\/pilar-stari\/#\/schema\/person\/ddd404c9f1e15e4ffef5986ac6a5d28b\"},\"breadcrumb\":{\"@id\":\"https:\/\/www.vegaintro-projekti.com\/pilar-stari\/2021\/09\/dr-sc-sasa-poljanec-boric-na-okruglom-stolu-rijesimo-se-sljake-u-dugom-ratu-9-9-2021\/#breadcrumb\"},\"inLanguage\":\"hr\",\"potentialAction\":[{\"@type\":\"ReadAction\",\"target\":[\"https:\/\/www.vegaintro-projekti.com\/pilar-stari\/2021\/09\/dr-sc-sasa-poljanec-boric-na-okruglom-stolu-rijesimo-se-sljake-u-dugom-ratu-9-9-2021\/\"]}]},{\"@type\":\"BreadcrumbList\",\"@id\":\"https:\/\/www.vegaintro-projekti.com\/pilar-stari\/2021\/09\/dr-sc-sasa-poljanec-boric-na-okruglom-stolu-rijesimo-se-sljake-u-dugom-ratu-9-9-2021\/#breadcrumb\",\"itemListElement\":[{\"@type\":\"ListItem\",\"position\":1,\"name\":\"Home\",\"item\":\"https:\/\/www.vegaintro-projekti.com\/pilar-stari\/\"},{\"@type\":\"ListItem\",\"position\":2,\"name\":\"Dr. sc. Sa\u0161a Poljanec-Bori\u0107 na okruglom stolu &#8220;Rije\u0161imo se \u0161ljake&#8221; u Dugom Ratu , 9. 9. 2021.\"}]},{\"@type\":\"WebSite\",\"@id\":\"https:\/\/www.vegaintro-projekti.com\/pilar-stari\/#website\",\"url\":\"https:\/\/www.vegaintro-projekti.com\/pilar-stari\/\",\"name\":\"Institut dru&scaron;tvenih znanosti Ivo Pilar\",\"description\":\"Pilar\",\"potentialAction\":[{\"@type\":\"SearchAction\",\"target\":{\"@type\":\"EntryPoint\",\"urlTemplate\":\"https:\/\/www.vegaintro-projekti.com\/pilar-stari\/?s={search_term_string}\"},\"query-input\":\"required name=search_term_string\"}],\"inLanguage\":\"hr\"},{\"@type\":\"Person\",\"@id\":\"https:\/\/www.vegaintro-projekti.com\/pilar-stari\/#\/schema\/person\/ddd404c9f1e15e4ffef5986ac6a5d28b\",\"name\":\"Boris\",\"image\":{\"@type\":\"ImageObject\",\"inLanguage\":\"hr\",\"@id\":\"https:\/\/www.vegaintro-projekti.com\/pilar-stari\/#\/schema\/person\/image\/\",\"url\":\"https:\/\/secure.gravatar.com\/avatar\/29557b161a6ce6ab86ac1503164f1e90?s=96&d=mm&r=g\",\"contentUrl\":\"https:\/\/secure.gravatar.com\/avatar\/29557b161a6ce6ab86ac1503164f1e90?s=96&d=mm&r=g\",\"caption\":\"Boris\"},\"url\":\"https:\/\/www.vegaintro-projekti.com\/pilar-stari\/author\/boris\/\"}]}<\/script>\n<!-- \/ Yoast SEO plugin. -->","yoast_head_json":{"title":"Dr. sc. Sa\u0161a Poljanec-Bori\u0107 na okruglom stolu \"Rije\u0161imo se \u0161ljake\" u Dugom Ratu , 9. 9. 2021. - Institut dru&scaron;tvenih znanosti Ivo Pilar","robots":{"index":"noindex","follow":"follow","max-snippet":"max-snippet:-1","max-image-preview":"max-image-preview:large","max-video-preview":"max-video-preview:-1"},"og_locale":"hr_HR","og_type":"article","og_title":"Dr. sc. Sa\u0161a Poljanec-Bori\u0107 na okruglom stolu \"Rije\u0161imo se \u0161ljake\" u Dugom Ratu , 9. 9. 2021. - Institut dru&scaron;tvenih znanosti Ivo Pilar","og_description":"Na poziv na\u010delnika Op\u0107ine Dugi Rat, g. Ton\u010dija Bauka, dr. sc. Sa\u0161a Poljanec-Bori\u0107 sudjelovala je na Okruglom stolu koji se 9. rujna 2021. odr\u017eao u Dugom Ratu pod nazivom &#8220;Rije\u0161imo se \u0161ljake&#8221; &#8211; Dalmacija danas: Dugi Rat protiv daljnje prodaje dr\u017eavnog zemlji\u0161ta investitoru koji ga je zagadio, 10. 9. 2021. &#8211; tportal.hr: Dugora\u0107ani tra\u017ee sanaciju&hellip; Pro\u010ditaj vi\u0161e o Dr. sc. Sa\u0161a Poljanec-Bori\u0107 na okruglom stolu &#8220;Rije\u0161imo se \u0161ljake&#8221; u Dugom Ratu , 9. 9. 2021.","og_url":"https:\/\/www.vegaintro-projekti.com\/pilar-stari\/2021\/09\/dr-sc-sasa-poljanec-boric-na-okruglom-stolu-rijesimo-se-sljake-u-dugom-ratu-9-9-2021\/","og_site_name":"Institut dru&scaron;tvenih znanosti Ivo Pilar","article_published_time":"2021-09-14T17:11:21+00:00","article_modified_time":"2021-09-17T08:52:04+00:00","og_image":[{"width":500,"height":220,"url":"https:\/\/www.vegaintro-projekti.com\/pilar-stari\/wp-content\/uploads\/2021\/09\/DugiRat_fi.jpg","type":"image\/jpeg"}],"author":"Boris","twitter_card":"summary_large_image","twitter_misc":{"Napisao\/la":"Boris","Procijenjeno vrijeme \u010ditanja":"1 minuta"},"schema":{"@context":"https:\/\/schema.org","@graph":[{"@type":"WebPage","@id":"https:\/\/www.vegaintro-projekti.com\/pilar-stari\/2021\/09\/dr-sc-sasa-poljanec-boric-na-okruglom-stolu-rijesimo-se-sljake-u-dugom-ratu-9-9-2021\/","url":"https:\/\/www.vegaintro-projekti.com\/pilar-stari\/2021\/09\/dr-sc-sasa-poljanec-boric-na-okruglom-stolu-rijesimo-se-sljake-u-dugom-ratu-9-9-2021\/","name":"Dr. sc. Sa\u0161a Poljanec-Bori\u0107 na okruglom stolu \"Rije\u0161imo se \u0161ljake\" u Dugom Ratu , 9. 9. 2021. - Institut dru&scaron;tvenih znanosti Ivo Pilar","isPartOf":{"@id":"https:\/\/www.vegaintro-projekti.com\/pilar-stari\/#website"},"datePublished":"2021-09-14T17:11:21+00:00","dateModified":"2021-09-17T08:52:04+00:00","author":{"@id":"https:\/\/www.vegaintro-projekti.com\/pilar-stari\/#\/schema\/person\/ddd404c9f1e15e4ffef5986ac6a5d28b"},"breadcrumb":{"@id":"https:\/\/www.vegaintro-projekti.com\/pilar-stari\/2021\/09\/dr-sc-sasa-poljanec-boric-na-okruglom-stolu-rijesimo-se-sljake-u-dugom-ratu-9-9-2021\/#breadcrumb"},"inLanguage":"hr","potentialAction":[{"@type":"ReadAction","target":["https:\/\/www.vegaintro-projekti.com\/pilar-stari\/2021\/09\/dr-sc-sasa-poljanec-boric-na-okruglom-stolu-rijesimo-se-sljake-u-dugom-ratu-9-9-2021\/"]}]},{"@type":"BreadcrumbList","@id":"https:\/\/www.vegaintro-projekti.com\/pilar-stari\/2021\/09\/dr-sc-sasa-poljanec-boric-na-okruglom-stolu-rijesimo-se-sljake-u-dugom-ratu-9-9-2021\/#breadcrumb","itemListElement":[{"@type":"ListItem","position":1,"name":"Home","item":"https:\/\/www.vegaintro-projekti.com\/pilar-stari\/"},{"@type":"ListItem","position":2,"name":"Dr. sc. Sa\u0161a Poljanec-Bori\u0107 na okruglom stolu &#8220;Rije\u0161imo se \u0161ljake&#8221; u Dugom Ratu , 9. 9. 2021."}]},{"@type":"WebSite","@id":"https:\/\/www.vegaintro-projekti.com\/pilar-stari\/#website","url":"https:\/\/www.vegaintro-projekti.com\/pilar-stari\/","name":"Institut dru&scaron;tvenih znanosti Ivo Pilar","description":"Pilar","potentialAction":[{"@type":"SearchAction","target":{"@type":"EntryPoint","urlTemplate":"https:\/\/www.vegaintro-projekti.com\/pilar-stari\/?s={search_term_string}"},"query-input":"required name=search_term_string"}],"inLanguage":"hr"},{"@type":"Person","@id":"https:\/\/www.vegaintro-projekti.com\/pilar-stari\/#\/schema\/person\/ddd404c9f1e15e4ffef5986ac6a5d28b","name":"Boris","image":{"@type":"ImageObject","inLanguage":"hr","@id":"https:\/\/www.vegaintro-projekti.com\/pilar-stari\/#\/schema\/person\/image\/","url":"https:\/\/secure.gravatar.com\/avatar\/29557b161a6ce6ab86ac1503164f1e90?s=96&d=mm&r=g","contentUrl":"https:\/\/secure.gravatar.com\/avatar\/29557b161a6ce6ab86ac1503164f1e90?s=96&d=mm&r=g","caption":"Boris"},"url":"https:\/\/www.vegaintro-projekti.com\/pilar-stari\/author\/boris\/"}]}},"_links":{"self":[{"href":"https:\/\/www.vegaintro-projekti.com\/pilar-stari\/wp-json\/wp\/v2\/posts\/19903"}],"collection":[{"href":"https:\/\/www.vegaintro-projekti.com\/pilar-stari\/wp-json\/wp\/v2\/posts"}],"about":[{"href":"https:\/\/www.vegaintro-projekti.com\/pilar-stari\/wp-json\/wp\/v2\/types\/post"}],"author":[{"embeddable":true,"href":"https:\/\/www.vegaintro-projekti.com\/pilar-stari\/wp-json\/wp\/v2\/users\/7"}],"replies":[{"embeddable":true,"href":"https:\/\/www.vegaintro-projekti.com\/pilar-stari\/wp-json\/wp\/v2\/comments?post=19903"}],"version-history":[{"count":4,"href":"https:\/\/www.vegaintro-projekti.com\/pilar-stari\/wp-json\/wp\/v2\/posts\/19903\/revisions"}],"predecessor-version":[{"id":19909,"href":"https:\/\/www.vegaintro-projekti.com\/pilar-stari\/wp-json\/wp\/v2\/posts\/19903\/revisions\/19909"}],"wp:featuredmedia":[{"embeddable":true,"href":"https:\/\/www.vegaintro-projekti.com\/pilar-stari\/wp-json\/wp\/v2\/media\/19902"}],"wp:attachment":[{"href":"https:\/\/www.vegaintro-projekti.com\/pilar-stari\/wp-json\/wp\/v2\/media?parent=19903"}],"wp:term":[{"taxonomy":"category","embeddable":true,"href":"https:\/\/www.vegaintro-projekti.com\/pilar-stari\/wp-json\/wp\/v2\/categories?post=19903"},{"taxonomy":"post_tag","embeddable":true,"href":"https:\/\/www.vegaintro-projekti.com\/pilar-stari\/wp-json\/wp\/v2\/tags?post=19903"}],"curies":[{"name":"wp","href":"https:\/\/api.w.org\/{rel}","templated":true}]}}