{"id":19935,"date":"2021-09-19T12:13:14","date_gmt":"2021-09-19T12:13:14","guid":{"rendered":"https:\/\/www.vegaintro-projekti.com\/pilar-stari\/?p=19935"},"modified":"2021-09-19T12:23:24","modified_gmt":"2021-09-19T12:23:24","slug":"istrazivacki-tim-projekta-chief-na-konferenciji-cesh-ishpes-2021-sport-and-politics-from-antiquity-to-the-modern-day-lisabon-14-16-9-2021","status":"publish","type":"post","link":"https:\/\/www.vegaintro-projekti.com\/pilar-stari\/2021\/09\/istrazivacki-tim-projekta-chief-na-konferenciji-cesh-ishpes-2021-sport-and-politics-from-antiquity-to-the-modern-day-lisabon-14-16-9-2021\/","title":{"rendered":"Istra\u017eiva\u010dki tim projekta CHIEF na konferenciji CESH\/ISHPES 2021: Sport and Politics from Antiquity to the Modern Day, 14.-16. 9. 2021."},"content":{"rendered":"<p><strong>U Lisabonu se od 14. do 16. rujna 2021. u organizaciji CESH-a (European Committee for Sports History) i ISHPES-a (International Society for the History of Physical Education and Sport) odr\u017eavala me\u0111unarodna znanstvena konferencija pod naslovom <em>Sport and Politics from Antiquity to the Modern Day<\/em>. Zbog pandemijskih okolnosti konferencija se odr\u017eala u hibridnom formatu, pri \u010demu je dio sudionika izlagao online.<\/strong> &#8211; <a href=\"https:\/\/www.ishpes.org\/congresses\/2021-ishpes-cesh-congress\">ISHPES \/ CESH<\/a><\/p>\n<p><img decoding=\"async\" loading=\"lazy\" class=\"alignnone wp-image-19930 size-full\" src=\"https:\/\/www.vegaintro-projekti.com\/pilar-stari\/wp-content\/uploads\/2021\/09\/Sl_01-1.jpg\" alt=\"\" width=\"620\" height=\"374\" srcset=\"https:\/\/www.vegaintro-projekti.com\/pilar-stari\/wp-content\/uploads\/2021\/09\/Sl_01-1.jpg 620w, https:\/\/www.vegaintro-projekti.com\/pilar-stari\/wp-content\/uploads\/2021\/09\/Sl_01-1-300x181.jpg 300w\" sizes=\"(max-width: 620px) 100vw, 620px\" \/><img decoding=\"async\" loading=\"lazy\" class=\"alignnone wp-image-19934 size-full\" src=\"https:\/\/www.vegaintro-projekti.com\/pilar-stari\/wp-content\/uploads\/2021\/09\/Sl-02.jpg\" alt=\"\" width=\"620\" height=\"80\" srcset=\"https:\/\/www.vegaintro-projekti.com\/pilar-stari\/wp-content\/uploads\/2021\/09\/Sl-02.jpg 620w, https:\/\/www.vegaintro-projekti.com\/pilar-stari\/wp-content\/uploads\/2021\/09\/Sl-02-300x39.jpg 300w\" sizes=\"(max-width: 620px) 100vw, 620px\" \/><\/p>\n<p><strong>Benjamin Perasovi\u0107, Marko Mustapi\u0107 i Ivan Hrsti\u0107<\/strong> su na temelju podataka znatnim dijelom prikupljenih u okviru radnog paketa 4 (Kvalitativno istra\u017eivanje u neformalnim obrazovnim okru\u017eenjima) odr\u017eali online izlaganje pod naslovom <em><strong>The Demise of Yugoslavia and Football: The roots of the ultras subculture in Croatia<\/strong><\/em>. U izlaganju su prikazani rezultati istra\u017eivanja o pojavi i razvoju navija\u010dke subkulturalne scene od po\u010detka 1980-ih. To je razdoblje liberalizacije unutar tada\u0161njeg socijalisti\u010dkog dru\u0161tvenog ure\u0111enja u Jugoslaviji pra\u0107eno brojnim drugim dru\u0161tvenim, ekonomskim, kulturnim i politi\u010dkim procesima koji su na kraju doveli do ratova i po\u010detka kona\u010dnog raspada Jugoslavije 1991.<\/p>\n<p><img decoding=\"async\" loading=\"lazy\" class=\"alignnone wp-image-19932 size-full\" src=\"https:\/\/www.vegaintro-projekti.com\/pilar-stari\/wp-content\/uploads\/2021\/09\/Sl_03.jpg\" alt=\"\" width=\"620\" height=\"476\" srcset=\"https:\/\/www.vegaintro-projekti.com\/pilar-stari\/wp-content\/uploads\/2021\/09\/Sl_03.jpg 620w, https:\/\/www.vegaintro-projekti.com\/pilar-stari\/wp-content\/uploads\/2021\/09\/Sl_03-300x230.jpg 300w\" sizes=\"(max-width: 620px) 100vw, 620px\" \/><\/p>\n<p><strong>Analiza nastanka navija\u010dke supkulture u Hrvatskoj<\/strong> u razdoblju kasnog socijalizma vi\u0161estruko je zna\u010dajna, kako zbog razumijevanja kultura mladih u okviru tada\u0161njeg dru\u0161tvenog konteksta tako i zbog razumijevanja nekih dana\u0161njih bitnih odrednica ultras supkulture u suvremenom hrvatskom dru\u0161tvu. Znanstvenim pristupom ovom fenomenu izbjegnute su uobi\u010dajene mistifikacije koje o navija\u010dkoj sceni iz tog razdoblja postoje u javnosti i akademskoj zajednici, a posebno u pojedinim medijskim arenama. Naime, u fokusu izlaganja su navija\u010di nogometnih klubova kao specifi\u010dan supkulturni akter koji djeluje u sinergiji s drugim supkulturama mladih u tom razdoblju. Uz nasilje i nacionalizam kao klju\u010dnih odrednica supkulturnog stila nogometnih huligana tog doba, predmet analize su i sam proces supkulturalizacije koji je stvorio specifi\u010dan supkulturni stil nogometnog huligana, sa svim njegovim ostalim odrednicama, i koji je trajno obilje\u017eio omladinsku i dru\u0161tvenu scenu 1980-ih u Hrvatskoj, ali u i drugim dijelovima tada\u0161nje Jugoslavije.<\/p>\n<p><img decoding=\"async\" loading=\"lazy\" class=\"alignnone wp-image-19933 \" src=\"https:\/\/www.vegaintro-projekti.com\/pilar-stari\/wp-content\/uploads\/2021\/09\/Sl_04.jpg\" alt=\"\" width=\"620\" height=\"209\" srcset=\"https:\/\/www.vegaintro-projekti.com\/pilar-stari\/wp-content\/uploads\/2021\/09\/Sl_04.jpg 558w, https:\/\/www.vegaintro-projekti.com\/pilar-stari\/wp-content\/uploads\/2021\/09\/Sl_04-300x101.jpg 300w\" sizes=\"(max-width: 620px) 100vw, 620px\" \/><\/p>\n<blockquote><p><a href=\"https:\/\/www.vegaintro-projekti.com\/pilar-stari\/2018\/10\/institut-u-projektu-cultural-heritage-and-identities-of-europes-future-chief\/\">Projekt CHIEF<\/a><\/p><\/blockquote>\n","protected":false},"excerpt":{"rendered":"<p>U Lisabonu se od 14. do 16. rujna 2021. u organizaciji CESH-a (European Committee for Sports History) i ISHPES-a (International Society for the History of Physical Education and Sport) odr\u017eavala me\u0111unarodna znanstvena konferencija pod naslovom Sport and Politics from Antiquity to the Modern Day. Zbog pandemijskih okolnosti konferencija se odr\u017eala u hibridnom formatu, pri \u010demu&hellip; <a class=\"continue\" href=\"https:\/\/www.vegaintro-projekti.com\/pilar-stari\/2021\/09\/istrazivacki-tim-projekta-chief-na-konferenciji-cesh-ishpes-2021-sport-and-politics-from-antiquity-to-the-modern-day-lisabon-14-16-9-2021\/\">Pro\u010ditaj vi\u0161e o<span> Istra\u017eiva\u010dki tim projekta CHIEF na konferenciji CESH\/ISHPES 2021: Sport and Politics from Antiquity to the Modern Day, 14.-16. 9. 2021.<\/span><\/a><\/p>\n","protected":false},"author":7,"featured_media":19931,"comment_status":"closed","ping_status":"closed","sticky":false,"template":"","format":"standard","meta":{"inline_featured_image":false,"ngg_post_thumbnail":0,"footnotes":""},"categories":[48,11],"tags":[],"yoast_head":"<!-- This site is optimized with the Yoast SEO plugin v21.2 - https:\/\/yoast.com\/wordpress\/plugins\/seo\/ -->\n<title>Istra\u017eiva\u010dki tim projekta CHIEF na konferenciji CESH\/ISHPES 2021: Sport and Politics from Antiquity to the Modern Day, 14.-16. 9. 2021. - Institut dru&scaron;tvenih znanosti Ivo Pilar<\/title>\n<meta name=\"robots\" content=\"noindex, follow, max-snippet:-1, max-image-preview:large, max-video-preview:-1\" \/>\n<meta property=\"og:locale\" content=\"hr_HR\" \/>\n<meta property=\"og:type\" content=\"article\" \/>\n<meta property=\"og:title\" content=\"Istra\u017eiva\u010dki tim projekta CHIEF na konferenciji CESH\/ISHPES 2021: Sport and Politics from Antiquity to the Modern Day, 14.-16. 9. 2021. - Institut dru&scaron;tvenih znanosti Ivo Pilar\" \/>\n<meta property=\"og:description\" content=\"U Lisabonu se od 14. do 16. rujna 2021. u organizaciji CESH-a (European Committee for Sports History) i ISHPES-a (International Society for the History of Physical Education and Sport) odr\u017eavala me\u0111unarodna znanstvena konferencija pod naslovom Sport and Politics from Antiquity to the Modern Day. Zbog pandemijskih okolnosti konferencija se odr\u017eala u hibridnom formatu, pri \u010demu&hellip; Pro\u010ditaj vi\u0161e o Istra\u017eiva\u010dki tim projekta CHIEF na konferenciji CESH\/ISHPES 2021: Sport and Politics from Antiquity to the Modern Day, 14.-16. 9. 2021.\" \/>\n<meta property=\"og:url\" content=\"https:\/\/www.vegaintro-projekti.com\/pilar-stari\/2021\/09\/istrazivacki-tim-projekta-chief-na-konferenciji-cesh-ishpes-2021-sport-and-politics-from-antiquity-to-the-modern-day-lisabon-14-16-9-2021\/\" \/>\n<meta property=\"og:site_name\" content=\"Institut dru&scaron;tvenih znanosti Ivo Pilar\" \/>\n<meta property=\"article:published_time\" content=\"2021-09-19T12:13:14+00:00\" \/>\n<meta property=\"article:modified_time\" content=\"2021-09-19T12:23:24+00:00\" \/>\n<meta property=\"og:image\" content=\"https:\/\/www.vegaintro-projekti.com\/pilar-stari\/wp-content\/uploads\/2021\/09\/Sl_01_fi.jpg\" \/>\n\t<meta property=\"og:image:width\" content=\"500\" \/>\n\t<meta property=\"og:image:height\" content=\"220\" \/>\n\t<meta property=\"og:image:type\" content=\"image\/jpeg\" \/>\n<meta name=\"author\" content=\"Boris\" \/>\n<meta name=\"twitter:card\" content=\"summary_large_image\" \/>\n<meta name=\"twitter:label1\" content=\"Napisao\/la\" \/>\n\t<meta name=\"twitter:data1\" content=\"Boris\" \/>\n\t<meta name=\"twitter:label2\" content=\"Procijenjeno vrijeme \u010ditanja\" \/>\n\t<meta name=\"twitter:data2\" content=\"2 minute\" \/>\n<script type=\"application\/ld+json\" class=\"yoast-schema-graph\">{\"@context\":\"https:\/\/schema.org\",\"@graph\":[{\"@type\":\"WebPage\",\"@id\":\"https:\/\/www.vegaintro-projekti.com\/pilar-stari\/2021\/09\/istrazivacki-tim-projekta-chief-na-konferenciji-cesh-ishpes-2021-sport-and-politics-from-antiquity-to-the-modern-day-lisabon-14-16-9-2021\/\",\"url\":\"https:\/\/www.vegaintro-projekti.com\/pilar-stari\/2021\/09\/istrazivacki-tim-projekta-chief-na-konferenciji-cesh-ishpes-2021-sport-and-politics-from-antiquity-to-the-modern-day-lisabon-14-16-9-2021\/\",\"name\":\"Istra\u017eiva\u010dki tim projekta CHIEF na konferenciji CESH\/ISHPES 2021: Sport and Politics from Antiquity to the Modern Day, 14.-16. 9. 2021. - Institut dru&scaron;tvenih znanosti Ivo Pilar\",\"isPartOf\":{\"@id\":\"https:\/\/www.vegaintro-projekti.com\/pilar-stari\/#website\"},\"datePublished\":\"2021-09-19T12:13:14+00:00\",\"dateModified\":\"2021-09-19T12:23:24+00:00\",\"author\":{\"@id\":\"https:\/\/www.vegaintro-projekti.com\/pilar-stari\/#\/schema\/person\/ddd404c9f1e15e4ffef5986ac6a5d28b\"},\"breadcrumb\":{\"@id\":\"https:\/\/www.vegaintro-projekti.com\/pilar-stari\/2021\/09\/istrazivacki-tim-projekta-chief-na-konferenciji-cesh-ishpes-2021-sport-and-politics-from-antiquity-to-the-modern-day-lisabon-14-16-9-2021\/#breadcrumb\"},\"inLanguage\":\"hr\",\"potentialAction\":[{\"@type\":\"ReadAction\",\"target\":[\"https:\/\/www.vegaintro-projekti.com\/pilar-stari\/2021\/09\/istrazivacki-tim-projekta-chief-na-konferenciji-cesh-ishpes-2021-sport-and-politics-from-antiquity-to-the-modern-day-lisabon-14-16-9-2021\/\"]}]},{\"@type\":\"BreadcrumbList\",\"@id\":\"https:\/\/www.vegaintro-projekti.com\/pilar-stari\/2021\/09\/istrazivacki-tim-projekta-chief-na-konferenciji-cesh-ishpes-2021-sport-and-politics-from-antiquity-to-the-modern-day-lisabon-14-16-9-2021\/#breadcrumb\",\"itemListElement\":[{\"@type\":\"ListItem\",\"position\":1,\"name\":\"Home\",\"item\":\"https:\/\/www.vegaintro-projekti.com\/pilar-stari\/\"},{\"@type\":\"ListItem\",\"position\":2,\"name\":\"Istra\u017eiva\u010dki tim projekta CHIEF na konferenciji CESH\/ISHPES 2021: Sport and Politics from Antiquity to the Modern Day, 14.-16. 9. 2021.\"}]},{\"@type\":\"WebSite\",\"@id\":\"https:\/\/www.vegaintro-projekti.com\/pilar-stari\/#website\",\"url\":\"https:\/\/www.vegaintro-projekti.com\/pilar-stari\/\",\"name\":\"Institut dru&scaron;tvenih znanosti Ivo Pilar\",\"description\":\"Pilar\",\"potentialAction\":[{\"@type\":\"SearchAction\",\"target\":{\"@type\":\"EntryPoint\",\"urlTemplate\":\"https:\/\/www.vegaintro-projekti.com\/pilar-stari\/?s={search_term_string}\"},\"query-input\":\"required name=search_term_string\"}],\"inLanguage\":\"hr\"},{\"@type\":\"Person\",\"@id\":\"https:\/\/www.vegaintro-projekti.com\/pilar-stari\/#\/schema\/person\/ddd404c9f1e15e4ffef5986ac6a5d28b\",\"name\":\"Boris\",\"image\":{\"@type\":\"ImageObject\",\"inLanguage\":\"hr\",\"@id\":\"https:\/\/www.vegaintro-projekti.com\/pilar-stari\/#\/schema\/person\/image\/\",\"url\":\"https:\/\/secure.gravatar.com\/avatar\/29557b161a6ce6ab86ac1503164f1e90?s=96&d=mm&r=g\",\"contentUrl\":\"https:\/\/secure.gravatar.com\/avatar\/29557b161a6ce6ab86ac1503164f1e90?s=96&d=mm&r=g\",\"caption\":\"Boris\"},\"url\":\"https:\/\/www.vegaintro-projekti.com\/pilar-stari\/author\/boris\/\"}]}<\/script>\n<!-- \/ Yoast SEO plugin. -->","yoast_head_json":{"title":"Istra\u017eiva\u010dki tim projekta CHIEF na konferenciji CESH\/ISHPES 2021: Sport and Politics from Antiquity to the Modern Day, 14.-16. 9. 2021. - Institut dru&scaron;tvenih znanosti Ivo Pilar","robots":{"index":"noindex","follow":"follow","max-snippet":"max-snippet:-1","max-image-preview":"max-image-preview:large","max-video-preview":"max-video-preview:-1"},"og_locale":"hr_HR","og_type":"article","og_title":"Istra\u017eiva\u010dki tim projekta CHIEF na konferenciji CESH\/ISHPES 2021: Sport and Politics from Antiquity to the Modern Day, 14.-16. 9. 2021. - Institut dru&scaron;tvenih znanosti Ivo Pilar","og_description":"U Lisabonu se od 14. do 16. rujna 2021. u organizaciji CESH-a (European Committee for Sports History) i ISHPES-a (International Society for the History of Physical Education and Sport) odr\u017eavala me\u0111unarodna znanstvena konferencija pod naslovom Sport and Politics from Antiquity to the Modern Day. Zbog pandemijskih okolnosti konferencija se odr\u017eala u hibridnom formatu, pri \u010demu&hellip; Pro\u010ditaj vi\u0161e o Istra\u017eiva\u010dki tim projekta CHIEF na konferenciji CESH\/ISHPES 2021: Sport and Politics from Antiquity to the Modern Day, 14.-16. 9. 2021.","og_url":"https:\/\/www.vegaintro-projekti.com\/pilar-stari\/2021\/09\/istrazivacki-tim-projekta-chief-na-konferenciji-cesh-ishpes-2021-sport-and-politics-from-antiquity-to-the-modern-day-lisabon-14-16-9-2021\/","og_site_name":"Institut dru&scaron;tvenih znanosti Ivo Pilar","article_published_time":"2021-09-19T12:13:14+00:00","article_modified_time":"2021-09-19T12:23:24+00:00","og_image":[{"width":500,"height":220,"url":"https:\/\/www.vegaintro-projekti.com\/pilar-stari\/wp-content\/uploads\/2021\/09\/Sl_01_fi.jpg","type":"image\/jpeg"}],"author":"Boris","twitter_card":"summary_large_image","twitter_misc":{"Napisao\/la":"Boris","Procijenjeno vrijeme \u010ditanja":"2 minute"},"schema":{"@context":"https:\/\/schema.org","@graph":[{"@type":"WebPage","@id":"https:\/\/www.vegaintro-projekti.com\/pilar-stari\/2021\/09\/istrazivacki-tim-projekta-chief-na-konferenciji-cesh-ishpes-2021-sport-and-politics-from-antiquity-to-the-modern-day-lisabon-14-16-9-2021\/","url":"https:\/\/www.vegaintro-projekti.com\/pilar-stari\/2021\/09\/istrazivacki-tim-projekta-chief-na-konferenciji-cesh-ishpes-2021-sport-and-politics-from-antiquity-to-the-modern-day-lisabon-14-16-9-2021\/","name":"Istra\u017eiva\u010dki tim projekta CHIEF na konferenciji CESH\/ISHPES 2021: Sport and Politics from Antiquity to the Modern Day, 14.-16. 9. 2021. - Institut dru&scaron;tvenih znanosti Ivo Pilar","isPartOf":{"@id":"https:\/\/www.vegaintro-projekti.com\/pilar-stari\/#website"},"datePublished":"2021-09-19T12:13:14+00:00","dateModified":"2021-09-19T12:23:24+00:00","author":{"@id":"https:\/\/www.vegaintro-projekti.com\/pilar-stari\/#\/schema\/person\/ddd404c9f1e15e4ffef5986ac6a5d28b"},"breadcrumb":{"@id":"https:\/\/www.vegaintro-projekti.com\/pilar-stari\/2021\/09\/istrazivacki-tim-projekta-chief-na-konferenciji-cesh-ishpes-2021-sport-and-politics-from-antiquity-to-the-modern-day-lisabon-14-16-9-2021\/#breadcrumb"},"inLanguage":"hr","potentialAction":[{"@type":"ReadAction","target":["https:\/\/www.vegaintro-projekti.com\/pilar-stari\/2021\/09\/istrazivacki-tim-projekta-chief-na-konferenciji-cesh-ishpes-2021-sport-and-politics-from-antiquity-to-the-modern-day-lisabon-14-16-9-2021\/"]}]},{"@type":"BreadcrumbList","@id":"https:\/\/www.vegaintro-projekti.com\/pilar-stari\/2021\/09\/istrazivacki-tim-projekta-chief-na-konferenciji-cesh-ishpes-2021-sport-and-politics-from-antiquity-to-the-modern-day-lisabon-14-16-9-2021\/#breadcrumb","itemListElement":[{"@type":"ListItem","position":1,"name":"Home","item":"https:\/\/www.vegaintro-projekti.com\/pilar-stari\/"},{"@type":"ListItem","position":2,"name":"Istra\u017eiva\u010dki tim projekta CHIEF na konferenciji CESH\/ISHPES 2021: Sport and Politics from Antiquity to the Modern Day, 14.-16. 9. 2021."}]},{"@type":"WebSite","@id":"https:\/\/www.vegaintro-projekti.com\/pilar-stari\/#website","url":"https:\/\/www.vegaintro-projekti.com\/pilar-stari\/","name":"Institut dru&scaron;tvenih znanosti Ivo Pilar","description":"Pilar","potentialAction":[{"@type":"SearchAction","target":{"@type":"EntryPoint","urlTemplate":"https:\/\/www.vegaintro-projekti.com\/pilar-stari\/?s={search_term_string}"},"query-input":"required name=search_term_string"}],"inLanguage":"hr"},{"@type":"Person","@id":"https:\/\/www.vegaintro-projekti.com\/pilar-stari\/#\/schema\/person\/ddd404c9f1e15e4ffef5986ac6a5d28b","name":"Boris","image":{"@type":"ImageObject","inLanguage":"hr","@id":"https:\/\/www.vegaintro-projekti.com\/pilar-stari\/#\/schema\/person\/image\/","url":"https:\/\/secure.gravatar.com\/avatar\/29557b161a6ce6ab86ac1503164f1e90?s=96&d=mm&r=g","contentUrl":"https:\/\/secure.gravatar.com\/avatar\/29557b161a6ce6ab86ac1503164f1e90?s=96&d=mm&r=g","caption":"Boris"},"url":"https:\/\/www.vegaintro-projekti.com\/pilar-stari\/author\/boris\/"}]}},"_links":{"self":[{"href":"https:\/\/www.vegaintro-projekti.com\/pilar-stari\/wp-json\/wp\/v2\/posts\/19935"}],"collection":[{"href":"https:\/\/www.vegaintro-projekti.com\/pilar-stari\/wp-json\/wp\/v2\/posts"}],"about":[{"href":"https:\/\/www.vegaintro-projekti.com\/pilar-stari\/wp-json\/wp\/v2\/types\/post"}],"author":[{"embeddable":true,"href":"https:\/\/www.vegaintro-projekti.com\/pilar-stari\/wp-json\/wp\/v2\/users\/7"}],"replies":[{"embeddable":true,"href":"https:\/\/www.vegaintro-projekti.com\/pilar-stari\/wp-json\/wp\/v2\/comments?post=19935"}],"version-history":[{"count":3,"href":"https:\/\/www.vegaintro-projekti.com\/pilar-stari\/wp-json\/wp\/v2\/posts\/19935\/revisions"}],"predecessor-version":[{"id":19938,"href":"https:\/\/www.vegaintro-projekti.com\/pilar-stari\/wp-json\/wp\/v2\/posts\/19935\/revisions\/19938"}],"wp:featuredmedia":[{"embeddable":true,"href":"https:\/\/www.vegaintro-projekti.com\/pilar-stari\/wp-json\/wp\/v2\/media\/19931"}],"wp:attachment":[{"href":"https:\/\/www.vegaintro-projekti.com\/pilar-stari\/wp-json\/wp\/v2\/media?parent=19935"}],"wp:term":[{"taxonomy":"category","embeddable":true,"href":"https:\/\/www.vegaintro-projekti.com\/pilar-stari\/wp-json\/wp\/v2\/categories?post=19935"},{"taxonomy":"post_tag","embeddable":true,"href":"https:\/\/www.vegaintro-projekti.com\/pilar-stari\/wp-json\/wp\/v2\/tags?post=19935"}],"curies":[{"name":"wp","href":"https:\/\/api.w.org\/{rel}","templated":true}]}}