{"id":19942,"date":"2021-09-23T16:01:43","date_gmt":"2021-09-23T16:01:43","guid":{"rendered":"https:\/\/www.vegaintro-projekti.com\/pilar-stari\/?p=19942"},"modified":"2021-09-27T09:20:57","modified_gmt":"2021-09-27T09:20:57","slug":"dr-sc-vinicije-lupis-predavanje-likovne-i-kulturne-veze-dubrovnika-i-bugarske-23-9-2021","status":"publish","type":"post","link":"https:\/\/www.vegaintro-projekti.com\/pilar-stari\/2021\/09\/dr-sc-vinicije-lupis-predavanje-likovne-i-kulturne-veze-dubrovnika-i-bugarske-23-9-2021\/","title":{"rendered":"Dr. sc. Vinicije Lupis: Predavanje &#8220;Likovne i kulturne veze Dubrovnika i Bugarske&#8221;, 23. 9. 2021."},"content":{"rendered":"<p><strong>U sklopu Dana europske ba\u0161tine, Dubrova\u010dke knji\u017enice organizirale su predavanje dr. sc. Vinicija Lupisa na temu &#8220;Likovne i kulturne veze Dubrovnika i Bugarske&#8221;. Predavanje se odr\u017ealo u 23. rujna 2021. godine u Znanstvenoj knji\u017enici Dubrovnik. <\/strong>&#8211; <a href=\"https:\/\/dubrovacki.slobodnadalmacija.hr\/dubrovnik\/vijesti\/kultura\/vinicije-lupis-veze-dubrovnika-i-bugarske-mogu-se-pratiti-od-13-do-20-stoljeca-od-onih-diplomatskih-trgovackih-preko-kulturnih-do-umjetnickih-1129661\">Dubrova\u010dki vjesnik<\/a><\/p>\n<p><a href=\"https:\/\/dubrovacki.slobodnadalmacija.hr\/dubrovnik\/vijesti\/kultura\/vinicije-lupis-veze-dubrovnika-i-bugarske-mogu-se-pratiti-od-13-do-20-stoljeca-od-onih-diplomatskih-trgovackih-preko-kulturnih-do-umjetnickih-1129661\"><img decoding=\"async\" loading=\"lazy\" class=\"alignnone wp-image-19940 \" src=\"https:\/\/www.vegaintro-projekti.com\/pilar-stari\/wp-content\/uploads\/2021\/09\/vinicije-lupis.jpg\" alt=\"\" width=\"620\" height=\"413\" srcset=\"https:\/\/www.vegaintro-projekti.com\/pilar-stari\/wp-content\/uploads\/2021\/09\/vinicije-lupis.jpg 602w, https:\/\/www.vegaintro-projekti.com\/pilar-stari\/wp-content\/uploads\/2021\/09\/vinicije-lupis-300x200.jpg 300w\" sizes=\"(max-width: 620px) 100vw, 620px\" \/><\/a><\/p>\n<p><strong>&#8211; Dubrova\u010dki vjesnik: <\/strong><a href=\"https:\/\/dubrovacki.slobodnadalmacija.hr\/dubrovnik\/vijesti\/kultura\/vinicije-lupis-veze-dubrovnika-i-bugarske-mogu-se-pratiti-od-13-do-20-stoljeca-od-onih-diplomatskih-trgovackih-preko-kulturnih-do-umjetnickih-1129661\">VINICIJE LUPIS Veze Dubrovnika i Bugarske mogu se pratiti od 13. do 20. stolje\u0107a, od onih diplomatskih, trgova\u010dkih preko kulturnih do umjetni\u010dkih, 24. 9. 2021.<\/a><strong><br \/>\n<\/strong><strong>&#8211; Dobrova\u010dki vjesnik:<\/strong> <a href=\"https:\/\/dubrovacki.slobodnadalmacija.hr\/dubrovnik\/zupanija\/dubrovnik\/predavanje-vinicija-lupisa-o-likovnim-i-kulturnim-vezama-dubrovnika-i-bugarske-1128847\">Predavanje Vinicija Lupisa o likovnim i kulturnim vezama Dubrovnika i Bugarske, 21. 9. 2021.<\/a><br \/>\n<strong>&#8211; Dubrova\u010dke knji\u017enice:<\/strong> <a href=\"https:\/\/www.dkd.hr\/kalendar-doga%C4%91anja\/predavanje-vinicija-lupisa-likovne-i-kulturne-veze-dubrovnika-i-bugarske\">PREDAVANJE VINICIJA LUPISA: Likovne i kulturne veze Dubrovnika i Bugarske, 17. 9. 2021.<\/a><\/p>\n<p><strong>Povezanost Dubrovnika i Bugarske<\/strong> datira jo\u0161 od XIII. stolje\u0107a i uz znane politi\u010dke veze, zrcali se i u boravku jednog bugarskog kova\u010da, Georgiusa Bulgarusa, 1282. godine. Autor u svom radu obra\u0111uje renesansnu sliku Gospe s Kristom iz armenske crkve sv. Kevorka u Plovdivu i datira je u po\u010detak XVI. stolje\u0107a i vezuje se dubrova\u010dki likovni krug. Ujedno radi se o prvoj renesansnoj slici prona\u0111enoj u Bugarskoj. Slika je bila dio ve\u010deg likovnog ansambla, to jest poliptiha o \u010demu svjedo\u010de ostatci otiska kapitela lukova, stupi\u0107a i ulaganja u poliptih. Autor rada povezuje je uz djelatnost fra Marka Bene\u0161e, \u010diji se poliptih \u010duvao u bugarskom franjeva\u010dkom samostanu sv. Antuna Opata kraj \u010ciprovca. U armenskoj crkvi u Plovdivu \u010duva se i goti\u010dki enkolpion iz XV. stolje\u0107a, blizak onovremenoj dubrova\u010dkog produkciji. U Nacionalnoj galeriji u Sofiji \u010duvaju se djela hrvatskih slikara iz dubrova\u010dke okolice: Vlaha Bukovca i Mata Celestina Medovi\u0107a. Posebno je va\u017ean utjecaj Dubrovnika kao mjesta likovne inspiracije na bugarske slikare Ben\u010da Jordanova Obre\u0161kova i Maria \u017dekova, koji je i cijelu jednu godinu boravio u Dubrovniku. Slikar \u017dekov najzna\u010dajniji bugarski marinist naslikao je cijeli niz dubrova\u010dkih pejza\u017ea. Bugarski slikar iz Stare Zagore, \u0161kolovan u Francuskoj, gotovo cijeli svoj \u017eivot je proveo na putovanjima od francuske Rivijere, Bospora, Dalmacije i Crnog mora. Bugarski kipar Asen Nikola Pejkov 1940. u Rimu izra\u0111uje bron\u010danu plaketu sv. Vlaha, po narud\u017ebi obitelji Miro\u0161evi\u0107 \u2013 jugoslavenskog diplomata tada u Rimu. Jedan carigradski fotograf Pascal Sebah na poseban na\u010din povezao je Hrvate i Bugare, jer su se u njegovom carigradskom foto-ateljeju portretirali brojni bugarski uglednici, ali i hrvatski brodovlasnici iz obitelji Kova\u010devi\u0107 iz Vignja na poluotoku Pelje\u0161cu. Me\u0111u njima je bio i Georgi Benkovski (1843. \u2013 1876.), vo\u0111a antiosmanskog Travanjskog ustanka 1876. \u2013 u \u010detvrtom revolucionarnom distriktu. Ova osebujna osoba koja je \u017eivjela u Carigradu, Smirni i Aleksandriji. Postav\u0161i \u010dlanom Bugarskog Sredi\u0161njeg Revolucionarnog Komiteta 1875. aktivno se uklju\u010dio u Travanjski ustanaka, a poslije njegova sloma sa 200 subora ustanovio je Lete\u010di odred (Hvarkovata \u010deta) U Odredu je bilo \u0161est Hrvata iz Dalmacije. Svakako, kulturne i umjetni\u010dke veze Dubrovnika i Bugarske mo\u017eemo pratiti od XIII. do XX. stolje\u0107a. One su bile u nekim stolje\u0107ima intezivnije, ali iz stolje\u0107a u stolje\u0107e mo\u017eemo pratiti njihov kontinutet, i predstavljaju bitne satavnice obaju nacionalnih identiteta.<\/p>\n<p><strong>Vinicije B. Lupis<\/strong> diplomirao je 1992. na dvopredmetnom studiju povijesti i arheologije u Zadru, a drugi put je, tako\u0111er u Zadru, diplomirao 1995. na studiju povijesti i teorije umjetnosti. Magistrirao je 1998. s temom Liturgijsko srebro Stona do 1600. godine, a doktorirao je 2004. u Zadru s temom Mo\u0107nik dubrova\u010dke prvostolnice. Svoj rad u struci zapo\u010deo je 1992. kao konzervator arheolog u Regionalnom zavodu u Splitu, a sljede\u0107e godine radi kao konzervator povjesni\u010dar umjetnosti u Zavodu za za\u0161titu spomenika Dubrovnik. U Dr\u017eavnom arhivu u Dubrovniku obavljao je posao arhivista specijalista i voditelja Odjela nove gra\u0111e XIX. i XX. stolje\u0107a. Tijekom dosada\u0161njega interdisciplinarnog rada, koji se zahtijeva u suvremenoj znanosti, povezivao je vi\u0161e humanisti\u010dkih disciplina: povijest, povijest umjetnosti, arheologiju i arhivistiku. Od 2007. radi u Institutu dru\u0161tvenih znanosti Ivo Pilar, a od 2008. voditelj je Podru\u010dnog centra Dubrovnik toga instituta. Objavio je stotinjak znanstvenih radova i vi\u0161e knjiga s temom sakralne ba\u0161tine, povijesti i povijesti umjetnosti dubrova\u010dkog kraja i Boke kotorske. Urednik je vi\u0161e \u010dasopisa i zbornika, a kao vanjski suradnik HRT-a dao je svoj prilog za cijeli niz dokumentarnih emisija o povijesti i ba\u0161tini Dubrovnika. Bio je autorom cijelog niza zapa\u017eenih izlo\u017ebi u Dubrovniku i Kor\u010duli. Dobitnik je plakete Dru\u0161tva dubrova\u010dke starine 2000. godine za prinos istra\u017eivanju povijesti Dubrovnika; iste godine dobio je i zahvalnicu Dubrova\u010dkoga simfonijskog orkestra za uspje\u0161nu suradnju i doprinos promicanju njegovog rada. Dobitnik je zlatne povelje Matice hrvatske za knjigu Sakralna ba\u0161tina Stona i okolice 2002. godine, i srebrne povelje Matice hrvatske 1997. za knjigu Ston u tre\u0161nji. Aktivni je \u010dlan Predsjedni\u0161tva Matice hrvatske-ogranak Dubrovnik, Velikog vije\u0107a Dru\u0161tva prijatelja dubrova\u010dke starine, Hrvatskoga arheolo\u0161kog dru\u0161va, Dru\u0161tva povjesni\u010dara umjetnosti Hrvatske, Hrvatskoga mariolo\u0161kog instituta, Odbora za kulturu Hrvatsko-austrijskog dru\u0161tva Dubrovnik, Hrvatsko-armenskog dru\u0161tva u Dubrovniku i Dru\u0161tva hrvatskih knji\u017eevnika.<\/p>\n<blockquote><p><a href=\"https:\/\/www.vegaintro-projekti.com\/pilar-stari\/2010\/07\/podruni-centar-dubrovnik-2\/\">Podru\u010dni centar Dubrovnik<\/a><\/p><\/blockquote>\n","protected":false},"excerpt":{"rendered":"<p>U sklopu Dana europske ba\u0161tine, Dubrova\u010dke knji\u017enice organizirale su predavanje dr. sc. Vinicija Lupisa na temu &#8220;Likovne i kulturne veze Dubrovnika i Bugarske&#8221;. Predavanje se odr\u017ealo u 23. rujna 2021. godine u Znanstvenoj knji\u017enici Dubrovnik. &#8211; Dubrova\u010dki vjesnik &#8211; Dubrova\u010dki vjesnik: VINICIJE LUPIS Veze Dubrovnika i Bugarske mogu se pratiti od 13. do 20. stolje\u0107a,&hellip; <a class=\"continue\" href=\"https:\/\/www.vegaintro-projekti.com\/pilar-stari\/2021\/09\/dr-sc-vinicije-lupis-predavanje-likovne-i-kulturne-veze-dubrovnika-i-bugarske-23-9-2021\/\">Pro\u010ditaj vi\u0161e o<span> Dr. sc. Vinicije Lupis: Predavanje &#8220;Likovne i kulturne veze Dubrovnika i Bugarske&#8221;, 23. 9. 2021.<\/span><\/a><\/p>\n","protected":false},"author":7,"featured_media":19941,"comment_status":"closed","ping_status":"closed","sticky":false,"template":"","format":"standard","meta":{"inline_featured_image":false,"ngg_post_thumbnail":0,"footnotes":""},"categories":[11],"tags":[],"yoast_head":"<!-- This site is optimized with the Yoast SEO plugin v21.2 - https:\/\/yoast.com\/wordpress\/plugins\/seo\/ -->\n<title>Dr. sc. Vinicije Lupis: Predavanje &quot;Likovne i kulturne veze Dubrovnika i Bugarske&quot;, 23. 9. 2021. - Institut dru&scaron;tvenih znanosti Ivo Pilar<\/title>\n<meta name=\"robots\" content=\"noindex, follow, max-snippet:-1, max-image-preview:large, max-video-preview:-1\" \/>\n<meta property=\"og:locale\" content=\"hr_HR\" \/>\n<meta property=\"og:type\" content=\"article\" \/>\n<meta property=\"og:title\" content=\"Dr. sc. Vinicije Lupis: Predavanje &quot;Likovne i kulturne veze Dubrovnika i Bugarske&quot;, 23. 9. 2021. - Institut dru&scaron;tvenih znanosti Ivo Pilar\" \/>\n<meta property=\"og:description\" content=\"U sklopu Dana europske ba\u0161tine, Dubrova\u010dke knji\u017enice organizirale su predavanje dr. sc. Vinicija Lupisa na temu &#8220;Likovne i kulturne veze Dubrovnika i Bugarske&#8221;. Predavanje se odr\u017ealo u 23. rujna 2021. godine u Znanstvenoj knji\u017enici Dubrovnik. &#8211; Dubrova\u010dki vjesnik &#8211; Dubrova\u010dki vjesnik: VINICIJE LUPIS Veze Dubrovnika i Bugarske mogu se pratiti od 13. do 20. stolje\u0107a,&hellip; Pro\u010ditaj vi\u0161e o Dr. sc. Vinicije Lupis: Predavanje &#8220;Likovne i kulturne veze Dubrovnika i Bugarske&#8221;, 23. 9. 2021.\" \/>\n<meta property=\"og:url\" content=\"https:\/\/www.vegaintro-projekti.com\/pilar-stari\/2021\/09\/dr-sc-vinicije-lupis-predavanje-likovne-i-kulturne-veze-dubrovnika-i-bugarske-23-9-2021\/\" \/>\n<meta property=\"og:site_name\" content=\"Institut dru&scaron;tvenih znanosti Ivo Pilar\" \/>\n<meta property=\"article:published_time\" content=\"2021-09-23T16:01:43+00:00\" \/>\n<meta property=\"article:modified_time\" content=\"2021-09-27T09:20:57+00:00\" \/>\n<meta property=\"og:image\" content=\"https:\/\/www.vegaintro-projekti.com\/pilar-stari\/wp-content\/uploads\/2021\/09\/vinicije-lupis_s.jpg\" \/>\n\t<meta property=\"og:image:width\" content=\"500\" \/>\n\t<meta property=\"og:image:height\" content=\"220\" \/>\n\t<meta property=\"og:image:type\" content=\"image\/jpeg\" \/>\n<meta name=\"author\" content=\"Boris\" \/>\n<meta name=\"twitter:card\" content=\"summary_large_image\" \/>\n<meta name=\"twitter:label1\" content=\"Napisao\/la\" \/>\n\t<meta name=\"twitter:data1\" content=\"Boris\" \/>\n\t<meta name=\"twitter:label2\" content=\"Procijenjeno vrijeme \u010ditanja\" \/>\n\t<meta name=\"twitter:data2\" content=\"4 minute\" \/>\n<script type=\"application\/ld+json\" class=\"yoast-schema-graph\">{\"@context\":\"https:\/\/schema.org\",\"@graph\":[{\"@type\":\"WebPage\",\"@id\":\"https:\/\/www.vegaintro-projekti.com\/pilar-stari\/2021\/09\/dr-sc-vinicije-lupis-predavanje-likovne-i-kulturne-veze-dubrovnika-i-bugarske-23-9-2021\/\",\"url\":\"https:\/\/www.vegaintro-projekti.com\/pilar-stari\/2021\/09\/dr-sc-vinicije-lupis-predavanje-likovne-i-kulturne-veze-dubrovnika-i-bugarske-23-9-2021\/\",\"name\":\"Dr. sc. Vinicije Lupis: Predavanje \\\"Likovne i kulturne veze Dubrovnika i Bugarske\\\", 23. 9. 2021. - Institut dru&scaron;tvenih znanosti Ivo Pilar\",\"isPartOf\":{\"@id\":\"https:\/\/www.vegaintro-projekti.com\/pilar-stari\/#website\"},\"datePublished\":\"2021-09-23T16:01:43+00:00\",\"dateModified\":\"2021-09-27T09:20:57+00:00\",\"author\":{\"@id\":\"https:\/\/www.vegaintro-projekti.com\/pilar-stari\/#\/schema\/person\/ddd404c9f1e15e4ffef5986ac6a5d28b\"},\"breadcrumb\":{\"@id\":\"https:\/\/www.vegaintro-projekti.com\/pilar-stari\/2021\/09\/dr-sc-vinicije-lupis-predavanje-likovne-i-kulturne-veze-dubrovnika-i-bugarske-23-9-2021\/#breadcrumb\"},\"inLanguage\":\"hr\",\"potentialAction\":[{\"@type\":\"ReadAction\",\"target\":[\"https:\/\/www.vegaintro-projekti.com\/pilar-stari\/2021\/09\/dr-sc-vinicije-lupis-predavanje-likovne-i-kulturne-veze-dubrovnika-i-bugarske-23-9-2021\/\"]}]},{\"@type\":\"BreadcrumbList\",\"@id\":\"https:\/\/www.vegaintro-projekti.com\/pilar-stari\/2021\/09\/dr-sc-vinicije-lupis-predavanje-likovne-i-kulturne-veze-dubrovnika-i-bugarske-23-9-2021\/#breadcrumb\",\"itemListElement\":[{\"@type\":\"ListItem\",\"position\":1,\"name\":\"Home\",\"item\":\"https:\/\/www.vegaintro-projekti.com\/pilar-stari\/\"},{\"@type\":\"ListItem\",\"position\":2,\"name\":\"Dr. sc. Vinicije Lupis: Predavanje &#8220;Likovne i kulturne veze Dubrovnika i Bugarske&#8221;, 23. 9. 2021.\"}]},{\"@type\":\"WebSite\",\"@id\":\"https:\/\/www.vegaintro-projekti.com\/pilar-stari\/#website\",\"url\":\"https:\/\/www.vegaintro-projekti.com\/pilar-stari\/\",\"name\":\"Institut dru&scaron;tvenih znanosti Ivo Pilar\",\"description\":\"Pilar\",\"potentialAction\":[{\"@type\":\"SearchAction\",\"target\":{\"@type\":\"EntryPoint\",\"urlTemplate\":\"https:\/\/www.vegaintro-projekti.com\/pilar-stari\/?s={search_term_string}\"},\"query-input\":\"required name=search_term_string\"}],\"inLanguage\":\"hr\"},{\"@type\":\"Person\",\"@id\":\"https:\/\/www.vegaintro-projekti.com\/pilar-stari\/#\/schema\/person\/ddd404c9f1e15e4ffef5986ac6a5d28b\",\"name\":\"Boris\",\"image\":{\"@type\":\"ImageObject\",\"inLanguage\":\"hr\",\"@id\":\"https:\/\/www.vegaintro-projekti.com\/pilar-stari\/#\/schema\/person\/image\/\",\"url\":\"https:\/\/secure.gravatar.com\/avatar\/29557b161a6ce6ab86ac1503164f1e90?s=96&d=mm&r=g\",\"contentUrl\":\"https:\/\/secure.gravatar.com\/avatar\/29557b161a6ce6ab86ac1503164f1e90?s=96&d=mm&r=g\",\"caption\":\"Boris\"},\"url\":\"https:\/\/www.vegaintro-projekti.com\/pilar-stari\/author\/boris\/\"}]}<\/script>\n<!-- \/ Yoast SEO plugin. -->","yoast_head_json":{"title":"Dr. sc. Vinicije Lupis: Predavanje \"Likovne i kulturne veze Dubrovnika i Bugarske\", 23. 9. 2021. - Institut dru&scaron;tvenih znanosti Ivo Pilar","robots":{"index":"noindex","follow":"follow","max-snippet":"max-snippet:-1","max-image-preview":"max-image-preview:large","max-video-preview":"max-video-preview:-1"},"og_locale":"hr_HR","og_type":"article","og_title":"Dr. sc. Vinicije Lupis: Predavanje \"Likovne i kulturne veze Dubrovnika i Bugarske\", 23. 9. 2021. - Institut dru&scaron;tvenih znanosti Ivo Pilar","og_description":"U sklopu Dana europske ba\u0161tine, Dubrova\u010dke knji\u017enice organizirale su predavanje dr. sc. Vinicija Lupisa na temu &#8220;Likovne i kulturne veze Dubrovnika i Bugarske&#8221;. Predavanje se odr\u017ealo u 23. rujna 2021. godine u Znanstvenoj knji\u017enici Dubrovnik. &#8211; Dubrova\u010dki vjesnik &#8211; Dubrova\u010dki vjesnik: VINICIJE LUPIS Veze Dubrovnika i Bugarske mogu se pratiti od 13. do 20. stolje\u0107a,&hellip; Pro\u010ditaj vi\u0161e o Dr. sc. Vinicije Lupis: Predavanje &#8220;Likovne i kulturne veze Dubrovnika i Bugarske&#8221;, 23. 9. 2021.","og_url":"https:\/\/www.vegaintro-projekti.com\/pilar-stari\/2021\/09\/dr-sc-vinicije-lupis-predavanje-likovne-i-kulturne-veze-dubrovnika-i-bugarske-23-9-2021\/","og_site_name":"Institut dru&scaron;tvenih znanosti Ivo Pilar","article_published_time":"2021-09-23T16:01:43+00:00","article_modified_time":"2021-09-27T09:20:57+00:00","og_image":[{"width":500,"height":220,"url":"https:\/\/www.vegaintro-projekti.com\/pilar-stari\/wp-content\/uploads\/2021\/09\/vinicije-lupis_s.jpg","type":"image\/jpeg"}],"author":"Boris","twitter_card":"summary_large_image","twitter_misc":{"Napisao\/la":"Boris","Procijenjeno vrijeme \u010ditanja":"4 minute"},"schema":{"@context":"https:\/\/schema.org","@graph":[{"@type":"WebPage","@id":"https:\/\/www.vegaintro-projekti.com\/pilar-stari\/2021\/09\/dr-sc-vinicije-lupis-predavanje-likovne-i-kulturne-veze-dubrovnika-i-bugarske-23-9-2021\/","url":"https:\/\/www.vegaintro-projekti.com\/pilar-stari\/2021\/09\/dr-sc-vinicije-lupis-predavanje-likovne-i-kulturne-veze-dubrovnika-i-bugarske-23-9-2021\/","name":"Dr. sc. Vinicije Lupis: Predavanje \"Likovne i kulturne veze Dubrovnika i Bugarske\", 23. 9. 2021. - Institut dru&scaron;tvenih znanosti Ivo Pilar","isPartOf":{"@id":"https:\/\/www.vegaintro-projekti.com\/pilar-stari\/#website"},"datePublished":"2021-09-23T16:01:43+00:00","dateModified":"2021-09-27T09:20:57+00:00","author":{"@id":"https:\/\/www.vegaintro-projekti.com\/pilar-stari\/#\/schema\/person\/ddd404c9f1e15e4ffef5986ac6a5d28b"},"breadcrumb":{"@id":"https:\/\/www.vegaintro-projekti.com\/pilar-stari\/2021\/09\/dr-sc-vinicije-lupis-predavanje-likovne-i-kulturne-veze-dubrovnika-i-bugarske-23-9-2021\/#breadcrumb"},"inLanguage":"hr","potentialAction":[{"@type":"ReadAction","target":["https:\/\/www.vegaintro-projekti.com\/pilar-stari\/2021\/09\/dr-sc-vinicije-lupis-predavanje-likovne-i-kulturne-veze-dubrovnika-i-bugarske-23-9-2021\/"]}]},{"@type":"BreadcrumbList","@id":"https:\/\/www.vegaintro-projekti.com\/pilar-stari\/2021\/09\/dr-sc-vinicije-lupis-predavanje-likovne-i-kulturne-veze-dubrovnika-i-bugarske-23-9-2021\/#breadcrumb","itemListElement":[{"@type":"ListItem","position":1,"name":"Home","item":"https:\/\/www.vegaintro-projekti.com\/pilar-stari\/"},{"@type":"ListItem","position":2,"name":"Dr. sc. Vinicije Lupis: Predavanje &#8220;Likovne i kulturne veze Dubrovnika i Bugarske&#8221;, 23. 9. 2021."}]},{"@type":"WebSite","@id":"https:\/\/www.vegaintro-projekti.com\/pilar-stari\/#website","url":"https:\/\/www.vegaintro-projekti.com\/pilar-stari\/","name":"Institut dru&scaron;tvenih znanosti Ivo Pilar","description":"Pilar","potentialAction":[{"@type":"SearchAction","target":{"@type":"EntryPoint","urlTemplate":"https:\/\/www.vegaintro-projekti.com\/pilar-stari\/?s={search_term_string}"},"query-input":"required name=search_term_string"}],"inLanguage":"hr"},{"@type":"Person","@id":"https:\/\/www.vegaintro-projekti.com\/pilar-stari\/#\/schema\/person\/ddd404c9f1e15e4ffef5986ac6a5d28b","name":"Boris","image":{"@type":"ImageObject","inLanguage":"hr","@id":"https:\/\/www.vegaintro-projekti.com\/pilar-stari\/#\/schema\/person\/image\/","url":"https:\/\/secure.gravatar.com\/avatar\/29557b161a6ce6ab86ac1503164f1e90?s=96&d=mm&r=g","contentUrl":"https:\/\/secure.gravatar.com\/avatar\/29557b161a6ce6ab86ac1503164f1e90?s=96&d=mm&r=g","caption":"Boris"},"url":"https:\/\/www.vegaintro-projekti.com\/pilar-stari\/author\/boris\/"}]}},"_links":{"self":[{"href":"https:\/\/www.vegaintro-projekti.com\/pilar-stari\/wp-json\/wp\/v2\/posts\/19942"}],"collection":[{"href":"https:\/\/www.vegaintro-projekti.com\/pilar-stari\/wp-json\/wp\/v2\/posts"}],"about":[{"href":"https:\/\/www.vegaintro-projekti.com\/pilar-stari\/wp-json\/wp\/v2\/types\/post"}],"author":[{"embeddable":true,"href":"https:\/\/www.vegaintro-projekti.com\/pilar-stari\/wp-json\/wp\/v2\/users\/7"}],"replies":[{"embeddable":true,"href":"https:\/\/www.vegaintro-projekti.com\/pilar-stari\/wp-json\/wp\/v2\/comments?post=19942"}],"version-history":[{"count":5,"href":"https:\/\/www.vegaintro-projekti.com\/pilar-stari\/wp-json\/wp\/v2\/posts\/19942\/revisions"}],"predecessor-version":[{"id":20005,"href":"https:\/\/www.vegaintro-projekti.com\/pilar-stari\/wp-json\/wp\/v2\/posts\/19942\/revisions\/20005"}],"wp:featuredmedia":[{"embeddable":true,"href":"https:\/\/www.vegaintro-projekti.com\/pilar-stari\/wp-json\/wp\/v2\/media\/19941"}],"wp:attachment":[{"href":"https:\/\/www.vegaintro-projekti.com\/pilar-stari\/wp-json\/wp\/v2\/media?parent=19942"}],"wp:term":[{"taxonomy":"category","embeddable":true,"href":"https:\/\/www.vegaintro-projekti.com\/pilar-stari\/wp-json\/wp\/v2\/categories?post=19942"},{"taxonomy":"post_tag","embeddable":true,"href":"https:\/\/www.vegaintro-projekti.com\/pilar-stari\/wp-json\/wp\/v2\/tags?post=19942"}],"curies":[{"name":"wp","href":"https:\/\/api.w.org\/{rel}","templated":true}]}}