{"id":19967,"date":"2021-09-27T21:49:31","date_gmt":"2021-09-27T21:49:31","guid":{"rendered":"https:\/\/www.vegaintro-projekti.com\/pilar-stari\/?p=19967"},"modified":"2021-10-05T20:40:22","modified_gmt":"2021-10-05T20:40:22","slug":"predstavljanje-knjige-kulturni-identitet-vukovara-u-koprivici-30-9-2021","status":"publish","type":"post","link":"https:\/\/www.vegaintro-projekti.com\/pilar-stari\/2021\/09\/predstavljanje-knjige-kulturni-identitet-vukovara-u-koprivici-30-9-2021\/","title":{"rendered":"Predstavljanje knjige Kulturni identitet Vukovara u Koprivnici, 30. 9. 2021."},"content":{"rendered":"<p><strong>U Koprivnici je 30. rujna odr\u017eana promocija knjige &#8220;Kulturni identitet Vukovara. Prilozi za istra\u017eivanje ba\u0161tine i ba\u0161tinika&#8221; koja je objavljena u izdanju Dr\u017eavnog arhiva u Vukovaru i Instituta dru\u0161tvenih znanosti Ivo Pilar. Promocija je organizirana u sklopu obilje\u017eavanja 30. godi\u0161njice preuzimanja vojarne u Koprivnici te Dana koprivni\u010dkih branitelja. <\/strong>&#8211; <a href=\"#mediji\">Iz medija<\/a><\/p>\n<p><a href=\"https:\/\/www.vegaintro-projekti.com\/pilar-stari\/wp-content\/uploads\/2021\/10\/Knjiga_Koprivnica.jpg\"><img decoding=\"async\" loading=\"lazy\" class=\"alignnone wp-image-20140 size-full\" src=\"https:\/\/www.vegaintro-projekti.com\/pilar-stari\/wp-content\/uploads\/2021\/10\/Knjiga_Koprivnica_s.jpg\" alt=\"\" width=\"620\" height=\"410\" srcset=\"https:\/\/www.vegaintro-projekti.com\/pilar-stari\/wp-content\/uploads\/2021\/10\/Knjiga_Koprivnica_s.jpg 620w, https:\/\/www.vegaintro-projekti.com\/pilar-stari\/wp-content\/uploads\/2021\/10\/Knjiga_Koprivnica_s-300x198.jpg 300w, https:\/\/www.vegaintro-projekti.com\/pilar-stari\/wp-content\/uploads\/2021\/10\/Knjiga_Koprivnica_s-310x205.jpg 310w\" sizes=\"(max-width: 620px) 100vw, 620px\" \/><\/a><\/p>\n<p><span style=\"font-size: 8pt;\"><strong>Predstavljanje knjige Kulturni identitet Vukovara u Koprivici, 30. 9. 2021.<\/strong><\/span><\/p>\n<p>Nakon pozdravnih govora koje su uputili <strong>dr. sc. Robert \u010cimin<\/strong>, ravnatelj Muzeja grada Koprivnice i <strong>prof. Petar Elez<\/strong>, ravnatelj Dr\u017eavnog arhiva u Vukovaru, o knjizi su govorili <strong>akademik Dragutin Feletar<\/strong>, <strong>dr. sc. Mateo \u017dani\u0107<\/strong> te <strong>mr. sc. Ivan Hubalek<\/strong>.<\/p>\n<p>Tijekom predstavljanja ukazano je na va\u017enost ba\u0161tine u suvremenom svijetu kao i na bogatstvo vukovarske ba\u0161tine ali se podsjetilo i na sna\u017ene kulturne veze uspostavljene izme\u0111u Koprivnice i Vukovara u godinama progonstva.<\/p>\n<p>&#8211; <a href=\"https:\/\/www.vegaintro-projekti.com\/pilar-stari\/wp-content\/uploads\/2021\/09\/Vukovar-bastina-pozivnica.pdf\">Pozivnica za predstavljanje knjige Kulturni identitet Vukovara; Koprivica, 30. 9. 2021.<\/a><\/p>\n<p><a href=\"https:\/\/www.vegaintro-projekti.com\/pilar-stari\/wp-content\/uploads\/2021\/09\/Vukovar-bastina-pozivnica.pdf\"><img decoding=\"async\" loading=\"lazy\" class=\"alignnone wp-image-19963 size-full\" src=\"https:\/\/www.vegaintro-projekti.com\/pilar-stari\/wp-content\/uploads\/2021\/09\/VIK_pozivnica1.jpg\" alt=\"\" width=\"620\" height=\"438\" srcset=\"https:\/\/www.vegaintro-projekti.com\/pilar-stari\/wp-content\/uploads\/2021\/09\/VIK_pozivnica1.jpg 620w, https:\/\/www.vegaintro-projekti.com\/pilar-stari\/wp-content\/uploads\/2021\/09\/VIK_pozivnica1-300x212.jpg 300w\" sizes=\"(max-width: 620px) 100vw, 620px\" \/><\/a><\/p>\n<p><a id=\"mediji\"><\/a><span style=\"font-size: 14pt;\">Iz medija<\/span><\/p>\n<p>&#8211; <a href=\"https:\/\/www.glaspodravine.hr\/predstavljena-knjiga-kulturni-identitet-vukovara\/\">https:\/\/www.glaspodravine.hr\/predstavljena-knjiga-kulturni-identitet-vukovara\/<\/a><\/p>\n<blockquote><p><a href=\"https:\/\/www.vegaintro-projekti.com\/pilar-stari\/2021\/04\/objavljena-knjiga-kulturni-identitet-vukovara-prilozi-za-istrazivanje-bastine-i-bastinika\/\">O knjizi Kulturni identitet Vukovara<\/a><\/p>\n<p><a href=\"https:\/\/www.vegaintro-projekti.com\/pilar-stari\/2018\/04\/podruni-centar-vukovar-2\/\">Podru\u010dni centar Vukovar<\/a><\/p><\/blockquote>\n","protected":false},"excerpt":{"rendered":"<p>U Koprivnici je 30. rujna odr\u017eana promocija knjige &#8220;Kulturni identitet Vukovara. Prilozi za istra\u017eivanje ba\u0161tine i ba\u0161tinika&#8221; koja je objavljena u izdanju Dr\u017eavnog arhiva u Vukovaru i Instituta dru\u0161tvenih znanosti Ivo Pilar. Promocija je organizirana u sklopu obilje\u017eavanja 30. godi\u0161njice preuzimanja vojarne u Koprivnici te Dana koprivni\u010dkih branitelja. &#8211; Iz medija Predstavljanje knjige Kulturni identitet&hellip; <a class=\"continue\" href=\"https:\/\/www.vegaintro-projekti.com\/pilar-stari\/2021\/09\/predstavljanje-knjige-kulturni-identitet-vukovara-u-koprivici-30-9-2021\/\">Pro\u010ditaj vi\u0161e o<span> Predstavljanje knjige Kulturni identitet Vukovara u Koprivnici, 30. 9. 2021.<\/span><\/a><\/p>\n","protected":false},"author":7,"featured_media":19962,"comment_status":"closed","ping_status":"closed","sticky":false,"template":"","format":"standard","meta":{"inline_featured_image":false,"ngg_post_thumbnail":0,"footnotes":""},"categories":[11],"tags":[],"yoast_head":"<!-- This site is optimized with the Yoast SEO plugin v21.2 - https:\/\/yoast.com\/wordpress\/plugins\/seo\/ -->\n<title>Predstavljanje knjige Kulturni identitet Vukovara u Koprivnici, 30. 9. 2021. - Institut dru&scaron;tvenih znanosti Ivo Pilar<\/title>\n<meta name=\"robots\" content=\"noindex, follow, max-snippet:-1, max-image-preview:large, max-video-preview:-1\" \/>\n<meta property=\"og:locale\" content=\"hr_HR\" \/>\n<meta property=\"og:type\" content=\"article\" \/>\n<meta property=\"og:title\" content=\"Predstavljanje knjige Kulturni identitet Vukovara u Koprivnici, 30. 9. 2021. - Institut dru&scaron;tvenih znanosti Ivo Pilar\" \/>\n<meta property=\"og:description\" content=\"U Koprivnici je 30. rujna odr\u017eana promocija knjige &#8220;Kulturni identitet Vukovara. Prilozi za istra\u017eivanje ba\u0161tine i ba\u0161tinika&#8221; koja je objavljena u izdanju Dr\u017eavnog arhiva u Vukovaru i Instituta dru\u0161tvenih znanosti Ivo Pilar. Promocija je organizirana u sklopu obilje\u017eavanja 30. godi\u0161njice preuzimanja vojarne u Koprivnici te Dana koprivni\u010dkih branitelja. &#8211; Iz medija Predstavljanje knjige Kulturni identitet&hellip; Pro\u010ditaj vi\u0161e o Predstavljanje knjige Kulturni identitet Vukovara u Koprivnici, 30. 9. 2021.\" \/>\n<meta property=\"og:url\" content=\"https:\/\/www.vegaintro-projekti.com\/pilar-stari\/2021\/09\/predstavljanje-knjige-kulturni-identitet-vukovara-u-koprivici-30-9-2021\/\" \/>\n<meta property=\"og:site_name\" content=\"Institut dru&scaron;tvenih znanosti Ivo Pilar\" \/>\n<meta property=\"article:published_time\" content=\"2021-09-27T21:49:31+00:00\" \/>\n<meta property=\"article:modified_time\" content=\"2021-10-05T20:40:22+00:00\" \/>\n<meta property=\"og:image\" content=\"https:\/\/www.vegaintro-projekti.com\/pilar-stari\/wp-content\/uploads\/2021\/09\/Pozivnica_fi.jpg\" \/>\n\t<meta property=\"og:image:width\" content=\"330\" \/>\n\t<meta property=\"og:image:height\" content=\"234\" \/>\n\t<meta property=\"og:image:type\" content=\"image\/jpeg\" \/>\n<meta name=\"author\" content=\"Boris\" \/>\n<meta name=\"twitter:card\" content=\"summary_large_image\" \/>\n<meta name=\"twitter:label1\" content=\"Napisao\/la\" \/>\n\t<meta name=\"twitter:data1\" content=\"Boris\" \/>\n\t<meta name=\"twitter:label2\" content=\"Procijenjeno vrijeme \u010ditanja\" \/>\n\t<meta name=\"twitter:data2\" content=\"1 minuta\" \/>\n<script type=\"application\/ld+json\" class=\"yoast-schema-graph\">{\"@context\":\"https:\/\/schema.org\",\"@graph\":[{\"@type\":\"WebPage\",\"@id\":\"https:\/\/www.vegaintro-projekti.com\/pilar-stari\/2021\/09\/predstavljanje-knjige-kulturni-identitet-vukovara-u-koprivici-30-9-2021\/\",\"url\":\"https:\/\/www.vegaintro-projekti.com\/pilar-stari\/2021\/09\/predstavljanje-knjige-kulturni-identitet-vukovara-u-koprivici-30-9-2021\/\",\"name\":\"Predstavljanje knjige Kulturni identitet Vukovara u Koprivnici, 30. 9. 2021. - Institut dru&scaron;tvenih znanosti Ivo Pilar\",\"isPartOf\":{\"@id\":\"https:\/\/www.vegaintro-projekti.com\/pilar-stari\/#website\"},\"datePublished\":\"2021-09-27T21:49:31+00:00\",\"dateModified\":\"2021-10-05T20:40:22+00:00\",\"author\":{\"@id\":\"https:\/\/www.vegaintro-projekti.com\/pilar-stari\/#\/schema\/person\/ddd404c9f1e15e4ffef5986ac6a5d28b\"},\"breadcrumb\":{\"@id\":\"https:\/\/www.vegaintro-projekti.com\/pilar-stari\/2021\/09\/predstavljanje-knjige-kulturni-identitet-vukovara-u-koprivici-30-9-2021\/#breadcrumb\"},\"inLanguage\":\"hr\",\"potentialAction\":[{\"@type\":\"ReadAction\",\"target\":[\"https:\/\/www.vegaintro-projekti.com\/pilar-stari\/2021\/09\/predstavljanje-knjige-kulturni-identitet-vukovara-u-koprivici-30-9-2021\/\"]}]},{\"@type\":\"BreadcrumbList\",\"@id\":\"https:\/\/www.vegaintro-projekti.com\/pilar-stari\/2021\/09\/predstavljanje-knjige-kulturni-identitet-vukovara-u-koprivici-30-9-2021\/#breadcrumb\",\"itemListElement\":[{\"@type\":\"ListItem\",\"position\":1,\"name\":\"Home\",\"item\":\"https:\/\/www.vegaintro-projekti.com\/pilar-stari\/\"},{\"@type\":\"ListItem\",\"position\":2,\"name\":\"Predstavljanje knjige Kulturni identitet Vukovara u Koprivnici, 30. 9. 2021.\"}]},{\"@type\":\"WebSite\",\"@id\":\"https:\/\/www.vegaintro-projekti.com\/pilar-stari\/#website\",\"url\":\"https:\/\/www.vegaintro-projekti.com\/pilar-stari\/\",\"name\":\"Institut dru&scaron;tvenih znanosti Ivo Pilar\",\"description\":\"Pilar\",\"potentialAction\":[{\"@type\":\"SearchAction\",\"target\":{\"@type\":\"EntryPoint\",\"urlTemplate\":\"https:\/\/www.vegaintro-projekti.com\/pilar-stari\/?s={search_term_string}\"},\"query-input\":\"required name=search_term_string\"}],\"inLanguage\":\"hr\"},{\"@type\":\"Person\",\"@id\":\"https:\/\/www.vegaintro-projekti.com\/pilar-stari\/#\/schema\/person\/ddd404c9f1e15e4ffef5986ac6a5d28b\",\"name\":\"Boris\",\"image\":{\"@type\":\"ImageObject\",\"inLanguage\":\"hr\",\"@id\":\"https:\/\/www.vegaintro-projekti.com\/pilar-stari\/#\/schema\/person\/image\/\",\"url\":\"https:\/\/secure.gravatar.com\/avatar\/29557b161a6ce6ab86ac1503164f1e90?s=96&d=mm&r=g\",\"contentUrl\":\"https:\/\/secure.gravatar.com\/avatar\/29557b161a6ce6ab86ac1503164f1e90?s=96&d=mm&r=g\",\"caption\":\"Boris\"},\"url\":\"https:\/\/www.vegaintro-projekti.com\/pilar-stari\/author\/boris\/\"}]}<\/script>\n<!-- \/ Yoast SEO plugin. -->","yoast_head_json":{"title":"Predstavljanje knjige Kulturni identitet Vukovara u Koprivnici, 30. 9. 2021. - Institut dru&scaron;tvenih znanosti Ivo Pilar","robots":{"index":"noindex","follow":"follow","max-snippet":"max-snippet:-1","max-image-preview":"max-image-preview:large","max-video-preview":"max-video-preview:-1"},"og_locale":"hr_HR","og_type":"article","og_title":"Predstavljanje knjige Kulturni identitet Vukovara u Koprivnici, 30. 9. 2021. - Institut dru&scaron;tvenih znanosti Ivo Pilar","og_description":"U Koprivnici je 30. rujna odr\u017eana promocija knjige &#8220;Kulturni identitet Vukovara. Prilozi za istra\u017eivanje ba\u0161tine i ba\u0161tinika&#8221; koja je objavljena u izdanju Dr\u017eavnog arhiva u Vukovaru i Instituta dru\u0161tvenih znanosti Ivo Pilar. Promocija je organizirana u sklopu obilje\u017eavanja 30. godi\u0161njice preuzimanja vojarne u Koprivnici te Dana koprivni\u010dkih branitelja. &#8211; Iz medija Predstavljanje knjige Kulturni identitet&hellip; Pro\u010ditaj vi\u0161e o Predstavljanje knjige Kulturni identitet Vukovara u Koprivnici, 30. 9. 2021.","og_url":"https:\/\/www.vegaintro-projekti.com\/pilar-stari\/2021\/09\/predstavljanje-knjige-kulturni-identitet-vukovara-u-koprivici-30-9-2021\/","og_site_name":"Institut dru&scaron;tvenih znanosti Ivo Pilar","article_published_time":"2021-09-27T21:49:31+00:00","article_modified_time":"2021-10-05T20:40:22+00:00","og_image":[{"width":330,"height":234,"url":"https:\/\/www.vegaintro-projekti.com\/pilar-stari\/wp-content\/uploads\/2021\/09\/Pozivnica_fi.jpg","type":"image\/jpeg"}],"author":"Boris","twitter_card":"summary_large_image","twitter_misc":{"Napisao\/la":"Boris","Procijenjeno vrijeme \u010ditanja":"1 minuta"},"schema":{"@context":"https:\/\/schema.org","@graph":[{"@type":"WebPage","@id":"https:\/\/www.vegaintro-projekti.com\/pilar-stari\/2021\/09\/predstavljanje-knjige-kulturni-identitet-vukovara-u-koprivici-30-9-2021\/","url":"https:\/\/www.vegaintro-projekti.com\/pilar-stari\/2021\/09\/predstavljanje-knjige-kulturni-identitet-vukovara-u-koprivici-30-9-2021\/","name":"Predstavljanje knjige Kulturni identitet Vukovara u Koprivnici, 30. 9. 2021. - Institut dru&scaron;tvenih znanosti Ivo Pilar","isPartOf":{"@id":"https:\/\/www.vegaintro-projekti.com\/pilar-stari\/#website"},"datePublished":"2021-09-27T21:49:31+00:00","dateModified":"2021-10-05T20:40:22+00:00","author":{"@id":"https:\/\/www.vegaintro-projekti.com\/pilar-stari\/#\/schema\/person\/ddd404c9f1e15e4ffef5986ac6a5d28b"},"breadcrumb":{"@id":"https:\/\/www.vegaintro-projekti.com\/pilar-stari\/2021\/09\/predstavljanje-knjige-kulturni-identitet-vukovara-u-koprivici-30-9-2021\/#breadcrumb"},"inLanguage":"hr","potentialAction":[{"@type":"ReadAction","target":["https:\/\/www.vegaintro-projekti.com\/pilar-stari\/2021\/09\/predstavljanje-knjige-kulturni-identitet-vukovara-u-koprivici-30-9-2021\/"]}]},{"@type":"BreadcrumbList","@id":"https:\/\/www.vegaintro-projekti.com\/pilar-stari\/2021\/09\/predstavljanje-knjige-kulturni-identitet-vukovara-u-koprivici-30-9-2021\/#breadcrumb","itemListElement":[{"@type":"ListItem","position":1,"name":"Home","item":"https:\/\/www.vegaintro-projekti.com\/pilar-stari\/"},{"@type":"ListItem","position":2,"name":"Predstavljanje knjige Kulturni identitet Vukovara u Koprivnici, 30. 9. 2021."}]},{"@type":"WebSite","@id":"https:\/\/www.vegaintro-projekti.com\/pilar-stari\/#website","url":"https:\/\/www.vegaintro-projekti.com\/pilar-stari\/","name":"Institut dru&scaron;tvenih znanosti Ivo Pilar","description":"Pilar","potentialAction":[{"@type":"SearchAction","target":{"@type":"EntryPoint","urlTemplate":"https:\/\/www.vegaintro-projekti.com\/pilar-stari\/?s={search_term_string}"},"query-input":"required name=search_term_string"}],"inLanguage":"hr"},{"@type":"Person","@id":"https:\/\/www.vegaintro-projekti.com\/pilar-stari\/#\/schema\/person\/ddd404c9f1e15e4ffef5986ac6a5d28b","name":"Boris","image":{"@type":"ImageObject","inLanguage":"hr","@id":"https:\/\/www.vegaintro-projekti.com\/pilar-stari\/#\/schema\/person\/image\/","url":"https:\/\/secure.gravatar.com\/avatar\/29557b161a6ce6ab86ac1503164f1e90?s=96&d=mm&r=g","contentUrl":"https:\/\/secure.gravatar.com\/avatar\/29557b161a6ce6ab86ac1503164f1e90?s=96&d=mm&r=g","caption":"Boris"},"url":"https:\/\/www.vegaintro-projekti.com\/pilar-stari\/author\/boris\/"}]}},"_links":{"self":[{"href":"https:\/\/www.vegaintro-projekti.com\/pilar-stari\/wp-json\/wp\/v2\/posts\/19967"}],"collection":[{"href":"https:\/\/www.vegaintro-projekti.com\/pilar-stari\/wp-json\/wp\/v2\/posts"}],"about":[{"href":"https:\/\/www.vegaintro-projekti.com\/pilar-stari\/wp-json\/wp\/v2\/types\/post"}],"author":[{"embeddable":true,"href":"https:\/\/www.vegaintro-projekti.com\/pilar-stari\/wp-json\/wp\/v2\/users\/7"}],"replies":[{"embeddable":true,"href":"https:\/\/www.vegaintro-projekti.com\/pilar-stari\/wp-json\/wp\/v2\/comments?post=19967"}],"version-history":[{"count":9,"href":"https:\/\/www.vegaintro-projekti.com\/pilar-stari\/wp-json\/wp\/v2\/posts\/19967\/revisions"}],"predecessor-version":[{"id":20145,"href":"https:\/\/www.vegaintro-projekti.com\/pilar-stari\/wp-json\/wp\/v2\/posts\/19967\/revisions\/20145"}],"wp:featuredmedia":[{"embeddable":true,"href":"https:\/\/www.vegaintro-projekti.com\/pilar-stari\/wp-json\/wp\/v2\/media\/19962"}],"wp:attachment":[{"href":"https:\/\/www.vegaintro-projekti.com\/pilar-stari\/wp-json\/wp\/v2\/media?parent=19967"}],"wp:term":[{"taxonomy":"category","embeddable":true,"href":"https:\/\/www.vegaintro-projekti.com\/pilar-stari\/wp-json\/wp\/v2\/categories?post=19967"},{"taxonomy":"post_tag","embeddable":true,"href":"https:\/\/www.vegaintro-projekti.com\/pilar-stari\/wp-json\/wp\/v2\/tags?post=19967"}],"curies":[{"name":"wp","href":"https:\/\/api.w.org\/{rel}","templated":true}]}}