{"id":19975,"date":"2021-09-25T11:04:43","date_gmt":"2021-09-25T11:04:43","guid":{"rendered":"https:\/\/www.vegaintro-projekti.com\/pilar-stari\/?p=19975"},"modified":"2021-09-25T11:15:06","modified_gmt":"2021-09-25T11:15:06","slug":"dr-sc-ljiljana-dobrovsak-na-7-hrvatskom-simpoziju-o-nastavi-povijesti-1-3-9-2021","status":"publish","type":"post","link":"https:\/\/www.vegaintro-projekti.com\/pilar-stari\/2021\/09\/dr-sc-ljiljana-dobrovsak-na-7-hrvatskom-simpoziju-o-nastavi-povijesti-1-3-9-2021\/","title":{"rendered":"Dr. sc. Ljiljana Dobrov\u0161ak na 7. hrvatskom simpoziju o nastavi povijesti, 1.-3. 9. 2021."},"content":{"rendered":"<p><strong>U organizaciji Agencije za odgoj i obrazovanje od 1. do 3. rujna 2021. godine odr\u017ean je u online okru\u017eenju dr\u017eavni stru\u010dno-znanstveni skup za u\u010ditelje i nastavnike povijesti u osnovnim i srednjim \u0161kolama u Republici Hrvatskoj na kojem je dr. sc. Ljiljana Dobrov\u0161ak sudjelovala pozvanim predavanjem i prezentacijom na temu &#8220;Mjesta sje\u0107anja i kultura sje\u0107anja na ratove u Hrvatskoj u 20. stolje\u0107u&#8221;<\/strong><\/p>\n<p><a href=\"https:\/\/www.vegaintro-projekti.com\/pilar-stari\/wp-content\/uploads\/2021\/09\/Ilustr-3.jpg\"><img decoding=\"async\" loading=\"lazy\" class=\"alignnone wp-image-19973 size-full\" src=\"https:\/\/www.vegaintro-projekti.com\/pilar-stari\/wp-content\/uploads\/2021\/09\/Ilustr_s-1.jpg\" alt=\"\" width=\"620\" height=\"349\" srcset=\"https:\/\/www.vegaintro-projekti.com\/pilar-stari\/wp-content\/uploads\/2021\/09\/Ilustr_s-1.jpg 620w, https:\/\/www.vegaintro-projekti.com\/pilar-stari\/wp-content\/uploads\/2021\/09\/Ilustr_s-1-300x169.jpg 300w\" sizes=\"(max-width: 620px) 100vw, 620px\" \/><\/a><\/p>\n<p><strong>&#8211; Agencija za odgoj i obrazovanje:<\/strong> <a href=\"https:\/\/www.azoo.hr\/najave-i-izvjesca-arhiva\/sedmi-hrvatski-simpozija-o-nastavi-povijesti\/\">Sedmi hrvatski simpozij o nastavi povijesti, 1.-3. 9. 2021.<\/a><br \/>\n<strong>&#8211; Program simpozija:<\/strong> <a href=\"https:\/\/www.vegaintro-projekti.com\/pilar-stari\/wp-content\/uploads\/2021\/09\/Program_nastava_povijesti.pdf\">Povijest 20. stolje\u0107a u kurikulima: \u010dovje\u010danstvo izme\u0111u ratnih ponora i uzleta znanosti<\/a><\/p>\n<p>Tema stru\u010dnog skupa bila je <strong>Povijest 20. stolje\u0107a u kurikulima: \u010dovje\u010danstvo izme\u0111u ratnih ponora i uzleta znanosti<\/strong>. Dr. sc. Ljiljana Dobrov\u0161ak odr\u017eala je pozvano predavanje i prezentaciju kao voditeljica projekta Prvi svjetski rat u kulturi sje\u0107anja. Zaboravljena ba\u0161tina (HRZZ, IP-2019-04-5897).<\/p>\n<blockquote><p><a href=\"https:\/\/www.vegaintro-projekti.com\/pilar-stari\/2020\/01\/prvi-svjetski-rat-u-kulturi-sjecanja-zaboravljena-bastina\/\">Projekt Prvi svjetski rat u kulturi sje\u0107anja<\/a><\/p><\/blockquote>\n","protected":false},"excerpt":{"rendered":"<p>U organizaciji Agencije za odgoj i obrazovanje od 1. do 3. rujna 2021. godine odr\u017ean je u online okru\u017eenju dr\u017eavni stru\u010dno-znanstveni skup za u\u010ditelje i nastavnike povijesti u osnovnim i srednjim \u0161kolama u Republici Hrvatskoj na kojem je dr. sc. Ljiljana Dobrov\u0161ak sudjelovala pozvanim predavanjem i prezentacijom na temu &#8220;Mjesta sje\u0107anja i kultura sje\u0107anja na&hellip; <a class=\"continue\" href=\"https:\/\/www.vegaintro-projekti.com\/pilar-stari\/2021\/09\/dr-sc-ljiljana-dobrovsak-na-7-hrvatskom-simpoziju-o-nastavi-povijesti-1-3-9-2021\/\">Pro\u010ditaj vi\u0161e o<span> Dr. sc. Ljiljana Dobrov\u0161ak na 7. hrvatskom simpoziju o nastavi povijesti, 1.-3. 9. 2021.<\/span><\/a><\/p>\n","protected":false},"author":7,"featured_media":19972,"comment_status":"closed","ping_status":"closed","sticky":false,"template":"","format":"standard","meta":{"inline_featured_image":false,"ngg_post_thumbnail":0,"footnotes":""},"categories":[11],"tags":[],"yoast_head":"<!-- This site is optimized with the Yoast SEO plugin v21.2 - https:\/\/yoast.com\/wordpress\/plugins\/seo\/ -->\n<title>Dr. sc. Ljiljana Dobrov\u0161ak na 7. hrvatskom simpoziju o nastavi povijesti, 1.-3. 9. 2021. - Institut dru&scaron;tvenih znanosti Ivo Pilar<\/title>\n<meta name=\"robots\" content=\"noindex, follow, max-snippet:-1, max-image-preview:large, max-video-preview:-1\" \/>\n<meta property=\"og:locale\" content=\"hr_HR\" \/>\n<meta property=\"og:type\" content=\"article\" \/>\n<meta property=\"og:title\" content=\"Dr. sc. Ljiljana Dobrov\u0161ak na 7. hrvatskom simpoziju o nastavi povijesti, 1.-3. 9. 2021. - Institut dru&scaron;tvenih znanosti Ivo Pilar\" \/>\n<meta property=\"og:description\" content=\"U organizaciji Agencije za odgoj i obrazovanje od 1. do 3. rujna 2021. godine odr\u017ean je u online okru\u017eenju dr\u017eavni stru\u010dno-znanstveni skup za u\u010ditelje i nastavnike povijesti u osnovnim i srednjim \u0161kolama u Republici Hrvatskoj na kojem je dr. sc. Ljiljana Dobrov\u0161ak sudjelovala pozvanim predavanjem i prezentacijom na temu &#8220;Mjesta sje\u0107anja i kultura sje\u0107anja na&hellip; Pro\u010ditaj vi\u0161e o Dr. sc. Ljiljana Dobrov\u0161ak na 7. hrvatskom simpoziju o nastavi povijesti, 1.-3. 9. 2021.\" \/>\n<meta property=\"og:url\" content=\"https:\/\/www.vegaintro-projekti.com\/pilar-stari\/2021\/09\/dr-sc-ljiljana-dobrovsak-na-7-hrvatskom-simpoziju-o-nastavi-povijesti-1-3-9-2021\/\" \/>\n<meta property=\"og:site_name\" content=\"Institut dru&scaron;tvenih znanosti Ivo Pilar\" \/>\n<meta property=\"article:published_time\" content=\"2021-09-25T11:04:43+00:00\" \/>\n<meta property=\"article:modified_time\" content=\"2021-09-25T11:15:06+00:00\" \/>\n<meta property=\"og:image\" content=\"https:\/\/www.vegaintro-projekti.com\/pilar-stari\/wp-content\/uploads\/2021\/09\/Ilustr_fi-2.jpg\" \/>\n\t<meta property=\"og:image:width\" content=\"620\" \/>\n\t<meta property=\"og:image:height\" content=\"394\" \/>\n\t<meta property=\"og:image:type\" content=\"image\/jpeg\" \/>\n<meta name=\"author\" content=\"Boris\" \/>\n<meta name=\"twitter:card\" content=\"summary_large_image\" \/>\n<meta name=\"twitter:label1\" content=\"Napisao\/la\" \/>\n\t<meta name=\"twitter:data1\" content=\"Boris\" \/>\n\t<meta name=\"twitter:label2\" content=\"Procijenjeno vrijeme \u010ditanja\" \/>\n\t<meta name=\"twitter:data2\" content=\"1 minuta\" \/>\n<script type=\"application\/ld+json\" class=\"yoast-schema-graph\">{\"@context\":\"https:\/\/schema.org\",\"@graph\":[{\"@type\":\"WebPage\",\"@id\":\"https:\/\/www.vegaintro-projekti.com\/pilar-stari\/2021\/09\/dr-sc-ljiljana-dobrovsak-na-7-hrvatskom-simpoziju-o-nastavi-povijesti-1-3-9-2021\/\",\"url\":\"https:\/\/www.vegaintro-projekti.com\/pilar-stari\/2021\/09\/dr-sc-ljiljana-dobrovsak-na-7-hrvatskom-simpoziju-o-nastavi-povijesti-1-3-9-2021\/\",\"name\":\"Dr. sc. Ljiljana Dobrov\u0161ak na 7. hrvatskom simpoziju o nastavi povijesti, 1.-3. 9. 2021. - Institut dru&scaron;tvenih znanosti Ivo Pilar\",\"isPartOf\":{\"@id\":\"https:\/\/www.vegaintro-projekti.com\/pilar-stari\/#website\"},\"datePublished\":\"2021-09-25T11:04:43+00:00\",\"dateModified\":\"2021-09-25T11:15:06+00:00\",\"author\":{\"@id\":\"https:\/\/www.vegaintro-projekti.com\/pilar-stari\/#\/schema\/person\/ddd404c9f1e15e4ffef5986ac6a5d28b\"},\"breadcrumb\":{\"@id\":\"https:\/\/www.vegaintro-projekti.com\/pilar-stari\/2021\/09\/dr-sc-ljiljana-dobrovsak-na-7-hrvatskom-simpoziju-o-nastavi-povijesti-1-3-9-2021\/#breadcrumb\"},\"inLanguage\":\"hr\",\"potentialAction\":[{\"@type\":\"ReadAction\",\"target\":[\"https:\/\/www.vegaintro-projekti.com\/pilar-stari\/2021\/09\/dr-sc-ljiljana-dobrovsak-na-7-hrvatskom-simpoziju-o-nastavi-povijesti-1-3-9-2021\/\"]}]},{\"@type\":\"BreadcrumbList\",\"@id\":\"https:\/\/www.vegaintro-projekti.com\/pilar-stari\/2021\/09\/dr-sc-ljiljana-dobrovsak-na-7-hrvatskom-simpoziju-o-nastavi-povijesti-1-3-9-2021\/#breadcrumb\",\"itemListElement\":[{\"@type\":\"ListItem\",\"position\":1,\"name\":\"Home\",\"item\":\"https:\/\/www.vegaintro-projekti.com\/pilar-stari\/\"},{\"@type\":\"ListItem\",\"position\":2,\"name\":\"Dr. sc. Ljiljana Dobrov\u0161ak na 7. hrvatskom simpoziju o nastavi povijesti, 1.-3. 9. 2021.\"}]},{\"@type\":\"WebSite\",\"@id\":\"https:\/\/www.vegaintro-projekti.com\/pilar-stari\/#website\",\"url\":\"https:\/\/www.vegaintro-projekti.com\/pilar-stari\/\",\"name\":\"Institut dru&scaron;tvenih znanosti Ivo Pilar\",\"description\":\"Pilar\",\"potentialAction\":[{\"@type\":\"SearchAction\",\"target\":{\"@type\":\"EntryPoint\",\"urlTemplate\":\"https:\/\/www.vegaintro-projekti.com\/pilar-stari\/?s={search_term_string}\"},\"query-input\":\"required name=search_term_string\"}],\"inLanguage\":\"hr\"},{\"@type\":\"Person\",\"@id\":\"https:\/\/www.vegaintro-projekti.com\/pilar-stari\/#\/schema\/person\/ddd404c9f1e15e4ffef5986ac6a5d28b\",\"name\":\"Boris\",\"image\":{\"@type\":\"ImageObject\",\"inLanguage\":\"hr\",\"@id\":\"https:\/\/www.vegaintro-projekti.com\/pilar-stari\/#\/schema\/person\/image\/\",\"url\":\"https:\/\/secure.gravatar.com\/avatar\/29557b161a6ce6ab86ac1503164f1e90?s=96&d=mm&r=g\",\"contentUrl\":\"https:\/\/secure.gravatar.com\/avatar\/29557b161a6ce6ab86ac1503164f1e90?s=96&d=mm&r=g\",\"caption\":\"Boris\"},\"url\":\"https:\/\/www.vegaintro-projekti.com\/pilar-stari\/author\/boris\/\"}]}<\/script>\n<!-- \/ Yoast SEO plugin. -->","yoast_head_json":{"title":"Dr. sc. Ljiljana Dobrov\u0161ak na 7. hrvatskom simpoziju o nastavi povijesti, 1.-3. 9. 2021. - Institut dru&scaron;tvenih znanosti Ivo Pilar","robots":{"index":"noindex","follow":"follow","max-snippet":"max-snippet:-1","max-image-preview":"max-image-preview:large","max-video-preview":"max-video-preview:-1"},"og_locale":"hr_HR","og_type":"article","og_title":"Dr. sc. Ljiljana Dobrov\u0161ak na 7. hrvatskom simpoziju o nastavi povijesti, 1.-3. 9. 2021. - Institut dru&scaron;tvenih znanosti Ivo Pilar","og_description":"U organizaciji Agencije za odgoj i obrazovanje od 1. do 3. rujna 2021. godine odr\u017ean je u online okru\u017eenju dr\u017eavni stru\u010dno-znanstveni skup za u\u010ditelje i nastavnike povijesti u osnovnim i srednjim \u0161kolama u Republici Hrvatskoj na kojem je dr. sc. Ljiljana Dobrov\u0161ak sudjelovala pozvanim predavanjem i prezentacijom na temu &#8220;Mjesta sje\u0107anja i kultura sje\u0107anja na&hellip; Pro\u010ditaj vi\u0161e o Dr. sc. Ljiljana Dobrov\u0161ak na 7. hrvatskom simpoziju o nastavi povijesti, 1.-3. 9. 2021.","og_url":"https:\/\/www.vegaintro-projekti.com\/pilar-stari\/2021\/09\/dr-sc-ljiljana-dobrovsak-na-7-hrvatskom-simpoziju-o-nastavi-povijesti-1-3-9-2021\/","og_site_name":"Institut dru&scaron;tvenih znanosti Ivo Pilar","article_published_time":"2021-09-25T11:04:43+00:00","article_modified_time":"2021-09-25T11:15:06+00:00","og_image":[{"width":620,"height":394,"url":"https:\/\/www.vegaintro-projekti.com\/pilar-stari\/wp-content\/uploads\/2021\/09\/Ilustr_fi-2.jpg","type":"image\/jpeg"}],"author":"Boris","twitter_card":"summary_large_image","twitter_misc":{"Napisao\/la":"Boris","Procijenjeno vrijeme \u010ditanja":"1 minuta"},"schema":{"@context":"https:\/\/schema.org","@graph":[{"@type":"WebPage","@id":"https:\/\/www.vegaintro-projekti.com\/pilar-stari\/2021\/09\/dr-sc-ljiljana-dobrovsak-na-7-hrvatskom-simpoziju-o-nastavi-povijesti-1-3-9-2021\/","url":"https:\/\/www.vegaintro-projekti.com\/pilar-stari\/2021\/09\/dr-sc-ljiljana-dobrovsak-na-7-hrvatskom-simpoziju-o-nastavi-povijesti-1-3-9-2021\/","name":"Dr. sc. Ljiljana Dobrov\u0161ak na 7. hrvatskom simpoziju o nastavi povijesti, 1.-3. 9. 2021. - Institut dru&scaron;tvenih znanosti Ivo Pilar","isPartOf":{"@id":"https:\/\/www.vegaintro-projekti.com\/pilar-stari\/#website"},"datePublished":"2021-09-25T11:04:43+00:00","dateModified":"2021-09-25T11:15:06+00:00","author":{"@id":"https:\/\/www.vegaintro-projekti.com\/pilar-stari\/#\/schema\/person\/ddd404c9f1e15e4ffef5986ac6a5d28b"},"breadcrumb":{"@id":"https:\/\/www.vegaintro-projekti.com\/pilar-stari\/2021\/09\/dr-sc-ljiljana-dobrovsak-na-7-hrvatskom-simpoziju-o-nastavi-povijesti-1-3-9-2021\/#breadcrumb"},"inLanguage":"hr","potentialAction":[{"@type":"ReadAction","target":["https:\/\/www.vegaintro-projekti.com\/pilar-stari\/2021\/09\/dr-sc-ljiljana-dobrovsak-na-7-hrvatskom-simpoziju-o-nastavi-povijesti-1-3-9-2021\/"]}]},{"@type":"BreadcrumbList","@id":"https:\/\/www.vegaintro-projekti.com\/pilar-stari\/2021\/09\/dr-sc-ljiljana-dobrovsak-na-7-hrvatskom-simpoziju-o-nastavi-povijesti-1-3-9-2021\/#breadcrumb","itemListElement":[{"@type":"ListItem","position":1,"name":"Home","item":"https:\/\/www.vegaintro-projekti.com\/pilar-stari\/"},{"@type":"ListItem","position":2,"name":"Dr. sc. Ljiljana Dobrov\u0161ak na 7. hrvatskom simpoziju o nastavi povijesti, 1.-3. 9. 2021."}]},{"@type":"WebSite","@id":"https:\/\/www.vegaintro-projekti.com\/pilar-stari\/#website","url":"https:\/\/www.vegaintro-projekti.com\/pilar-stari\/","name":"Institut dru&scaron;tvenih znanosti Ivo Pilar","description":"Pilar","potentialAction":[{"@type":"SearchAction","target":{"@type":"EntryPoint","urlTemplate":"https:\/\/www.vegaintro-projekti.com\/pilar-stari\/?s={search_term_string}"},"query-input":"required name=search_term_string"}],"inLanguage":"hr"},{"@type":"Person","@id":"https:\/\/www.vegaintro-projekti.com\/pilar-stari\/#\/schema\/person\/ddd404c9f1e15e4ffef5986ac6a5d28b","name":"Boris","image":{"@type":"ImageObject","inLanguage":"hr","@id":"https:\/\/www.vegaintro-projekti.com\/pilar-stari\/#\/schema\/person\/image\/","url":"https:\/\/secure.gravatar.com\/avatar\/29557b161a6ce6ab86ac1503164f1e90?s=96&d=mm&r=g","contentUrl":"https:\/\/secure.gravatar.com\/avatar\/29557b161a6ce6ab86ac1503164f1e90?s=96&d=mm&r=g","caption":"Boris"},"url":"https:\/\/www.vegaintro-projekti.com\/pilar-stari\/author\/boris\/"}]}},"_links":{"self":[{"href":"https:\/\/www.vegaintro-projekti.com\/pilar-stari\/wp-json\/wp\/v2\/posts\/19975"}],"collection":[{"href":"https:\/\/www.vegaintro-projekti.com\/pilar-stari\/wp-json\/wp\/v2\/posts"}],"about":[{"href":"https:\/\/www.vegaintro-projekti.com\/pilar-stari\/wp-json\/wp\/v2\/types\/post"}],"author":[{"embeddable":true,"href":"https:\/\/www.vegaintro-projekti.com\/pilar-stari\/wp-json\/wp\/v2\/users\/7"}],"replies":[{"embeddable":true,"href":"https:\/\/www.vegaintro-projekti.com\/pilar-stari\/wp-json\/wp\/v2\/comments?post=19975"}],"version-history":[{"count":3,"href":"https:\/\/www.vegaintro-projekti.com\/pilar-stari\/wp-json\/wp\/v2\/posts\/19975\/revisions"}],"predecessor-version":[{"id":19978,"href":"https:\/\/www.vegaintro-projekti.com\/pilar-stari\/wp-json\/wp\/v2\/posts\/19975\/revisions\/19978"}],"wp:featuredmedia":[{"embeddable":true,"href":"https:\/\/www.vegaintro-projekti.com\/pilar-stari\/wp-json\/wp\/v2\/media\/19972"}],"wp:attachment":[{"href":"https:\/\/www.vegaintro-projekti.com\/pilar-stari\/wp-json\/wp\/v2\/media?parent=19975"}],"wp:term":[{"taxonomy":"category","embeddable":true,"href":"https:\/\/www.vegaintro-projekti.com\/pilar-stari\/wp-json\/wp\/v2\/categories?post=19975"},{"taxonomy":"post_tag","embeddable":true,"href":"https:\/\/www.vegaintro-projekti.com\/pilar-stari\/wp-json\/wp\/v2\/tags?post=19975"}],"curies":[{"name":"wp","href":"https:\/\/api.w.org\/{rel}","templated":true}]}}