{"id":19997,"date":"2021-09-25T13:56:18","date_gmt":"2021-09-25T13:56:18","guid":{"rendered":"https:\/\/www.vegaintro-projekti.com\/pilar-stari\/?p=19997"},"modified":"2021-09-27T19:54:02","modified_gmt":"2021-09-27T19:54:02","slug":"dr-sc-ljiljana-dobrovsak-odrzala-predavanje-o-povijesti-zidova-u-osijeku-u-zidovskoj-opcini-osijek-21-9-2021","status":"publish","type":"post","link":"https:\/\/www.vegaintro-projekti.com\/pilar-stari\/2021\/09\/dr-sc-ljiljana-dobrovsak-odrzala-predavanje-o-povijesti-zidova-u-osijeku-u-zidovskoj-opcini-osijek-21-9-2021\/","title":{"rendered":"Dr. sc. Ljiljana Dobrov\u0161ak odr\u017eala predavanje o povijesti \u017didova u Osijeku u \u017didovskoj op\u0107ini Osijek, 21. 9. 2021."},"content":{"rendered":"<p><strong>U sklopu \u201eMjeseca \u017eidovske kulture\u201c koji je tijekom rujna 2021. organizirala \u017didovska op\u0107ina Osijek, znanstvenica Instituta dr. sc. Ljiljana Dobrov\u0161ak odr\u017eala je 20. rujna 2021. u \u017didovskoj op\u0107ini Osijek predavanje \u201ePovijest osje\u010dkih \u017didova\u201c, a sljede\u0107i dan 21. rujna 2021. sudjelovala je u predstavljanju virtualne izlo\u017ebe Pri\u010da o nezaboravu: ostav\u0161tina Hermanna Weissmanna u muzejskim ustanovama Osijeka kada je promovirala katalog istoimene izlo\u017ebe koja se odr\u017eavala u prostorijama Muzeja grada Osijeka krajem 2020.<\/strong> &#8211; <a href=\"#mediji\">Iz medija<\/a><\/p>\n<p><a href=\"https:\/\/www.vegaintro-projekti.com\/pilar-stari\/wp-content\/uploads\/2021\/09\/Sl_2-6.jpg\"><img decoding=\"async\" loading=\"lazy\" class=\"alignnone wp-image-19996 size-full\" src=\"https:\/\/www.vegaintro-projekti.com\/pilar-stari\/wp-content\/uploads\/2021\/09\/Sl_2s-2.jpg\" alt=\"\" width=\"620\" height=\"414\" srcset=\"https:\/\/www.vegaintro-projekti.com\/pilar-stari\/wp-content\/uploads\/2021\/09\/Sl_2s-2.jpg 620w, https:\/\/www.vegaintro-projekti.com\/pilar-stari\/wp-content\/uploads\/2021\/09\/Sl_2s-2-300x200.jpg 300w\" sizes=\"(max-width: 620px) 100vw, 620px\" \/><\/a><a href=\"https:\/\/www.vegaintro-projekti.com\/pilar-stari\/wp-content\/uploads\/2021\/09\/Sl_1-7.jpg\"><img decoding=\"async\" loading=\"lazy\" class=\"alignnone wp-image-19993 size-full\" src=\"https:\/\/www.vegaintro-projekti.com\/pilar-stari\/wp-content\/uploads\/2021\/09\/Sl_1s-2.jpg\" alt=\"\" width=\"620\" height=\"355\" srcset=\"https:\/\/www.vegaintro-projekti.com\/pilar-stari\/wp-content\/uploads\/2021\/09\/Sl_1s-2.jpg 620w, https:\/\/www.vegaintro-projekti.com\/pilar-stari\/wp-content\/uploads\/2021\/09\/Sl_1s-2-300x172.jpg 300w\" sizes=\"(max-width: 620px) 100vw, 620px\" \/><\/a><\/p>\n<p><strong>&#8211; Program:<\/strong> <a href=\"https:\/\/www.vegaintro-projekti.com\/pilar-stari\/wp-content\/uploads\/2021\/09\/Program.pdf\">Mjesec \u017eidovske kulture. Rujan 2021. Dijalog<\/a><\/p>\n<p><a id=\"mediji\"><\/a><span style=\"font-size: 14pt;\">Iz medija<\/span><\/p>\n<p>&#8211; <a href=\"https:\/\/www.glas-slavonije.hr\/474890\/3\/Osvrt-na-bogatu-proslost-danas-malobrojne-zidovske-zajednice\">https:\/\/www.glas-slavonije.hr\/474890\/3\/Osvrt-na-bogatu-proslost-danas-malobrojne-zidovske-zajednice<\/a><br \/>\n&#8211; <a href=\"https:\/\/www.zo-osijek.hr\/povijest-osjeckih-zidova-predavanje-ljiljane-dobrovsak\/\">https:\/\/www.zo-osijek.hr\/povijest-osjeckih-zidova-predavanje-ljiljane-dobrovsak\/<\/a><br \/>\n&#8211; <a href=\"https:\/\/www.zo-osijek.hr\/predstavljanje-kataloga-i-virtualne-izlozbe-o-hermanu-weissmannu\/\">https:\/\/www.zo-osijek.hr\/predstavljanje-kataloga-i-virtualne-izlozbe-o-hermanu-weissmannu\/<\/a><br \/>\n&#8211; <a href=\"https:\/\/www.osijekexpress.com\/2021\/09\/02\/koncerti-predstave-filmovi-izlozbe-sutra-pocinje-mjesec-zidovske-kulture-cijeli-program\/\">https:\/\/www.osijekexpress.com\/2021\/09\/02\/koncerti-predstave-filmovi-izlozbe-sutra-pocinje-mjesec-zidovske-kulture-cijeli-program\/<\/a><br \/>\n&#8211; <a href=\"https:\/\/cendo.hr\/Novosti.aspx?id=6333&amp;title=osijek\">https:\/\/cendo.hr\/Novosti.aspx?id=6333&amp;title=osijek<\/a><br \/>\n&#8211; <a href=\"https:\/\/akademija-art.hr\/2021\/09\/03\/mjesec-zidovske-kulture-u-osijeku-do-subote-25-rujna\/\">https:\/\/akademija-art.hr\/2021\/09\/03\/mjesec-zidovske-kulture-u-osijeku-do-subote-25-rujna\/<\/a><\/p>\n<blockquote><p><a href=\"https:\/\/www.vegaintro-projekti.com\/pilar-stari\/biografije\/user-bio\/?my_user_id=19\">Dr. sc. Ljiljana Dobrov\u0161ak<\/a><\/p><\/blockquote>\n","protected":false},"excerpt":{"rendered":"<p>U sklopu \u201eMjeseca \u017eidovske kulture\u201c koji je tijekom rujna 2021. organizirala \u017didovska op\u0107ina Osijek, znanstvenica Instituta dr. sc. Ljiljana Dobrov\u0161ak odr\u017eala je 20. rujna 2021. u \u017didovskoj op\u0107ini Osijek predavanje \u201ePovijest osje\u010dkih \u017didova\u201c, a sljede\u0107i dan 21. rujna 2021. sudjelovala je u predstavljanju virtualne izlo\u017ebe Pri\u010da o nezaboravu: ostav\u0161tina Hermanna Weissmanna u muzejskim ustanovama Osijeka&hellip; <a class=\"continue\" href=\"https:\/\/www.vegaintro-projekti.com\/pilar-stari\/2021\/09\/dr-sc-ljiljana-dobrovsak-odrzala-predavanje-o-povijesti-zidova-u-osijeku-u-zidovskoj-opcini-osijek-21-9-2021\/\">Pro\u010ditaj vi\u0161e o<span> Dr. sc. Ljiljana Dobrov\u0161ak odr\u017eala predavanje o povijesti \u017didova u Osijeku u \u017didovskoj op\u0107ini Osijek, 21. 9. 2021.<\/span><\/a><\/p>\n","protected":false},"author":7,"featured_media":19995,"comment_status":"closed","ping_status":"closed","sticky":false,"template":"","format":"standard","meta":{"inline_featured_image":false,"ngg_post_thumbnail":0,"footnotes":""},"categories":[11],"tags":[],"yoast_head":"<!-- This site is optimized with the Yoast SEO plugin v21.2 - https:\/\/yoast.com\/wordpress\/plugins\/seo\/ -->\n<title>Dr. sc. Ljiljana Dobrov\u0161ak odr\u017eala predavanje o povijesti \u017didova u Osijeku u \u017didovskoj op\u0107ini Osijek, 21. 9. 2021. - Institut dru&scaron;tvenih znanosti Ivo Pilar<\/title>\n<meta name=\"robots\" content=\"noindex, follow, max-snippet:-1, max-image-preview:large, max-video-preview:-1\" \/>\n<meta property=\"og:locale\" content=\"hr_HR\" \/>\n<meta property=\"og:type\" content=\"article\" \/>\n<meta property=\"og:title\" content=\"Dr. sc. Ljiljana Dobrov\u0161ak odr\u017eala predavanje o povijesti \u017didova u Osijeku u \u017didovskoj op\u0107ini Osijek, 21. 9. 2021. - Institut dru&scaron;tvenih znanosti Ivo Pilar\" \/>\n<meta property=\"og:description\" content=\"U sklopu \u201eMjeseca \u017eidovske kulture\u201c koji je tijekom rujna 2021. organizirala \u017didovska op\u0107ina Osijek, znanstvenica Instituta dr. sc. Ljiljana Dobrov\u0161ak odr\u017eala je 20. rujna 2021. u \u017didovskoj op\u0107ini Osijek predavanje \u201ePovijest osje\u010dkih \u017didova\u201c, a sljede\u0107i dan 21. rujna 2021. sudjelovala je u predstavljanju virtualne izlo\u017ebe Pri\u010da o nezaboravu: ostav\u0161tina Hermanna Weissmanna u muzejskim ustanovama Osijeka&hellip; Pro\u010ditaj vi\u0161e o Dr. sc. Ljiljana Dobrov\u0161ak odr\u017eala predavanje o povijesti \u017didova u Osijeku u \u017didovskoj op\u0107ini Osijek, 21. 9. 2021.\" \/>\n<meta property=\"og:url\" content=\"https:\/\/www.vegaintro-projekti.com\/pilar-stari\/2021\/09\/dr-sc-ljiljana-dobrovsak-odrzala-predavanje-o-povijesti-zidova-u-osijeku-u-zidovskoj-opcini-osijek-21-9-2021\/\" \/>\n<meta property=\"og:site_name\" content=\"Institut dru&scaron;tvenih znanosti Ivo Pilar\" \/>\n<meta property=\"article:published_time\" content=\"2021-09-25T13:56:18+00:00\" \/>\n<meta property=\"article:modified_time\" content=\"2021-09-27T19:54:02+00:00\" \/>\n<meta property=\"og:image\" content=\"https:\/\/www.vegaintro-projekti.com\/pilar-stari\/wp-content\/uploads\/2021\/09\/Sl_2fi-1.jpg\" \/>\n\t<meta property=\"og:image:width\" content=\"499\" \/>\n\t<meta property=\"og:image:height\" content=\"219\" \/>\n\t<meta property=\"og:image:type\" content=\"image\/jpeg\" \/>\n<meta name=\"author\" content=\"Boris\" \/>\n<meta name=\"twitter:card\" content=\"summary_large_image\" \/>\n<meta name=\"twitter:label1\" content=\"Napisao\/la\" \/>\n\t<meta name=\"twitter:data1\" content=\"Boris\" \/>\n\t<meta name=\"twitter:label2\" content=\"Procijenjeno vrijeme \u010ditanja\" \/>\n\t<meta name=\"twitter:data2\" content=\"1 minuta\" \/>\n<script type=\"application\/ld+json\" class=\"yoast-schema-graph\">{\"@context\":\"https:\/\/schema.org\",\"@graph\":[{\"@type\":\"WebPage\",\"@id\":\"https:\/\/www.vegaintro-projekti.com\/pilar-stari\/2021\/09\/dr-sc-ljiljana-dobrovsak-odrzala-predavanje-o-povijesti-zidova-u-osijeku-u-zidovskoj-opcini-osijek-21-9-2021\/\",\"url\":\"https:\/\/www.vegaintro-projekti.com\/pilar-stari\/2021\/09\/dr-sc-ljiljana-dobrovsak-odrzala-predavanje-o-povijesti-zidova-u-osijeku-u-zidovskoj-opcini-osijek-21-9-2021\/\",\"name\":\"Dr. sc. Ljiljana Dobrov\u0161ak odr\u017eala predavanje o povijesti \u017didova u Osijeku u \u017didovskoj op\u0107ini Osijek, 21. 9. 2021. - Institut dru&scaron;tvenih znanosti Ivo Pilar\",\"isPartOf\":{\"@id\":\"https:\/\/www.vegaintro-projekti.com\/pilar-stari\/#website\"},\"datePublished\":\"2021-09-25T13:56:18+00:00\",\"dateModified\":\"2021-09-27T19:54:02+00:00\",\"author\":{\"@id\":\"https:\/\/www.vegaintro-projekti.com\/pilar-stari\/#\/schema\/person\/ddd404c9f1e15e4ffef5986ac6a5d28b\"},\"breadcrumb\":{\"@id\":\"https:\/\/www.vegaintro-projekti.com\/pilar-stari\/2021\/09\/dr-sc-ljiljana-dobrovsak-odrzala-predavanje-o-povijesti-zidova-u-osijeku-u-zidovskoj-opcini-osijek-21-9-2021\/#breadcrumb\"},\"inLanguage\":\"hr\",\"potentialAction\":[{\"@type\":\"ReadAction\",\"target\":[\"https:\/\/www.vegaintro-projekti.com\/pilar-stari\/2021\/09\/dr-sc-ljiljana-dobrovsak-odrzala-predavanje-o-povijesti-zidova-u-osijeku-u-zidovskoj-opcini-osijek-21-9-2021\/\"]}]},{\"@type\":\"BreadcrumbList\",\"@id\":\"https:\/\/www.vegaintro-projekti.com\/pilar-stari\/2021\/09\/dr-sc-ljiljana-dobrovsak-odrzala-predavanje-o-povijesti-zidova-u-osijeku-u-zidovskoj-opcini-osijek-21-9-2021\/#breadcrumb\",\"itemListElement\":[{\"@type\":\"ListItem\",\"position\":1,\"name\":\"Home\",\"item\":\"https:\/\/www.vegaintro-projekti.com\/pilar-stari\/\"},{\"@type\":\"ListItem\",\"position\":2,\"name\":\"Dr. sc. Ljiljana Dobrov\u0161ak odr\u017eala predavanje o povijesti \u017didova u Osijeku u \u017didovskoj op\u0107ini Osijek, 21. 9. 2021.\"}]},{\"@type\":\"WebSite\",\"@id\":\"https:\/\/www.vegaintro-projekti.com\/pilar-stari\/#website\",\"url\":\"https:\/\/www.vegaintro-projekti.com\/pilar-stari\/\",\"name\":\"Institut dru&scaron;tvenih znanosti Ivo Pilar\",\"description\":\"Pilar\",\"potentialAction\":[{\"@type\":\"SearchAction\",\"target\":{\"@type\":\"EntryPoint\",\"urlTemplate\":\"https:\/\/www.vegaintro-projekti.com\/pilar-stari\/?s={search_term_string}\"},\"query-input\":\"required name=search_term_string\"}],\"inLanguage\":\"hr\"},{\"@type\":\"Person\",\"@id\":\"https:\/\/www.vegaintro-projekti.com\/pilar-stari\/#\/schema\/person\/ddd404c9f1e15e4ffef5986ac6a5d28b\",\"name\":\"Boris\",\"image\":{\"@type\":\"ImageObject\",\"inLanguage\":\"hr\",\"@id\":\"https:\/\/www.vegaintro-projekti.com\/pilar-stari\/#\/schema\/person\/image\/\",\"url\":\"https:\/\/secure.gravatar.com\/avatar\/29557b161a6ce6ab86ac1503164f1e90?s=96&d=mm&r=g\",\"contentUrl\":\"https:\/\/secure.gravatar.com\/avatar\/29557b161a6ce6ab86ac1503164f1e90?s=96&d=mm&r=g\",\"caption\":\"Boris\"},\"url\":\"https:\/\/www.vegaintro-projekti.com\/pilar-stari\/author\/boris\/\"}]}<\/script>\n<!-- \/ Yoast SEO plugin. -->","yoast_head_json":{"title":"Dr. sc. Ljiljana Dobrov\u0161ak odr\u017eala predavanje o povijesti \u017didova u Osijeku u \u017didovskoj op\u0107ini Osijek, 21. 9. 2021. - Institut dru&scaron;tvenih znanosti Ivo Pilar","robots":{"index":"noindex","follow":"follow","max-snippet":"max-snippet:-1","max-image-preview":"max-image-preview:large","max-video-preview":"max-video-preview:-1"},"og_locale":"hr_HR","og_type":"article","og_title":"Dr. sc. Ljiljana Dobrov\u0161ak odr\u017eala predavanje o povijesti \u017didova u Osijeku u \u017didovskoj op\u0107ini Osijek, 21. 9. 2021. - Institut dru&scaron;tvenih znanosti Ivo Pilar","og_description":"U sklopu \u201eMjeseca \u017eidovske kulture\u201c koji je tijekom rujna 2021. organizirala \u017didovska op\u0107ina Osijek, znanstvenica Instituta dr. sc. Ljiljana Dobrov\u0161ak odr\u017eala je 20. rujna 2021. u \u017didovskoj op\u0107ini Osijek predavanje \u201ePovijest osje\u010dkih \u017didova\u201c, a sljede\u0107i dan 21. rujna 2021. sudjelovala je u predstavljanju virtualne izlo\u017ebe Pri\u010da o nezaboravu: ostav\u0161tina Hermanna Weissmanna u muzejskim ustanovama Osijeka&hellip; Pro\u010ditaj vi\u0161e o Dr. sc. Ljiljana Dobrov\u0161ak odr\u017eala predavanje o povijesti \u017didova u Osijeku u \u017didovskoj op\u0107ini Osijek, 21. 9. 2021.","og_url":"https:\/\/www.vegaintro-projekti.com\/pilar-stari\/2021\/09\/dr-sc-ljiljana-dobrovsak-odrzala-predavanje-o-povijesti-zidova-u-osijeku-u-zidovskoj-opcini-osijek-21-9-2021\/","og_site_name":"Institut dru&scaron;tvenih znanosti Ivo Pilar","article_published_time":"2021-09-25T13:56:18+00:00","article_modified_time":"2021-09-27T19:54:02+00:00","og_image":[{"width":499,"height":219,"url":"https:\/\/www.vegaintro-projekti.com\/pilar-stari\/wp-content\/uploads\/2021\/09\/Sl_2fi-1.jpg","type":"image\/jpeg"}],"author":"Boris","twitter_card":"summary_large_image","twitter_misc":{"Napisao\/la":"Boris","Procijenjeno vrijeme \u010ditanja":"1 minuta"},"schema":{"@context":"https:\/\/schema.org","@graph":[{"@type":"WebPage","@id":"https:\/\/www.vegaintro-projekti.com\/pilar-stari\/2021\/09\/dr-sc-ljiljana-dobrovsak-odrzala-predavanje-o-povijesti-zidova-u-osijeku-u-zidovskoj-opcini-osijek-21-9-2021\/","url":"https:\/\/www.vegaintro-projekti.com\/pilar-stari\/2021\/09\/dr-sc-ljiljana-dobrovsak-odrzala-predavanje-o-povijesti-zidova-u-osijeku-u-zidovskoj-opcini-osijek-21-9-2021\/","name":"Dr. sc. Ljiljana Dobrov\u0161ak odr\u017eala predavanje o povijesti \u017didova u Osijeku u \u017didovskoj op\u0107ini Osijek, 21. 9. 2021. - Institut dru&scaron;tvenih znanosti Ivo Pilar","isPartOf":{"@id":"https:\/\/www.vegaintro-projekti.com\/pilar-stari\/#website"},"datePublished":"2021-09-25T13:56:18+00:00","dateModified":"2021-09-27T19:54:02+00:00","author":{"@id":"https:\/\/www.vegaintro-projekti.com\/pilar-stari\/#\/schema\/person\/ddd404c9f1e15e4ffef5986ac6a5d28b"},"breadcrumb":{"@id":"https:\/\/www.vegaintro-projekti.com\/pilar-stari\/2021\/09\/dr-sc-ljiljana-dobrovsak-odrzala-predavanje-o-povijesti-zidova-u-osijeku-u-zidovskoj-opcini-osijek-21-9-2021\/#breadcrumb"},"inLanguage":"hr","potentialAction":[{"@type":"ReadAction","target":["https:\/\/www.vegaintro-projekti.com\/pilar-stari\/2021\/09\/dr-sc-ljiljana-dobrovsak-odrzala-predavanje-o-povijesti-zidova-u-osijeku-u-zidovskoj-opcini-osijek-21-9-2021\/"]}]},{"@type":"BreadcrumbList","@id":"https:\/\/www.vegaintro-projekti.com\/pilar-stari\/2021\/09\/dr-sc-ljiljana-dobrovsak-odrzala-predavanje-o-povijesti-zidova-u-osijeku-u-zidovskoj-opcini-osijek-21-9-2021\/#breadcrumb","itemListElement":[{"@type":"ListItem","position":1,"name":"Home","item":"https:\/\/www.vegaintro-projekti.com\/pilar-stari\/"},{"@type":"ListItem","position":2,"name":"Dr. sc. Ljiljana Dobrov\u0161ak odr\u017eala predavanje o povijesti \u017didova u Osijeku u \u017didovskoj op\u0107ini Osijek, 21. 9. 2021."}]},{"@type":"WebSite","@id":"https:\/\/www.vegaintro-projekti.com\/pilar-stari\/#website","url":"https:\/\/www.vegaintro-projekti.com\/pilar-stari\/","name":"Institut dru&scaron;tvenih znanosti Ivo Pilar","description":"Pilar","potentialAction":[{"@type":"SearchAction","target":{"@type":"EntryPoint","urlTemplate":"https:\/\/www.vegaintro-projekti.com\/pilar-stari\/?s={search_term_string}"},"query-input":"required name=search_term_string"}],"inLanguage":"hr"},{"@type":"Person","@id":"https:\/\/www.vegaintro-projekti.com\/pilar-stari\/#\/schema\/person\/ddd404c9f1e15e4ffef5986ac6a5d28b","name":"Boris","image":{"@type":"ImageObject","inLanguage":"hr","@id":"https:\/\/www.vegaintro-projekti.com\/pilar-stari\/#\/schema\/person\/image\/","url":"https:\/\/secure.gravatar.com\/avatar\/29557b161a6ce6ab86ac1503164f1e90?s=96&d=mm&r=g","contentUrl":"https:\/\/secure.gravatar.com\/avatar\/29557b161a6ce6ab86ac1503164f1e90?s=96&d=mm&r=g","caption":"Boris"},"url":"https:\/\/www.vegaintro-projekti.com\/pilar-stari\/author\/boris\/"}]}},"_links":{"self":[{"href":"https:\/\/www.vegaintro-projekti.com\/pilar-stari\/wp-json\/wp\/v2\/posts\/19997"}],"collection":[{"href":"https:\/\/www.vegaintro-projekti.com\/pilar-stari\/wp-json\/wp\/v2\/posts"}],"about":[{"href":"https:\/\/www.vegaintro-projekti.com\/pilar-stari\/wp-json\/wp\/v2\/types\/post"}],"author":[{"embeddable":true,"href":"https:\/\/www.vegaintro-projekti.com\/pilar-stari\/wp-json\/wp\/v2\/users\/7"}],"replies":[{"embeddable":true,"href":"https:\/\/www.vegaintro-projekti.com\/pilar-stari\/wp-json\/wp\/v2\/comments?post=19997"}],"version-history":[{"count":3,"href":"https:\/\/www.vegaintro-projekti.com\/pilar-stari\/wp-json\/wp\/v2\/posts\/19997\/revisions"}],"predecessor-version":[{"id":20000,"href":"https:\/\/www.vegaintro-projekti.com\/pilar-stari\/wp-json\/wp\/v2\/posts\/19997\/revisions\/20000"}],"wp:featuredmedia":[{"embeddable":true,"href":"https:\/\/www.vegaintro-projekti.com\/pilar-stari\/wp-json\/wp\/v2\/media\/19995"}],"wp:attachment":[{"href":"https:\/\/www.vegaintro-projekti.com\/pilar-stari\/wp-json\/wp\/v2\/media?parent=19997"}],"wp:term":[{"taxonomy":"category","embeddable":true,"href":"https:\/\/www.vegaintro-projekti.com\/pilar-stari\/wp-json\/wp\/v2\/categories?post=19997"},{"taxonomy":"post_tag","embeddable":true,"href":"https:\/\/www.vegaintro-projekti.com\/pilar-stari\/wp-json\/wp\/v2\/tags?post=19997"}],"curies":[{"name":"wp","href":"https:\/\/api.w.org\/{rel}","templated":true}]}}