{"id":20184,"date":"2021-10-11T19:38:44","date_gmt":"2021-10-11T19:38:44","guid":{"rendered":"https:\/\/www.vegaintro-projekti.com\/pilar-stari\/?p=20184"},"modified":"2021-10-14T20:23:12","modified_gmt":"2021-10-14T20:23:12","slug":"zavrsna-konferencija-projekta-chief-6-8-10-2021","status":"publish","type":"post","link":"https:\/\/www.vegaintro-projekti.com\/pilar-stari\/2021\/10\/zavrsna-konferencija-projekta-chief-6-8-10-2021\/","title":{"rendered":"Zavr\u0161na konferencija projekta CHIEF, 6.-8. listopada 2021."},"content":{"rendered":"<p><strong>Nakon tri godine istra\u017eiva\u010dkih aktivnosti na projektu CHIEF (Cultural Heritage and Identities of Europe\u00b4s Future), istra\u017eiva\u010dki tim Instituta Ivo Pilar sudjelovao je na zavr\u0161noj konferenciji projekta pod nazivom &#8220;Cultural Heritage and Identities of the Future&#8221; odr\u017eanoj od 6. do 8. listopada 2021.<\/strong><\/p>\n<p><img decoding=\"async\" loading=\"lazy\" class=\"alignnone wp-image-20182 size-full\" src=\"https:\/\/www.vegaintro-projekti.com\/pilar-stari\/wp-content\/uploads\/2021\/10\/Sl_03-1.jpg\" alt=\"\" width=\"620\" height=\"350\" srcset=\"https:\/\/www.vegaintro-projekti.com\/pilar-stari\/wp-content\/uploads\/2021\/10\/Sl_03-1.jpg 620w, https:\/\/www.vegaintro-projekti.com\/pilar-stari\/wp-content\/uploads\/2021\/10\/Sl_03-1-300x169.jpg 300w\" sizes=\"(max-width: 620px) 100vw, 620px\" \/><\/p>\n<p><span style=\"font-size: 8pt;\"><strong>Zavr\u0161na konferencija projekta CHIEF, 6.-8. listopada 2021.<\/strong><\/span><\/p>\n<p>U tri dana istra\u017eiva\u010dki timovi devet znanstvenih institucija koje su sudjelovale na projektu predstavile su svoje nalaze u predavanjima, panel diskusijama i predstavljanjima zakonskih preporuka dobivenih na temelju zaklju\u010daka svojih istra\u017eivanja.<\/p>\n<p><img decoding=\"async\" loading=\"lazy\" class=\"alignnone wp-image-20181 size-full\" src=\"https:\/\/www.vegaintro-projekti.com\/pilar-stari\/wp-content\/uploads\/2021\/10\/Sl_02-1.jpg\" alt=\"\" width=\"310\" height=\"238\" srcset=\"https:\/\/www.vegaintro-projekti.com\/pilar-stari\/wp-content\/uploads\/2021\/10\/Sl_02-1.jpg 310w, https:\/\/www.vegaintro-projekti.com\/pilar-stari\/wp-content\/uploads\/2021\/10\/Sl_02-1-300x230.jpg 300w\" sizes=\"(max-width: 310px) 100vw, 310px\" \/><img decoding=\"async\" loading=\"lazy\" class=\"alignnone wp-image-20180 size-full\" src=\"https:\/\/www.vegaintro-projekti.com\/pilar-stari\/wp-content\/uploads\/2021\/10\/Sl_01-1.jpg\" alt=\"\" width=\"310\" height=\"238\" srcset=\"https:\/\/www.vegaintro-projekti.com\/pilar-stari\/wp-content\/uploads\/2021\/10\/Sl_01-1.jpg 310w, https:\/\/www.vegaintro-projekti.com\/pilar-stari\/wp-content\/uploads\/2021\/10\/Sl_01-1-300x230.jpg 300w\" sizes=\"(max-width: 310px) 100vw, 310px\" \/><\/p>\n<p>Na konferenciji su <strong>dr. sc. Marko Mustapi\u0107, Dino Vuku\u0161i\u0107 i dr. sc. Benjamin Perasovi\u0107<\/strong> odr\u017eali predavanje pod nazivom <em><strong>Sport and Youth Activism: Basketball and \u00b4Heritage in Making\u00b4 in Zagreb<\/strong><\/em>. <strong>Dino Vuku\u0161i\u0107, dr. sc. Ra\u0161eljka Krni\u0107 i Vanja Dergi\u0107<\/strong> odr\u017eali su predavanje pod nazivom <em><strong>Youth Activism and Space: The Example of Young People in Zagreb<\/strong><\/em> u kojem su predstavili nalaze etnografskog istra\u017eivanja <em>Squatting in Zagreb: the case of the BEK social centre<\/em>. Zadnji dan konferencije<strong> dr. sc. Marko Mustapi\u0107<\/strong> moderirao je sesiju pod nazivom <em>Sites of Learning: Young People\u00b4s Experiences of Diverse Educational Environments<\/em> unutar koje su kolege iz Ujedinjenog Kraljevstva, Gruzije, Indije i Turske predstavili nalaze svojih istra\u017eivanja.<\/p>\n<p><img decoding=\"async\" loading=\"lazy\" class=\"alignnone wp-image-20179 size-full\" src=\"https:\/\/www.vegaintro-projekti.com\/pilar-stari\/wp-content\/uploads\/2021\/10\/logo-2.jpg\" alt=\"\" width=\"620\" height=\"279\" srcset=\"https:\/\/www.vegaintro-projekti.com\/pilar-stari\/wp-content\/uploads\/2021\/10\/logo-2.jpg 620w, https:\/\/www.vegaintro-projekti.com\/pilar-stari\/wp-content\/uploads\/2021\/10\/logo-2-300x135.jpg 300w\" sizes=\"(max-width: 620px) 100vw, 620px\" \/><\/p>\n<blockquote><p><a href=\"https:\/\/www.vegaintro-projekti.com\/pilar-stari\/2018\/10\/institut-u-projektu-cultural-heritage-and-identities-of-europes-future-chief\/\">Projekt CHIEF<\/a><\/p><\/blockquote>\n","protected":false},"excerpt":{"rendered":"<p>Nakon tri godine istra\u017eiva\u010dkih aktivnosti na projektu CHIEF (Cultural Heritage and Identities of Europe\u00b4s Future), istra\u017eiva\u010dki tim Instituta Ivo Pilar sudjelovao je na zavr\u0161noj konferenciji projekta pod nazivom &#8220;Cultural Heritage and Identities of the Future&#8221; odr\u017eanoj od 6. do 8. listopada 2021. Zavr\u0161na konferencija projekta CHIEF, 6.-8. listopada 2021. U tri dana istra\u017eiva\u010dki timovi devet&hellip; <a class=\"continue\" href=\"https:\/\/www.vegaintro-projekti.com\/pilar-stari\/2021\/10\/zavrsna-konferencija-projekta-chief-6-8-10-2021\/\">Pro\u010ditaj vi\u0161e o<span> Zavr\u0161na konferencija projekta CHIEF, 6.-8. listopada 2021.<\/span><\/a><\/p>\n","protected":false},"author":7,"featured_media":20183,"comment_status":"closed","ping_status":"closed","sticky":false,"template":"","format":"standard","meta":{"inline_featured_image":false,"ngg_post_thumbnail":0,"footnotes":""},"categories":[11],"tags":[],"yoast_head":"<!-- This site is optimized with the Yoast SEO plugin v21.2 - https:\/\/yoast.com\/wordpress\/plugins\/seo\/ -->\n<title>Zavr\u0161na konferencija projekta CHIEF, 6.-8. listopada 2021. - Institut dru&scaron;tvenih znanosti Ivo Pilar<\/title>\n<meta name=\"robots\" content=\"noindex, follow, max-snippet:-1, max-image-preview:large, max-video-preview:-1\" \/>\n<meta property=\"og:locale\" content=\"hr_HR\" \/>\n<meta property=\"og:type\" content=\"article\" \/>\n<meta property=\"og:title\" content=\"Zavr\u0161na konferencija projekta CHIEF, 6.-8. listopada 2021. - Institut dru&scaron;tvenih znanosti Ivo Pilar\" \/>\n<meta property=\"og:description\" content=\"Nakon tri godine istra\u017eiva\u010dkih aktivnosti na projektu CHIEF (Cultural Heritage and Identities of Europe\u00b4s Future), istra\u017eiva\u010dki tim Instituta Ivo Pilar sudjelovao je na zavr\u0161noj konferenciji projekta pod nazivom &#8220;Cultural Heritage and Identities of the Future&#8221; odr\u017eanoj od 6. do 8. listopada 2021. Zavr\u0161na konferencija projekta CHIEF, 6.-8. listopada 2021. U tri dana istra\u017eiva\u010dki timovi devet&hellip; Pro\u010ditaj vi\u0161e o Zavr\u0161na konferencija projekta CHIEF, 6.-8. listopada 2021.\" \/>\n<meta property=\"og:url\" content=\"https:\/\/www.vegaintro-projekti.com\/pilar-stari\/2021\/10\/zavrsna-konferencija-projekta-chief-6-8-10-2021\/\" \/>\n<meta property=\"og:site_name\" content=\"Institut dru&scaron;tvenih znanosti Ivo Pilar\" \/>\n<meta property=\"article:published_time\" content=\"2021-10-11T19:38:44+00:00\" \/>\n<meta property=\"article:modified_time\" content=\"2021-10-14T20:23:12+00:00\" \/>\n<meta property=\"og:image\" content=\"https:\/\/www.vegaintro-projekti.com\/pilar-stari\/wp-content\/uploads\/2021\/10\/Sl_03s.jpg\" \/>\n\t<meta property=\"og:image:width\" content=\"498\" \/>\n\t<meta property=\"og:image:height\" content=\"219\" \/>\n\t<meta property=\"og:image:type\" content=\"image\/jpeg\" \/>\n<meta name=\"author\" content=\"Boris\" \/>\n<meta name=\"twitter:card\" content=\"summary_large_image\" \/>\n<meta name=\"twitter:label1\" content=\"Napisao\/la\" \/>\n\t<meta name=\"twitter:data1\" content=\"Boris\" \/>\n\t<meta name=\"twitter:label2\" content=\"Procijenjeno vrijeme \u010ditanja\" \/>\n\t<meta name=\"twitter:data2\" content=\"1 minuta\" \/>\n<script type=\"application\/ld+json\" class=\"yoast-schema-graph\">{\"@context\":\"https:\/\/schema.org\",\"@graph\":[{\"@type\":\"WebPage\",\"@id\":\"https:\/\/www.vegaintro-projekti.com\/pilar-stari\/2021\/10\/zavrsna-konferencija-projekta-chief-6-8-10-2021\/\",\"url\":\"https:\/\/www.vegaintro-projekti.com\/pilar-stari\/2021\/10\/zavrsna-konferencija-projekta-chief-6-8-10-2021\/\",\"name\":\"Zavr\u0161na konferencija projekta CHIEF, 6.-8. listopada 2021. - Institut dru&scaron;tvenih znanosti Ivo Pilar\",\"isPartOf\":{\"@id\":\"https:\/\/www.vegaintro-projekti.com\/pilar-stari\/#website\"},\"datePublished\":\"2021-10-11T19:38:44+00:00\",\"dateModified\":\"2021-10-14T20:23:12+00:00\",\"author\":{\"@id\":\"https:\/\/www.vegaintro-projekti.com\/pilar-stari\/#\/schema\/person\/ddd404c9f1e15e4ffef5986ac6a5d28b\"},\"breadcrumb\":{\"@id\":\"https:\/\/www.vegaintro-projekti.com\/pilar-stari\/2021\/10\/zavrsna-konferencija-projekta-chief-6-8-10-2021\/#breadcrumb\"},\"inLanguage\":\"hr\",\"potentialAction\":[{\"@type\":\"ReadAction\",\"target\":[\"https:\/\/www.vegaintro-projekti.com\/pilar-stari\/2021\/10\/zavrsna-konferencija-projekta-chief-6-8-10-2021\/\"]}]},{\"@type\":\"BreadcrumbList\",\"@id\":\"https:\/\/www.vegaintro-projekti.com\/pilar-stari\/2021\/10\/zavrsna-konferencija-projekta-chief-6-8-10-2021\/#breadcrumb\",\"itemListElement\":[{\"@type\":\"ListItem\",\"position\":1,\"name\":\"Home\",\"item\":\"https:\/\/www.vegaintro-projekti.com\/pilar-stari\/\"},{\"@type\":\"ListItem\",\"position\":2,\"name\":\"Zavr\u0161na konferencija projekta CHIEF, 6.-8. listopada 2021.\"}]},{\"@type\":\"WebSite\",\"@id\":\"https:\/\/www.vegaintro-projekti.com\/pilar-stari\/#website\",\"url\":\"https:\/\/www.vegaintro-projekti.com\/pilar-stari\/\",\"name\":\"Institut dru&scaron;tvenih znanosti Ivo Pilar\",\"description\":\"Pilar\",\"potentialAction\":[{\"@type\":\"SearchAction\",\"target\":{\"@type\":\"EntryPoint\",\"urlTemplate\":\"https:\/\/www.vegaintro-projekti.com\/pilar-stari\/?s={search_term_string}\"},\"query-input\":\"required name=search_term_string\"}],\"inLanguage\":\"hr\"},{\"@type\":\"Person\",\"@id\":\"https:\/\/www.vegaintro-projekti.com\/pilar-stari\/#\/schema\/person\/ddd404c9f1e15e4ffef5986ac6a5d28b\",\"name\":\"Boris\",\"image\":{\"@type\":\"ImageObject\",\"inLanguage\":\"hr\",\"@id\":\"https:\/\/www.vegaintro-projekti.com\/pilar-stari\/#\/schema\/person\/image\/\",\"url\":\"https:\/\/secure.gravatar.com\/avatar\/29557b161a6ce6ab86ac1503164f1e90?s=96&d=mm&r=g\",\"contentUrl\":\"https:\/\/secure.gravatar.com\/avatar\/29557b161a6ce6ab86ac1503164f1e90?s=96&d=mm&r=g\",\"caption\":\"Boris\"},\"url\":\"https:\/\/www.vegaintro-projekti.com\/pilar-stari\/author\/boris\/\"}]}<\/script>\n<!-- \/ Yoast SEO plugin. -->","yoast_head_json":{"title":"Zavr\u0161na konferencija projekta CHIEF, 6.-8. listopada 2021. - Institut dru&scaron;tvenih znanosti Ivo Pilar","robots":{"index":"noindex","follow":"follow","max-snippet":"max-snippet:-1","max-image-preview":"max-image-preview:large","max-video-preview":"max-video-preview:-1"},"og_locale":"hr_HR","og_type":"article","og_title":"Zavr\u0161na konferencija projekta CHIEF, 6.-8. listopada 2021. - Institut dru&scaron;tvenih znanosti Ivo Pilar","og_description":"Nakon tri godine istra\u017eiva\u010dkih aktivnosti na projektu CHIEF (Cultural Heritage and Identities of Europe\u00b4s Future), istra\u017eiva\u010dki tim Instituta Ivo Pilar sudjelovao je na zavr\u0161noj konferenciji projekta pod nazivom &#8220;Cultural Heritage and Identities of the Future&#8221; odr\u017eanoj od 6. do 8. listopada 2021. Zavr\u0161na konferencija projekta CHIEF, 6.-8. listopada 2021. U tri dana istra\u017eiva\u010dki timovi devet&hellip; Pro\u010ditaj vi\u0161e o Zavr\u0161na konferencija projekta CHIEF, 6.-8. listopada 2021.","og_url":"https:\/\/www.vegaintro-projekti.com\/pilar-stari\/2021\/10\/zavrsna-konferencija-projekta-chief-6-8-10-2021\/","og_site_name":"Institut dru&scaron;tvenih znanosti Ivo Pilar","article_published_time":"2021-10-11T19:38:44+00:00","article_modified_time":"2021-10-14T20:23:12+00:00","og_image":[{"width":498,"height":219,"url":"https:\/\/www.vegaintro-projekti.com\/pilar-stari\/wp-content\/uploads\/2021\/10\/Sl_03s.jpg","type":"image\/jpeg"}],"author":"Boris","twitter_card":"summary_large_image","twitter_misc":{"Napisao\/la":"Boris","Procijenjeno vrijeme \u010ditanja":"1 minuta"},"schema":{"@context":"https:\/\/schema.org","@graph":[{"@type":"WebPage","@id":"https:\/\/www.vegaintro-projekti.com\/pilar-stari\/2021\/10\/zavrsna-konferencija-projekta-chief-6-8-10-2021\/","url":"https:\/\/www.vegaintro-projekti.com\/pilar-stari\/2021\/10\/zavrsna-konferencija-projekta-chief-6-8-10-2021\/","name":"Zavr\u0161na konferencija projekta CHIEF, 6.-8. listopada 2021. - Institut dru&scaron;tvenih znanosti Ivo Pilar","isPartOf":{"@id":"https:\/\/www.vegaintro-projekti.com\/pilar-stari\/#website"},"datePublished":"2021-10-11T19:38:44+00:00","dateModified":"2021-10-14T20:23:12+00:00","author":{"@id":"https:\/\/www.vegaintro-projekti.com\/pilar-stari\/#\/schema\/person\/ddd404c9f1e15e4ffef5986ac6a5d28b"},"breadcrumb":{"@id":"https:\/\/www.vegaintro-projekti.com\/pilar-stari\/2021\/10\/zavrsna-konferencija-projekta-chief-6-8-10-2021\/#breadcrumb"},"inLanguage":"hr","potentialAction":[{"@type":"ReadAction","target":["https:\/\/www.vegaintro-projekti.com\/pilar-stari\/2021\/10\/zavrsna-konferencija-projekta-chief-6-8-10-2021\/"]}]},{"@type":"BreadcrumbList","@id":"https:\/\/www.vegaintro-projekti.com\/pilar-stari\/2021\/10\/zavrsna-konferencija-projekta-chief-6-8-10-2021\/#breadcrumb","itemListElement":[{"@type":"ListItem","position":1,"name":"Home","item":"https:\/\/www.vegaintro-projekti.com\/pilar-stari\/"},{"@type":"ListItem","position":2,"name":"Zavr\u0161na konferencija projekta CHIEF, 6.-8. listopada 2021."}]},{"@type":"WebSite","@id":"https:\/\/www.vegaintro-projekti.com\/pilar-stari\/#website","url":"https:\/\/www.vegaintro-projekti.com\/pilar-stari\/","name":"Institut dru&scaron;tvenih znanosti Ivo Pilar","description":"Pilar","potentialAction":[{"@type":"SearchAction","target":{"@type":"EntryPoint","urlTemplate":"https:\/\/www.vegaintro-projekti.com\/pilar-stari\/?s={search_term_string}"},"query-input":"required name=search_term_string"}],"inLanguage":"hr"},{"@type":"Person","@id":"https:\/\/www.vegaintro-projekti.com\/pilar-stari\/#\/schema\/person\/ddd404c9f1e15e4ffef5986ac6a5d28b","name":"Boris","image":{"@type":"ImageObject","inLanguage":"hr","@id":"https:\/\/www.vegaintro-projekti.com\/pilar-stari\/#\/schema\/person\/image\/","url":"https:\/\/secure.gravatar.com\/avatar\/29557b161a6ce6ab86ac1503164f1e90?s=96&d=mm&r=g","contentUrl":"https:\/\/secure.gravatar.com\/avatar\/29557b161a6ce6ab86ac1503164f1e90?s=96&d=mm&r=g","caption":"Boris"},"url":"https:\/\/www.vegaintro-projekti.com\/pilar-stari\/author\/boris\/"}]}},"_links":{"self":[{"href":"https:\/\/www.vegaintro-projekti.com\/pilar-stari\/wp-json\/wp\/v2\/posts\/20184"}],"collection":[{"href":"https:\/\/www.vegaintro-projekti.com\/pilar-stari\/wp-json\/wp\/v2\/posts"}],"about":[{"href":"https:\/\/www.vegaintro-projekti.com\/pilar-stari\/wp-json\/wp\/v2\/types\/post"}],"author":[{"embeddable":true,"href":"https:\/\/www.vegaintro-projekti.com\/pilar-stari\/wp-json\/wp\/v2\/users\/7"}],"replies":[{"embeddable":true,"href":"https:\/\/www.vegaintro-projekti.com\/pilar-stari\/wp-json\/wp\/v2\/comments?post=20184"}],"version-history":[{"count":6,"href":"https:\/\/www.vegaintro-projekti.com\/pilar-stari\/wp-json\/wp\/v2\/posts\/20184\/revisions"}],"predecessor-version":[{"id":20191,"href":"https:\/\/www.vegaintro-projekti.com\/pilar-stari\/wp-json\/wp\/v2\/posts\/20184\/revisions\/20191"}],"wp:featuredmedia":[{"embeddable":true,"href":"https:\/\/www.vegaintro-projekti.com\/pilar-stari\/wp-json\/wp\/v2\/media\/20183"}],"wp:attachment":[{"href":"https:\/\/www.vegaintro-projekti.com\/pilar-stari\/wp-json\/wp\/v2\/media?parent=20184"}],"wp:term":[{"taxonomy":"category","embeddable":true,"href":"https:\/\/www.vegaintro-projekti.com\/pilar-stari\/wp-json\/wp\/v2\/categories?post=20184"},{"taxonomy":"post_tag","embeddable":true,"href":"https:\/\/www.vegaintro-projekti.com\/pilar-stari\/wp-json\/wp\/v2\/tags?post=20184"}],"curies":[{"name":"wp","href":"https:\/\/api.w.org\/{rel}","templated":true}]}}