{"id":20243,"date":"2021-10-11T11:46:22","date_gmt":"2021-10-11T11:46:22","guid":{"rendered":"https:\/\/www.vegaintro-projekti.com\/pilar-stari\/?p=20243"},"modified":"2021-10-13T12:02:02","modified_gmt":"2021-10-13T12:02:02","slug":"dr-sc-danijel-vojak-provodenje-nacionalnog-plana-za-rome-mora-biti-zajednicka-politika-hrvatske-vecine-i-romske-manjine-13-10-2021","status":"publish","type":"post","link":"https:\/\/www.vegaintro-projekti.com\/pilar-stari\/2021\/10\/dr-sc-danijel-vojak-provodenje-nacionalnog-plana-za-rome-mora-biti-zajednicka-politika-hrvatske-vecine-i-romske-manjine-13-10-2021\/","title":{"rendered":"Dr. sc. Danijel Vojak o Nacionalom planu za Rome 2021.-2027."},"content":{"rendered":"<p><strong>Portal Udar.net objavljuje 13. listopada 2021. razgovor s dr. sc. Danijelom Vojakom pod naslovom &#8220;Provo\u0111enje Nacionalnog plana za Rome mora biti zajedni\u010dka politika Hrvatske ve\u0107ine i romske manjine&#8221;<\/strong><\/p>\n<p><a href=\"https:\/\/www.portal-udar.net\/provodjenje-nacionalnog-plana-za-rome-mora-biti-zajednicka-politika-hrvatske-vecine-i-romske-manjine\/\"><img decoding=\"async\" loading=\"lazy\" class=\"alignnone wp-image-20242 size-full\" src=\"https:\/\/www.vegaintro-projekti.com\/pilar-stari\/wp-content\/uploads\/2021\/10\/DVojak_s-1.jpg\" alt=\"\" width=\"620\" height=\"375\" srcset=\"https:\/\/www.vegaintro-projekti.com\/pilar-stari\/wp-content\/uploads\/2021\/10\/DVojak_s-1.jpg 620w, https:\/\/www.vegaintro-projekti.com\/pilar-stari\/wp-content\/uploads\/2021\/10\/DVojak_s-1-300x181.jpg 300w\" sizes=\"(max-width: 620px) 100vw, 620px\" \/><\/a><\/p>\n<p><span style=\"font-size: 8pt;\"><strong>Dr. sc. Danijel Vojak, povjesni\u010dar, vi\u0161i znanstveni suradnik Instituta \u201eIvo Pilar \u201e u Zagrebu i \u010dlan Radne skupine za izradu Nacionalnog plana za uklju\u010divanje Roma za razdoblje od 2021. do 2027. godine<\/strong><\/span><\/p>\n<p><strong>&#8211; Udar.net:<\/strong> <a href=\"https:\/\/www.portal-udar.net\/provodjenje-nacionalnog-plana-za-rome-mora-biti-zajednicka-politika-hrvatske-vecine-i-romske-manjine\/\">Dr. sc. Danijel Vojak: Provo\u0111enje Nacionalnog plana za Rome mora biti zajedni\u010dka politika Hrvatske ve\u0107ine i romske manjine, 13. 10. 2021.<\/a><\/p>\n<p><em>Ciljevi u samom Nacionalnom planu su postavljeni i uskla\u0111eni sa sli\u010dnim politikama prema Romima na razini Europske unije. Sada je na izvr\u0161nim tijelima vlasti da zajedno s romskom manjinskom zajednicom ostvari te ciljeve. Pri tome nije samo dovoljno da tijela vlasti osiguravaju financijska sredstva ve\u0107 je vrlo va\u017eno da uskla\u0111eno i sinkrono djeluju na rje\u0161avanju problema. Posebno je pak va\u017eno da se predstavnici romske zajednice aktivnije uklju\u010de u ovaj proces, a posebno \u0161to vi\u0161e obrazovnih (i mladih) i da oni iz ovog procesa iza\u0111u kako najve\u0107i dobitnici. No bitno je shvatiti da ovaj dokument predstavlja \u201estepenicu \u201e koju zajedno moraju pro\u0107i i Romi i ve\u0107insko stanovni\u0161tvo kako bi to postala zajedni\u010dka politika jer to je presudni uvjet za uspjeh.<\/em><\/p>\n<p>Hrvatska Vlada u lipnju je usvojila Nacionalni plan za uklju\u010divanje Roma za razdoblje od 2021. do 2027. godine koji se temelji na op\u0107oj Nacionalnoj razvojnoj strategiji Republike Hrvatske do 2030.godine, a uskla\u0111en je i sa Strate\u0161kim okvirom EU za jednakost, uklju\u010divanje i participaciju Roma do 2030. godine te predstavlja nastavak realizacije Nacionalne strategije za uklju\u010divanje Roma od 2013. do 2020. godine. Dokumentom je, vjeruje se, postavljen strate\u0161ki okvir za razvoj jednakosti, uklju\u010divanje i sudjelovanje pripadnika romske nacionalne manjine u Hrvatskoj. Stoga je kao generalni \u2013 primarni cilj u novom Nacionalnom planu upravo i istaknuto unaprje\u0111enje ukupne integracije pripadnika romske nacionalne manjine u Republici Hrvatskoj te smanjivanje egzistencijalnog jaza izme\u0111u Roma i ostatka populacije u svim klju\u010dnim podru\u010djima \u017eivota. O zna\u010daju ovog dokumenta, pretpostavkama za njegovu uspje\u0161nu implementaciju ali i stvarnim dru\u0161tvenim uvjetima koji mogu dovesti do promjene i pobolj\u0161anja dru\u0161tvenog polo\u017eaja Roma u Hrvatskom dru\u0161tvu razgovarali smo s poznatim povjesni\u010darem (i posebno istra\u017eiva\u010dem romske povijesti) te \u010dlanom radne skupine za izradu ovog va\u017enog dokumenta dr. sc. Danijelom Vojakom s Instituta Ivo Pilar u Zagrebu.<\/p>\n<p><strong>\u2013 Hrvatska Vlada usvojila je novi Nacionalni plan za uklju\u010divanje Roma, za razdoblje od 2021. do 2027. godine. Kako ocjenjujete taj dokument u odnosu na prethodni (Nacionalna strategija za uklju\u010divanje Roma 2013-2020). Da li novi Nacionalni plan uklju\u010duje nove kvalitativne pomake i iskorake?<\/strong><\/p>\n<p>Krajem lipnja ove godine je Vlada Republike Hrvatske na sjednici donijela Odluku o dono\u0161enju Nacionalnog plana za uklju\u010divanje Roma, za razdoblje od 2021. do 2027. godine. Osim toga, odobren je provedbeni mehanizam u obliku Akcijskog plana za provedbu Nacionalnog plana za uklju\u010divanje Roma, za razdoblje od 2021. do 2027. godine, a koji se odnosi za 2021. i 2022. godinu. Svakako moram istaknuti vrijedan rad Ureda za ljudska prava i prava nacionalnih manjina na \u010delu s ravnateljem Ureda Alenom Tahirijem te zna\u010dajan doprinos \u010dlanova Radnih skupina u izradi ovih dokumenta.<\/p>\n<p>Moje je mi\u0161ljenje da Nacionalni plan za uklju\u010divanje Roma, za razdoblje od 2021. do 2027. godine \u010dini odre\u0111eni iskorak u integraciji romskog stanovni\u0161tva i to posebice u nastojanju da se unaprijedi njihov socioekonomski i obrazovni polo\u017eaj. Ciljevi u samom Nacionalnom planu su postavljeni i uskla\u0111eni sa sli\u010dnim politikama prema Romima na razini Europske unije. Sada je na izvr\u0161nim tijelima vlasti da zajedno s romskom manjinskom zajednicom ostvari te ciljeve. I tu mislim da je klju\u010dno rje\u0161enje upravo zajedni\u010dki rad koji bi omogu\u0107io da kroz nekoliko godina intenzivnog rada pripadnici romske manjinske zajednice osjete pomake na bolje. Svakako, ovaj dokument ne treba smatrati krajnjim rje\u0161enjem za brojna pitanja vezana uz romsku zajednicu, poput pitanja obrazovanja, stanovanja i zapo\u0161ljavanja. Ovaj dokument smatram samo jednim od \u201estepenica\u201c koje moraju prije\u0107i zajedno ve\u0107insko stanovni\u0161tvo sa romskim manjinskim stanovni\u0161tvom do odre\u0111ene razine, na kojoj obje ove zajednice djeluju sinkrono u socijalnom, gospodarskom, obrazovnom i kulturnom funkcioniranju. Tada se Romi ne\u0107e diskriminirati na temelju svoje etni\u010dnosti, ve\u0107 \u0107e ponosno isticati svoju kulturnu i drugu posebnost.<\/p>\n<p>NISU DOVOLJNA SAMO MATERIJALNA SREDSTVA<\/p>\n<p><strong>Jedan od primarnih ciljeva je unaprje\u0111enje ukupne integracije pripadnika romske nacionalne manjine u Republici Hrvatskoj te smanjivanje jaza izme\u0111u pripadnika romske nacionalne manjine i ostatka populacije u klju\u010dnim podru\u010djima intervencije uskla\u0111enim sa Strate\u0161kim okvirom EU za jednakost, uklju\u010divanje i participaciju Roma do 2030. godine. O \u010demu \u0107e najvi\u0161e ovisiti uspje\u0161na realizacija tog Plana i da li postoje realni uvjeti za njegovo ostvarivanje?<\/strong><\/p>\n<p>Naravno, klju\u010dno je da su u samom Nacionalnom planu za uklju\u010divanje Roma postavljeni odre\u0111eni ciljevi, a u samom Akcijskom planu odre\u0111en je put kako ostvariti te ciljeve. Ne bih istaknuo kako je jedino va\u017eno da tijela izvr\u0161ne vlasti osiguraju samo materijalna sredstva za ostvarivanje tih ciljeva, ve\u0107 bih naveo kako je jednako va\u017eno njihovo me\u0111usobno sinkrono djelovanje, tj. da razna ministarstva zajedno djeluju u ostvarivanju ovih ciljeva, da predla\u017eu kvalitetnije mehanizma kako ih ostvariti \u2013 i za\u0161to ne i prema\u0161iti odre\u0111ene postavljene ciljeve. Tu posebno o\u010dekujem znatnu aktivnost Ministarstva znanosti i obrazovanja, koje smatram jednim od klju\u010dnih tijela u provo\u0111enju ovog Plana. Rezultati koje ostvaruje ovo ministarstvo u obrazovanju Roma su ohrabruju\u0107i i stoga mislim da je ovo tijelo izvr\u0161ne vlasti iznimno zna\u010dajni faktor. Istodobno, ne smijemo zaboraviti niti potrebu da se predstavnici romske zajednice aktivnije uklju\u010de u ovaj proces, pritom posebno mislim kako bih volio da se vi\u0161e obrazovnih (i mladih) Roma uklju\u010di i da oni iz ovog procesa iza\u0111u kako najve\u0107i dobitnici. Upravo se nalazimo u trenutku kada se stvara sna\u017ena mlada i obrazovna romska inteligencija koja \u0107e se nametnuti kao pokreta\u010di promjena i to posebno na lokalnim razinama. Svakako, u samoj provedbi ovog Plana i dalje ostaje klju\u010dna uloga saborskog zastupnika romske nacionalne manjine Veljka Kajtazija te romskih nevladinih organizacija, poput \u201eKali Sare\u201c i drugih organizacija.<\/p>\n<p>MLADI KAO POKRETA\u010cI PROMJENA<\/p>\n<p><strong>Kako ocjenjujete dosada\u0161nji rad na romskim problemima (realizaciju prethodne Nacionalne strategije, ali i drugih strate\u0161kih, akcijskih i sli\u010dnih dokumenata, programa\u2026 U \u010demu su najve\u0107i problemi i otpori njihovoj realizaciji?<\/strong><\/p>\n<p>Kao povjesni\u010dar koji se pribli\u017eno dvadeset godina bavim prou\u010davanjem povijest Roma u Hrvatskoj i Europi, moram re\u0107i kako ne postoji jedno cjelovito rje\u0161enje za Rome na razini odre\u0111ene europske zemlje. Samo nametanje na razini odre\u0111enih vlasti da postoji problem s Romima (nekada se to nazivalo \u201eciganskim pitanjem\u201c koje su nacisti\u010dke vlasti i njeni saveznici rje\u0161avale genocidnom politikom prije i za vrijeme Drugog svjetskog rata) je iznimno pogre\u0161no. Ne postoji tako problem u samim Romima, kao da su oni sami zbog svog etni\u010dkog identiteta unaprijed nametnuti kao problem ve\u0107inskoj zajednici u odre\u0111enoj (europskoj) zemlji. Svakako, gledaju\u0107i kao povjesni\u010dar, \u201eromski problem\u201c je jednako problem (ako ne i vi\u0161e) kod ve\u0107inskog naroda, nego kod samih Roma. Za\u0161to? Upravo zbog toga jer se prema Romima po njihovom doseljavanju na europska podru\u010dja u srednjem vijeku postupalo unutar postoje\u0107eg sociokulturnog imaginarija koji ih je definirao \u201e vje\u010dnim strancima\u201c, vje\u010dnim \u201eonim drugim\u201c. Rijetki su primjeri diskursa u kojima su Romi bili \u201edio odre\u0111enog naroda\u201c sa svojim posebnostima u jeziku, obi\u010dajima i sl. Takav diskurs vje\u010dnog stranca utkao se u percepciju ve\u0107ine europskog stanovni\u0161tva, uklju\u010duju\u0107i i stanovni\u0161tva na hrvatskim podru\u010djima. Romski na\u010din \u017eivota, koji su mnogi pogre\u0161no tuma\u010dili (na\u017ealost i neki danas tako tuma\u010de) isklju\u010divo kao \u201easocijalan\u201c zaboravljaju na bezbrojne primjere Roma kao obrtnika, trgovaca i zabavlja\u010da, tj. kao dio socioekonomskog mozaika ve\u0107ine europskih dru\u0161tava. Surovost i represivnost politike prema njima koja ih je obilje\u017eila \u201evje\u010dnim strancima\u201c nije bila samo vidljiva u genocidnoj politici nacisti\u010dkih vlasti i njenih saveznika u godinama uo\u010di i za vrijeme Drugog svjetskog rata. Takva represivno \u2013 asimilacijska politika provodila se ve\u0107 od 15. stolje\u0107a i dovodila je do poku\u0161aja njihovog uni\u0161tenja. Romi su bili, poput \u017didova, vje\u010dni krivci vlastima za brojne dru\u0161tvene probleme, npr. za preno\u0161enje zaraza, otimanje i mu\u010denje djece, kra\u0111e i varanje stanovni\u0161tva i sl. Na\u017ealost, i danas u nekim europskim zemljama i dalje Romi stradavaju pod pritiskom takve percepcije vje\u010dnih stranaca. Sre\u0107om, u Hrvatskoj se takva razina nasilja prema Romima ne doga\u0111a, iako i dalje postoji odre\u0111ena razina predrasuda i stereotipa prema njima \u0161to se posebno vidi u postojanju socioekonomske diskriminacije. I dalje neki Romi moraju kriti svoj etni\u010dki identitet kako bi ostvarili osnovna prava, poput prava na rad! I to se mora zaustaviti. Europska razina gra\u0111anskih sloboda i prava te\u017ei prihva\u0107anju posebnosti svih naroda, uklju\u010duju\u0107i i onih romskog naroda. Takav civilizacijski diskurs te\u017ei da se romska posebnost, njihova kultura, povijest i jezik o\u010duvaju.<\/p>\n<p><strong>Koji su klju\u010dni op\u0107e-dru\u0161tveni uvjeti da bi se po\u010deo mijenjati polo\u017eaj romske zajednice? Kako ocjenjujte dru\u0161tveni i politi\u010dki odnos prema romskoj zajednici danas?<\/strong><\/p>\n<p>Mislim da sam u prethodnom odgovoru pokrio barem dijelom i odgovor na ovo pitanje. Klju\u010dno je me\u0111usobno razumijevanje i po\u0161tivanje obiju zajednica, romske manjinske i hrvatske ve\u0107inske zajednice. Predstavnici obiju zajednica trebaju aktivnije raditi na rje\u0161avanju svih problema, ali ne samo problema koji imaju Romi, ve\u0107 i problema koji imaju Hrvati. Drugim rije\u010dima, ukoliko pitanje socijalne nejednakosti poga\u0111a obje ove zajednice, poput pitanja nezaposlenosti, demografske politike (iseljavanja, niska razina nataliteta), obrazovne politike i dr., tada ne postoji \u201eromski\u201c niti \u201ehrvatski\u201c problem, ve\u0107 je problem zajedni\u010dki. Konkretno, u posljednje vrijeme hrvatska javnost je bila medijski fokusirana na nekoliko tragi\u010dnih kriminalnih doga\u0111aja me\u0111u Romima u Me\u0111imurju. Svakako, mediji su pozitivno reagirali i izvje\u0161tavali o ovim doga\u0111ajima, no ubrzo je ovaj slu\u010daj sa razine \u201eme\u0111u obiteljskog nasilja\u201c pre\u0161ao na politi\u010dku razinu sukoba i tada je bila ponovno otvorena i javna polemika na razini \u201e\u0161to da se uradi sa vje\u010dno problemati\u010dnim Romima\u201c i sl. Malo pojednostavljujem stvari radi boljeg razumijevanja, ali tu je su\u0161tina. I u takvoj polemici, koja se uobi\u010dajeno odvijala na dru\u0161tvenim mre\u017eama, medijskim portalima \u010desto su se javljale teze koje su utemeljene na predrasudama i stereotipima o Romima. Stru\u010dnjaci raznih profesija nastojali su dati rje\u0161enja, nerijetko se pozivaju\u0107i na potrebu represivnog provo\u0111enja mjera prema Romima. I tu se ponovno izgubio fokus od pravog problema, a to je izostanak oblikovanja i provo\u0111enje politike, koju bih grubo nazvao \u201ehrvatsko \u2013 romske\u201c politike. Desetak dana kasnije mediji su svoju pozornost skrenuli na druge teme, tako su Romi ponovno postali \u201etinjaju\u0107i\u201c sociokulturni problem, kojega \u0107e ponovno zapaliti sljede\u0107i sli\u010dan slu\u010daj nasilja. I sada se name\u0107e pitanje kako rije\u0161iti ovu problematiku. Moje znanje je previ\u0161e skromno da bih mogao na ovom mjestu iznijeti jedno odlu\u010dno rje\u0161enje. No, mogu istaknuti kako je Nacionalni plan za uklju\u010divanje Roma, za razdoblje od 2021. do 2027. godine, jedan od na\u010dina kako to ostvariti. Obrazovani Rom\/kinja, koji\/a se nakon obrazovanja zapo\u0161ljava i time doprinosi razvoju hrvatskog gospodarstva i dru\u0161tva, \u017eivi u primjerenim \u017eivotnim uvjetima, podi\u017ee svoju djecu u\u010de\u0107i ih njihovoj kulturi, povijesti i jeziku, to je cilj ovog i budu\u0107ih dokumenata. Cilj je i Rom\/kinja koja ne samo da po\u0161tuje zakone, ve\u0107 i sami iniciraju njihovo unapre\u0111enje kako se njihov osje\u0107aj pripadnosti hrvatskom dru\u0161tvu, narodu ne bi razlikovao od drugih (ve\u0107inskih) pripadnika. Onda se ne bi trebalo govoriti o manjini i ve\u0107ini, o njima i nama, o doma\u0107im i stranima. Takvu politiku ne smatram nemogu\u0107om, ve\u0107 trenutno te\u0161ko ostvarivom. No, nadam se da \u0107emo na kraju ovog desetlje\u0107a ovakvu politiku mo\u0107i smatrati \u201elak\u0161e ostvarivom\u201c.<\/p>\n<p>HRVATSKO-ROMSKA POLITIKA<\/p>\n<p><strong>U romskoj zajednici velika su o\u010dekivanja od aktualnog popisa stanovni\u0161tva. Prema zadnjem popisu Roma je bilo oko 17.000 iako neki (i na osnovu odre\u0111enih empirijskih istra\u017eivanja) njihov broj u Hrvatskoj procjenjuju znatno ve\u0107im, pa \u010dak prema nekim procjenama i iznad 40.000. Da li \u0107e ovaj popis smanjiti te nesrazmjere izme\u0111u deklariranog i stvarnog broja Roma?<\/strong><\/p>\n<p>Osobno se nadam da ho\u0107e, jer bi to bio pokazatelj da se Romi slobodnije osje\u0107aju izraziti svoj etni\u010dki identitet nego deset godina ranije. Ukoliko analizirate moderne popise stanovni\u0161tva provedene na hrvatskim podru\u010djima od 1880. do danas, mo\u017eete vidjeti da se broj Roma pove\u0107avao do Drugog svjetskog rata, nakon \u010dega je drasti\u010dno smanjen u poratnom razdoblju. Od uspostave Republike Hrvatske taj broj je u konstantnom porastu. Zanimljivo je primijetiti kako je broj Roma u razdoblju prije Drugog svjetskog rata pribli\u017eno izjedna\u010den tek u popisu iz 2011., tj. Romi su za vrijeme Drugog svjetskog rata pretrpjeli takav demografski gubitak, od kojeg su se oporavljali 70-ak godina! To samo govori o razmjerima stradanja Roma na hrvatskim podru\u010djima za vrijeme Drugog svjetskog rata. Svakako treba istaknuti kako ve\u0107ina znanstvenika, predstavnici romske zajednice i drugi, navode kako je stvaran broj nekoliko puta ve\u0107i od broja koji je popisan. Za\u0161to se to doga\u0111a kod Roma? Ponajprije zbog toga jer se dio Roma i dalje zbog odre\u0111enog straha od diskriminacije izja\u0161njavaju kao pripadnici drugih neromskih naroda \u0161to se naziva etni\u010dkom mimikrijom. I to je proces koji je bio primjetan u svim popisima stanovni\u0161tva. I tu je znatna odgovornost na vlastima i ve\u0107inskom narodu da se Romi osje\u0107aju sigurno u hrvatskom dru\u0161tvu, da se izjasne kao pripadnici vlastite etni\u010dke skupine. Istodobno, drago mi je da su politi\u010dki predstavnici Roma prepoznali potrebu aktivnog djelovanja u romskoj zajednici o osvje\u0161\u0107ivanju potrebe vlastite etni\u010dke identifikacije.<\/p>\n<p>VA\u017dNOST POPISA<\/p>\n<p><strong>\u0160to su najzna\u010dajniji razlozi da se Romi nedovoljno deklariraju svojom stvarnom etni\u010dkom pripadno\u0161\u0107u?<\/strong><\/p>\n<p>Ve\u0107 sam spomenuo etni\u010dku mimikriju, koja kao znanstveni termin pokriva pojavu u kojoj se pripadnici odre\u0111ene etni\u010dke zajednice izja\u0161njavanju kao pripadnici druge zajednice jer se boje diskriminacije i druge mogu\u0107e neugodnosti. Takav problem je identi\u010dan i u drugim zemljama. Ovaj problem se jedino mo\u017ee rije\u0161iti zajedni\u010dkim radom izme\u0111u romske i ve\u0107inske zajednice. Ponavljam, tek kada se Romima unaprijedi njihov socioekonomski, obrazovni i kulturni polo\u017eaj tek tada \u0107e, vjerujem, ovaj problem biti rije\u0161en\u2026<\/p>\n<p><strong>Da li se romska zajednica pripremila za popis, da li je osvije\u0161tena o benefitima koje ve\u0107i broj izja\u0161njenih Roma donosi \u010ditavoj romskoj zajednici?<\/strong><\/p>\n<p>Primjetna je aktivnost romskih predstavnika i romskih nevladinih organizacija, a tu posebno mislim na zastupnika Kajtazija i organizacije \u201eKali Sara\u201c. Dobio sam informaciju da sli\u010dno rade i drugi predstavnici Roma. I pozdravljam svakog predstavnika koji svojim radom i utjecajem na samu romsku zajednicu doprinosi da imaju tu slobodu i da ne\u0107e biti diskriminirani ukoliko se izjasne kao pripadnici Roma.<\/p>\n<p>A mene kao znanstvenika zanimalo bi osim broja Roma i niz drugih socioekonomskih podataka. Npr. koliki se broj njih izjasnio kao pripadnici Romano chib skupine i Baja\u0161ke skupine Roma. Takav podatak se, koliko znam, ne\u0107e tra\u017eiti u popisu stanovni\u0161tva, no on bi zasigurno doprinio boljem razumijevanju kompleksne samoidentifikacije kod Roma iako je u ovom popisu stanovni\u0161tva najzna\u010dajnije ustanoviti to\u010dan broj cjelokupne romske populacije u Hrvatskoj. Zanimalo bi me, tako\u0111er, koliko je Roma napustilo Hrvatsku u valu iseljavanja koji i danas traje. Tako\u0111er, koliko Roma \u017eivi izvan svojih naselja (geta)? Koliki je broj obrazovanih Roma? Kakav je polo\u017eaj Romkinja u odnosu na Rome? Kakav je njihov \u017eivotni standard danas u usporedbi s prija\u0161njim razdobljima? Svakako, popis stanovni\u0161tva odgovoriti \u0107e nam na brojna pitanja o romskoj zajednici i to ukazuje na njegovu va\u017enost.<\/p>\n<blockquote><p><a href=\"https:\/\/www.vegaintro-projekti.com\/pilar-stari\/biografije\/user-bio\/?my_user_id=63\">Dr. sc. Danijel Vojak<\/a><\/p><\/blockquote>\n","protected":false},"excerpt":{"rendered":"<p>Portal Udar.net objavljuje 13. listopada 2021. razgovor s dr. sc. Danijelom Vojakom pod naslovom &#8220;Provo\u0111enje Nacionalnog plana za Rome mora biti zajedni\u010dka politika Hrvatske ve\u0107ine i romske manjine&#8221; Dr. sc. Danijel Vojak, povjesni\u010dar, vi\u0161i znanstveni suradnik Instituta \u201eIvo Pilar \u201e u Zagrebu i \u010dlan Radne skupine za izradu Nacionalnog plana za uklju\u010divanje Roma za razdoblje&hellip; <a class=\"continue\" href=\"https:\/\/www.vegaintro-projekti.com\/pilar-stari\/2021\/10\/dr-sc-danijel-vojak-provodenje-nacionalnog-plana-za-rome-mora-biti-zajednicka-politika-hrvatske-vecine-i-romske-manjine-13-10-2021\/\">Pro\u010ditaj vi\u0161e o<span> Dr. sc. Danijel Vojak o Nacionalom planu za Rome 2021.-2027.<\/span><\/a><\/p>\n","protected":false},"author":7,"featured_media":20241,"comment_status":"closed","ping_status":"closed","sticky":false,"template":"","format":"standard","meta":{"inline_featured_image":false,"ngg_post_thumbnail":0,"footnotes":""},"categories":[48,12],"tags":[],"yoast_head":"<!-- This site is optimized with the Yoast SEO plugin v21.2 - https:\/\/yoast.com\/wordpress\/plugins\/seo\/ -->\n<title>Dr. sc. Danijel Vojak o Nacionalom planu za Rome 2021.-2027. - Institut dru&scaron;tvenih znanosti Ivo Pilar<\/title>\n<meta name=\"robots\" content=\"noindex, follow, max-snippet:-1, max-image-preview:large, max-video-preview:-1\" \/>\n<meta property=\"og:locale\" content=\"hr_HR\" \/>\n<meta property=\"og:type\" content=\"article\" \/>\n<meta property=\"og:title\" content=\"Dr. sc. Danijel Vojak o Nacionalom planu za Rome 2021.-2027. - Institut dru&scaron;tvenih znanosti Ivo Pilar\" \/>\n<meta property=\"og:description\" content=\"Portal Udar.net objavljuje 13. listopada 2021. razgovor s dr. sc. Danijelom Vojakom pod naslovom &#8220;Provo\u0111enje Nacionalnog plana za Rome mora biti zajedni\u010dka politika Hrvatske ve\u0107ine i romske manjine&#8221; Dr. sc. Danijel Vojak, povjesni\u010dar, vi\u0161i znanstveni suradnik Instituta \u201eIvo Pilar \u201e u Zagrebu i \u010dlan Radne skupine za izradu Nacionalnog plana za uklju\u010divanje Roma za razdoblje&hellip; Pro\u010ditaj vi\u0161e o Dr. sc. Danijel Vojak o Nacionalom planu za Rome 2021.-2027.\" \/>\n<meta property=\"og:url\" content=\"https:\/\/www.vegaintro-projekti.com\/pilar-stari\/2021\/10\/dr-sc-danijel-vojak-provodenje-nacionalnog-plana-za-rome-mora-biti-zajednicka-politika-hrvatske-vecine-i-romske-manjine-13-10-2021\/\" \/>\n<meta property=\"og:site_name\" content=\"Institut dru&scaron;tvenih znanosti Ivo Pilar\" \/>\n<meta property=\"article:published_time\" content=\"2021-10-11T11:46:22+00:00\" \/>\n<meta property=\"article:modified_time\" content=\"2021-10-13T12:02:02+00:00\" \/>\n<meta property=\"og:image\" content=\"https:\/\/www.vegaintro-projekti.com\/pilar-stari\/wp-content\/uploads\/2021\/10\/DVojak_fi.jpg\" \/>\n\t<meta property=\"og:image:width\" content=\"500\" \/>\n\t<meta property=\"og:image:height\" content=\"220\" \/>\n\t<meta property=\"og:image:type\" content=\"image\/jpeg\" \/>\n<meta name=\"author\" content=\"Boris\" \/>\n<meta name=\"twitter:card\" content=\"summary_large_image\" \/>\n<meta name=\"twitter:label1\" content=\"Napisao\/la\" \/>\n\t<meta name=\"twitter:data1\" content=\"Boris\" \/>\n\t<meta name=\"twitter:label2\" content=\"Procijenjeno vrijeme \u010ditanja\" \/>\n\t<meta name=\"twitter:data2\" content=\"14 minuta\" \/>\n<script type=\"application\/ld+json\" class=\"yoast-schema-graph\">{\"@context\":\"https:\/\/schema.org\",\"@graph\":[{\"@type\":\"WebPage\",\"@id\":\"https:\/\/www.vegaintro-projekti.com\/pilar-stari\/2021\/10\/dr-sc-danijel-vojak-provodenje-nacionalnog-plana-za-rome-mora-biti-zajednicka-politika-hrvatske-vecine-i-romske-manjine-13-10-2021\/\",\"url\":\"https:\/\/www.vegaintro-projekti.com\/pilar-stari\/2021\/10\/dr-sc-danijel-vojak-provodenje-nacionalnog-plana-za-rome-mora-biti-zajednicka-politika-hrvatske-vecine-i-romske-manjine-13-10-2021\/\",\"name\":\"Dr. sc. Danijel Vojak o Nacionalom planu za Rome 2021.-2027. - Institut dru&scaron;tvenih znanosti Ivo Pilar\",\"isPartOf\":{\"@id\":\"https:\/\/www.vegaintro-projekti.com\/pilar-stari\/#website\"},\"datePublished\":\"2021-10-11T11:46:22+00:00\",\"dateModified\":\"2021-10-13T12:02:02+00:00\",\"author\":{\"@id\":\"https:\/\/www.vegaintro-projekti.com\/pilar-stari\/#\/schema\/person\/ddd404c9f1e15e4ffef5986ac6a5d28b\"},\"breadcrumb\":{\"@id\":\"https:\/\/www.vegaintro-projekti.com\/pilar-stari\/2021\/10\/dr-sc-danijel-vojak-provodenje-nacionalnog-plana-za-rome-mora-biti-zajednicka-politika-hrvatske-vecine-i-romske-manjine-13-10-2021\/#breadcrumb\"},\"inLanguage\":\"hr\",\"potentialAction\":[{\"@type\":\"ReadAction\",\"target\":[\"https:\/\/www.vegaintro-projekti.com\/pilar-stari\/2021\/10\/dr-sc-danijel-vojak-provodenje-nacionalnog-plana-za-rome-mora-biti-zajednicka-politika-hrvatske-vecine-i-romske-manjine-13-10-2021\/\"]}]},{\"@type\":\"BreadcrumbList\",\"@id\":\"https:\/\/www.vegaintro-projekti.com\/pilar-stari\/2021\/10\/dr-sc-danijel-vojak-provodenje-nacionalnog-plana-za-rome-mora-biti-zajednicka-politika-hrvatske-vecine-i-romske-manjine-13-10-2021\/#breadcrumb\",\"itemListElement\":[{\"@type\":\"ListItem\",\"position\":1,\"name\":\"Home\",\"item\":\"https:\/\/www.vegaintro-projekti.com\/pilar-stari\/\"},{\"@type\":\"ListItem\",\"position\":2,\"name\":\"Dr. sc. Danijel Vojak o Nacionalom planu za Rome 2021.-2027.\"}]},{\"@type\":\"WebSite\",\"@id\":\"https:\/\/www.vegaintro-projekti.com\/pilar-stari\/#website\",\"url\":\"https:\/\/www.vegaintro-projekti.com\/pilar-stari\/\",\"name\":\"Institut dru&scaron;tvenih znanosti Ivo Pilar\",\"description\":\"Pilar\",\"potentialAction\":[{\"@type\":\"SearchAction\",\"target\":{\"@type\":\"EntryPoint\",\"urlTemplate\":\"https:\/\/www.vegaintro-projekti.com\/pilar-stari\/?s={search_term_string}\"},\"query-input\":\"required name=search_term_string\"}],\"inLanguage\":\"hr\"},{\"@type\":\"Person\",\"@id\":\"https:\/\/www.vegaintro-projekti.com\/pilar-stari\/#\/schema\/person\/ddd404c9f1e15e4ffef5986ac6a5d28b\",\"name\":\"Boris\",\"image\":{\"@type\":\"ImageObject\",\"inLanguage\":\"hr\",\"@id\":\"https:\/\/www.vegaintro-projekti.com\/pilar-stari\/#\/schema\/person\/image\/\",\"url\":\"https:\/\/secure.gravatar.com\/avatar\/29557b161a6ce6ab86ac1503164f1e90?s=96&d=mm&r=g\",\"contentUrl\":\"https:\/\/secure.gravatar.com\/avatar\/29557b161a6ce6ab86ac1503164f1e90?s=96&d=mm&r=g\",\"caption\":\"Boris\"},\"url\":\"https:\/\/www.vegaintro-projekti.com\/pilar-stari\/author\/boris\/\"}]}<\/script>\n<!-- \/ Yoast SEO plugin. -->","yoast_head_json":{"title":"Dr. sc. Danijel Vojak o Nacionalom planu za Rome 2021.-2027. - Institut dru&scaron;tvenih znanosti Ivo Pilar","robots":{"index":"noindex","follow":"follow","max-snippet":"max-snippet:-1","max-image-preview":"max-image-preview:large","max-video-preview":"max-video-preview:-1"},"og_locale":"hr_HR","og_type":"article","og_title":"Dr. sc. Danijel Vojak o Nacionalom planu za Rome 2021.-2027. - Institut dru&scaron;tvenih znanosti Ivo Pilar","og_description":"Portal Udar.net objavljuje 13. listopada 2021. razgovor s dr. sc. Danijelom Vojakom pod naslovom &#8220;Provo\u0111enje Nacionalnog plana za Rome mora biti zajedni\u010dka politika Hrvatske ve\u0107ine i romske manjine&#8221; Dr. sc. Danijel Vojak, povjesni\u010dar, vi\u0161i znanstveni suradnik Instituta \u201eIvo Pilar \u201e u Zagrebu i \u010dlan Radne skupine za izradu Nacionalnog plana za uklju\u010divanje Roma za razdoblje&hellip; Pro\u010ditaj vi\u0161e o Dr. sc. Danijel Vojak o Nacionalom planu za Rome 2021.-2027.","og_url":"https:\/\/www.vegaintro-projekti.com\/pilar-stari\/2021\/10\/dr-sc-danijel-vojak-provodenje-nacionalnog-plana-za-rome-mora-biti-zajednicka-politika-hrvatske-vecine-i-romske-manjine-13-10-2021\/","og_site_name":"Institut dru&scaron;tvenih znanosti Ivo Pilar","article_published_time":"2021-10-11T11:46:22+00:00","article_modified_time":"2021-10-13T12:02:02+00:00","og_image":[{"width":500,"height":220,"url":"https:\/\/www.vegaintro-projekti.com\/pilar-stari\/wp-content\/uploads\/2021\/10\/DVojak_fi.jpg","type":"image\/jpeg"}],"author":"Boris","twitter_card":"summary_large_image","twitter_misc":{"Napisao\/la":"Boris","Procijenjeno vrijeme \u010ditanja":"14 minuta"},"schema":{"@context":"https:\/\/schema.org","@graph":[{"@type":"WebPage","@id":"https:\/\/www.vegaintro-projekti.com\/pilar-stari\/2021\/10\/dr-sc-danijel-vojak-provodenje-nacionalnog-plana-za-rome-mora-biti-zajednicka-politika-hrvatske-vecine-i-romske-manjine-13-10-2021\/","url":"https:\/\/www.vegaintro-projekti.com\/pilar-stari\/2021\/10\/dr-sc-danijel-vojak-provodenje-nacionalnog-plana-za-rome-mora-biti-zajednicka-politika-hrvatske-vecine-i-romske-manjine-13-10-2021\/","name":"Dr. sc. Danijel Vojak o Nacionalom planu za Rome 2021.-2027. - Institut dru&scaron;tvenih znanosti Ivo Pilar","isPartOf":{"@id":"https:\/\/www.vegaintro-projekti.com\/pilar-stari\/#website"},"datePublished":"2021-10-11T11:46:22+00:00","dateModified":"2021-10-13T12:02:02+00:00","author":{"@id":"https:\/\/www.vegaintro-projekti.com\/pilar-stari\/#\/schema\/person\/ddd404c9f1e15e4ffef5986ac6a5d28b"},"breadcrumb":{"@id":"https:\/\/www.vegaintro-projekti.com\/pilar-stari\/2021\/10\/dr-sc-danijel-vojak-provodenje-nacionalnog-plana-za-rome-mora-biti-zajednicka-politika-hrvatske-vecine-i-romske-manjine-13-10-2021\/#breadcrumb"},"inLanguage":"hr","potentialAction":[{"@type":"ReadAction","target":["https:\/\/www.vegaintro-projekti.com\/pilar-stari\/2021\/10\/dr-sc-danijel-vojak-provodenje-nacionalnog-plana-za-rome-mora-biti-zajednicka-politika-hrvatske-vecine-i-romske-manjine-13-10-2021\/"]}]},{"@type":"BreadcrumbList","@id":"https:\/\/www.vegaintro-projekti.com\/pilar-stari\/2021\/10\/dr-sc-danijel-vojak-provodenje-nacionalnog-plana-za-rome-mora-biti-zajednicka-politika-hrvatske-vecine-i-romske-manjine-13-10-2021\/#breadcrumb","itemListElement":[{"@type":"ListItem","position":1,"name":"Home","item":"https:\/\/www.vegaintro-projekti.com\/pilar-stari\/"},{"@type":"ListItem","position":2,"name":"Dr. sc. Danijel Vojak o Nacionalom planu za Rome 2021.-2027."}]},{"@type":"WebSite","@id":"https:\/\/www.vegaintro-projekti.com\/pilar-stari\/#website","url":"https:\/\/www.vegaintro-projekti.com\/pilar-stari\/","name":"Institut dru&scaron;tvenih znanosti Ivo Pilar","description":"Pilar","potentialAction":[{"@type":"SearchAction","target":{"@type":"EntryPoint","urlTemplate":"https:\/\/www.vegaintro-projekti.com\/pilar-stari\/?s={search_term_string}"},"query-input":"required name=search_term_string"}],"inLanguage":"hr"},{"@type":"Person","@id":"https:\/\/www.vegaintro-projekti.com\/pilar-stari\/#\/schema\/person\/ddd404c9f1e15e4ffef5986ac6a5d28b","name":"Boris","image":{"@type":"ImageObject","inLanguage":"hr","@id":"https:\/\/www.vegaintro-projekti.com\/pilar-stari\/#\/schema\/person\/image\/","url":"https:\/\/secure.gravatar.com\/avatar\/29557b161a6ce6ab86ac1503164f1e90?s=96&d=mm&r=g","contentUrl":"https:\/\/secure.gravatar.com\/avatar\/29557b161a6ce6ab86ac1503164f1e90?s=96&d=mm&r=g","caption":"Boris"},"url":"https:\/\/www.vegaintro-projekti.com\/pilar-stari\/author\/boris\/"}]}},"_links":{"self":[{"href":"https:\/\/www.vegaintro-projekti.com\/pilar-stari\/wp-json\/wp\/v2\/posts\/20243"}],"collection":[{"href":"https:\/\/www.vegaintro-projekti.com\/pilar-stari\/wp-json\/wp\/v2\/posts"}],"about":[{"href":"https:\/\/www.vegaintro-projekti.com\/pilar-stari\/wp-json\/wp\/v2\/types\/post"}],"author":[{"embeddable":true,"href":"https:\/\/www.vegaintro-projekti.com\/pilar-stari\/wp-json\/wp\/v2\/users\/7"}],"replies":[{"embeddable":true,"href":"https:\/\/www.vegaintro-projekti.com\/pilar-stari\/wp-json\/wp\/v2\/comments?post=20243"}],"version-history":[{"count":3,"href":"https:\/\/www.vegaintro-projekti.com\/pilar-stari\/wp-json\/wp\/v2\/posts\/20243\/revisions"}],"predecessor-version":[{"id":20246,"href":"https:\/\/www.vegaintro-projekti.com\/pilar-stari\/wp-json\/wp\/v2\/posts\/20243\/revisions\/20246"}],"wp:featuredmedia":[{"embeddable":true,"href":"https:\/\/www.vegaintro-projekti.com\/pilar-stari\/wp-json\/wp\/v2\/media\/20241"}],"wp:attachment":[{"href":"https:\/\/www.vegaintro-projekti.com\/pilar-stari\/wp-json\/wp\/v2\/media?parent=20243"}],"wp:term":[{"taxonomy":"category","embeddable":true,"href":"https:\/\/www.vegaintro-projekti.com\/pilar-stari\/wp-json\/wp\/v2\/categories?post=20243"},{"taxonomy":"post_tag","embeddable":true,"href":"https:\/\/www.vegaintro-projekti.com\/pilar-stari\/wp-json\/wp\/v2\/tags?post=20243"}],"curies":[{"name":"wp","href":"https:\/\/api.w.org\/{rel}","templated":true}]}}