{"id":20248,"date":"2021-10-13T12:33:45","date_gmt":"2021-10-13T12:33:45","guid":{"rendered":"https:\/\/www.vegaintro-projekti.com\/pilar-stari\/?p=20248"},"modified":"2021-10-13T12:36:20","modified_gmt":"2021-10-13T12:36:20","slug":"dr-sc-danijel-vojak-o-nacionalnom-planu-za-rome-te-o-povijesti-otpora-roma-u-drugom-svjetskom-ratu","status":"publish","type":"post","link":"https:\/\/www.vegaintro-projekti.com\/pilar-stari\/2021\/10\/dr-sc-danijel-vojak-o-nacionalnom-planu-za-rome-te-o-povijesti-otpora-roma-u-drugom-svjetskom-ratu\/","title":{"rendered":"Dr. sc. Danijel Vojak o Nacionalnom planu za Rome te o povijesti otpora Roma u Drugom svjetskom ratu"},"content":{"rendered":"<p><strong>Portal Udar.net 29. rujna 2021. objavljuje izjavu dr. sc. Danijela Vojaka u postu pod naslovom &#8220;Hrvatska vlada donijela novi strate\u0161ki dokument za pobolj\u0161anje polo\u017eaja Roma&#8221; a portal Booksa.hr 11. listopada 2021. u postu \u201eKako se pisao (romski) otpor?\u201c<\/strong><\/p>\n<p><img decoding=\"async\" loading=\"lazy\" class=\"alignnone wp-image-20247 size-full\" src=\"https:\/\/www.vegaintro-projekti.com\/pilar-stari\/wp-content\/uploads\/2021\/10\/romi_nasl.jpg\" alt=\"\" width=\"620\" height=\"481\" srcset=\"https:\/\/www.vegaintro-projekti.com\/pilar-stari\/wp-content\/uploads\/2021\/10\/romi_nasl.jpg 620w, https:\/\/www.vegaintro-projekti.com\/pilar-stari\/wp-content\/uploads\/2021\/10\/romi_nasl-300x233.jpg 300w\" sizes=\"(max-width: 620px) 100vw, 620px\" \/><\/p>\n<p><strong>&#8211; Udar.net:<\/strong> <a href=\"http:\/\/www.portal-udar.net\/hrvatska-vlada-donijela-novi-strateski-dokument-za-poboljsanje-polozaja-roma\/\">Hrvatska vlada donijela novi strate\u0161ki dokument za pobolj\u0161anje polo\u017eaja Roma, 29. 9. 2021.<\/a><\/p>\n<p>Probleme nagla\u0161ava i poznati povjesni\u010dar <strong>Danijel Vojak<\/strong> s instituta \u201eIvo Pilar\u201c u Zagrebu, koji se sustavno bavi romskom povije\u0161\u0107u i koji podsje\u0107a da je stigmatizacija Roma, kao vje\u010ditih stranaca koji svojim asocijalnim \u017eivotom optere\u0107uju dru\u0161tvo, povijesni europski problem. Problem, koji na\u017ealost u mnogim europskim zemljama traje do danas, umjesto civilizacijskog diskursa koji bi Rome uklju\u010divao \u010duvaju\u0107i njihovu posebnost, jezik, kulturu i povijest. Upravo stoga Vojak smatra izuzetno va\u017enim da se romski problemi ne gledaju samo kao zasebni romski problemi ve\u0107 da njihovo rje\u0161avanje tra\u017ei pozitivnu interakciju romskog i ve\u0107inskog stanovni\u0161tva, jer bez toga, napretka i promjena \u0107e biti, ali ozbiljni pomaci nisu realni.<\/p>\n<p><strong>&#8211; Booksa.hr:<\/strong> <a href=\"https:\/\/booksa.hr\/u-fokusu\/kako-se-pisao-romski-otpor\">Kako se pisao (romski) otpor?, 11. 10. 2021.<\/a><\/p>\n<p>Dio istra\u017eivanja za knjigu koji se ti\u010de podru\u010dja biv\u0161e Jugoslavije radio je <strong>Danijel Vojak<\/strong>, vi\u0161i znanstveni suradnik na Institutu Ivo Pilar i dugogodi\u0161nji istra\u017eiva\u010d povijesti Roma, posebice romskog stradanja u Drugom svjetskom ratu. Vojak je jedan od autora Priru\u010dnika za u\u010ditelje i nastavnike <em><strong>Romi u Drugom svjetskom ratu u Nezavisnoj Dr\u017eavi Hrvatskoj, 1941.-1945.<\/strong><\/em>, kao i rada <em><strong>Otpor Roma za vrijeme Drugog svjetskog rata na podru\u010dju okupirane Kraljevine Jugoslavije, 1941. \u2013 1945.<\/strong><\/em>, te brojnih drugih znanstvenih radova.<\/p>\n<p>\u201cNa ovom projektu sudjelovalo je desetak znanstvenika iz Europe. Za podru\u010dje Nezavisne Dr\u017eave Hrvatske, a kasnije i za zemlje biv\u0161e Jugoslavije, bio sam pozvan da sudjelujem kao istra\u017eiva\u010d. O tematici sudjelovanja Roma u antifa\u0161isti\u010dkom pokretu otporu zapo\u010deo sam se baviti nekoliko godina ranije. Nije mi poznato da se netko od hrvatskih ili drugih povjesni\u010dara bavio ovom tematikom. U kontekstu mojih istra\u017eivanja povijesti Roma na hrvatskom podru\u010djima, napose za vrijeme Drugog svjetskog rata, tema otpora Roma nametnula se po svojoj va\u017enosti za cjelovito razumijevanje ove kompleksne tematike\u201d, govori Vojak za Booksu o knjizi Promi\u0161ljanje otpora Roma kroz povijest: pri\u010de o snazi i hrabrosti.<\/p>\n<p>Pri\u010da nam kako je ve\u0107inu podataka o sudjelovanju Roma u antifa\u0161isti\u010dkom otporu prona\u0161ao u hrvatskim arhivima, knji\u017enicama i muzejima. Zatim je analizirao relevantnu literaturu, unutar koje se samo na marginama spominjalo sudjelovanje Roma u antifa\u0161isti\u010dkom otporu. \u201cNa\u017ealost, ono \u0161to sam primijetio kao zna\u010dajan problem jest izostanak sje\u0107anja samih pre\u017eivjelih Roma. Tu je hrvatska historiografija, kao i ve\u0107ina europskih historiografija, zna\u010dajno podbacila, jer je nakon zavr\u0161etka Drugog svjetskog rata romsko genocidno stradanje bilo potisnuto na margine historiografskog interesa. U tom kontekstu nisu bila sustavno zabilje\u017eena sje\u0107anja pre\u017eivjelih Roma. Danas, 76 godina od zavr\u0161etka Drugog svjetskog rata gotovo da i nemamo vi\u0161e pre\u017eivjelih Roma. Time smo izgubili \u017eivu rije\u010d romskih \u017ertava\u201d, ka\u017ee Vojak.<\/p>\n<p>Govori nam i o razlozima zanemarenosti ove teme u europskim historiografijama. \u201cTo je bio odraz pasivnog i distanciranog, nedovoljno empati\u010dnog stava europskih dru\u0161tava prema Romima, koji sami nisu imali podr\u0161ku mati\u010dne dr\u017eave (i njenih znanstvenih i drugih institucija), niti su imali sna\u017enu intelektualnu jezgru iz koje bi mogla do\u0107i inicijativa za sustavno istra\u017eivanje. Upravo su romski intelektualci bili ti koji su prvi do\u0161li na udar nacisti\u010dke genocidne politike prema Romima, kao \u0161to to pokazuje slu\u010daj s Romima u predratnoj i ratnoj Poljskoj. Zanimljivo je navesti kako se u nekim dr\u017eavama, \u010desto se tu spominje primjer Zapadne Njema\u010dke, sve do 1960-ih nije slu\u017ebeno priznavalo da su nacisti vodili genocidnu politiku prema Romima. To \u0107e se po\u010deti primjetno mijenjati tek 1982. kada je njema\u010dki kancelar <strong>Helmut Schmidt<\/strong> slu\u017ebeno priznao nacisti\u010dki genocid nad Romima i Sintima\u201d, obja\u0161njava Vojak.<\/p>\n<blockquote><p><a href=\"https:\/\/www.vegaintro-projekti.com\/pilar-stari\/biografije\/user-bio\/?my_user_id=63\">Dr. sc. Danijel Vojak<\/a><\/p><\/blockquote>\n","protected":false},"excerpt":{"rendered":"<p>Portal Udar.net 29. rujna 2021. objavljuje izjavu dr. sc. Danijela Vojaka u postu pod naslovom &#8220;Hrvatska vlada donijela novi strate\u0161ki dokument za pobolj\u0161anje polo\u017eaja Roma&#8221; a portal Booksa.hr 11. listopada 2021. u postu \u201eKako se pisao (romski) otpor?\u201c &#8211; Udar.net: Hrvatska vlada donijela novi strate\u0161ki dokument za pobolj\u0161anje polo\u017eaja Roma, 29. 9. 2021. Probleme nagla\u0161ava&hellip; <a class=\"continue\" href=\"https:\/\/www.vegaintro-projekti.com\/pilar-stari\/2021\/10\/dr-sc-danijel-vojak-o-nacionalnom-planu-za-rome-te-o-povijesti-otpora-roma-u-drugom-svjetskom-ratu\/\">Pro\u010ditaj vi\u0161e o<span> Dr. sc. Danijel Vojak o Nacionalnom planu za Rome te o povijesti otpora Roma u Drugom svjetskom ratu<\/span><\/a><\/p>\n","protected":false},"author":7,"featured_media":20247,"comment_status":"closed","ping_status":"closed","sticky":false,"template":"","format":"standard","meta":{"inline_featured_image":false,"ngg_post_thumbnail":0,"footnotes":""},"categories":[12],"tags":[],"yoast_head":"<!-- This site is optimized with the Yoast SEO plugin v21.2 - https:\/\/yoast.com\/wordpress\/plugins\/seo\/ -->\n<title>Dr. sc. Danijel Vojak o Nacionalnom planu za Rome te o povijesti otpora Roma u Drugom svjetskom ratu - Institut dru&scaron;tvenih znanosti Ivo Pilar<\/title>\n<meta name=\"robots\" content=\"noindex, follow, max-snippet:-1, max-image-preview:large, max-video-preview:-1\" \/>\n<meta property=\"og:locale\" content=\"hr_HR\" \/>\n<meta property=\"og:type\" content=\"article\" \/>\n<meta property=\"og:title\" content=\"Dr. sc. Danijel Vojak o Nacionalnom planu za Rome te o povijesti otpora Roma u Drugom svjetskom ratu - Institut dru&scaron;tvenih znanosti Ivo Pilar\" \/>\n<meta property=\"og:description\" content=\"Portal Udar.net 29. rujna 2021. objavljuje izjavu dr. sc. Danijela Vojaka u postu pod naslovom &#8220;Hrvatska vlada donijela novi strate\u0161ki dokument za pobolj\u0161anje polo\u017eaja Roma&#8221; a portal Booksa.hr 11. listopada 2021. u postu \u201eKako se pisao (romski) otpor?\u201c &#8211; Udar.net: Hrvatska vlada donijela novi strate\u0161ki dokument za pobolj\u0161anje polo\u017eaja Roma, 29. 9. 2021. Probleme nagla\u0161ava&hellip; Pro\u010ditaj vi\u0161e o Dr. sc. Danijel Vojak o Nacionalnom planu za Rome te o povijesti otpora Roma u Drugom svjetskom ratu\" \/>\n<meta property=\"og:url\" content=\"https:\/\/www.vegaintro-projekti.com\/pilar-stari\/2021\/10\/dr-sc-danijel-vojak-o-nacionalnom-planu-za-rome-te-o-povijesti-otpora-roma-u-drugom-svjetskom-ratu\/\" \/>\n<meta property=\"og:site_name\" content=\"Institut dru&scaron;tvenih znanosti Ivo Pilar\" \/>\n<meta property=\"article:published_time\" content=\"2021-10-13T12:33:45+00:00\" \/>\n<meta property=\"article:modified_time\" content=\"2021-10-13T12:36:20+00:00\" \/>\n<meta property=\"og:image\" content=\"https:\/\/www.vegaintro-projekti.com\/pilar-stari\/wp-content\/uploads\/2021\/10\/romi_nasl.jpg\" \/>\n\t<meta property=\"og:image:width\" content=\"620\" \/>\n\t<meta property=\"og:image:height\" content=\"481\" \/>\n\t<meta property=\"og:image:type\" content=\"image\/jpeg\" \/>\n<meta name=\"author\" content=\"Boris\" \/>\n<meta name=\"twitter:card\" content=\"summary_large_image\" \/>\n<meta name=\"twitter:label1\" content=\"Napisao\/la\" \/>\n\t<meta name=\"twitter:data1\" content=\"Boris\" \/>\n\t<meta name=\"twitter:label2\" content=\"Procijenjeno vrijeme \u010ditanja\" \/>\n\t<meta name=\"twitter:data2\" content=\"3 minute\" \/>\n<script type=\"application\/ld+json\" class=\"yoast-schema-graph\">{\"@context\":\"https:\/\/schema.org\",\"@graph\":[{\"@type\":\"WebPage\",\"@id\":\"https:\/\/www.vegaintro-projekti.com\/pilar-stari\/2021\/10\/dr-sc-danijel-vojak-o-nacionalnom-planu-za-rome-te-o-povijesti-otpora-roma-u-drugom-svjetskom-ratu\/\",\"url\":\"https:\/\/www.vegaintro-projekti.com\/pilar-stari\/2021\/10\/dr-sc-danijel-vojak-o-nacionalnom-planu-za-rome-te-o-povijesti-otpora-roma-u-drugom-svjetskom-ratu\/\",\"name\":\"Dr. sc. Danijel Vojak o Nacionalnom planu za Rome te o povijesti otpora Roma u Drugom svjetskom ratu - Institut dru&scaron;tvenih znanosti Ivo Pilar\",\"isPartOf\":{\"@id\":\"https:\/\/www.vegaintro-projekti.com\/pilar-stari\/#website\"},\"datePublished\":\"2021-10-13T12:33:45+00:00\",\"dateModified\":\"2021-10-13T12:36:20+00:00\",\"author\":{\"@id\":\"https:\/\/www.vegaintro-projekti.com\/pilar-stari\/#\/schema\/person\/ddd404c9f1e15e4ffef5986ac6a5d28b\"},\"breadcrumb\":{\"@id\":\"https:\/\/www.vegaintro-projekti.com\/pilar-stari\/2021\/10\/dr-sc-danijel-vojak-o-nacionalnom-planu-za-rome-te-o-povijesti-otpora-roma-u-drugom-svjetskom-ratu\/#breadcrumb\"},\"inLanguage\":\"hr\",\"potentialAction\":[{\"@type\":\"ReadAction\",\"target\":[\"https:\/\/www.vegaintro-projekti.com\/pilar-stari\/2021\/10\/dr-sc-danijel-vojak-o-nacionalnom-planu-za-rome-te-o-povijesti-otpora-roma-u-drugom-svjetskom-ratu\/\"]}]},{\"@type\":\"BreadcrumbList\",\"@id\":\"https:\/\/www.vegaintro-projekti.com\/pilar-stari\/2021\/10\/dr-sc-danijel-vojak-o-nacionalnom-planu-za-rome-te-o-povijesti-otpora-roma-u-drugom-svjetskom-ratu\/#breadcrumb\",\"itemListElement\":[{\"@type\":\"ListItem\",\"position\":1,\"name\":\"Home\",\"item\":\"https:\/\/www.vegaintro-projekti.com\/pilar-stari\/\"},{\"@type\":\"ListItem\",\"position\":2,\"name\":\"Dr. sc. Danijel Vojak o Nacionalnom planu za Rome te o povijesti otpora Roma u Drugom svjetskom ratu\"}]},{\"@type\":\"WebSite\",\"@id\":\"https:\/\/www.vegaintro-projekti.com\/pilar-stari\/#website\",\"url\":\"https:\/\/www.vegaintro-projekti.com\/pilar-stari\/\",\"name\":\"Institut dru&scaron;tvenih znanosti Ivo Pilar\",\"description\":\"Pilar\",\"potentialAction\":[{\"@type\":\"SearchAction\",\"target\":{\"@type\":\"EntryPoint\",\"urlTemplate\":\"https:\/\/www.vegaintro-projekti.com\/pilar-stari\/?s={search_term_string}\"},\"query-input\":\"required name=search_term_string\"}],\"inLanguage\":\"hr\"},{\"@type\":\"Person\",\"@id\":\"https:\/\/www.vegaintro-projekti.com\/pilar-stari\/#\/schema\/person\/ddd404c9f1e15e4ffef5986ac6a5d28b\",\"name\":\"Boris\",\"image\":{\"@type\":\"ImageObject\",\"inLanguage\":\"hr\",\"@id\":\"https:\/\/www.vegaintro-projekti.com\/pilar-stari\/#\/schema\/person\/image\/\",\"url\":\"https:\/\/secure.gravatar.com\/avatar\/29557b161a6ce6ab86ac1503164f1e90?s=96&d=mm&r=g\",\"contentUrl\":\"https:\/\/secure.gravatar.com\/avatar\/29557b161a6ce6ab86ac1503164f1e90?s=96&d=mm&r=g\",\"caption\":\"Boris\"},\"url\":\"https:\/\/www.vegaintro-projekti.com\/pilar-stari\/author\/boris\/\"}]}<\/script>\n<!-- \/ Yoast SEO plugin. -->","yoast_head_json":{"title":"Dr. sc. Danijel Vojak o Nacionalnom planu za Rome te o povijesti otpora Roma u Drugom svjetskom ratu - Institut dru&scaron;tvenih znanosti Ivo Pilar","robots":{"index":"noindex","follow":"follow","max-snippet":"max-snippet:-1","max-image-preview":"max-image-preview:large","max-video-preview":"max-video-preview:-1"},"og_locale":"hr_HR","og_type":"article","og_title":"Dr. sc. Danijel Vojak o Nacionalnom planu za Rome te o povijesti otpora Roma u Drugom svjetskom ratu - Institut dru&scaron;tvenih znanosti Ivo Pilar","og_description":"Portal Udar.net 29. rujna 2021. objavljuje izjavu dr. sc. Danijela Vojaka u postu pod naslovom &#8220;Hrvatska vlada donijela novi strate\u0161ki dokument za pobolj\u0161anje polo\u017eaja Roma&#8221; a portal Booksa.hr 11. listopada 2021. u postu \u201eKako se pisao (romski) otpor?\u201c &#8211; Udar.net: Hrvatska vlada donijela novi strate\u0161ki dokument za pobolj\u0161anje polo\u017eaja Roma, 29. 9. 2021. Probleme nagla\u0161ava&hellip; Pro\u010ditaj vi\u0161e o Dr. sc. Danijel Vojak o Nacionalnom planu za Rome te o povijesti otpora Roma u Drugom svjetskom ratu","og_url":"https:\/\/www.vegaintro-projekti.com\/pilar-stari\/2021\/10\/dr-sc-danijel-vojak-o-nacionalnom-planu-za-rome-te-o-povijesti-otpora-roma-u-drugom-svjetskom-ratu\/","og_site_name":"Institut dru&scaron;tvenih znanosti Ivo Pilar","article_published_time":"2021-10-13T12:33:45+00:00","article_modified_time":"2021-10-13T12:36:20+00:00","og_image":[{"width":620,"height":481,"url":"https:\/\/www.vegaintro-projekti.com\/pilar-stari\/wp-content\/uploads\/2021\/10\/romi_nasl.jpg","type":"image\/jpeg"}],"author":"Boris","twitter_card":"summary_large_image","twitter_misc":{"Napisao\/la":"Boris","Procijenjeno vrijeme \u010ditanja":"3 minute"},"schema":{"@context":"https:\/\/schema.org","@graph":[{"@type":"WebPage","@id":"https:\/\/www.vegaintro-projekti.com\/pilar-stari\/2021\/10\/dr-sc-danijel-vojak-o-nacionalnom-planu-za-rome-te-o-povijesti-otpora-roma-u-drugom-svjetskom-ratu\/","url":"https:\/\/www.vegaintro-projekti.com\/pilar-stari\/2021\/10\/dr-sc-danijel-vojak-o-nacionalnom-planu-za-rome-te-o-povijesti-otpora-roma-u-drugom-svjetskom-ratu\/","name":"Dr. sc. Danijel Vojak o Nacionalnom planu za Rome te o povijesti otpora Roma u Drugom svjetskom ratu - Institut dru&scaron;tvenih znanosti Ivo Pilar","isPartOf":{"@id":"https:\/\/www.vegaintro-projekti.com\/pilar-stari\/#website"},"datePublished":"2021-10-13T12:33:45+00:00","dateModified":"2021-10-13T12:36:20+00:00","author":{"@id":"https:\/\/www.vegaintro-projekti.com\/pilar-stari\/#\/schema\/person\/ddd404c9f1e15e4ffef5986ac6a5d28b"},"breadcrumb":{"@id":"https:\/\/www.vegaintro-projekti.com\/pilar-stari\/2021\/10\/dr-sc-danijel-vojak-o-nacionalnom-planu-za-rome-te-o-povijesti-otpora-roma-u-drugom-svjetskom-ratu\/#breadcrumb"},"inLanguage":"hr","potentialAction":[{"@type":"ReadAction","target":["https:\/\/www.vegaintro-projekti.com\/pilar-stari\/2021\/10\/dr-sc-danijel-vojak-o-nacionalnom-planu-za-rome-te-o-povijesti-otpora-roma-u-drugom-svjetskom-ratu\/"]}]},{"@type":"BreadcrumbList","@id":"https:\/\/www.vegaintro-projekti.com\/pilar-stari\/2021\/10\/dr-sc-danijel-vojak-o-nacionalnom-planu-za-rome-te-o-povijesti-otpora-roma-u-drugom-svjetskom-ratu\/#breadcrumb","itemListElement":[{"@type":"ListItem","position":1,"name":"Home","item":"https:\/\/www.vegaintro-projekti.com\/pilar-stari\/"},{"@type":"ListItem","position":2,"name":"Dr. sc. Danijel Vojak o Nacionalnom planu za Rome te o povijesti otpora Roma u Drugom svjetskom ratu"}]},{"@type":"WebSite","@id":"https:\/\/www.vegaintro-projekti.com\/pilar-stari\/#website","url":"https:\/\/www.vegaintro-projekti.com\/pilar-stari\/","name":"Institut dru&scaron;tvenih znanosti Ivo Pilar","description":"Pilar","potentialAction":[{"@type":"SearchAction","target":{"@type":"EntryPoint","urlTemplate":"https:\/\/www.vegaintro-projekti.com\/pilar-stari\/?s={search_term_string}"},"query-input":"required name=search_term_string"}],"inLanguage":"hr"},{"@type":"Person","@id":"https:\/\/www.vegaintro-projekti.com\/pilar-stari\/#\/schema\/person\/ddd404c9f1e15e4ffef5986ac6a5d28b","name":"Boris","image":{"@type":"ImageObject","inLanguage":"hr","@id":"https:\/\/www.vegaintro-projekti.com\/pilar-stari\/#\/schema\/person\/image\/","url":"https:\/\/secure.gravatar.com\/avatar\/29557b161a6ce6ab86ac1503164f1e90?s=96&d=mm&r=g","contentUrl":"https:\/\/secure.gravatar.com\/avatar\/29557b161a6ce6ab86ac1503164f1e90?s=96&d=mm&r=g","caption":"Boris"},"url":"https:\/\/www.vegaintro-projekti.com\/pilar-stari\/author\/boris\/"}]}},"_links":{"self":[{"href":"https:\/\/www.vegaintro-projekti.com\/pilar-stari\/wp-json\/wp\/v2\/posts\/20248"}],"collection":[{"href":"https:\/\/www.vegaintro-projekti.com\/pilar-stari\/wp-json\/wp\/v2\/posts"}],"about":[{"href":"https:\/\/www.vegaintro-projekti.com\/pilar-stari\/wp-json\/wp\/v2\/types\/post"}],"author":[{"embeddable":true,"href":"https:\/\/www.vegaintro-projekti.com\/pilar-stari\/wp-json\/wp\/v2\/users\/7"}],"replies":[{"embeddable":true,"href":"https:\/\/www.vegaintro-projekti.com\/pilar-stari\/wp-json\/wp\/v2\/comments?post=20248"}],"version-history":[{"count":3,"href":"https:\/\/www.vegaintro-projekti.com\/pilar-stari\/wp-json\/wp\/v2\/posts\/20248\/revisions"}],"predecessor-version":[{"id":20252,"href":"https:\/\/www.vegaintro-projekti.com\/pilar-stari\/wp-json\/wp\/v2\/posts\/20248\/revisions\/20252"}],"wp:featuredmedia":[{"embeddable":true,"href":"https:\/\/www.vegaintro-projekti.com\/pilar-stari\/wp-json\/wp\/v2\/media\/20247"}],"wp:attachment":[{"href":"https:\/\/www.vegaintro-projekti.com\/pilar-stari\/wp-json\/wp\/v2\/media?parent=20248"}],"wp:term":[{"taxonomy":"category","embeddable":true,"href":"https:\/\/www.vegaintro-projekti.com\/pilar-stari\/wp-json\/wp\/v2\/categories?post=20248"},{"taxonomy":"post_tag","embeddable":true,"href":"https:\/\/www.vegaintro-projekti.com\/pilar-stari\/wp-json\/wp\/v2\/tags?post=20248"}],"curies":[{"name":"wp","href":"https:\/\/api.w.org\/{rel}","templated":true}]}}