{"id":20292,"date":"2021-10-21T22:06:38","date_gmt":"2021-10-21T22:06:38","guid":{"rendered":"https:\/\/www.vegaintro-projekti.com\/pilar-stari\/?p=20292"},"modified":"2021-10-26T11:50:57","modified_gmt":"2021-10-26T11:50:57","slug":"institut-pilar-obiljezava-30-godinu-rada-i-istrazivanja","status":"publish","type":"post","link":"https:\/\/www.vegaintro-projekti.com\/pilar-stari\/2021\/10\/institut-pilar-obiljezava-30-godinu-rada-i-istrazivanja\/","title":{"rendered":"Institut Pilar obilje\u017eava 30. godinu rada i istra\u017eivanja"},"content":{"rendered":"<p><strong>U povodu 30. godine rada i istra\u017eivanja Institituta dru\u0161tvenih znanosti Ivo Pilar portal MojZagreb.info 15. listopada objavljuje post pod naslovom &#8220;Kakvo je hrvatsko dru\u0161tvo danas, \u0161to smo nau\u010dili iz povijesti, a na \u0161to trebamo obratiti pa\u017enju u budu\u0107nosti?&#8221; a portal Profitiraj.hr 17. listopada 2021. post pod naslovom &#8220;Institut dru\u0161tvenih znanosti Ivo Pilar obilje\u017eava 30 godina rada&#8221;<\/strong><\/p>\n<p><a href=\"https:\/\/mojzagreb.info\/zagreb\/kakvo-je-hrvatsko-dru%C5%A1tvo-danas-%C5%A1to-smo-nau%C4%8Dili-iz-povijesti-a-na-%C5%A1to-trebamo-obratiti-pa%C5%BEnju-u-budu%C4%87nosti\"><img decoding=\"async\" loading=\"lazy\" class=\"alignnone wp-image-20291 size-full\" src=\"https:\/\/www.vegaintro-projekti.com\/pilar-stari\/wp-content\/uploads\/2021\/10\/MojZagreb-e1634328525226.jpg\" alt=\"\" width=\"620\" height=\"213\"><\/a><a href=\"https:\/\/profitiraj.hr\/institut-drustvenih-znanosti-ivo-pilar-obiljezava-30-godina-rada\/\"><img decoding=\"async\" loading=\"lazy\" class=\"alignnone wp-image-20313 size-full\" src=\"https:\/\/www.vegaintro-projekti.com\/pilar-stari\/wp-content\/uploads\/2021\/10\/Otkrivanje-spomen-ploce.jpg\" alt=\"\" width=\"620\" height=\"367\" srcset=\"https:\/\/www.vegaintro-projekti.com\/pilar-stari\/wp-content\/uploads\/2021\/10\/Otkrivanje-spomen-ploce.jpg 620w, https:\/\/www.vegaintro-projekti.com\/pilar-stari\/wp-content\/uploads\/2021\/10\/Otkrivanje-spomen-ploce-300x178.jpg 300w\" sizes=\"(max-width: 620px) 100vw, 620px\" \/><\/a><\/p>\n<p><strong>&#8211; MojZagreb.info:<\/strong> <a href=\"https:\/\/mojzagreb.info\/zagreb\/kakvo-je-hrvatsko-dru%C5%A1tvo-danas-%C5%A1to-smo-nau%C4%8Dili-iz-povijesti-a-na-%C5%A1to-trebamo-obratiti-pa%C5%BEnju-u-budu%C4%87nosti\">Kakvo je hrvatsko dru\u0161tvo danas, \u0161to smo nau\u010dili iz povijesti, a na \u0161to trebamo obratiti pa\u017enju u budu\u0107nosti?, 15. 10. 2021.<\/a><br \/>\n<strong>&#8211; Profitiraj.hr:<\/strong> <a href=\"https:\/\/profitiraj.hr\/institut-drustvenih-znanosti-ivo-pilar-obiljezava-30-godina-rada\/\">Institut dru\u0161tvenih znanosti Ivo Pilar obilje\u017eava 30 godina rada, 17. 10. 2021.<\/a><\/p>\n<p><span style=\"font-size: 14pt;\">Kakvo je hrvatsko dru\u0161tvo danas, \u0161to smo nau\u010dili iz povijesti, a na \u0161to trebamo obratiti pa\u017enju u budu\u0107nosti?<\/span><\/p>\n<p><strong>INSTITUT DRU\u0160TVENIH ZNANOSTI IVO PILAR OBILJE\u017dAVA 30. GODINU RADA I ISTRA\u017dIVANJA<\/strong><\/p>\n<p><strong>Institut dru\u0161tvenih znanosti Ivo Pilar 30 godina marljivo istra\u017euje, propitkuje i daje odgovore o hrvatskom dru\u0161tvu, promjenama oko nas, ali isto tako daje i preporuke za budu\u0107nost.<\/strong><\/p>\n<p>Ove godine obilje\u017eava se velikih trideset godina u kojima je bilo velikih postignu\u0107a prepoznatih kako u Hrvatskoj tako i svijetu. Mjesec studeni sredi\u0161njih je trideset dana u kojima \u0107emo imati prilike zaviriti u svijet znanosti i saznati mnogo toga o nama samima.<\/p>\n<p>Tim znanstvenika pripremio je <strong>Pilarov kaleidoskop hrvatskoga dru\u0161tva<\/strong>, publikaciju o 30 godina Instituta. Uz temeljne informacije o razvoju Instituta i osnovne podatke o \u017eivotu i djelu dr. Ive Pilara, ova publikacija donosi znanstvena promi\u0161ljanja i istra\u017eivanja iz podru\u010dja kulture i identiteta, dru\u0161tvene kohezija i dru\u0161tvenih promjena, dru\u0161tvenih inovacija, upravljanja i razvoja, kvalitete \u017eivota i individualne razlike, obitelji, djece, mladih, obrazovanja, stanovni\u0161tva, naselja i mobilnosti.<\/p>\n<p>Do kraja godine Institut \u0107e ugostiti mnoga zvu\u010dna imena inozemnih znanstvenika poput Jay Wintera i brojnih drugih koji \u0107e \u0161iroj hrvatskoj javnosti prezentirati zanimljive teme. Bit \u0107e predstavljena i me\u0111unarodna suradnja Instituta i njegova prisutnost u Europskom istra\u017eiva\u010dkom prostoru, jednako kao i doprinos osam podru\u010dnih centara Instituta od Dubrovnika do Vukovara razvoju sredina u kojima djeluju.<\/p>\n<p>\u201eTijekom \u010ditave godine, u povodu 30. obljetnice, odr\u017eavaju se tematska izlaganja u podru\u010dnim centrima Instituta, a sredi\u0161nja sve\u010danost odr\u017eat \u0107e se 26. studenoga u zagreba\u010dkom Hotelu Westin. U sklopu proslave, koja \u0107e se odr\u017eati pod pokroviteljstvom Ministarstva znanosti i obrazovanja, bit \u0107e predstavljena projektna i ostala znanstvena postignu\u0107a Instituta, a dodijelit \u0107e se i nagrade i priznanja.\u201c <strong>\u2013 istaknuo je prof. dr. sc. \u017deljko Holjevac, ravnatelj Instituta dru\u0161tvenih znanosti Ivo Pilar.<\/strong><\/p>\n<p>U povodu obilje\u017eavanja Dana sje\u0107anja na \u017ertvu Vukovara 30. godi\u0161njice osnutka i djelovanja Instituta Pilar i 15. godi\u0161njice utemeljenja Hrvatskog katoli\u010dkog sveu\u010dili\u0161ta u Vukovaru se 15. i 16. studenoga odr\u017eava 24. znanstveno-stru\u010dni skup s me\u0111unarodnim sudjelovanjem \u201eVukovar &#8217;91. \u2013 trideseta godina poslije\u201c. Skup se odr\u017eava pod visokim pokroviteljstvom Predsjednika Republike Hrvatske Zorana Milanovi\u0107a.<\/p>\n<p><strong>U povodu 30. obljetnice Institut Ivo Pilar izdaje i prvo cjelovito kriti\u010dko izdanje Pilarove knjige Ju\u017enoslavensko pitanje iz 1918. u prijevodu s njema\u010dkoga na hrvatski jezik.<\/strong><\/p>\n<blockquote><p><a href=\"https:\/\/www.vegaintro-projekti.com\/pilar-stari\/2021\/10\/30-godina-instituta-pilar\/\">30 GODINA INSTITUTA PILAR<\/a><\/p><\/blockquote>\n","protected":false},"excerpt":{"rendered":"<p>U povodu 30. godine rada i istra\u017eivanja Institituta dru\u0161tvenih znanosti Ivo Pilar portal MojZagreb.info 15. listopada objavljuje post pod naslovom &#8220;Kakvo je hrvatsko dru\u0161tvo danas, \u0161to smo nau\u010dili iz povijesti, a na \u0161to trebamo obratiti pa\u017enju u budu\u0107nosti?&#8221; a portal Profitiraj.hr 17. listopada 2021. post pod naslovom &#8220;Institut dru\u0161tvenih znanosti Ivo Pilar obilje\u017eava 30 godina&hellip; <a class=\"continue\" href=\"https:\/\/www.vegaintro-projekti.com\/pilar-stari\/2021\/10\/institut-pilar-obiljezava-30-godinu-rada-i-istrazivanja\/\">Pro\u010ditaj vi\u0161e o<span> Institut Pilar obilje\u017eava 30. godinu rada i istra\u017eivanja<\/span><\/a><\/p>\n","protected":false},"author":7,"featured_media":20290,"comment_status":"closed","ping_status":"closed","sticky":false,"template":"","format":"standard","meta":{"inline_featured_image":false,"ngg_post_thumbnail":0,"footnotes":""},"categories":[12],"tags":[],"yoast_head":"<!-- This site is optimized with the Yoast SEO plugin v21.2 - https:\/\/yoast.com\/wordpress\/plugins\/seo\/ -->\n<title>Institut Pilar obilje\u017eava 30. godinu rada i istra\u017eivanja - Institut dru&scaron;tvenih znanosti Ivo Pilar<\/title>\n<meta name=\"robots\" content=\"noindex, follow, max-snippet:-1, max-image-preview:large, max-video-preview:-1\" \/>\n<meta property=\"og:locale\" content=\"hr_HR\" \/>\n<meta property=\"og:type\" content=\"article\" \/>\n<meta property=\"og:title\" content=\"Institut Pilar obilje\u017eava 30. godinu rada i istra\u017eivanja - Institut dru&scaron;tvenih znanosti Ivo Pilar\" \/>\n<meta property=\"og:description\" content=\"U povodu 30. godine rada i istra\u017eivanja Institituta dru\u0161tvenih znanosti Ivo Pilar portal MojZagreb.info 15. listopada objavljuje post pod naslovom &#8220;Kakvo je hrvatsko dru\u0161tvo danas, \u0161to smo nau\u010dili iz povijesti, a na \u0161to trebamo obratiti pa\u017enju u budu\u0107nosti?&#8221; a portal Profitiraj.hr 17. listopada 2021. post pod naslovom &#8220;Institut dru\u0161tvenih znanosti Ivo Pilar obilje\u017eava 30 godina&hellip; Pro\u010ditaj vi\u0161e o Institut Pilar obilje\u017eava 30. godinu rada i istra\u017eivanja\" \/>\n<meta property=\"og:url\" content=\"https:\/\/www.vegaintro-projekti.com\/pilar-stari\/2021\/10\/institut-pilar-obiljezava-30-godinu-rada-i-istrazivanja\/\" \/>\n<meta property=\"og:site_name\" content=\"Institut dru&scaron;tvenih znanosti Ivo Pilar\" \/>\n<meta property=\"article:published_time\" content=\"2021-10-21T22:06:38+00:00\" \/>\n<meta property=\"article:modified_time\" content=\"2021-10-26T11:50:57+00:00\" \/>\n<meta property=\"og:image\" content=\"https:\/\/www.vegaintro-projekti.com\/pilar-stari\/wp-content\/uploads\/2021\/10\/PIXXXLAR-neg_fi2.jpg\" \/>\n\t<meta property=\"og:image:width\" content=\"640\" \/>\n\t<meta property=\"og:image:height\" content=\"701\" \/>\n\t<meta property=\"og:image:type\" content=\"image\/jpeg\" \/>\n<meta name=\"author\" content=\"Boris\" \/>\n<meta name=\"twitter:card\" content=\"summary_large_image\" \/>\n<meta name=\"twitter:label1\" content=\"Napisao\/la\" \/>\n\t<meta name=\"twitter:data1\" content=\"Boris\" \/>\n\t<meta name=\"twitter:label2\" content=\"Procijenjeno vrijeme \u010ditanja\" \/>\n\t<meta name=\"twitter:data2\" content=\"3 minute\" \/>\n<script type=\"application\/ld+json\" class=\"yoast-schema-graph\">{\"@context\":\"https:\/\/schema.org\",\"@graph\":[{\"@type\":\"WebPage\",\"@id\":\"https:\/\/www.vegaintro-projekti.com\/pilar-stari\/2021\/10\/institut-pilar-obiljezava-30-godinu-rada-i-istrazivanja\/\",\"url\":\"https:\/\/www.vegaintro-projekti.com\/pilar-stari\/2021\/10\/institut-pilar-obiljezava-30-godinu-rada-i-istrazivanja\/\",\"name\":\"Institut Pilar obilje\u017eava 30. godinu rada i istra\u017eivanja - Institut dru&scaron;tvenih znanosti Ivo Pilar\",\"isPartOf\":{\"@id\":\"https:\/\/www.vegaintro-projekti.com\/pilar-stari\/#website\"},\"datePublished\":\"2021-10-21T22:06:38+00:00\",\"dateModified\":\"2021-10-26T11:50:57+00:00\",\"author\":{\"@id\":\"https:\/\/www.vegaintro-projekti.com\/pilar-stari\/#\/schema\/person\/ddd404c9f1e15e4ffef5986ac6a5d28b\"},\"breadcrumb\":{\"@id\":\"https:\/\/www.vegaintro-projekti.com\/pilar-stari\/2021\/10\/institut-pilar-obiljezava-30-godinu-rada-i-istrazivanja\/#breadcrumb\"},\"inLanguage\":\"hr\",\"potentialAction\":[{\"@type\":\"ReadAction\",\"target\":[\"https:\/\/www.vegaintro-projekti.com\/pilar-stari\/2021\/10\/institut-pilar-obiljezava-30-godinu-rada-i-istrazivanja\/\"]}]},{\"@type\":\"BreadcrumbList\",\"@id\":\"https:\/\/www.vegaintro-projekti.com\/pilar-stari\/2021\/10\/institut-pilar-obiljezava-30-godinu-rada-i-istrazivanja\/#breadcrumb\",\"itemListElement\":[{\"@type\":\"ListItem\",\"position\":1,\"name\":\"Home\",\"item\":\"https:\/\/www.vegaintro-projekti.com\/pilar-stari\/\"},{\"@type\":\"ListItem\",\"position\":2,\"name\":\"Institut Pilar obilje\u017eava 30. godinu rada i istra\u017eivanja\"}]},{\"@type\":\"WebSite\",\"@id\":\"https:\/\/www.vegaintro-projekti.com\/pilar-stari\/#website\",\"url\":\"https:\/\/www.vegaintro-projekti.com\/pilar-stari\/\",\"name\":\"Institut dru&scaron;tvenih znanosti Ivo Pilar\",\"description\":\"Pilar\",\"potentialAction\":[{\"@type\":\"SearchAction\",\"target\":{\"@type\":\"EntryPoint\",\"urlTemplate\":\"https:\/\/www.vegaintro-projekti.com\/pilar-stari\/?s={search_term_string}\"},\"query-input\":\"required name=search_term_string\"}],\"inLanguage\":\"hr\"},{\"@type\":\"Person\",\"@id\":\"https:\/\/www.vegaintro-projekti.com\/pilar-stari\/#\/schema\/person\/ddd404c9f1e15e4ffef5986ac6a5d28b\",\"name\":\"Boris\",\"image\":{\"@type\":\"ImageObject\",\"inLanguage\":\"hr\",\"@id\":\"https:\/\/www.vegaintro-projekti.com\/pilar-stari\/#\/schema\/person\/image\/\",\"url\":\"https:\/\/secure.gravatar.com\/avatar\/29557b161a6ce6ab86ac1503164f1e90?s=96&d=mm&r=g\",\"contentUrl\":\"https:\/\/secure.gravatar.com\/avatar\/29557b161a6ce6ab86ac1503164f1e90?s=96&d=mm&r=g\",\"caption\":\"Boris\"},\"url\":\"https:\/\/www.vegaintro-projekti.com\/pilar-stari\/author\/boris\/\"}]}<\/script>\n<!-- \/ Yoast SEO plugin. -->","yoast_head_json":{"title":"Institut Pilar obilje\u017eava 30. godinu rada i istra\u017eivanja - Institut dru&scaron;tvenih znanosti Ivo Pilar","robots":{"index":"noindex","follow":"follow","max-snippet":"max-snippet:-1","max-image-preview":"max-image-preview:large","max-video-preview":"max-video-preview:-1"},"og_locale":"hr_HR","og_type":"article","og_title":"Institut Pilar obilje\u017eava 30. godinu rada i istra\u017eivanja - Institut dru&scaron;tvenih znanosti Ivo Pilar","og_description":"U povodu 30. godine rada i istra\u017eivanja Institituta dru\u0161tvenih znanosti Ivo Pilar portal MojZagreb.info 15. listopada objavljuje post pod naslovom &#8220;Kakvo je hrvatsko dru\u0161tvo danas, \u0161to smo nau\u010dili iz povijesti, a na \u0161to trebamo obratiti pa\u017enju u budu\u0107nosti?&#8221; a portal Profitiraj.hr 17. listopada 2021. post pod naslovom &#8220;Institut dru\u0161tvenih znanosti Ivo Pilar obilje\u017eava 30 godina&hellip; Pro\u010ditaj vi\u0161e o Institut Pilar obilje\u017eava 30. godinu rada i istra\u017eivanja","og_url":"https:\/\/www.vegaintro-projekti.com\/pilar-stari\/2021\/10\/institut-pilar-obiljezava-30-godinu-rada-i-istrazivanja\/","og_site_name":"Institut dru&scaron;tvenih znanosti Ivo Pilar","article_published_time":"2021-10-21T22:06:38+00:00","article_modified_time":"2021-10-26T11:50:57+00:00","og_image":[{"width":640,"height":701,"url":"https:\/\/www.vegaintro-projekti.com\/pilar-stari\/wp-content\/uploads\/2021\/10\/PIXXXLAR-neg_fi2.jpg","type":"image\/jpeg"}],"author":"Boris","twitter_card":"summary_large_image","twitter_misc":{"Napisao\/la":"Boris","Procijenjeno vrijeme \u010ditanja":"3 minute"},"schema":{"@context":"https:\/\/schema.org","@graph":[{"@type":"WebPage","@id":"https:\/\/www.vegaintro-projekti.com\/pilar-stari\/2021\/10\/institut-pilar-obiljezava-30-godinu-rada-i-istrazivanja\/","url":"https:\/\/www.vegaintro-projekti.com\/pilar-stari\/2021\/10\/institut-pilar-obiljezava-30-godinu-rada-i-istrazivanja\/","name":"Institut Pilar obilje\u017eava 30. godinu rada i istra\u017eivanja - Institut dru&scaron;tvenih znanosti Ivo Pilar","isPartOf":{"@id":"https:\/\/www.vegaintro-projekti.com\/pilar-stari\/#website"},"datePublished":"2021-10-21T22:06:38+00:00","dateModified":"2021-10-26T11:50:57+00:00","author":{"@id":"https:\/\/www.vegaintro-projekti.com\/pilar-stari\/#\/schema\/person\/ddd404c9f1e15e4ffef5986ac6a5d28b"},"breadcrumb":{"@id":"https:\/\/www.vegaintro-projekti.com\/pilar-stari\/2021\/10\/institut-pilar-obiljezava-30-godinu-rada-i-istrazivanja\/#breadcrumb"},"inLanguage":"hr","potentialAction":[{"@type":"ReadAction","target":["https:\/\/www.vegaintro-projekti.com\/pilar-stari\/2021\/10\/institut-pilar-obiljezava-30-godinu-rada-i-istrazivanja\/"]}]},{"@type":"BreadcrumbList","@id":"https:\/\/www.vegaintro-projekti.com\/pilar-stari\/2021\/10\/institut-pilar-obiljezava-30-godinu-rada-i-istrazivanja\/#breadcrumb","itemListElement":[{"@type":"ListItem","position":1,"name":"Home","item":"https:\/\/www.vegaintro-projekti.com\/pilar-stari\/"},{"@type":"ListItem","position":2,"name":"Institut Pilar obilje\u017eava 30. godinu rada i istra\u017eivanja"}]},{"@type":"WebSite","@id":"https:\/\/www.vegaintro-projekti.com\/pilar-stari\/#website","url":"https:\/\/www.vegaintro-projekti.com\/pilar-stari\/","name":"Institut dru&scaron;tvenih znanosti Ivo Pilar","description":"Pilar","potentialAction":[{"@type":"SearchAction","target":{"@type":"EntryPoint","urlTemplate":"https:\/\/www.vegaintro-projekti.com\/pilar-stari\/?s={search_term_string}"},"query-input":"required name=search_term_string"}],"inLanguage":"hr"},{"@type":"Person","@id":"https:\/\/www.vegaintro-projekti.com\/pilar-stari\/#\/schema\/person\/ddd404c9f1e15e4ffef5986ac6a5d28b","name":"Boris","image":{"@type":"ImageObject","inLanguage":"hr","@id":"https:\/\/www.vegaintro-projekti.com\/pilar-stari\/#\/schema\/person\/image\/","url":"https:\/\/secure.gravatar.com\/avatar\/29557b161a6ce6ab86ac1503164f1e90?s=96&d=mm&r=g","contentUrl":"https:\/\/secure.gravatar.com\/avatar\/29557b161a6ce6ab86ac1503164f1e90?s=96&d=mm&r=g","caption":"Boris"},"url":"https:\/\/www.vegaintro-projekti.com\/pilar-stari\/author\/boris\/"}]}},"_links":{"self":[{"href":"https:\/\/www.vegaintro-projekti.com\/pilar-stari\/wp-json\/wp\/v2\/posts\/20292"}],"collection":[{"href":"https:\/\/www.vegaintro-projekti.com\/pilar-stari\/wp-json\/wp\/v2\/posts"}],"about":[{"href":"https:\/\/www.vegaintro-projekti.com\/pilar-stari\/wp-json\/wp\/v2\/types\/post"}],"author":[{"embeddable":true,"href":"https:\/\/www.vegaintro-projekti.com\/pilar-stari\/wp-json\/wp\/v2\/users\/7"}],"replies":[{"embeddable":true,"href":"https:\/\/www.vegaintro-projekti.com\/pilar-stari\/wp-json\/wp\/v2\/comments?post=20292"}],"version-history":[{"count":6,"href":"https:\/\/www.vegaintro-projekti.com\/pilar-stari\/wp-json\/wp\/v2\/posts\/20292\/revisions"}],"predecessor-version":[{"id":20314,"href":"https:\/\/www.vegaintro-projekti.com\/pilar-stari\/wp-json\/wp\/v2\/posts\/20292\/revisions\/20314"}],"wp:featuredmedia":[{"embeddable":true,"href":"https:\/\/www.vegaintro-projekti.com\/pilar-stari\/wp-json\/wp\/v2\/media\/20290"}],"wp:attachment":[{"href":"https:\/\/www.vegaintro-projekti.com\/pilar-stari\/wp-json\/wp\/v2\/media?parent=20292"}],"wp:term":[{"taxonomy":"category","embeddable":true,"href":"https:\/\/www.vegaintro-projekti.com\/pilar-stari\/wp-json\/wp\/v2\/categories?post=20292"},{"taxonomy":"post_tag","embeddable":true,"href":"https:\/\/www.vegaintro-projekti.com\/pilar-stari\/wp-json\/wp\/v2\/tags?post=20292"}],"curies":[{"name":"wp","href":"https:\/\/api.w.org\/{rel}","templated":true}]}}