{"id":20429,"date":"2021-10-26T10:32:46","date_gmt":"2021-10-26T10:32:46","guid":{"rendered":"https:\/\/www.vegaintro-projekti.com\/pilar-stari\/?p=20429"},"modified":"2021-10-28T21:55:25","modified_gmt":"2021-10-28T21:55:25","slug":"mr-sc-mirko-petric-na-panelu-u-povodu-svjetskog-dana-turizma-21-10-2021","status":"publish","type":"post","link":"https:\/\/www.vegaintro-projekti.com\/pilar-stari\/2021\/10\/mr-sc-mirko-petric-na-panelu-u-povodu-svjetskog-dana-turizma-21-10-2021\/","title":{"rendered":"Mr. sc. Mirko Petri\u0107 na panelu u povodu Svjetskog dana turizma, 21. 10. 2021."},"content":{"rendered":"<p><strong>Mr. sc. Mirko Petri\u0107 odr\u017eao je 21. listopada 2021. izlaganje na temu \u201eTurizam i dru\u0161tvene vrijednosti kulture\u201c. Izlaganje je odr\u017eano u okviru panela koji su povodom Svjetskog dana turizma organizirali Katedra za turizam i gospodarstvo Ekonomskog fakulteta u Splitu te Living Lab Split Obzor 2020 projekta SmartCulTour<\/strong><\/p>\n<p><img decoding=\"async\" loading=\"lazy\" class=\"alignnone wp-image-20427 size-full\" src=\"https:\/\/www.vegaintro-projekti.com\/pilar-stari\/wp-content\/uploads\/2021\/10\/Sl_1-6.jpg\" alt=\"\" width=\"620\" height=\"310\" srcset=\"https:\/\/www.vegaintro-projekti.com\/pilar-stari\/wp-content\/uploads\/2021\/10\/Sl_1-6.jpg 620w, https:\/\/www.vegaintro-projekti.com\/pilar-stari\/wp-content\/uploads\/2021\/10\/Sl_1-6-300x150.jpg 300w\" sizes=\"(max-width: 620px) 100vw, 620px\" \/><\/p>\n<p>U okviru panela, prof. dr. sc. Lidija Petri\u0107 i asistent Zvonimir Kuli\u0161 predstavili su sredi\u0161nju istra\u017eiva\u010dku perspektivu i odabrane rezultate SmartCulTour projekta, \u010dija je tema razvoj odr\u017eivog kulturnog turizma u Europi. U sredi\u0161tu izlaganja mr. sc. Mirka Petri\u0107 bili su kulturni resursi, promatrani s motri\u0161ta njihova doprinosa razvoju dru\u0161tva, a Goran Rihelj, osniva\u010d portala HrTurizam, govorio je o razvoju turizma u manje razvijenijim podru\u010djima RH. Moderator skupa bio je doc. dr. sc. Ante Mandi\u0107, a online panel je pratilo ukupno 95 sudionika\/ca.<\/p>\n<p>Izlaganjima je ostvarena suradnja Obzor 2020 projekata SmartCulTour i Invent.<\/p>\n<p><strong>&#8211; Vi\u0161e o projektu SmartCulTour<\/strong> (Smart Cultural Tourism as a Driver of Sustainable Development of European Regions): <a href=\"http:\/\/www.smartcultour.eu\/\">http:\/\/www.smartcultour.eu\/<\/a><br \/>\n<strong>&#8211; Vi\u0161e o projektu Invent<\/strong> (European Inventory of Societal Values of Culture as Basis for Inclusive Cultural Policies): <a href=\"https:\/\/inventculture.eu\/\">https:\/\/inventculture.eu\/<\/a><\/p>\n<blockquote><p><a href=\"https:\/\/www.vegaintro-projekti.com\/pilar-stari\/2020\/05\/invent-european-inventory-of-societal-values-of-culture-as-a-basis-for-inclusive-cultural-policies-in-the-globalizing-world\/\">Projekt INVENT<\/a><\/p><\/blockquote>\n","protected":false},"excerpt":{"rendered":"<p>Mr. sc. Mirko Petri\u0107 odr\u017eao je 21. listopada 2021. izlaganje na temu \u201eTurizam i dru\u0161tvene vrijednosti kulture\u201c. Izlaganje je odr\u017eano u okviru panela koji su povodom Svjetskog dana turizma organizirali Katedra za turizam i gospodarstvo Ekonomskog fakulteta u Splitu te Living Lab Split Obzor 2020 projekta SmartCulTour U okviru panela, prof. dr. sc. Lidija Petri\u0107&hellip; <a class=\"continue\" href=\"https:\/\/www.vegaintro-projekti.com\/pilar-stari\/2021\/10\/mr-sc-mirko-petric-na-panelu-u-povodu-svjetskog-dana-turizma-21-10-2021\/\">Pro\u010ditaj vi\u0161e o<span> Mr. sc. Mirko Petri\u0107 na panelu u povodu Svjetskog dana turizma, 21. 10. 2021.<\/span><\/a><\/p>\n","protected":false},"author":7,"featured_media":20428,"comment_status":"closed","ping_status":"closed","sticky":false,"template":"","format":"standard","meta":{"inline_featured_image":false,"ngg_post_thumbnail":0,"footnotes":""},"categories":[48,11],"tags":[],"yoast_head":"<!-- This site is optimized with the Yoast SEO plugin v21.2 - https:\/\/yoast.com\/wordpress\/plugins\/seo\/ -->\n<title>Mr. sc. Mirko Petri\u0107 na panelu u povodu Svjetskog dana turizma, 21. 10. 2021. - Institut dru&scaron;tvenih znanosti Ivo Pilar<\/title>\n<meta name=\"robots\" content=\"noindex, follow, max-snippet:-1, max-image-preview:large, max-video-preview:-1\" \/>\n<meta property=\"og:locale\" content=\"hr_HR\" \/>\n<meta property=\"og:type\" content=\"article\" \/>\n<meta property=\"og:title\" content=\"Mr. sc. Mirko Petri\u0107 na panelu u povodu Svjetskog dana turizma, 21. 10. 2021. - Institut dru&scaron;tvenih znanosti Ivo Pilar\" \/>\n<meta property=\"og:description\" content=\"Mr. sc. Mirko Petri\u0107 odr\u017eao je 21. listopada 2021. izlaganje na temu \u201eTurizam i dru\u0161tvene vrijednosti kulture\u201c. Izlaganje je odr\u017eano u okviru panela koji su povodom Svjetskog dana turizma organizirali Katedra za turizam i gospodarstvo Ekonomskog fakulteta u Splitu te Living Lab Split Obzor 2020 projekta SmartCulTour U okviru panela, prof. dr. sc. Lidija Petri\u0107&hellip; Pro\u010ditaj vi\u0161e o Mr. sc. Mirko Petri\u0107 na panelu u povodu Svjetskog dana turizma, 21. 10. 2021.\" \/>\n<meta property=\"og:url\" content=\"https:\/\/www.vegaintro-projekti.com\/pilar-stari\/2021\/10\/mr-sc-mirko-petric-na-panelu-u-povodu-svjetskog-dana-turizma-21-10-2021\/\" \/>\n<meta property=\"og:site_name\" content=\"Institut dru&scaron;tvenih znanosti Ivo Pilar\" \/>\n<meta property=\"article:published_time\" content=\"2021-10-26T10:32:46+00:00\" \/>\n<meta property=\"article:modified_time\" content=\"2021-10-28T21:55:25+00:00\" \/>\n<meta property=\"og:image\" content=\"https:\/\/www.vegaintro-projekti.com\/pilar-stari\/wp-content\/uploads\/2021\/10\/Sl_1s-5.jpg\" \/>\n\t<meta property=\"og:image:width\" content=\"330\" \/>\n\t<meta property=\"og:image:height\" content=\"223\" \/>\n\t<meta property=\"og:image:type\" content=\"image\/jpeg\" \/>\n<meta name=\"author\" content=\"Boris\" \/>\n<meta name=\"twitter:card\" content=\"summary_large_image\" \/>\n<meta name=\"twitter:label1\" content=\"Napisao\/la\" \/>\n\t<meta name=\"twitter:data1\" content=\"Boris\" \/>\n\t<meta name=\"twitter:label2\" content=\"Procijenjeno vrijeme \u010ditanja\" \/>\n\t<meta name=\"twitter:data2\" content=\"1 minuta\" \/>\n<script type=\"application\/ld+json\" class=\"yoast-schema-graph\">{\"@context\":\"https:\/\/schema.org\",\"@graph\":[{\"@type\":\"WebPage\",\"@id\":\"https:\/\/www.vegaintro-projekti.com\/pilar-stari\/2021\/10\/mr-sc-mirko-petric-na-panelu-u-povodu-svjetskog-dana-turizma-21-10-2021\/\",\"url\":\"https:\/\/www.vegaintro-projekti.com\/pilar-stari\/2021\/10\/mr-sc-mirko-petric-na-panelu-u-povodu-svjetskog-dana-turizma-21-10-2021\/\",\"name\":\"Mr. sc. Mirko Petri\u0107 na panelu u povodu Svjetskog dana turizma, 21. 10. 2021. - Institut dru&scaron;tvenih znanosti Ivo Pilar\",\"isPartOf\":{\"@id\":\"https:\/\/www.vegaintro-projekti.com\/pilar-stari\/#website\"},\"datePublished\":\"2021-10-26T10:32:46+00:00\",\"dateModified\":\"2021-10-28T21:55:25+00:00\",\"author\":{\"@id\":\"https:\/\/www.vegaintro-projekti.com\/pilar-stari\/#\/schema\/person\/ddd404c9f1e15e4ffef5986ac6a5d28b\"},\"breadcrumb\":{\"@id\":\"https:\/\/www.vegaintro-projekti.com\/pilar-stari\/2021\/10\/mr-sc-mirko-petric-na-panelu-u-povodu-svjetskog-dana-turizma-21-10-2021\/#breadcrumb\"},\"inLanguage\":\"hr\",\"potentialAction\":[{\"@type\":\"ReadAction\",\"target\":[\"https:\/\/www.vegaintro-projekti.com\/pilar-stari\/2021\/10\/mr-sc-mirko-petric-na-panelu-u-povodu-svjetskog-dana-turizma-21-10-2021\/\"]}]},{\"@type\":\"BreadcrumbList\",\"@id\":\"https:\/\/www.vegaintro-projekti.com\/pilar-stari\/2021\/10\/mr-sc-mirko-petric-na-panelu-u-povodu-svjetskog-dana-turizma-21-10-2021\/#breadcrumb\",\"itemListElement\":[{\"@type\":\"ListItem\",\"position\":1,\"name\":\"Home\",\"item\":\"https:\/\/www.vegaintro-projekti.com\/pilar-stari\/\"},{\"@type\":\"ListItem\",\"position\":2,\"name\":\"Mr. sc. Mirko Petri\u0107 na panelu u povodu Svjetskog dana turizma, 21. 10. 2021.\"}]},{\"@type\":\"WebSite\",\"@id\":\"https:\/\/www.vegaintro-projekti.com\/pilar-stari\/#website\",\"url\":\"https:\/\/www.vegaintro-projekti.com\/pilar-stari\/\",\"name\":\"Institut dru&scaron;tvenih znanosti Ivo Pilar\",\"description\":\"Pilar\",\"potentialAction\":[{\"@type\":\"SearchAction\",\"target\":{\"@type\":\"EntryPoint\",\"urlTemplate\":\"https:\/\/www.vegaintro-projekti.com\/pilar-stari\/?s={search_term_string}\"},\"query-input\":\"required name=search_term_string\"}],\"inLanguage\":\"hr\"},{\"@type\":\"Person\",\"@id\":\"https:\/\/www.vegaintro-projekti.com\/pilar-stari\/#\/schema\/person\/ddd404c9f1e15e4ffef5986ac6a5d28b\",\"name\":\"Boris\",\"image\":{\"@type\":\"ImageObject\",\"inLanguage\":\"hr\",\"@id\":\"https:\/\/www.vegaintro-projekti.com\/pilar-stari\/#\/schema\/person\/image\/\",\"url\":\"https:\/\/secure.gravatar.com\/avatar\/29557b161a6ce6ab86ac1503164f1e90?s=96&d=mm&r=g\",\"contentUrl\":\"https:\/\/secure.gravatar.com\/avatar\/29557b161a6ce6ab86ac1503164f1e90?s=96&d=mm&r=g\",\"caption\":\"Boris\"},\"url\":\"https:\/\/www.vegaintro-projekti.com\/pilar-stari\/author\/boris\/\"}]}<\/script>\n<!-- \/ Yoast SEO plugin. -->","yoast_head_json":{"title":"Mr. sc. Mirko Petri\u0107 na panelu u povodu Svjetskog dana turizma, 21. 10. 2021. - Institut dru&scaron;tvenih znanosti Ivo Pilar","robots":{"index":"noindex","follow":"follow","max-snippet":"max-snippet:-1","max-image-preview":"max-image-preview:large","max-video-preview":"max-video-preview:-1"},"og_locale":"hr_HR","og_type":"article","og_title":"Mr. sc. Mirko Petri\u0107 na panelu u povodu Svjetskog dana turizma, 21. 10. 2021. - Institut dru&scaron;tvenih znanosti Ivo Pilar","og_description":"Mr. sc. Mirko Petri\u0107 odr\u017eao je 21. listopada 2021. izlaganje na temu \u201eTurizam i dru\u0161tvene vrijednosti kulture\u201c. Izlaganje je odr\u017eano u okviru panela koji su povodom Svjetskog dana turizma organizirali Katedra za turizam i gospodarstvo Ekonomskog fakulteta u Splitu te Living Lab Split Obzor 2020 projekta SmartCulTour U okviru panela, prof. dr. sc. Lidija Petri\u0107&hellip; Pro\u010ditaj vi\u0161e o Mr. sc. Mirko Petri\u0107 na panelu u povodu Svjetskog dana turizma, 21. 10. 2021.","og_url":"https:\/\/www.vegaintro-projekti.com\/pilar-stari\/2021\/10\/mr-sc-mirko-petric-na-panelu-u-povodu-svjetskog-dana-turizma-21-10-2021\/","og_site_name":"Institut dru&scaron;tvenih znanosti Ivo Pilar","article_published_time":"2021-10-26T10:32:46+00:00","article_modified_time":"2021-10-28T21:55:25+00:00","og_image":[{"width":330,"height":223,"url":"https:\/\/www.vegaintro-projekti.com\/pilar-stari\/wp-content\/uploads\/2021\/10\/Sl_1s-5.jpg","type":"image\/jpeg"}],"author":"Boris","twitter_card":"summary_large_image","twitter_misc":{"Napisao\/la":"Boris","Procijenjeno vrijeme \u010ditanja":"1 minuta"},"schema":{"@context":"https:\/\/schema.org","@graph":[{"@type":"WebPage","@id":"https:\/\/www.vegaintro-projekti.com\/pilar-stari\/2021\/10\/mr-sc-mirko-petric-na-panelu-u-povodu-svjetskog-dana-turizma-21-10-2021\/","url":"https:\/\/www.vegaintro-projekti.com\/pilar-stari\/2021\/10\/mr-sc-mirko-petric-na-panelu-u-povodu-svjetskog-dana-turizma-21-10-2021\/","name":"Mr. sc. Mirko Petri\u0107 na panelu u povodu Svjetskog dana turizma, 21. 10. 2021. - Institut dru&scaron;tvenih znanosti Ivo Pilar","isPartOf":{"@id":"https:\/\/www.vegaintro-projekti.com\/pilar-stari\/#website"},"datePublished":"2021-10-26T10:32:46+00:00","dateModified":"2021-10-28T21:55:25+00:00","author":{"@id":"https:\/\/www.vegaintro-projekti.com\/pilar-stari\/#\/schema\/person\/ddd404c9f1e15e4ffef5986ac6a5d28b"},"breadcrumb":{"@id":"https:\/\/www.vegaintro-projekti.com\/pilar-stari\/2021\/10\/mr-sc-mirko-petric-na-panelu-u-povodu-svjetskog-dana-turizma-21-10-2021\/#breadcrumb"},"inLanguage":"hr","potentialAction":[{"@type":"ReadAction","target":["https:\/\/www.vegaintro-projekti.com\/pilar-stari\/2021\/10\/mr-sc-mirko-petric-na-panelu-u-povodu-svjetskog-dana-turizma-21-10-2021\/"]}]},{"@type":"BreadcrumbList","@id":"https:\/\/www.vegaintro-projekti.com\/pilar-stari\/2021\/10\/mr-sc-mirko-petric-na-panelu-u-povodu-svjetskog-dana-turizma-21-10-2021\/#breadcrumb","itemListElement":[{"@type":"ListItem","position":1,"name":"Home","item":"https:\/\/www.vegaintro-projekti.com\/pilar-stari\/"},{"@type":"ListItem","position":2,"name":"Mr. sc. Mirko Petri\u0107 na panelu u povodu Svjetskog dana turizma, 21. 10. 2021."}]},{"@type":"WebSite","@id":"https:\/\/www.vegaintro-projekti.com\/pilar-stari\/#website","url":"https:\/\/www.vegaintro-projekti.com\/pilar-stari\/","name":"Institut dru&scaron;tvenih znanosti Ivo Pilar","description":"Pilar","potentialAction":[{"@type":"SearchAction","target":{"@type":"EntryPoint","urlTemplate":"https:\/\/www.vegaintro-projekti.com\/pilar-stari\/?s={search_term_string}"},"query-input":"required name=search_term_string"}],"inLanguage":"hr"},{"@type":"Person","@id":"https:\/\/www.vegaintro-projekti.com\/pilar-stari\/#\/schema\/person\/ddd404c9f1e15e4ffef5986ac6a5d28b","name":"Boris","image":{"@type":"ImageObject","inLanguage":"hr","@id":"https:\/\/www.vegaintro-projekti.com\/pilar-stari\/#\/schema\/person\/image\/","url":"https:\/\/secure.gravatar.com\/avatar\/29557b161a6ce6ab86ac1503164f1e90?s=96&d=mm&r=g","contentUrl":"https:\/\/secure.gravatar.com\/avatar\/29557b161a6ce6ab86ac1503164f1e90?s=96&d=mm&r=g","caption":"Boris"},"url":"https:\/\/www.vegaintro-projekti.com\/pilar-stari\/author\/boris\/"}]}},"_links":{"self":[{"href":"https:\/\/www.vegaintro-projekti.com\/pilar-stari\/wp-json\/wp\/v2\/posts\/20429"}],"collection":[{"href":"https:\/\/www.vegaintro-projekti.com\/pilar-stari\/wp-json\/wp\/v2\/posts"}],"about":[{"href":"https:\/\/www.vegaintro-projekti.com\/pilar-stari\/wp-json\/wp\/v2\/types\/post"}],"author":[{"embeddable":true,"href":"https:\/\/www.vegaintro-projekti.com\/pilar-stari\/wp-json\/wp\/v2\/users\/7"}],"replies":[{"embeddable":true,"href":"https:\/\/www.vegaintro-projekti.com\/pilar-stari\/wp-json\/wp\/v2\/comments?post=20429"}],"version-history":[{"count":1,"href":"https:\/\/www.vegaintro-projekti.com\/pilar-stari\/wp-json\/wp\/v2\/posts\/20429\/revisions"}],"predecessor-version":[{"id":20430,"href":"https:\/\/www.vegaintro-projekti.com\/pilar-stari\/wp-json\/wp\/v2\/posts\/20429\/revisions\/20430"}],"wp:featuredmedia":[{"embeddable":true,"href":"https:\/\/www.vegaintro-projekti.com\/pilar-stari\/wp-json\/wp\/v2\/media\/20428"}],"wp:attachment":[{"href":"https:\/\/www.vegaintro-projekti.com\/pilar-stari\/wp-json\/wp\/v2\/media?parent=20429"}],"wp:term":[{"taxonomy":"category","embeddable":true,"href":"https:\/\/www.vegaintro-projekti.com\/pilar-stari\/wp-json\/wp\/v2\/categories?post=20429"},{"taxonomy":"post_tag","embeddable":true,"href":"https:\/\/www.vegaintro-projekti.com\/pilar-stari\/wp-json\/wp\/v2\/tags?post=20429"}],"curies":[{"name":"wp","href":"https:\/\/api.w.org\/{rel}","templated":true}]}}