{"id":20913,"date":"2021-11-26T17:09:44","date_gmt":"2021-11-26T17:09:44","guid":{"rendered":"https:\/\/www.vegaintro-projekti.com\/pilar-stari\/?p=20913"},"modified":"2021-12-03T11:05:23","modified_gmt":"2021-12-03T11:05:23","slug":"dr-sc-jadranka-svarc-zastititi-sutljivu-vecinu-i-normalno-funkcioniranje-institucija-27-11-2021","status":"publish","type":"post","link":"https:\/\/www.vegaintro-projekti.com\/pilar-stari\/2021\/11\/dr-sc-jadranka-svarc-zastititi-sutljivu-vecinu-i-normalno-funkcioniranje-institucija-27-11-2021\/","title":{"rendered":"Dr. sc. Jadranka \u0160varc: Za\u0161tititi \u0161utljivu ve\u0107inu i normalno funkcioniranje institucija"},"content":{"rendered":"<p><strong>Glas Slavonije u broju od 27. sudenoga 2021. objavljuje razgovor s dr. sc. Jadrankom \u0160varc pod naslovom &#8220;Za\u0161tititi \u0161utljivu ve\u0107inu i normalno funkcioniranje institucija&#8221;.<\/strong> &#8211; <a href=\"http:\/\/www.glas-slavonije.hr\/479977\/11\/Zastititi-sutljivu-vecinu-i-normalno-funkcioniranje-institucija\">Glas Slavonije<\/a><\/p>\n<p><a href=\"http:\/\/www.glas-slavonije.hr\/479977\/11\/Zastititi-sutljivu-vecinu-i-normalno-funkcioniranje-institucija\"><img decoding=\"async\" loading=\"lazy\" class=\"alignnone wp-image-20911 size-full\" src=\"https:\/\/www.vegaintro-projekti.com\/pilar-stari\/wp-content\/uploads\/2021\/11\/J_Svarc.jpg\" alt=\"\" width=\"620\" height=\"436\" srcset=\"https:\/\/www.vegaintro-projekti.com\/pilar-stari\/wp-content\/uploads\/2021\/11\/J_Svarc.jpg 620w, https:\/\/www.vegaintro-projekti.com\/pilar-stari\/wp-content\/uploads\/2021\/11\/J_Svarc-300x211.jpg 300w\" sizes=\"(max-width: 620px) 100vw, 620px\" \/><\/a><\/p>\n<p><strong>&#8211; Glas Slavonije (online izdanje) :<\/strong> <a href=\"http:\/\/www.glas-slavonije.hr\/479977\/11\/Zastititi-sutljivu-vecinu-i-normalno-funkcioniranje-institucija\">Za\u0161tititi \u0161utljivu ve\u0107inu i normalno funkcioniranje institucija, 27. 11. 2021.<\/a><br \/>\n<strong>&#8211; Glas Slavonije (tiskano izdanje) :<\/strong> <a href=\"https:\/\/www.vegaintro-projekti.com\/pilar-stari\/wp-content\/uploads\/2021\/11\/04-05-27.11.2021.pdf\">Za\u0161tititi \u0161utljivu ve\u0107inu i normalno funkcioniranje institucija, 27. 11. 2021.<\/a><\/p>\n<p>U mnogim dosada\u0161njim istra\u017eivanjima gotovo redovito navodi se da Hrvati premalo vjeruju javnim institucijama, vlasti op\u0107enito i politi\u010darima najmanje. Za\u0161to je tome tako, postoje li osim objektivnih razloga tako\u0111er i neki drugi razlozi (strahovi, dvojbe, neinformiranost, zaostalost&#8230;), koji generiraju manjak povjerenja &#8211; pitali smo dr. sc. Jadranku \u0160varc, sociologinju s Instituta Ivo Pilar u Zagrebu?<\/p>\n<p>&#8211; Nepovjerenje u institucije danas je globalni fenomen u zapadnim demokracijama uklju\u010duju\u0107i i Hrvatsku. Gra\u0111ani su sve vi\u0161e razo\u010darani politikom te gaje prezir prema politi\u010darima i svim oblicima vlasti, dok su autoritarne populisti\u010dke gra\u0111anske struje koje se temelje na nezadovoljstvu gra\u0111ana institucijama sistema u usponu diljem svijeta. Razlog je, kako tvrdi Y. Mounk, profesor sa Sveu\u010dili\u0161ta Johns Hopkins u Americi, u svojoj knjizi People vs. Democracy, u usponu neliberalne demokracije ili demokracije s ograni\u010denim gra\u0111anskim pravima (prava manjina, sloboda javnih medija, trodiobe vlasti i sl.), koju propagiraju desni\u010darske konzervativne struje uime borbe protiv korumpiranih suvremenih demokracija koje ne uspijevaju osigurati zadovoljavaju\u0107i \u017eivotni standard za sve gra\u0111ane (nejednakosti izme\u0111u bogatih i siroma\u0161nih sve su ve\u0107e), i rije\u0161iti imigraciju, tj. probleme pomirbe razli\u010ditih identiteta. Pritom se obilato koriste dru\u0161tvenim mre\u017eama \u0161ire\u0107i mr\u017enju prema vlasti &#8220;uime naroda&#8221; i ugnjetavanog &#8220;malog \u010dovjeka&#8221;.<\/p>\n<p>APSURDNE SITUACIJE<\/p>\n<p>Kakva je situacija oko tih pitanja u Republici Hrvatskoj?<\/p>\n<p>&#8211; Na \u017ealost, u Hrvatskoj gotovo da nijedan sustav ne funkcionira kako treba, u cilju iskrene za\u0161tite prava gra\u0111ana, \u0161to stvara osje\u0107aj ugro\u017eenosti i zabrinutosti te nepovjerenja i skepse prema sustavu i politici. Povjerenje u pravni sustav odavno je naru\u0161eno i stalno podgrijavano novim skandalima, a nimalo nije bolje ni u financijskom sektoru (prijetnja inflacije), u socijalnoj skrbi gdje se kontinuirano javljaju ekscesi koji su na rubu pameti. Poseban je problem zdravstveni sustav koji je na rubu kolapsa te gra\u0111ani ostaju bez zdravstvene za\u0161tite, jer ili nema lije\u010dnika, ili je velika optere\u0107enost oboljelima od bolesti COVID-19, ili se \u0161tedi na tro\u0161kovima (tko \u0107e ga znati). Na\u017ealost, nepovjerenje u vladaju\u0107e strukture se preslikava i na odnos prema mjerama Vlade protiv pandemije, \u0161to rezultira odbijanjem dijela gra\u0111ana da se cijepe, testiraju i koriste COVID potvrde uime gra\u0111anskih sloboda i za\u0161tite ljudskih prava. Nepovjerenje u institucije dovelo je do apsurdne situacije da liberalne demokracije danas do\u017eivljavaju kolaps jer ih borci za pravo &#8220;na imanje virusa&#8221; optu\u017euju za kr\u0161enje ljudskih prava, ru\u0161e\u0107i tako same temelje demokracije, a u zamjenu nude &#8220;slobode&#8221; u sklopu autoritarnih sistema. Borba izme\u0111u vaksera i antivaksera postaje tako politi\u010dka borba izme\u0111u vaksera koji se zala\u017eu za istinsku demokraciju i gra\u0111anska prava, i antivaksera koji gra\u0111anske slobode \u017eele suziti pod krinkom borbe &#8220;za pravdu i narod&#8221;, a protiv korumpiranih i nesposobnih politi\u010dara. Takvu situaciju u velikoj mjeri iskori\u0161tavaju oporbeni politi\u010dari i konzervativne udruge koje pod krinkom borbe za gra\u0111anska prava nastoje jo\u0161 vi\u0161e potkopati i povjerenje u institucije i destabilizirati funkcioniranje dr\u017eave. Antivakserski skup u Zagrebu pro\u0161log vikenda na kojem su se okupljali, izme\u0111u ostalih, i oporbenjaci te se tra\u017eila i ostavka Vlade, to najbolje ilustrira.<\/p>\n<p>POSTNORMALNA ZNANOST<\/p>\n<p>Osim op\u0107enitog nepovjerenja u javne institucije, \u010dini se da Hrvati tako\u0111er premalo vjeruju u znanost i znanje, \u0161to posebno do izra\u017eaja dolazi u ovom pandemijskom vremenu. Koliko i to pokazuje odre\u0111enu zrelost (nezrelost) i razvijenost (nerazvijenost) dru\u0161tva u cijelosti?<\/p>\n<p>&#8211; Razvoj znanosti dio je tehnolo\u0161kog i civilizacijskog napretka koji nam je omogu\u0107io dana\u0161nji na\u010din \u017eivota i standarda. Ipak, znanost se danas suo\u010dava s rastu\u0107im dru\u0161tvenim kritikama i skepsom gra\u0111ana, \u0161to nam najbolje ilustrira neprihva\u0107anje cjepiva protiv zaraze COVID-19. Ve\u0107ina ljudi vjeruje da su rezultati znanstvenih istra\u017eivanja egzaktni, univerzalni i objektivni, a znanstvene istine vje\u010dne i nepromjenljive. Stoga postoji veliko nerazumijevanje prirode znanstvenog rada, odnosno \u010dinjenice da znanstvena znanja i znanstvene istine evoluiraju i mijenjaju se. Promjene u spoznajama (npr. koliko dugo traje djelovanje cjepiva, mogu li se i cijepljeni zaraziti i sl.), izazivaju nepovjerenje gra\u0111ana u znanost i dvojbe u vezi slije\u0111enja znanstvenih preporuka.<\/p>\n<p>Me\u0111utim, ova neodre\u0111enost u znanstvenim rezultatima i posljedi\u010dno nepovjerenje gra\u0111ana u znanstvene preporuke, rezultat je specifi\u010dne situacije u kojoj se znanost danas nalazi, a za koju je jo\u0161 krajem 1980-ih skovan termin postnormalna znanost. Postnormalni kontekst ozna\u010dava stanje kompleksnih dru\u0161tvenih i znanstvenih problema, suo\u010davanje znanstvenika sa situacijama visokog rizika u kojem su \u010dinjenice neizvjesne, ulozi visoki, a problemi zahtijevaju hitne odluke, \u010desto u interakciji s civilnim dru\u0161tvom i politikom. Pandemija bolesti COVID-19, potres u L\u2018Aquili, kolaps nuklearne elektrane Fukushima i mnogi drugi manje dramati\u010dni, ali trajni dru\u0161tveni izazovi, kao \u0161to su klimatske promjene, \u010diste energije, ili uvo\u0111enje cirkularne ekonomije, ilustriraju kako je znanost suo\u010dena s potrebom pru\u017eanja rje\u0161enja u okolnostima duboke neizvjesnosti i u bliskoj interakciji s politi\u010darima i \u0161irom dru\u0161tvenom zajednicom od koje ovisi prihva\u0107anje ili neprihva\u0107anje rje\u0161enja i tome adekvatno pona\u0161anje. Dok &#8220;normalna&#8221; znanost pokazuje veliku efikasnost u, primjerice, stvaranju novih znanja nu\u017enih za medicinsku dijagnostiku i lije\u010denje te upravljanje zdravstvenim sustavom (na\u017ealost, ne i na\u0161eg zdravstvenog sustava) u situacijama kada respiratori, bolni\u010dki kreveti i zdravstveni sustav u cjelini dosegnu svoj limit, normalna znanost ne nudi gotovo nikakva rje\u0161enja i smjernice. Tada na scenu stupa politika i politi\u010dke odluke, a paralelno s tim nepovjerenje gra\u0111ana u institucije i otpor politi\u010dkim odlukama. Znanost se izjedna\u010dava s institucijama sistema \u010dijem se autoritetu ne treba pokoriti, nego je treba &#8220;pribiti na kri\u017e&#8221; &#8211; kako je to simboli\u010dno u\u010dinjeno pro\u0161log vikenda na demonstracijama protiv COVID potvrda u Zagrebu.<\/p>\n<p>FACEBOOK ISTINE<\/p>\n<p>Koliko vjerovanje u razne nazoviznanstvene teorije o primjerice cjepivima i cijepljenju te nepovjerenje u argumente stru\u010dnjaka i znanstvenika stvaraju dodatne probleme i usporavaju globalnu i lokalnu borbu protiv pandemije?<\/p>\n<p>&#8211; Ljudi tra\u017ee jednostavna rje\u0161enja za slo\u017eene znanstvene probleme, a teorije zavjere daju jednostavna rje\u0161enja. Znanost je, s druge strane, postala visoko specijalizirana, slo\u017eena i te\u0161ko razumljiva laicima. Zato Facebook grupe odre\u0111uju \u0161to \u0107e se smatrati istinom, zbiljom i pravilnom interpretacijom doga\u0111anja. Svatko danas mo\u017ee biti prorok na dru\u0161tvenim mre\u017eama i uvijek \u0107e se na\u0107i sljedbenici, posebno danas, kada se znanost po\u010dinje politizirati kao \u0161to je to slu\u010daj s COVID-19, i kada politika istovremeno donosi uistinu nekonzistentne i nelogi\u010dne odluke koje gra\u0111ani do\u017eivljavaju kao maltretiranje. Raste otpor prema mjerama za suzbijanje bolesti COVID-19, koji brzo prerasta u nezadovoljstvo institucijama sistema i politikom uop\u0107e. Moglo bi se re\u0107i da dolazi do sinergije izme\u0111u malih grupa koje \u0161ire nazoviznanstvene teorije i velikog broja nezadovoljnika \u0161to onda prijeti i dru\u0161tvenim nemirima. Za pretpostaviti je da ve\u0107ina ljudi smatra da cijepljenje i ostale mjere nisu najsretnije rje\u0161enje, ali to je jedino \u0161to sada imamo za suzbijanje epidemije, pa se toga treba pridr\u017eavati. Nije jasno nude li protivnici COVID potvrda ikakvo rje\u0161enje za pandemiju, osim prirodne selekcije i umiranja.<\/p>\n<p>\u010cesto se kod nas \u010duje fraza &#8220;teror manjine nad ve\u0107inom&#8221;, posebno aktualna danas kad se prosvjeduje protiv cijepljenja, uvo\u0111enja COVID potvrda i Nacionalnog sto\u017eera. Mora li odgovorna i strpljiva ve\u0107ina trpjeti neodgovorno pona\u0161anje bu\u010dne manjine, da se tako izrazim? Mogu li izmjene zakona pripomo\u0107i, konkrektno glede obveze COVID potvrda?<\/p>\n<p>&#8211; Teror manjine nad ve\u0107inom u pogledu zagovaranja necijepljenja protiv koronavirusa, predstavlja realnu dru\u0161tvenu \u010dinjenicu, a rezultat je razvoja dvaju u su\u0161tini pozitivnih dru\u0161tvenih procesa &#8211; razvoja civilnog dru\u0161tva i demokracije, a koji su se danas iskrivili i gotovo pretvorili u svoju negaciju. O razvoju neliberalne demokracije ve\u0107 je bilo rije\u010di, a razvoj civilnog dru\u0161tva koje obuhva\u0107a slobodno udru\u017eivanje gra\u0111ana u neformalne i ne-vladine organizacije (obi\u010dno udruge ili zaklade), radi ostvarenja nekih zajedni\u010dkih ciljeva, usko se vezuje uz uspon moderne socijalne dr\u017eave i demokracije. Civilno dru\u0161tvo zato se naj\u010de\u0161\u0107e vezuje uz pozitivne akcije i vrijednosti (npr. za\u0161tita okoli\u0161a, prava manjina i sl.), ali s razvojem neliberalne demokracije sve su \u010de\u0161\u0107e negativne manifestacije civilnog dru\u0161tva u obliku raznih konzervativnih grupa koje agresivno name\u0107u svoje stavove, vrijednosti i svjetonazor ostalima.<\/p>\n<p>POSTRO\u017dITI MJERE<\/p>\n<p>Kako prevladati i taj problem koji eskalira diljem Europe, uklju\u010duju\u0107i i Hrvatsku?<\/p>\n<p>&#8211; Da bi neko demokratsko dru\u0161tvo funkcioniralo, potrebno je da gra\u0111ani budu svjesni svojih prava i sloboda, odnosno \u010dinjenice da je sloboda pojedinca ograni\u010dena slobodom drugog pojedinca, u smislu da ga ne smije ugro\u017eavati. Antivakserske grupe zala\u017eu se za vlastitu slobodu, pritom ne vode\u0107i ra\u010duna da njihova sloboda ugro\u017eava ne samo slobodu, nego i \u017eivote drugih ljudi. Statisti\u010dke analize jasno upu\u0107uju na to da visoko procijepljene zemlje imaju manji broj oboljelih i manji broj mrtvih, a neprocijepljene zemlje, kao Hrvatska, velik broj i oboljelih i umrlih (Hrvatska je 15. u svijetu prema broju umrlih). Izgleda da takvi argumenti, kao i kolaps bolni\u010dkog sustava ne dopiru do ljudi koji COVID potvrde do\u017eivljavaju kao napad na svoju slobodu, a ne kao sredstvo slobode za ve\u0107inu gra\u0111ana.<\/p>\n<p>Civilno dru\u0161tvo pretvorilo se s antivakserskim grupama u svoju suprotnost. Posljednji protesti u Zagrebu s verbalnim, pa i fizi\u010dkim napadom na novinare te protesti u Nizozemskoj i Belgiji koji su eskalirali u otvoreno nasilje i pale\u017e, ilustriraju u kojoj su mjeri agresiji izlo\u017eeni gra\u0111ani kojima agresija i nasilje nije opcija za ostvarenje svojih prava. Kako dugotrajno uvjeravanje u dobrobiti cijepljenja, pa makar i kratkoro\u010dno, nije polu\u010dilo gotovo nikakav rezultat, za vjerovati je da \u0107e dr\u017eava morati postro\u017eiti mjere, uvesti odre\u0111en na\u010din prisile kako bi za\u0161titila \u0161utljivu ve\u0107inu i omogu\u0107ila koliko-toliko normalno funkcioniranje institucija, posebno zdravstvenog, obrazovnog i socijalnog sustava dr\u017eave. (D.J.)<\/p>\n<p><span style=\"font-size: 14pt;\">Znanost se izjedna\u010dava s institucijama sistema \u010dijem se autoritetu ne treba pokoriti, nego je treba &#8220;pribiti na kri\u017e&#8221; &#8211; kako je to simboli\u010dno u\u010dinjeno na demonstracijama u Zagrebu&#8230;<\/span><\/p>\n<blockquote><p><a href=\"https:\/\/www.vegaintro-projekti.com\/pilar-stari\/biografije\/user-bio\/?my_user_id=54\">Dr. sc. Jadranka \u0160varc<\/a><\/p><\/blockquote>\n","protected":false},"excerpt":{"rendered":"<p>Glas Slavonije u broju od 27. sudenoga 2021. objavljuje razgovor s dr. sc. Jadrankom \u0160varc pod naslovom &#8220;Za\u0161tititi \u0161utljivu ve\u0107inu i normalno funkcioniranje institucija&#8221;. &#8211; Glas Slavonije &#8211; Glas Slavonije (online izdanje) : Za\u0161tititi \u0161utljivu ve\u0107inu i normalno funkcioniranje institucija, 27. 11. 2021. &#8211; Glas Slavonije (tiskano izdanje) : Za\u0161tititi \u0161utljivu ve\u0107inu i normalno funkcioniranje&hellip; <a class=\"continue\" href=\"https:\/\/www.vegaintro-projekti.com\/pilar-stari\/2021\/11\/dr-sc-jadranka-svarc-zastititi-sutljivu-vecinu-i-normalno-funkcioniranje-institucija-27-11-2021\/\">Pro\u010ditaj vi\u0161e o<span> Dr. sc. Jadranka \u0160varc: Za\u0161tititi \u0161utljivu ve\u0107inu i normalno funkcioniranje institucija<\/span><\/a><\/p>\n","protected":false},"author":7,"featured_media":20912,"comment_status":"closed","ping_status":"closed","sticky":false,"template":"","format":"standard","meta":{"inline_featured_image":false,"ngg_post_thumbnail":0,"footnotes":""},"categories":[48,12],"tags":[],"yoast_head":"<!-- This site is optimized with the Yoast SEO plugin v21.2 - https:\/\/yoast.com\/wordpress\/plugins\/seo\/ -->\n<title>Dr. sc. Jadranka \u0160varc: Za\u0161tititi \u0161utljivu ve\u0107inu i normalno funkcioniranje institucija - Institut dru&scaron;tvenih znanosti Ivo Pilar<\/title>\n<meta name=\"robots\" content=\"noindex, follow, max-snippet:-1, max-image-preview:large, max-video-preview:-1\" \/>\n<meta property=\"og:locale\" content=\"hr_HR\" \/>\n<meta property=\"og:type\" content=\"article\" \/>\n<meta property=\"og:title\" content=\"Dr. sc. Jadranka \u0160varc: Za\u0161tititi \u0161utljivu ve\u0107inu i normalno funkcioniranje institucija - Institut dru&scaron;tvenih znanosti Ivo Pilar\" \/>\n<meta property=\"og:description\" content=\"Glas Slavonije u broju od 27. sudenoga 2021. objavljuje razgovor s dr. sc. Jadrankom \u0160varc pod naslovom &#8220;Za\u0161tititi \u0161utljivu ve\u0107inu i normalno funkcioniranje institucija&#8221;. &#8211; Glas Slavonije &#8211; Glas Slavonije (online izdanje) : Za\u0161tititi \u0161utljivu ve\u0107inu i normalno funkcioniranje institucija, 27. 11. 2021. &#8211; Glas Slavonije (tiskano izdanje) : Za\u0161tititi \u0161utljivu ve\u0107inu i normalno funkcioniranje&hellip; Pro\u010ditaj vi\u0161e o Dr. sc. Jadranka \u0160varc: Za\u0161tititi \u0161utljivu ve\u0107inu i normalno funkcioniranje institucija\" \/>\n<meta property=\"og:url\" content=\"https:\/\/www.vegaintro-projekti.com\/pilar-stari\/2021\/11\/dr-sc-jadranka-svarc-zastititi-sutljivu-vecinu-i-normalno-funkcioniranje-institucija-27-11-2021\/\" \/>\n<meta property=\"og:site_name\" content=\"Institut dru&scaron;tvenih znanosti Ivo Pilar\" \/>\n<meta property=\"article:published_time\" content=\"2021-11-26T17:09:44+00:00\" \/>\n<meta property=\"article:modified_time\" content=\"2021-12-03T11:05:23+00:00\" \/>\n<meta property=\"og:image\" content=\"https:\/\/www.vegaintro-projekti.com\/pilar-stari\/wp-content\/uploads\/2021\/11\/J_Svarc_fi.jpg\" \/>\n\t<meta property=\"og:image:width\" content=\"330\" \/>\n\t<meta property=\"og:image:height\" content=\"232\" \/>\n\t<meta property=\"og:image:type\" content=\"image\/jpeg\" \/>\n<meta name=\"author\" content=\"Boris\" \/>\n<meta name=\"twitter:card\" content=\"summary_large_image\" \/>\n<meta name=\"twitter:label1\" content=\"Napisao\/la\" \/>\n\t<meta name=\"twitter:data1\" content=\"Boris\" \/>\n\t<meta name=\"twitter:label2\" content=\"Procijenjeno vrijeme \u010ditanja\" \/>\n\t<meta name=\"twitter:data2\" content=\"9 minuta\" \/>\n<script type=\"application\/ld+json\" class=\"yoast-schema-graph\">{\"@context\":\"https:\/\/schema.org\",\"@graph\":[{\"@type\":\"WebPage\",\"@id\":\"https:\/\/www.vegaintro-projekti.com\/pilar-stari\/2021\/11\/dr-sc-jadranka-svarc-zastititi-sutljivu-vecinu-i-normalno-funkcioniranje-institucija-27-11-2021\/\",\"url\":\"https:\/\/www.vegaintro-projekti.com\/pilar-stari\/2021\/11\/dr-sc-jadranka-svarc-zastititi-sutljivu-vecinu-i-normalno-funkcioniranje-institucija-27-11-2021\/\",\"name\":\"Dr. sc. Jadranka \u0160varc: Za\u0161tititi \u0161utljivu ve\u0107inu i normalno funkcioniranje institucija - Institut dru&scaron;tvenih znanosti Ivo Pilar\",\"isPartOf\":{\"@id\":\"https:\/\/www.vegaintro-projekti.com\/pilar-stari\/#website\"},\"datePublished\":\"2021-11-26T17:09:44+00:00\",\"dateModified\":\"2021-12-03T11:05:23+00:00\",\"author\":{\"@id\":\"https:\/\/www.vegaintro-projekti.com\/pilar-stari\/#\/schema\/person\/ddd404c9f1e15e4ffef5986ac6a5d28b\"},\"breadcrumb\":{\"@id\":\"https:\/\/www.vegaintro-projekti.com\/pilar-stari\/2021\/11\/dr-sc-jadranka-svarc-zastititi-sutljivu-vecinu-i-normalno-funkcioniranje-institucija-27-11-2021\/#breadcrumb\"},\"inLanguage\":\"hr\",\"potentialAction\":[{\"@type\":\"ReadAction\",\"target\":[\"https:\/\/www.vegaintro-projekti.com\/pilar-stari\/2021\/11\/dr-sc-jadranka-svarc-zastititi-sutljivu-vecinu-i-normalno-funkcioniranje-institucija-27-11-2021\/\"]}]},{\"@type\":\"BreadcrumbList\",\"@id\":\"https:\/\/www.vegaintro-projekti.com\/pilar-stari\/2021\/11\/dr-sc-jadranka-svarc-zastititi-sutljivu-vecinu-i-normalno-funkcioniranje-institucija-27-11-2021\/#breadcrumb\",\"itemListElement\":[{\"@type\":\"ListItem\",\"position\":1,\"name\":\"Home\",\"item\":\"https:\/\/www.vegaintro-projekti.com\/pilar-stari\/\"},{\"@type\":\"ListItem\",\"position\":2,\"name\":\"Dr. sc. Jadranka \u0160varc: Za\u0161tititi \u0161utljivu ve\u0107inu i normalno funkcioniranje institucija\"}]},{\"@type\":\"WebSite\",\"@id\":\"https:\/\/www.vegaintro-projekti.com\/pilar-stari\/#website\",\"url\":\"https:\/\/www.vegaintro-projekti.com\/pilar-stari\/\",\"name\":\"Institut dru&scaron;tvenih znanosti Ivo Pilar\",\"description\":\"Pilar\",\"potentialAction\":[{\"@type\":\"SearchAction\",\"target\":{\"@type\":\"EntryPoint\",\"urlTemplate\":\"https:\/\/www.vegaintro-projekti.com\/pilar-stari\/?s={search_term_string}\"},\"query-input\":\"required name=search_term_string\"}],\"inLanguage\":\"hr\"},{\"@type\":\"Person\",\"@id\":\"https:\/\/www.vegaintro-projekti.com\/pilar-stari\/#\/schema\/person\/ddd404c9f1e15e4ffef5986ac6a5d28b\",\"name\":\"Boris\",\"image\":{\"@type\":\"ImageObject\",\"inLanguage\":\"hr\",\"@id\":\"https:\/\/www.vegaintro-projekti.com\/pilar-stari\/#\/schema\/person\/image\/\",\"url\":\"https:\/\/secure.gravatar.com\/avatar\/29557b161a6ce6ab86ac1503164f1e90?s=96&d=mm&r=g\",\"contentUrl\":\"https:\/\/secure.gravatar.com\/avatar\/29557b161a6ce6ab86ac1503164f1e90?s=96&d=mm&r=g\",\"caption\":\"Boris\"},\"url\":\"https:\/\/www.vegaintro-projekti.com\/pilar-stari\/author\/boris\/\"}]}<\/script>\n<!-- \/ Yoast SEO plugin. -->","yoast_head_json":{"title":"Dr. sc. Jadranka \u0160varc: Za\u0161tititi \u0161utljivu ve\u0107inu i normalno funkcioniranje institucija - Institut dru&scaron;tvenih znanosti Ivo Pilar","robots":{"index":"noindex","follow":"follow","max-snippet":"max-snippet:-1","max-image-preview":"max-image-preview:large","max-video-preview":"max-video-preview:-1"},"og_locale":"hr_HR","og_type":"article","og_title":"Dr. sc. Jadranka \u0160varc: Za\u0161tititi \u0161utljivu ve\u0107inu i normalno funkcioniranje institucija - Institut dru&scaron;tvenih znanosti Ivo Pilar","og_description":"Glas Slavonije u broju od 27. sudenoga 2021. objavljuje razgovor s dr. sc. Jadrankom \u0160varc pod naslovom &#8220;Za\u0161tititi \u0161utljivu ve\u0107inu i normalno funkcioniranje institucija&#8221;. &#8211; Glas Slavonije &#8211; Glas Slavonije (online izdanje) : Za\u0161tititi \u0161utljivu ve\u0107inu i normalno funkcioniranje institucija, 27. 11. 2021. &#8211; Glas Slavonije (tiskano izdanje) : Za\u0161tititi \u0161utljivu ve\u0107inu i normalno funkcioniranje&hellip; Pro\u010ditaj vi\u0161e o Dr. sc. Jadranka \u0160varc: Za\u0161tititi \u0161utljivu ve\u0107inu i normalno funkcioniranje institucija","og_url":"https:\/\/www.vegaintro-projekti.com\/pilar-stari\/2021\/11\/dr-sc-jadranka-svarc-zastititi-sutljivu-vecinu-i-normalno-funkcioniranje-institucija-27-11-2021\/","og_site_name":"Institut dru&scaron;tvenih znanosti Ivo Pilar","article_published_time":"2021-11-26T17:09:44+00:00","article_modified_time":"2021-12-03T11:05:23+00:00","og_image":[{"width":330,"height":232,"url":"https:\/\/www.vegaintro-projekti.com\/pilar-stari\/wp-content\/uploads\/2021\/11\/J_Svarc_fi.jpg","type":"image\/jpeg"}],"author":"Boris","twitter_card":"summary_large_image","twitter_misc":{"Napisao\/la":"Boris","Procijenjeno vrijeme \u010ditanja":"9 minuta"},"schema":{"@context":"https:\/\/schema.org","@graph":[{"@type":"WebPage","@id":"https:\/\/www.vegaintro-projekti.com\/pilar-stari\/2021\/11\/dr-sc-jadranka-svarc-zastititi-sutljivu-vecinu-i-normalno-funkcioniranje-institucija-27-11-2021\/","url":"https:\/\/www.vegaintro-projekti.com\/pilar-stari\/2021\/11\/dr-sc-jadranka-svarc-zastititi-sutljivu-vecinu-i-normalno-funkcioniranje-institucija-27-11-2021\/","name":"Dr. sc. Jadranka \u0160varc: Za\u0161tititi \u0161utljivu ve\u0107inu i normalno funkcioniranje institucija - Institut dru&scaron;tvenih znanosti Ivo Pilar","isPartOf":{"@id":"https:\/\/www.vegaintro-projekti.com\/pilar-stari\/#website"},"datePublished":"2021-11-26T17:09:44+00:00","dateModified":"2021-12-03T11:05:23+00:00","author":{"@id":"https:\/\/www.vegaintro-projekti.com\/pilar-stari\/#\/schema\/person\/ddd404c9f1e15e4ffef5986ac6a5d28b"},"breadcrumb":{"@id":"https:\/\/www.vegaintro-projekti.com\/pilar-stari\/2021\/11\/dr-sc-jadranka-svarc-zastititi-sutljivu-vecinu-i-normalno-funkcioniranje-institucija-27-11-2021\/#breadcrumb"},"inLanguage":"hr","potentialAction":[{"@type":"ReadAction","target":["https:\/\/www.vegaintro-projekti.com\/pilar-stari\/2021\/11\/dr-sc-jadranka-svarc-zastititi-sutljivu-vecinu-i-normalno-funkcioniranje-institucija-27-11-2021\/"]}]},{"@type":"BreadcrumbList","@id":"https:\/\/www.vegaintro-projekti.com\/pilar-stari\/2021\/11\/dr-sc-jadranka-svarc-zastititi-sutljivu-vecinu-i-normalno-funkcioniranje-institucija-27-11-2021\/#breadcrumb","itemListElement":[{"@type":"ListItem","position":1,"name":"Home","item":"https:\/\/www.vegaintro-projekti.com\/pilar-stari\/"},{"@type":"ListItem","position":2,"name":"Dr. sc. Jadranka \u0160varc: Za\u0161tititi \u0161utljivu ve\u0107inu i normalno funkcioniranje institucija"}]},{"@type":"WebSite","@id":"https:\/\/www.vegaintro-projekti.com\/pilar-stari\/#website","url":"https:\/\/www.vegaintro-projekti.com\/pilar-stari\/","name":"Institut dru&scaron;tvenih znanosti Ivo Pilar","description":"Pilar","potentialAction":[{"@type":"SearchAction","target":{"@type":"EntryPoint","urlTemplate":"https:\/\/www.vegaintro-projekti.com\/pilar-stari\/?s={search_term_string}"},"query-input":"required name=search_term_string"}],"inLanguage":"hr"},{"@type":"Person","@id":"https:\/\/www.vegaintro-projekti.com\/pilar-stari\/#\/schema\/person\/ddd404c9f1e15e4ffef5986ac6a5d28b","name":"Boris","image":{"@type":"ImageObject","inLanguage":"hr","@id":"https:\/\/www.vegaintro-projekti.com\/pilar-stari\/#\/schema\/person\/image\/","url":"https:\/\/secure.gravatar.com\/avatar\/29557b161a6ce6ab86ac1503164f1e90?s=96&d=mm&r=g","contentUrl":"https:\/\/secure.gravatar.com\/avatar\/29557b161a6ce6ab86ac1503164f1e90?s=96&d=mm&r=g","caption":"Boris"},"url":"https:\/\/www.vegaintro-projekti.com\/pilar-stari\/author\/boris\/"}]}},"_links":{"self":[{"href":"https:\/\/www.vegaintro-projekti.com\/pilar-stari\/wp-json\/wp\/v2\/posts\/20913"}],"collection":[{"href":"https:\/\/www.vegaintro-projekti.com\/pilar-stari\/wp-json\/wp\/v2\/posts"}],"about":[{"href":"https:\/\/www.vegaintro-projekti.com\/pilar-stari\/wp-json\/wp\/v2\/types\/post"}],"author":[{"embeddable":true,"href":"https:\/\/www.vegaintro-projekti.com\/pilar-stari\/wp-json\/wp\/v2\/users\/7"}],"replies":[{"embeddable":true,"href":"https:\/\/www.vegaintro-projekti.com\/pilar-stari\/wp-json\/wp\/v2\/comments?post=20913"}],"version-history":[{"count":5,"href":"https:\/\/www.vegaintro-projekti.com\/pilar-stari\/wp-json\/wp\/v2\/posts\/20913\/revisions"}],"predecessor-version":[{"id":20920,"href":"https:\/\/www.vegaintro-projekti.com\/pilar-stari\/wp-json\/wp\/v2\/posts\/20913\/revisions\/20920"}],"wp:featuredmedia":[{"embeddable":true,"href":"https:\/\/www.vegaintro-projekti.com\/pilar-stari\/wp-json\/wp\/v2\/media\/20912"}],"wp:attachment":[{"href":"https:\/\/www.vegaintro-projekti.com\/pilar-stari\/wp-json\/wp\/v2\/media?parent=20913"}],"wp:term":[{"taxonomy":"category","embeddable":true,"href":"https:\/\/www.vegaintro-projekti.com\/pilar-stari\/wp-json\/wp\/v2\/categories?post=20913"},{"taxonomy":"post_tag","embeddable":true,"href":"https:\/\/www.vegaintro-projekti.com\/pilar-stari\/wp-json\/wp\/v2\/tags?post=20913"}],"curies":[{"name":"wp","href":"https:\/\/api.w.org\/{rel}","templated":true}]}}