{"id":21082,"date":"2019-02-17T18:43:47","date_gmt":"2019-02-17T18:43:47","guid":{"rendered":"https:\/\/www.vegaintro-projekti.com\/pilar-stari\/?p=21082"},"modified":"2021-12-05T19:25:42","modified_gmt":"2021-12-05T19:25:42","slug":"objavljen-zbornik-vukovar-91-javni-diskursi-i-pozicije-moci","status":"publish","type":"post","link":"https:\/\/www.vegaintro-projekti.com\/pilar-stari\/2019\/02\/objavljen-zbornik-vukovar-91-javni-diskursi-i-pozicije-moci\/","title":{"rendered":"Objavljen zbornik VUKOVAR \u201891. &#8211; JAVNI DISKURSI I POZICIJE MO\u0106I"},"content":{"rendered":"<p><strong>Zbornik VUKOVAR \u201891. &#8211; JAVNI DISKURSI I POZICIJE MO\u0106I objavljen je kao 55. knjiga Biblioteke Zbornici Instituta dru\u0161tvenih znanosti Ivo Pilar. Uredili su ga Dra\u017een \u017divi\u0107, Sandra Cviki\u0107 i Ivana Bendra a donosi radove s 20. znanstveno-stru\u010dnog skupa \u201cVukovar \u201991. &#8211; dvadeset i \u0161esta godina poslije\u201d odr\u017eanog 13. i 14. studenoga 2017.<\/strong> \u2013 <a href=\"#ur\">Uredni\u010dka rije\u010d<\/a> | <a href=\"#sadrzaj\">Sadr\u017eaj<\/a><\/p>\n<p><a href=\"https:\/\/www.vegaintro-projekti.com\/pilar-stari\/wp-content\/uploads\/2021\/12\/Vuk18-naslovnica.jpg\"><img decoding=\"async\" loading=\"lazy\" class=\"wp-image-21075 size-full alignleft\" src=\"https:\/\/www.vegaintro-projekti.com\/pilar-stari\/wp-content\/uploads\/2021\/12\/Vuk18-nasl.jpg\" alt=\"\" width=\"225\" height=\"314\" srcset=\"https:\/\/www.vegaintro-projekti.com\/pilar-stari\/wp-content\/uploads\/2021\/12\/Vuk18-nasl.jpg 225w, https:\/\/www.vegaintro-projekti.com\/pilar-stari\/wp-content\/uploads\/2021\/12\/Vuk18-nasl-215x300.jpg 215w\" sizes=\"(max-width: 225px) 100vw, 225px\" \/><\/a><em>Radovi u Zborniku vrijedan su i koristan prilog boljem razumijevanju nedavnih doga\u0111aja (srbijanske oru\u017eane agresije na Vukovar i Hrvatsku), ali i boljem razumijevanju te\u0161ko\u0107a i problema s kojima se svakodnevno, ve\u0107 godinama, susre\u0107u i suo\u010davaju hrvatski gra\u0111ani i hrvatsko dru\u0161tvo, ne samo u Vukovaru nego i u cijeloj Republici Hrvatskoj<\/em><\/p>\n<p><span style=\"font-size: 8pt;\"><strong>VUKOVAR \u201891. \u2014 JAVNI DISKURSI I POZICIJE MO\u0106I<\/strong><\/span><br \/>\n<span style=\"font-size: 8pt;\"><strong>Uredili: Dra\u017een \u017divi\u0107, Sandra Cviki\u0107 i Ivana Bendra<\/strong><\/span><br \/>\n<span style=\"font-size: 8pt;\"><strong>Biblioteka ZBORNICI. \u2013 Knjiga 55.<\/strong><\/span><br \/>\n<span style=\"font-size: 8pt;\"><strong>Institut dru\u0161tvenih znanosti Ivo Pilar i Ogranak Matice hrvatske u Vukovaru<\/strong><\/span><br \/>\n<span style=\"font-size: 8pt;\"><strong>Zagreb \u2013 Vukovar, 2018. \u2013 190 str.<\/strong><\/span><br \/>\n<span style=\"font-size: 8pt;\"><strong>ISBN 978-953-7964-62-7<\/strong><\/span><\/p>\n<p>\u2013 <a href=\"https:\/\/www.vegaintro-projekti.com\/pilar-stari\/2019\/02\/predstavljanje-zbornika-vukovar-91-javni-diskursi-i-pozicije-moci-19-2-2019\/\">Predstavljanje zbornika VUKOVAR \u201891. &#8211; JAVNI DISKURSI I POZICIJE MO\u0106I; Vukovar, 19. velja\u010de 2019.<\/a><\/p>\n<p><a id=\"sadrzaj\"><\/a><span style=\"font-size: 14pt;\">Sadr\u017eaj<\/span><\/p>\n<p>\u2013 <a href=\"https:\/\/www.vegaintro-projekti.com\/pilar-stari\/wp-content\/uploads\/2021\/12\/Vuk18-omot.pdf\">Omot<\/a> | <a href=\"https:\/\/www.vegaintro-projekti.com\/pilar-stari\/wp-content\/uploads\/2021\/12\/Vuk18-impresum.pdf\">Impresum<\/a> | <a href=\"https:\/\/www.vegaintro-projekti.com\/pilar-stari\/wp-content\/uploads\/2021\/12\/Vuk18-sadrzaj.pdf\">Sadr\u017eaj<\/a><\/p>\n<p><a href=\"https:\/\/www.vegaintro-projekti.com\/pilar-stari\/wp-content\/uploads\/2021\/12\/Vuk18-ur_rijec.pdf\">Uredni\u010dka rije\u010d<\/a><\/p>\n<p>Andrija PLATU\u017dI\u0106, \u017deljko \u017dIVANOVI\u0106 i Ozren \u017dUNEC: Sli\u010dnosti i razlike bitaka za Verdun 1916. i Vukovar 1991.<br \/>\nAnita DREMEL i Renato MATI\u0106: Sociologija \u201eekstremnog nasilja\u201c: Tehnologizacija diskursa o vukovarskom iskustvu 1991.<br \/>\nIvan FREMEC: Pokolj ili sukob? &#8211; Vukovar &#8217;91. na Wikipediji<br \/>\nStjepan DOMJAN\u010cI\u0106: Militarizacija javnog diskursa: nacionalna sigurnost i paradoks Vukovara<br \/>\nTomislav \u0106U\u017dI\u0106: Diskursi o Glava\u0161evi\u0107u i Glava\u0161evi\u0107ev (literarni) diskurs<br \/>\nJosip ESTERAJHER: Obrazac zlo\u010dina: Vukovar, Srebrenica, Prekaz<br \/>\nJulija BARUN\u010cI\u0106 PLETIKOSI\u0106: Obnova nakon razaranja &#8211; pregled i stanje obnovljene sakralne arhitekture na podru\u010dju Vukovara i Vukovarsko-srijemske \u017dupanije nakon velikosrpske agresije na Hrvatsku<br \/>\nIvan MARKE\u0160I\u0106: Vjerske zajednice o migracijama i migrantima<br \/>\n\u017deljko PAVI\u0106 i Antun \u0160UNDALI\u0106: Katolicizam, kultura rada i antitr\u017ei\u0161ni mentalitet u Hrvatskoj &#8211; empirijska analiza utemeljenosti jednog diskursa<br \/>\nStipe KLJAI\u0106: Emigrantski rad bra\u0107e Or\u0161ani\u0107 u svjetlu hrvatskog pitanja u Jugoslaviji (1951.-1968.)<br \/>\nStanislav \u0160OTA: Religioznost i kriti\u010dki osvrt mladih Vukovarskog dekanata na Te\u010daj priprave za brak te komparacija transgeneracijskih vrednota potrebitih za stabilnost i kvalitetu \u017divota u braku i obitelji<\/p>\n<p><a href=\"https:\/\/www.vegaintro-projekti.com\/pilar-stari\/wp-content\/uploads\/2021\/12\/Vuk18-sazetak.pdf\">Sa\u017eetak<\/a><br \/>\n<a href=\"https:\/\/www.vegaintro-projekti.com\/pilar-stari\/wp-content\/uploads\/2021\/12\/Vuk18-summary.pdf\">Summary<\/a><br \/>\n<a href=\"https:\/\/www.vegaintro-projekti.com\/pilar-stari\/wp-content\/uploads\/2021\/12\/Vuk18-autori.pdf\">O autorima<\/a><\/p>\n<p>&gt;&gt;&gt; Puni tekst zbornika<\/p>\n<p><a id=\"ur\"><\/a><span style=\"font-size: 14pt;\">Uredni\u010dka rije\u010d<\/span><\/p>\n<p>U prigodi obilje\u017eavanja <em>18. studenoga &#8211; Dana sje\u0107anja na \u017ertvu Vukovara 1991. godine<\/em>, Institut dru\u0161tvenih znanosti Ivo Pilar iz Zagreba i Podru\u010dni centar Instituta Pilar u Vukovaru, organizirali su 13. i 14. studenoga 2017. godine tradicionalni i jubilarni 20. znanstveno-stru\u010dni skup \u201eVukovar &#8217;91. \u2014 dvadeset i \u0161esta godina poslije\u201c, na temu VUKOVAR \u201991.: JAVNI DISKURSI I POZICIJE MO\u0106I. Na skupu je sudjelovalo 27 uglednih predava\u010da &#8211; znanstvenika i stru\u010dnjaka iz razli\u010ditih znanstvenih disciplina (povijest, antropologija, politologija, sociologija, demografija, teologija, kroatologija), koji su prezentirali 19 vrlo zanimljivih, znanstveno vi\u0161e nego relevantnih i dru\u0161tveno iznimno aktualnih priop\u0107enja. Do roka koji smo postavili, pisane verzije svojih priop\u0107enja dostavilo je 15 sudionika skupa koji su za objavljivanje priredili 11 radova. Navodimo ih po redoslijedu u Zborniku: Andrija Platu\u017ei\u0107, \u017deljko \u017divanovi\u0107 i Ozren \u017dunec: <em>Sli\u010dnosti i razlike bitaka za Verdun 1916. i Vukovar 1991.<\/em>; Anita Dremel i Renato Mati\u0107: <em>Sociologija \u201eekstremnog nasilja\u201c: Tehnologizacija diskursa o vukovarskom iskustvu 1991.<\/em>; Ivan Fremec: <em>Pokolj ili sukob? &#8211; Vukovar \u201991. na Wikipediji<\/em>; Stjepan Domjan\u010di\u0107: <em>Militarizacija javnog diskursa: nacionalna sigurnost i paradoks Vukovara<\/em>; Tomislav \u0106u\u017ei\u0107: <em>Diskursi o Glava\u0161evi\u0107u i Glava\u0161evi\u0107ev (literarni) diskurs<\/em>; Josip Esterajher: <em>Obrazac zlo\u010dina: Vukovar, Srebrenica, Prekaz<\/em>; Julija Barun\u010di\u0107 Pletikosi\u0107: <em>Obnova nakon razaranja &#8211; pregled i stanje obnovljene sakralne arhitekture na podru\u010dju Vukovara i Vukovarsko-srijemske \u017eupanije nakon velikosrpske agresije na Hrvatsku<\/em>; Ivan Marke\u0161i\u0107: <em>Vjerske zajednice o migracijama i migrantima<\/em>; \u017deljko Pavi\u0107 i Antun \u0160undali\u0107: <em>Katolicizam, kultura rada i antitr\u017ei\u0161ni mentalitet u Hrvatskoj &#8211; empirijska analiza utemeljenosti jednog diskursa<\/em>; Stipe Kljai\u0107: <em>Emigrantski rad bra\u0107e Or\u0161ani\u0107 u svjetlu hrvatskog pitanja u Jugoslaviji (1951.-1968.)<\/em> i Stanislav \u0160ota: <em>Religioznost i kriti\u010dki osvrt mladih Vukovarskog dekanata na Te\u010daj priprave za brak te komparacija transgeneracijskih vrednota potrebitih za stabilnost i kvalitetu \u017eivota u braku i obitelji<\/em>.<\/p>\n<p>Predaju\u0107i javnosti Zbornik radova <em>Vukovar \u201991.: javni diskursi i pozicije mo\u0107i<\/em>, koristimo prigodu najiskrenije zahvaliti autorima na ulo\u017eenom trudu i odvojenom vremenu, jer su svojim radovima, iskreno vjerujemo, pridonijeli produbljenju istine o zbivanjima u Vukovaru u Hrvatskom domovinskom ratu, a na poseban na\u010din i njezinim kompleksnim odjecima u hrvatskom dru\u0161tvu od ljeta i jeseni 1991. godine pa sve do danas. Ujedno zahvaljujemo i recenzentima na pozitivnoj ocjeni rukopisa Zbornika i vrlo korisnim savjetima za njegovo pobolj\u0161anje. Na\u0161a velika zahvalnost ide svima koji su ulo\u017eili svoje znanje i trud kako bi pred znanstvenom, ali i naj\u0161irom javnosti svjetlo dana ugledao 12. po redu zbornik radova sa znanstveno-stru\u010dnih skupova posve\u0107enih fenomenu Vukovara \u201991. Rije\u010d je o ve\u0107 iznimno respektabilnoj ediciji koja je u gotovo dva protekla desetlje\u0107a u\u010dinila dostupnim brojne utvr\u0111ene \u010dinjenice, empirijske i druge spoznaje, svjedo\u010danstva, dokumente i druge priloge koji zajedni\u010dki predstavljaju veliko znanstveno i istra\u017eiva\u010dko institutsko \u201eblago\u201c o fenomenu, paradigmi i iskustvu Vukovara \u201991., ali i o mnogim drugim dimenzijama stvaranja i obrane samostalne, suverene i demokratske hrvatske dr\u017eave u proteklih 27 godina.<\/p>\n<p>Jedna od prvih utvr\u0111enih \u010dinjenica jest da se fenomenu Vukovara \u201991. treba i mo\u017ee, s obzirom na njegove vi\u0161estruko slo\u017eene uzro\u010dno-posljedi\u010dne odnose, pristupati isklju\u010divo s interdisciplinarnog i multidisciplinarnog motri\u0161ta. Razli\u010diti vidovi toga fenomena, premda se mogu zasebno analizirati, jedino u sinergiji razli\u010ditih znanstvenih disciplina, prije svega iz dru\u0161tvenog i humanisti\u010dkog podru\u010dja znanosti, rezultiraju sveobuhvatnim i objektivnim zaklju\u010dcima, znanstveno fundiranima i provjerljivima. Stoga i ovaj Zbornik radova, premda donosi priloge iz razli\u010ditih znanstvenih disciplina, koji obra\u0111uju naizgled me\u0111usobno razli\u010dite i raznorodne teme, treba u kriti\u010dkom smislu vrednovati kao cjelinu, jer se jedino tako mo\u017ee objektivno valorizirati njezin izvorni prinos naslovnoj temi.<\/p>\n<p>S obzirom na metodolo\u0161ki pristup i \u0161irinu tema kojima se bave \u010dlanci u ovom Zborniku, kao njegovi urednici dr\u017eimo da \u0107e biti od interesa za znanstvenu zajednicu, posebice za povjesni\u010dare, politologe, sociologe, etnologe, kulturne antropologe, kroatologe, socijalne i pastoralne djelatnike, ali i za naj\u0161iru kulturnu i znanstvenu javnost, osobito za one dru\u0161tvene aktere i pojedince koji su vlastitim sudjelovanjem i svjedo\u010denjem bili, ili su jo\u0161 uvijek, sastavnicom vukovarskog iskustva iz 1991. godine, u naj\u0161irem smislu te rije\u010di. Radovi u Zborniku otvaraju i nove istra\u017eiva\u010dke teme, ali i znatno smanjuju \u010dinjeni\u010dne i spoznajne praznine o temama koje su ve\u0107 ranije bile predmet znanstvenih ra\u0161\u010dlambi.<\/p>\n<p>Svjesni \u010dinjenice da se na jednom znanstveno-stru\u010dnom skupu, ili u jednom zborniku radova, ne mo\u017ee izre\u0107i ili napisati sve ono \u0161to bi dodatno rasvijetlilo vukovarska i hrvatska ratna doga\u0111anja iz 1990-ih, naro\u010dito procese poslijeratne obnove me\u0111usobnog i me\u0111uetni\u010dkog povjerenja i po\u0161tovanja, koji su dosad uglavnom tekli parcijalno, sporo i nedostatno, radovi u ovom Zborniku, dr\u017eimo, vrijedan su i koristan prilog boljem razumijevanju nedavnih doga\u0111aja (srbijanske oru\u017eane agresije na Vukovar i Hrvatsku), ali i boljem razumijevanju te\u0161ko\u0107a i problema s kojima se svakodnevno, ve\u0107 godinama, susre\u0107u i suo\u010davaju hrvatski gra\u0111ani i hrvatsko dru\u0161tvo, ne samo u Vukovaru nego i u cijeloj Republici Hrvatskoj.<\/p>\n<p>Na kraju, kao urednici, odgovorni smo za zavr\u0161ni izgled publikacije, te \u010ditatelje molimo za dobrohotnost u ocjeni kvalitete obavljenog posla. Za prezentirane podatke i \u010dinjenice te za iznesene stavove i mi\u0161ljenja u radovima, odgovorni su njihovi autori, kojima jo\u0161 jednom izra\u017eavamo zahvalnost za odvojeno vrijeme i ulo\u017eeni trud.<\/p>\n<p>U Vukovaru, na Dan dr\u017eavnosti Republike Hrvatske,<br \/>\n25. lipnja 2018. godine.<\/p>\n<p><em>Dra\u017een \u017divi\u0107<\/em><br \/>\n<em>Sandra Cviki\u0107<\/em><br \/>\n<em>Ivana Bendra<\/em><\/p>\n<blockquote><p><a href=\"https:\/\/www.vegaintro-projekti.com\/pilar-stari\/2017\/12\/zbornici-i-studije\/\">Biblioteka Zbornici<\/a><\/p>\n<p><a href=\"https:\/\/www.vegaintro-projekti.com\/pilar-stari\/2018\/04\/podruni-centar-vukovar-2\/\">Podru\u010dni centar Vukovar<\/a><\/p><\/blockquote>\n","protected":false},"excerpt":{"rendered":"<p>Zbornik VUKOVAR \u201891. &#8211; JAVNI DISKURSI I POZICIJE MO\u0106I objavljen je kao 55. knjiga Biblioteke Zbornici Instituta dru\u0161tvenih znanosti Ivo Pilar. Uredili su ga Dra\u017een \u017divi\u0107, Sandra Cviki\u0107 i Ivana Bendra a donosi radove s 20. znanstveno-stru\u010dnog skupa \u201cVukovar \u201991. &#8211; dvadeset i \u0161esta godina poslije\u201d odr\u017eanog 13. i 14. studenoga 2017. \u2013 Uredni\u010dka rije\u010d&hellip; <a class=\"continue\" href=\"https:\/\/www.vegaintro-projekti.com\/pilar-stari\/2019\/02\/objavljen-zbornik-vukovar-91-javni-diskursi-i-pozicije-moci\/\">Pro\u010ditaj vi\u0161e o<span> Objavljen zbornik VUKOVAR \u201891. &#8211; JAVNI DISKURSI I POZICIJE MO\u0106I<\/span><\/a><\/p>\n","protected":false},"author":7,"featured_media":21089,"comment_status":"closed","ping_status":"closed","sticky":false,"template":"","format":"standard","meta":{"inline_featured_image":false,"ngg_post_thumbnail":0,"footnotes":""},"categories":[21],"tags":[],"yoast_head":"<!-- This site is optimized with the Yoast SEO plugin v21.2 - https:\/\/yoast.com\/wordpress\/plugins\/seo\/ -->\n<title>Objavljen zbornik VUKOVAR \u201891. - JAVNI DISKURSI I POZICIJE MO\u0106I - Institut dru&scaron;tvenih znanosti Ivo Pilar<\/title>\n<meta name=\"robots\" content=\"noindex, follow, max-snippet:-1, max-image-preview:large, max-video-preview:-1\" \/>\n<meta property=\"og:locale\" content=\"hr_HR\" \/>\n<meta property=\"og:type\" content=\"article\" \/>\n<meta property=\"og:title\" content=\"Objavljen zbornik VUKOVAR \u201891. - JAVNI DISKURSI I POZICIJE MO\u0106I - Institut dru&scaron;tvenih znanosti Ivo Pilar\" \/>\n<meta property=\"og:description\" content=\"Zbornik VUKOVAR \u201891. &#8211; JAVNI DISKURSI I POZICIJE MO\u0106I objavljen je kao 55. knjiga Biblioteke Zbornici Instituta dru\u0161tvenih znanosti Ivo Pilar. Uredili su ga Dra\u017een \u017divi\u0107, Sandra Cviki\u0107 i Ivana Bendra a donosi radove s 20. znanstveno-stru\u010dnog skupa \u201cVukovar \u201991. &#8211; dvadeset i \u0161esta godina poslije\u201d odr\u017eanog 13. i 14. studenoga 2017. \u2013 Uredni\u010dka rije\u010d&hellip; Pro\u010ditaj vi\u0161e o Objavljen zbornik VUKOVAR \u201891. &#8211; JAVNI DISKURSI I POZICIJE MO\u0106I\" \/>\n<meta property=\"og:url\" content=\"https:\/\/www.vegaintro-projekti.com\/pilar-stari\/2019\/02\/objavljen-zbornik-vukovar-91-javni-diskursi-i-pozicije-moci\/\" \/>\n<meta property=\"og:site_name\" content=\"Institut dru&scaron;tvenih znanosti Ivo Pilar\" \/>\n<meta property=\"article:published_time\" content=\"2019-02-17T18:43:47+00:00\" \/>\n<meta property=\"article:modified_time\" content=\"2021-12-05T19:25:42+00:00\" \/>\n<meta property=\"og:image\" content=\"https:\/\/www.vegaintro-projekti.com\/pilar-stari\/wp-content\/uploads\/2021\/12\/Vuk18-fi-pr1.jpg\" \/>\n\t<meta property=\"og:image:width\" content=\"620\" \/>\n\t<meta property=\"og:image:height\" content=\"383\" \/>\n\t<meta property=\"og:image:type\" content=\"image\/jpeg\" \/>\n<meta name=\"author\" content=\"Boris\" \/>\n<meta name=\"twitter:card\" content=\"summary_large_image\" \/>\n<meta name=\"twitter:label1\" content=\"Napisao\/la\" \/>\n\t<meta name=\"twitter:data1\" content=\"Boris\" \/>\n\t<meta name=\"twitter:label2\" content=\"Procijenjeno vrijeme \u010ditanja\" \/>\n\t<meta name=\"twitter:data2\" content=\"6 minuta\" \/>\n<script type=\"application\/ld+json\" class=\"yoast-schema-graph\">{\"@context\":\"https:\/\/schema.org\",\"@graph\":[{\"@type\":\"WebPage\",\"@id\":\"https:\/\/www.vegaintro-projekti.com\/pilar-stari\/2019\/02\/objavljen-zbornik-vukovar-91-javni-diskursi-i-pozicije-moci\/\",\"url\":\"https:\/\/www.vegaintro-projekti.com\/pilar-stari\/2019\/02\/objavljen-zbornik-vukovar-91-javni-diskursi-i-pozicije-moci\/\",\"name\":\"Objavljen zbornik VUKOVAR \u201891. - JAVNI DISKURSI I POZICIJE MO\u0106I - Institut dru&scaron;tvenih znanosti Ivo Pilar\",\"isPartOf\":{\"@id\":\"https:\/\/www.vegaintro-projekti.com\/pilar-stari\/#website\"},\"datePublished\":\"2019-02-17T18:43:47+00:00\",\"dateModified\":\"2021-12-05T19:25:42+00:00\",\"author\":{\"@id\":\"https:\/\/www.vegaintro-projekti.com\/pilar-stari\/#\/schema\/person\/ddd404c9f1e15e4ffef5986ac6a5d28b\"},\"breadcrumb\":{\"@id\":\"https:\/\/www.vegaintro-projekti.com\/pilar-stari\/2019\/02\/objavljen-zbornik-vukovar-91-javni-diskursi-i-pozicije-moci\/#breadcrumb\"},\"inLanguage\":\"hr\",\"potentialAction\":[{\"@type\":\"ReadAction\",\"target\":[\"https:\/\/www.vegaintro-projekti.com\/pilar-stari\/2019\/02\/objavljen-zbornik-vukovar-91-javni-diskursi-i-pozicije-moci\/\"]}]},{\"@type\":\"BreadcrumbList\",\"@id\":\"https:\/\/www.vegaintro-projekti.com\/pilar-stari\/2019\/02\/objavljen-zbornik-vukovar-91-javni-diskursi-i-pozicije-moci\/#breadcrumb\",\"itemListElement\":[{\"@type\":\"ListItem\",\"position\":1,\"name\":\"Home\",\"item\":\"https:\/\/www.vegaintro-projekti.com\/pilar-stari\/\"},{\"@type\":\"ListItem\",\"position\":2,\"name\":\"Objavljen zbornik VUKOVAR \u201891. &#8211; JAVNI DISKURSI I POZICIJE MO\u0106I\"}]},{\"@type\":\"WebSite\",\"@id\":\"https:\/\/www.vegaintro-projekti.com\/pilar-stari\/#website\",\"url\":\"https:\/\/www.vegaintro-projekti.com\/pilar-stari\/\",\"name\":\"Institut dru&scaron;tvenih znanosti Ivo Pilar\",\"description\":\"Pilar\",\"potentialAction\":[{\"@type\":\"SearchAction\",\"target\":{\"@type\":\"EntryPoint\",\"urlTemplate\":\"https:\/\/www.vegaintro-projekti.com\/pilar-stari\/?s={search_term_string}\"},\"query-input\":\"required name=search_term_string\"}],\"inLanguage\":\"hr\"},{\"@type\":\"Person\",\"@id\":\"https:\/\/www.vegaintro-projekti.com\/pilar-stari\/#\/schema\/person\/ddd404c9f1e15e4ffef5986ac6a5d28b\",\"name\":\"Boris\",\"image\":{\"@type\":\"ImageObject\",\"inLanguage\":\"hr\",\"@id\":\"https:\/\/www.vegaintro-projekti.com\/pilar-stari\/#\/schema\/person\/image\/\",\"url\":\"https:\/\/secure.gravatar.com\/avatar\/29557b161a6ce6ab86ac1503164f1e90?s=96&d=mm&r=g\",\"contentUrl\":\"https:\/\/secure.gravatar.com\/avatar\/29557b161a6ce6ab86ac1503164f1e90?s=96&d=mm&r=g\",\"caption\":\"Boris\"},\"url\":\"https:\/\/www.vegaintro-projekti.com\/pilar-stari\/author\/boris\/\"}]}<\/script>\n<!-- \/ Yoast SEO plugin. -->","yoast_head_json":{"title":"Objavljen zbornik VUKOVAR \u201891. - JAVNI DISKURSI I POZICIJE MO\u0106I - Institut dru&scaron;tvenih znanosti Ivo Pilar","robots":{"index":"noindex","follow":"follow","max-snippet":"max-snippet:-1","max-image-preview":"max-image-preview:large","max-video-preview":"max-video-preview:-1"},"og_locale":"hr_HR","og_type":"article","og_title":"Objavljen zbornik VUKOVAR \u201891. - JAVNI DISKURSI I POZICIJE MO\u0106I - Institut dru&scaron;tvenih znanosti Ivo Pilar","og_description":"Zbornik VUKOVAR \u201891. &#8211; JAVNI DISKURSI I POZICIJE MO\u0106I objavljen je kao 55. knjiga Biblioteke Zbornici Instituta dru\u0161tvenih znanosti Ivo Pilar. Uredili su ga Dra\u017een \u017divi\u0107, Sandra Cviki\u0107 i Ivana Bendra a donosi radove s 20. znanstveno-stru\u010dnog skupa \u201cVukovar \u201991. &#8211; dvadeset i \u0161esta godina poslije\u201d odr\u017eanog 13. i 14. studenoga 2017. \u2013 Uredni\u010dka rije\u010d&hellip; Pro\u010ditaj vi\u0161e o Objavljen zbornik VUKOVAR \u201891. &#8211; JAVNI DISKURSI I POZICIJE MO\u0106I","og_url":"https:\/\/www.vegaintro-projekti.com\/pilar-stari\/2019\/02\/objavljen-zbornik-vukovar-91-javni-diskursi-i-pozicije-moci\/","og_site_name":"Institut dru&scaron;tvenih znanosti Ivo Pilar","article_published_time":"2019-02-17T18:43:47+00:00","article_modified_time":"2021-12-05T19:25:42+00:00","og_image":[{"width":620,"height":383,"url":"https:\/\/www.vegaintro-projekti.com\/pilar-stari\/wp-content\/uploads\/2021\/12\/Vuk18-fi-pr1.jpg","type":"image\/jpeg"}],"author":"Boris","twitter_card":"summary_large_image","twitter_misc":{"Napisao\/la":"Boris","Procijenjeno vrijeme \u010ditanja":"6 minuta"},"schema":{"@context":"https:\/\/schema.org","@graph":[{"@type":"WebPage","@id":"https:\/\/www.vegaintro-projekti.com\/pilar-stari\/2019\/02\/objavljen-zbornik-vukovar-91-javni-diskursi-i-pozicije-moci\/","url":"https:\/\/www.vegaintro-projekti.com\/pilar-stari\/2019\/02\/objavljen-zbornik-vukovar-91-javni-diskursi-i-pozicije-moci\/","name":"Objavljen zbornik VUKOVAR \u201891. - JAVNI DISKURSI I POZICIJE MO\u0106I - Institut dru&scaron;tvenih znanosti Ivo Pilar","isPartOf":{"@id":"https:\/\/www.vegaintro-projekti.com\/pilar-stari\/#website"},"datePublished":"2019-02-17T18:43:47+00:00","dateModified":"2021-12-05T19:25:42+00:00","author":{"@id":"https:\/\/www.vegaintro-projekti.com\/pilar-stari\/#\/schema\/person\/ddd404c9f1e15e4ffef5986ac6a5d28b"},"breadcrumb":{"@id":"https:\/\/www.vegaintro-projekti.com\/pilar-stari\/2019\/02\/objavljen-zbornik-vukovar-91-javni-diskursi-i-pozicije-moci\/#breadcrumb"},"inLanguage":"hr","potentialAction":[{"@type":"ReadAction","target":["https:\/\/www.vegaintro-projekti.com\/pilar-stari\/2019\/02\/objavljen-zbornik-vukovar-91-javni-diskursi-i-pozicije-moci\/"]}]},{"@type":"BreadcrumbList","@id":"https:\/\/www.vegaintro-projekti.com\/pilar-stari\/2019\/02\/objavljen-zbornik-vukovar-91-javni-diskursi-i-pozicije-moci\/#breadcrumb","itemListElement":[{"@type":"ListItem","position":1,"name":"Home","item":"https:\/\/www.vegaintro-projekti.com\/pilar-stari\/"},{"@type":"ListItem","position":2,"name":"Objavljen zbornik VUKOVAR \u201891. &#8211; JAVNI DISKURSI I POZICIJE MO\u0106I"}]},{"@type":"WebSite","@id":"https:\/\/www.vegaintro-projekti.com\/pilar-stari\/#website","url":"https:\/\/www.vegaintro-projekti.com\/pilar-stari\/","name":"Institut dru&scaron;tvenih znanosti Ivo Pilar","description":"Pilar","potentialAction":[{"@type":"SearchAction","target":{"@type":"EntryPoint","urlTemplate":"https:\/\/www.vegaintro-projekti.com\/pilar-stari\/?s={search_term_string}"},"query-input":"required name=search_term_string"}],"inLanguage":"hr"},{"@type":"Person","@id":"https:\/\/www.vegaintro-projekti.com\/pilar-stari\/#\/schema\/person\/ddd404c9f1e15e4ffef5986ac6a5d28b","name":"Boris","image":{"@type":"ImageObject","inLanguage":"hr","@id":"https:\/\/www.vegaintro-projekti.com\/pilar-stari\/#\/schema\/person\/image\/","url":"https:\/\/secure.gravatar.com\/avatar\/29557b161a6ce6ab86ac1503164f1e90?s=96&d=mm&r=g","contentUrl":"https:\/\/secure.gravatar.com\/avatar\/29557b161a6ce6ab86ac1503164f1e90?s=96&d=mm&r=g","caption":"Boris"},"url":"https:\/\/www.vegaintro-projekti.com\/pilar-stari\/author\/boris\/"}]}},"_links":{"self":[{"href":"https:\/\/www.vegaintro-projekti.com\/pilar-stari\/wp-json\/wp\/v2\/posts\/21082"}],"collection":[{"href":"https:\/\/www.vegaintro-projekti.com\/pilar-stari\/wp-json\/wp\/v2\/posts"}],"about":[{"href":"https:\/\/www.vegaintro-projekti.com\/pilar-stari\/wp-json\/wp\/v2\/types\/post"}],"author":[{"embeddable":true,"href":"https:\/\/www.vegaintro-projekti.com\/pilar-stari\/wp-json\/wp\/v2\/users\/7"}],"replies":[{"embeddable":true,"href":"https:\/\/www.vegaintro-projekti.com\/pilar-stari\/wp-json\/wp\/v2\/comments?post=21082"}],"version-history":[{"count":4,"href":"https:\/\/www.vegaintro-projekti.com\/pilar-stari\/wp-json\/wp\/v2\/posts\/21082\/revisions"}],"predecessor-version":[{"id":21088,"href":"https:\/\/www.vegaintro-projekti.com\/pilar-stari\/wp-json\/wp\/v2\/posts\/21082\/revisions\/21088"}],"wp:featuredmedia":[{"embeddable":true,"href":"https:\/\/www.vegaintro-projekti.com\/pilar-stari\/wp-json\/wp\/v2\/media\/21089"}],"wp:attachment":[{"href":"https:\/\/www.vegaintro-projekti.com\/pilar-stari\/wp-json\/wp\/v2\/media?parent=21082"}],"wp:term":[{"taxonomy":"category","embeddable":true,"href":"https:\/\/www.vegaintro-projekti.com\/pilar-stari\/wp-json\/wp\/v2\/categories?post=21082"},{"taxonomy":"post_tag","embeddable":true,"href":"https:\/\/www.vegaintro-projekti.com\/pilar-stari\/wp-json\/wp\/v2\/tags?post=21082"}],"curies":[{"name":"wp","href":"https:\/\/api.w.org\/{rel}","templated":true}]}}