{"id":21205,"date":"2021-12-15T18:35:03","date_gmt":"2021-12-15T18:35:03","guid":{"rendered":"https:\/\/www.vegaintro-projekti.com\/pilar-stari\/?p=21205"},"modified":"2021-12-15T18:46:31","modified_gmt":"2021-12-15T18:46:31","slug":"dr-sc-marina-kotrla-topic-u-projektima-o-koristenju-digitalne-tehmologije-kod-djece","status":"publish","type":"post","link":"https:\/\/www.vegaintro-projekti.com\/pilar-stari\/2021\/12\/dr-sc-marina-kotrla-topic-u-projektima-o-koristenju-digitalne-tehmologije-kod-djece\/","title":{"rendered":"Dr. sc. Marina Kotrla Topi\u0107 u projektima o kori\u0161tenju digitalne tehnologije kod djece"},"content":{"rendered":"<p><strong>Dr. sc. Marina Kotrla Topi\u0107 i doktorandica Katarina Peri\u0107 sudjelovale su 9. prosinca 2021. na simpoziju &#8220;Izazovi kori\u0161tenja digitalne tehnologije kod djece u Hrvatskoj \u2013 \u0160to znamo i \u0161to nam je \u010diniti?&#8221; odr\u017eanom u sklopu 3. me\u0111unarodnog znanstveno-stru\u010dnog skupa Odsjeka za psihologiju Hrvatskog katoli\u010dkog sveu\u010dili\u0161ta<\/strong><\/p>\n<p><img decoding=\"async\" loading=\"lazy\" class=\"alignnone wp-image-21202 size-full\" src=\"https:\/\/www.vegaintro-projekti.com\/pilar-stari\/wp-content\/uploads\/2021\/12\/Outlook-bll2eng1.jpg\" alt=\"\" width=\"620\" height=\"734\" srcset=\"https:\/\/www.vegaintro-projekti.com\/pilar-stari\/wp-content\/uploads\/2021\/12\/Outlook-bll2eng1.jpg 620w, https:\/\/www.vegaintro-projekti.com\/pilar-stari\/wp-content\/uploads\/2021\/12\/Outlook-bll2eng1-253x300.jpg 253w\" sizes=\"(max-width: 620px) 100vw, 620px\" \/><\/p>\n<p>Dr. sc. Marina Kotrla Topi\u0107, zajedno s koautoricama dr. sc. Tihanom Brklja\u010di\u0107, doktorandicom Marijom D\u017eida, dr. sc. Andrejom Braj\u0161a-\u017dganec i dr. sc. Ljiljanom Kaliterna Lipov\u010dan, govorila je o zadovoljstvu \u017eivotom i preokupiranosti digitalnom tehnologijom kod djece. U izlaganju su prikazani podatci iz prvog vala istra\u017eivanja provedenog u sklopu projekta Hrvatske zaklade za znanost <strong>Dobrobit djeteta u kontekstu obitelji CHILD-WELL<\/strong>, kojeg vodi dr. sc. Andreja Braj\u0161a-\u017dganec.<\/p>\n<p><img decoding=\"async\" loading=\"lazy\" class=\"alignnone wp-image-21204 size-full\" src=\"https:\/\/www.vegaintro-projekti.com\/pilar-stari\/wp-content\/uploads\/2021\/12\/Outlook-uxr0ydqn.jpg\" alt=\"\" width=\"620\" height=\"767\" srcset=\"https:\/\/www.vegaintro-projekti.com\/pilar-stari\/wp-content\/uploads\/2021\/12\/Outlook-uxr0ydqn.jpg 620w, https:\/\/www.vegaintro-projekti.com\/pilar-stari\/wp-content\/uploads\/2021\/12\/Outlook-uxr0ydqn-243x300.jpg 243w\" sizes=\"(max-width: 620px) 100vw, 620px\" \/><\/p>\n<p>Doktorandica Katarina Peri\u0107, zajedno s koautorima Sarom Jelov\u010di\u0107, dr. sc. Marinom Kotrla Topi\u0107, dr. sc. Marinom Merka\u0161, Lukom \u0160tefani\u0107em, dr. sc. Vanesom Varga i doktorandicom Anom \u017dulec pripremila je izlaganje na temu Roditeljska medijacija dje\u010djeg kori\u0161tenja digitalnih ure\u0111aja: \u201e\u2026ja ga uvijek moram od toga odmicati.\u201c U izlaganju je predstavila rezultate Studije 1 provedene u sklopu projekta Hrvatske zaklade za znanost <strong>Digitalna tehnologija u obitelji \u2013 obrasci pona\u0161anja i u\u010dinci na razvoj djece ( D.E.C.I.D.E.)<\/strong>, kojeg vodi dr. sc. Marina Merka\u0161 s Hrvatskog katoli\u010dkog sveu\u010dili\u0161ta.<\/p>\n<blockquote><p><a href=\"https:\/\/www.vegaintro-projekti.com\/pilar-stari\/2020\/02\/child-well-dobrobit-djeteta-u-kontekstu-obitelji\/\">CHILD-WELL \u2013 Dobrobit djeteta u kontekstu obitelji<\/a><\/p>\n<p><a href=\"https:\/\/www.vegaintro-projekti.com\/pilar-stari\/2010\/07\/podruni-centar-osijek-2\/\">Podru\u010dni centar Osijek<\/a><\/p><\/blockquote>\n","protected":false},"excerpt":{"rendered":"<p>Dr. sc. Marina Kotrla Topi\u0107 i doktorandica Katarina Peri\u0107 sudjelovale su 9. prosinca 2021. na simpoziju &#8220;Izazovi kori\u0161tenja digitalne tehnologije kod djece u Hrvatskoj \u2013 \u0160to znamo i \u0161to nam je \u010diniti?&#8221; odr\u017eanom u sklopu 3. me\u0111unarodnog znanstveno-stru\u010dnog skupa Odsjeka za psihologiju Hrvatskog katoli\u010dkog sveu\u010dili\u0161ta Dr. sc. Marina Kotrla Topi\u0107, zajedno s koautoricama dr. sc.&hellip; <a class=\"continue\" href=\"https:\/\/www.vegaintro-projekti.com\/pilar-stari\/2021\/12\/dr-sc-marina-kotrla-topic-u-projektima-o-koristenju-digitalne-tehmologije-kod-djece\/\">Pro\u010ditaj vi\u0161e o<span> Dr. sc. Marina Kotrla Topi\u0107 u projektima o kori\u0161tenju digitalne tehnologije kod djece<\/span><\/a><\/p>\n","protected":false},"author":7,"featured_media":21203,"comment_status":"closed","ping_status":"closed","sticky":false,"template":"","format":"standard","meta":{"inline_featured_image":false,"ngg_post_thumbnail":0,"footnotes":""},"categories":[48,29],"tags":[],"yoast_head":"<!-- This site is optimized with the Yoast SEO plugin v21.2 - https:\/\/yoast.com\/wordpress\/plugins\/seo\/ -->\n<title>Dr. sc. Marina Kotrla Topi\u0107 u projektima o kori\u0161tenju digitalne tehnologije kod djece - Institut dru&scaron;tvenih znanosti Ivo Pilar<\/title>\n<meta name=\"robots\" content=\"noindex, follow, max-snippet:-1, max-image-preview:large, max-video-preview:-1\" \/>\n<meta property=\"og:locale\" content=\"hr_HR\" \/>\n<meta property=\"og:type\" content=\"article\" \/>\n<meta property=\"og:title\" content=\"Dr. sc. Marina Kotrla Topi\u0107 u projektima o kori\u0161tenju digitalne tehnologije kod djece - Institut dru&scaron;tvenih znanosti Ivo Pilar\" \/>\n<meta property=\"og:description\" content=\"Dr. sc. Marina Kotrla Topi\u0107 i doktorandica Katarina Peri\u0107 sudjelovale su 9. prosinca 2021. na simpoziju &#8220;Izazovi kori\u0161tenja digitalne tehnologije kod djece u Hrvatskoj \u2013 \u0160to znamo i \u0161to nam je \u010diniti?&#8221; odr\u017eanom u sklopu 3. me\u0111unarodnog znanstveno-stru\u010dnog skupa Odsjeka za psihologiju Hrvatskog katoli\u010dkog sveu\u010dili\u0161ta Dr. sc. Marina Kotrla Topi\u0107, zajedno s koautoricama dr. sc.&hellip; Pro\u010ditaj vi\u0161e o Dr. sc. Marina Kotrla Topi\u0107 u projektima o kori\u0161tenju digitalne tehnologije kod djece\" \/>\n<meta property=\"og:url\" content=\"https:\/\/www.vegaintro-projekti.com\/pilar-stari\/2021\/12\/dr-sc-marina-kotrla-topic-u-projektima-o-koristenju-digitalne-tehmologije-kod-djece\/\" \/>\n<meta property=\"og:site_name\" content=\"Institut dru&scaron;tvenih znanosti Ivo Pilar\" \/>\n<meta property=\"article:published_time\" content=\"2021-12-15T18:35:03+00:00\" \/>\n<meta property=\"article:modified_time\" content=\"2021-12-15T18:46:31+00:00\" \/>\n<meta property=\"og:image\" content=\"https:\/\/www.vegaintro-projekti.com\/pilar-stari\/wp-content\/uploads\/2021\/12\/Outlook-bll2eng1fi.jpg\" \/>\n\t<meta property=\"og:image:width\" content=\"498\" \/>\n\t<meta property=\"og:image:height\" content=\"220\" \/>\n\t<meta property=\"og:image:type\" content=\"image\/jpeg\" \/>\n<meta name=\"author\" content=\"Boris\" \/>\n<meta name=\"twitter:card\" content=\"summary_large_image\" \/>\n<meta name=\"twitter:label1\" content=\"Napisao\/la\" \/>\n\t<meta name=\"twitter:data1\" content=\"Boris\" \/>\n\t<meta name=\"twitter:label2\" content=\"Procijenjeno vrijeme \u010ditanja\" \/>\n\t<meta name=\"twitter:data2\" content=\"1 minuta\" \/>\n<script type=\"application\/ld+json\" class=\"yoast-schema-graph\">{\"@context\":\"https:\/\/schema.org\",\"@graph\":[{\"@type\":\"WebPage\",\"@id\":\"https:\/\/www.vegaintro-projekti.com\/pilar-stari\/2021\/12\/dr-sc-marina-kotrla-topic-u-projektima-o-koristenju-digitalne-tehmologije-kod-djece\/\",\"url\":\"https:\/\/www.vegaintro-projekti.com\/pilar-stari\/2021\/12\/dr-sc-marina-kotrla-topic-u-projektima-o-koristenju-digitalne-tehmologije-kod-djece\/\",\"name\":\"Dr. sc. Marina Kotrla Topi\u0107 u projektima o kori\u0161tenju digitalne tehnologije kod djece - Institut dru&scaron;tvenih znanosti Ivo Pilar\",\"isPartOf\":{\"@id\":\"https:\/\/www.vegaintro-projekti.com\/pilar-stari\/#website\"},\"datePublished\":\"2021-12-15T18:35:03+00:00\",\"dateModified\":\"2021-12-15T18:46:31+00:00\",\"author\":{\"@id\":\"https:\/\/www.vegaintro-projekti.com\/pilar-stari\/#\/schema\/person\/ddd404c9f1e15e4ffef5986ac6a5d28b\"},\"breadcrumb\":{\"@id\":\"https:\/\/www.vegaintro-projekti.com\/pilar-stari\/2021\/12\/dr-sc-marina-kotrla-topic-u-projektima-o-koristenju-digitalne-tehmologije-kod-djece\/#breadcrumb\"},\"inLanguage\":\"hr\",\"potentialAction\":[{\"@type\":\"ReadAction\",\"target\":[\"https:\/\/www.vegaintro-projekti.com\/pilar-stari\/2021\/12\/dr-sc-marina-kotrla-topic-u-projektima-o-koristenju-digitalne-tehmologije-kod-djece\/\"]}]},{\"@type\":\"BreadcrumbList\",\"@id\":\"https:\/\/www.vegaintro-projekti.com\/pilar-stari\/2021\/12\/dr-sc-marina-kotrla-topic-u-projektima-o-koristenju-digitalne-tehmologije-kod-djece\/#breadcrumb\",\"itemListElement\":[{\"@type\":\"ListItem\",\"position\":1,\"name\":\"Home\",\"item\":\"https:\/\/www.vegaintro-projekti.com\/pilar-stari\/\"},{\"@type\":\"ListItem\",\"position\":2,\"name\":\"Dr. sc. Marina Kotrla Topi\u0107 u projektima o kori\u0161tenju digitalne tehnologije kod djece\"}]},{\"@type\":\"WebSite\",\"@id\":\"https:\/\/www.vegaintro-projekti.com\/pilar-stari\/#website\",\"url\":\"https:\/\/www.vegaintro-projekti.com\/pilar-stari\/\",\"name\":\"Institut dru&scaron;tvenih znanosti Ivo Pilar\",\"description\":\"Pilar\",\"potentialAction\":[{\"@type\":\"SearchAction\",\"target\":{\"@type\":\"EntryPoint\",\"urlTemplate\":\"https:\/\/www.vegaintro-projekti.com\/pilar-stari\/?s={search_term_string}\"},\"query-input\":\"required name=search_term_string\"}],\"inLanguage\":\"hr\"},{\"@type\":\"Person\",\"@id\":\"https:\/\/www.vegaintro-projekti.com\/pilar-stari\/#\/schema\/person\/ddd404c9f1e15e4ffef5986ac6a5d28b\",\"name\":\"Boris\",\"image\":{\"@type\":\"ImageObject\",\"inLanguage\":\"hr\",\"@id\":\"https:\/\/www.vegaintro-projekti.com\/pilar-stari\/#\/schema\/person\/image\/\",\"url\":\"https:\/\/secure.gravatar.com\/avatar\/29557b161a6ce6ab86ac1503164f1e90?s=96&d=mm&r=g\",\"contentUrl\":\"https:\/\/secure.gravatar.com\/avatar\/29557b161a6ce6ab86ac1503164f1e90?s=96&d=mm&r=g\",\"caption\":\"Boris\"},\"url\":\"https:\/\/www.vegaintro-projekti.com\/pilar-stari\/author\/boris\/\"}]}<\/script>\n<!-- \/ Yoast SEO plugin. -->","yoast_head_json":{"title":"Dr. sc. Marina Kotrla Topi\u0107 u projektima o kori\u0161tenju digitalne tehnologije kod djece - Institut dru&scaron;tvenih znanosti Ivo Pilar","robots":{"index":"noindex","follow":"follow","max-snippet":"max-snippet:-1","max-image-preview":"max-image-preview:large","max-video-preview":"max-video-preview:-1"},"og_locale":"hr_HR","og_type":"article","og_title":"Dr. sc. Marina Kotrla Topi\u0107 u projektima o kori\u0161tenju digitalne tehnologije kod djece - Institut dru&scaron;tvenih znanosti Ivo Pilar","og_description":"Dr. sc. Marina Kotrla Topi\u0107 i doktorandica Katarina Peri\u0107 sudjelovale su 9. prosinca 2021. na simpoziju &#8220;Izazovi kori\u0161tenja digitalne tehnologije kod djece u Hrvatskoj \u2013 \u0160to znamo i \u0161to nam je \u010diniti?&#8221; odr\u017eanom u sklopu 3. me\u0111unarodnog znanstveno-stru\u010dnog skupa Odsjeka za psihologiju Hrvatskog katoli\u010dkog sveu\u010dili\u0161ta Dr. sc. Marina Kotrla Topi\u0107, zajedno s koautoricama dr. sc.&hellip; Pro\u010ditaj vi\u0161e o Dr. sc. Marina Kotrla Topi\u0107 u projektima o kori\u0161tenju digitalne tehnologije kod djece","og_url":"https:\/\/www.vegaintro-projekti.com\/pilar-stari\/2021\/12\/dr-sc-marina-kotrla-topic-u-projektima-o-koristenju-digitalne-tehmologije-kod-djece\/","og_site_name":"Institut dru&scaron;tvenih znanosti Ivo Pilar","article_published_time":"2021-12-15T18:35:03+00:00","article_modified_time":"2021-12-15T18:46:31+00:00","og_image":[{"width":498,"height":220,"url":"https:\/\/www.vegaintro-projekti.com\/pilar-stari\/wp-content\/uploads\/2021\/12\/Outlook-bll2eng1fi.jpg","type":"image\/jpeg"}],"author":"Boris","twitter_card":"summary_large_image","twitter_misc":{"Napisao\/la":"Boris","Procijenjeno vrijeme \u010ditanja":"1 minuta"},"schema":{"@context":"https:\/\/schema.org","@graph":[{"@type":"WebPage","@id":"https:\/\/www.vegaintro-projekti.com\/pilar-stari\/2021\/12\/dr-sc-marina-kotrla-topic-u-projektima-o-koristenju-digitalne-tehmologije-kod-djece\/","url":"https:\/\/www.vegaintro-projekti.com\/pilar-stari\/2021\/12\/dr-sc-marina-kotrla-topic-u-projektima-o-koristenju-digitalne-tehmologije-kod-djece\/","name":"Dr. sc. Marina Kotrla Topi\u0107 u projektima o kori\u0161tenju digitalne tehnologije kod djece - Institut dru&scaron;tvenih znanosti Ivo Pilar","isPartOf":{"@id":"https:\/\/www.vegaintro-projekti.com\/pilar-stari\/#website"},"datePublished":"2021-12-15T18:35:03+00:00","dateModified":"2021-12-15T18:46:31+00:00","author":{"@id":"https:\/\/www.vegaintro-projekti.com\/pilar-stari\/#\/schema\/person\/ddd404c9f1e15e4ffef5986ac6a5d28b"},"breadcrumb":{"@id":"https:\/\/www.vegaintro-projekti.com\/pilar-stari\/2021\/12\/dr-sc-marina-kotrla-topic-u-projektima-o-koristenju-digitalne-tehmologije-kod-djece\/#breadcrumb"},"inLanguage":"hr","potentialAction":[{"@type":"ReadAction","target":["https:\/\/www.vegaintro-projekti.com\/pilar-stari\/2021\/12\/dr-sc-marina-kotrla-topic-u-projektima-o-koristenju-digitalne-tehmologije-kod-djece\/"]}]},{"@type":"BreadcrumbList","@id":"https:\/\/www.vegaintro-projekti.com\/pilar-stari\/2021\/12\/dr-sc-marina-kotrla-topic-u-projektima-o-koristenju-digitalne-tehmologije-kod-djece\/#breadcrumb","itemListElement":[{"@type":"ListItem","position":1,"name":"Home","item":"https:\/\/www.vegaintro-projekti.com\/pilar-stari\/"},{"@type":"ListItem","position":2,"name":"Dr. sc. Marina Kotrla Topi\u0107 u projektima o kori\u0161tenju digitalne tehnologije kod djece"}]},{"@type":"WebSite","@id":"https:\/\/www.vegaintro-projekti.com\/pilar-stari\/#website","url":"https:\/\/www.vegaintro-projekti.com\/pilar-stari\/","name":"Institut dru&scaron;tvenih znanosti Ivo Pilar","description":"Pilar","potentialAction":[{"@type":"SearchAction","target":{"@type":"EntryPoint","urlTemplate":"https:\/\/www.vegaintro-projekti.com\/pilar-stari\/?s={search_term_string}"},"query-input":"required name=search_term_string"}],"inLanguage":"hr"},{"@type":"Person","@id":"https:\/\/www.vegaintro-projekti.com\/pilar-stari\/#\/schema\/person\/ddd404c9f1e15e4ffef5986ac6a5d28b","name":"Boris","image":{"@type":"ImageObject","inLanguage":"hr","@id":"https:\/\/www.vegaintro-projekti.com\/pilar-stari\/#\/schema\/person\/image\/","url":"https:\/\/secure.gravatar.com\/avatar\/29557b161a6ce6ab86ac1503164f1e90?s=96&d=mm&r=g","contentUrl":"https:\/\/secure.gravatar.com\/avatar\/29557b161a6ce6ab86ac1503164f1e90?s=96&d=mm&r=g","caption":"Boris"},"url":"https:\/\/www.vegaintro-projekti.com\/pilar-stari\/author\/boris\/"}]}},"_links":{"self":[{"href":"https:\/\/www.vegaintro-projekti.com\/pilar-stari\/wp-json\/wp\/v2\/posts\/21205"}],"collection":[{"href":"https:\/\/www.vegaintro-projekti.com\/pilar-stari\/wp-json\/wp\/v2\/posts"}],"about":[{"href":"https:\/\/www.vegaintro-projekti.com\/pilar-stari\/wp-json\/wp\/v2\/types\/post"}],"author":[{"embeddable":true,"href":"https:\/\/www.vegaintro-projekti.com\/pilar-stari\/wp-json\/wp\/v2\/users\/7"}],"replies":[{"embeddable":true,"href":"https:\/\/www.vegaintro-projekti.com\/pilar-stari\/wp-json\/wp\/v2\/comments?post=21205"}],"version-history":[{"count":2,"href":"https:\/\/www.vegaintro-projekti.com\/pilar-stari\/wp-json\/wp\/v2\/posts\/21205\/revisions"}],"predecessor-version":[{"id":21209,"href":"https:\/\/www.vegaintro-projekti.com\/pilar-stari\/wp-json\/wp\/v2\/posts\/21205\/revisions\/21209"}],"wp:featuredmedia":[{"embeddable":true,"href":"https:\/\/www.vegaintro-projekti.com\/pilar-stari\/wp-json\/wp\/v2\/media\/21203"}],"wp:attachment":[{"href":"https:\/\/www.vegaintro-projekti.com\/pilar-stari\/wp-json\/wp\/v2\/media?parent=21205"}],"wp:term":[{"taxonomy":"category","embeddable":true,"href":"https:\/\/www.vegaintro-projekti.com\/pilar-stari\/wp-json\/wp\/v2\/categories?post=21205"},{"taxonomy":"post_tag","embeddable":true,"href":"https:\/\/www.vegaintro-projekti.com\/pilar-stari\/wp-json\/wp\/v2\/tags?post=21205"}],"curies":[{"name":"wp","href":"https:\/\/api.w.org\/{rel}","templated":true}]}}