{"id":21374,"date":"2022-01-07T20:10:33","date_gmt":"2022-01-07T20:10:33","guid":{"rendered":"https:\/\/www.vegaintro-projekti.com\/pilar-stari\/?p=21374"},"modified":"2022-01-17T09:53:00","modified_gmt":"2022-01-17T09:53:00","slug":"dr-sc-drazen-zivic-podijeljeno-drustvo-ne-moze-racunati-na-bolje-demografske-parametre-7-1-2022","status":"publish","type":"post","link":"https:\/\/www.vegaintro-projekti.com\/pilar-stari\/2022\/01\/dr-sc-drazen-zivic-podijeljeno-drustvo-ne-moze-racunati-na-bolje-demografske-parametre-7-1-2022\/","title":{"rendered":"Dr. sc. Dra\u017een \u017divi\u0107: Podijeljeno dru\u0161tvo ne mo\u017ee ra\u010dunati na bolje demografske parametre, 7. 1. 2022."},"content":{"rendered":"<p><strong>Glas Slavonije u tiskanom i online izdanju objavljuje 7. prosinca 2022. prilog Tomislava Prusine s komentarima dr. sc. Dra\u017eena \u017divi\u0107a pod naslovom &#8220;Ne bi bilo iznena\u0111enje da se poka\u017ee kako je u 30 godina izgubljeno milijun stanovnika&#8221;<\/strong><\/p>\n<p><a href=\"http:\/\/www.glas-slavonije.hr\/483160\/1\/Ne-bi-bilo-iznenadjenje-da-se-pokaze-kako-je-u-30-godina-izgubljeno-milijun-stanovnika\"><img decoding=\"async\" loading=\"lazy\" class=\"alignnone wp-image-21373 size-full\" src=\"https:\/\/www.vegaintro-projekti.com\/pilar-stari\/wp-content\/uploads\/2022\/01\/Popis_21.jpg\" alt=\"\" width=\"620\" height=\"413\" srcset=\"https:\/\/www.vegaintro-projekti.com\/pilar-stari\/wp-content\/uploads\/2022\/01\/Popis_21.jpg 620w, https:\/\/www.vegaintro-projekti.com\/pilar-stari\/wp-content\/uploads\/2022\/01\/Popis_21-300x200.jpg 300w\" sizes=\"(max-width: 620px) 100vw, 620px\" \/><\/a><\/p>\n<p><strong>&#8211; Glas Slavonije:<\/strong> <a href=\"http:\/\/www.glas-slavonije.hr\/483160\/1\/Ne-bi-bilo-iznenadjenje-da-se-pokaze-kako-je-u-30-godina-izgubljeno-milijun-stanovnika\">Ne bi bilo iznena\u0111enje da se poka\u017ee kako je u 30 godina izgubljeno milijun stanovnika, 7. 1. 2022.<\/a><\/p>\n<p><span style=\"font-size: 14pt;\">POPIS I DEMOGRAFIJA PRIORITETNE TEME U OVOJ GODINI<\/span><br \/>\n<span style=\"font-size: 14pt;\">Ne bi bilo iznena\u0111enje da se poka\u017ee kako je u 30 godina izgubljeno milijun stanovnika<\/span><br \/>\n<span style=\"font-size: 14pt;\">Dra\u017een \u017divi\u0107: Podijeljeno dru\u0161tvo ne mo\u017ee ra\u010dunati na bolje demografske parametre<\/span><\/p>\n<p>Jedna od tema koja je pro\u0161le godine izazvala iznimni interes hrvatske javnosti, a da nije vezana uz epidemiju, sigurno je bila popis stanovni\u0161tva, ku\u0107anstava i stanova u Republici Hrvatskoj. Valja, me\u0111utim, konstatirati kako \u0107e to biti tema o kojoj \u0107e se govoriti, raspravljati i analizirati i u ovoj godini, nakon \u0161to budu objavljeni prvi slu\u017ebeni rezultati popisa. Tada \u0107emo saznati koliko Hrvatska zapravo ima stanovnika, i jesu li dosada\u0161nja naga\u0111anja o tome da ih je manje od \u010detiri milijuna bila to\u010dna.<\/p>\n<p>U uvjetima pandemije u organizacijskom i tehni\u010dkom smislu provedba popisa bila je iznimno zahtjevna, tvrdi glavna ravnateljica DZS-a Lidija Brkovi\u0107, no, iznimnim trudom popisiva\u010da i ostalih sudionika popisa 2021., njih gotovo 9500, koji su predano radili u posebno te\u0161kim epidemiolo\u0161kim uvjetima posao je uspje\u0161no zavr\u0161en.<\/p>\n<p><strong>Provesti kontrole<\/strong><\/p>\n<p>Ravnateljica DZS-a posebno je ponosna na prvu fazu provedbe popisa gdje se vi\u0161e od 1,637.000 gra\u0111ana, \u0161to je vi\u0161e od 40 posto ukupnog broja stanovnika, samostalno popisalo putem portala e-Gra\u0111ani. &#8220;Druga faza provedbe popisa 2021., odnosno terensko popisivanje, predstavljalo je znatno ve\u0107i izazov, jer je od primarne va\u017enosti bilo osigurati sigurnost i zdravstvenu za\u0161titu svih gra\u0111ana i sudionika popisa. Stoga se, kao uvjet za terensko popisivanje, koje je uklju\u010divalo bliski kontakt popisiva\u010da i gra\u0111ana, uvelo obvezno posjedovanje EU digitalne COVID potvrde za popisiva\u010de i kontrolore, zbog \u010dega je odre\u0111eni broj popisiva\u010da u zadnji tren odustao. Bilo je odustajanja i iz raznih drugih razloga s \u010dime je DZS ra\u010dunao u procesu pripreme popisnih aktivnosti&#8221;, ka\u017ee Brkovi\u0107. Ravnateljica najavljuje objavu prvih rezultata ve\u0107 sredinom sije\u010dnja 2022.<\/p>\n<p>&#8220;Prije objave prvih rezultata popisa 2021. potrebno je provesti odre\u0111ene logi\u010dke i ra\u010dunske kontrole prikupljenih podataka. Izme\u0111u ostaloga, potrebno je prekontrolirati postoje li osobe koje su dvostruko popisane, provesti kontrolu OIB-a, utvrditi jesu li popisane osobe stanovnici RH u skladu s metodologijom, provesti kontrolu adresnih podataka, kao i osnovnu kontrolu broja stanova. Kona\u010dni rezultati bit \u0107e objavljeni u skladu s rokovima koji \u0107e biti definirani programima publiciranja i kalendarima objavljivanja statisti\u010dkih podataka&#8221;, zaklju\u010duje Brkovi\u0107.<\/p>\n<p>Rezultate popisa s velikim interesom o\u010dekuju u gotovo svim dru\u0161tveno-ekonomskim podru\u010djima, tako i Dra\u017een \u017divi\u0107, demograf s Instituta &#8220;Ivo Pilar&#8221;, u Vukovaru, koji ka\u017ee da je pro\u0161logodi\u0161nji popis donio neke novine u na\u010dinu i metodologiji popisivanja. Smatra, me\u0111utim, da se ve\u0107 kod popisa 2011. godine, a tako je i s ovim posljednjim popisom, stvorilo jedno politi\u010dko ozra\u010dje koje popisi ne tra\u017ee, niti im ih treba dati. &#8220;Popisom se prikupljaju podaci relevantni za funkcioniranje dr\u017eave i planiranje njezinog razvoja, dakle ne bi trebali imati politi\u010dku konotaciju. Postoji odre\u0111ena rezerva, ili opasnost da se i rezultati popisa iz 2021. po\u010dnu tuma\u010diti ne iz stru\u010dnog i znanstvenog konteksta, nego iz politi\u010dkog. To ne bi bilo dobro, jer time dovodimo u pitanje pouzdanost i vjerodostojnost prikupljenih rezultata. Naime, sve ono \u0161to s tim rezultatima trebamo raditi, planirati, istra\u017eivati&#8230;, pada pomalo u drugi plan. Koliko \u0107e to tako biti i ho\u0107e li rezultati popisa ukazivati na vjerodostojnost, ovisit \u0107e i o \u010dinjenici koliko \u0107e brzo i efikasno DZS te podatke obraditi i objaviti. \u0160to to bude br\u017ee i na kvalitetniji na\u010din, vode\u0107i ra\u010duna i o detaljnim podacima, to \u0107e, ne samo znanstvena nego i \u0161ira javnost, imati bolji odnos prema njima i smatrat \u0107e ih pouzdanijima&#8221;, ka\u017ee \u017divi\u0107.<\/p>\n<p>Iako slu\u017ebeni podatci o ra\u0111anju i umiranju te migracijama stanovni\u0161tva za pro\u0161lu godinu jo\u0161 nisu objavljeni, na\u0161 sugovornik nema sumnje da su vitalni trendovi o bioreprodukciji stanovni\u0161tva i dalje nepovoljni te da su nastavak i produljenje negativnih trendova od ranijih godina.<\/p>\n<p><strong>Nastaviti trendove<\/strong><\/p>\n<p>&#8220;Valja podsjetiti da je Hrvatska u prirodnoj depopulaciji kontinuirano od 1991. godine. Kada su u pitanju migracije, podaci za 2020. godinu ve\u0107 su pokazali zna\u010dajno ubla\u017eavanje negativne migracijske bilance u odnosu na prethodne godine. Djelomice se to mo\u017ee tuma\u010diti smanjenom mobilnosti zbog pandemije, ali za o\u010dekivati je da je negativna migracijska bilanca i dalje prisutna. U svakom slu\u010daju mi smo zemlja koja stanovni\u0161tvo gubi i prirodnim i mehani\u010dkim putem te nastavljamo sve one negativne demografske trendove koje smo bilje\u017eili u zadnjih 30-ak godina, \u0161to je Hrvatsku dovelo na razdjelnicu izme\u0111u ne\u0161to manje od \u010detiri milijuna stanovnika, \u0161to je u odnosu na 1991. zna\u010dajno smanjenje. Ne bih se iznenadio da rezultati popisa poka\u017eu kako je Hrvatska u zadnjih 30 godina izgubila milijun stanovnika&#8221;, tvrdi \u017divi\u0107.<\/p>\n<p>Prema njegovim prognozama, i u ovoj \u0107e se godini demografski trendovi nastaviti s ve\u0107im ili manjim intenzitetom u odnosu na dosada\u0161nje, pa ne treba o\u010dekivati senzacionalne pomake. &#8220;Bili bismo svakako zadovoljni kada bi bar u nekim dimenzijama demografske dinamike do\u0161lo bar do usporavanja negativnih trendova, a to bi ve\u0107 bio odre\u0111eni znak da se u budu\u0107nosti zapravo mo\u017ee ra\u010dunati i na ja\u010doj stabilizaciji negativnih trendova, odnosno njihovom ubla\u017eavanju i usporavanju. To sve, uz osmi\u0161ljavanje i provedbu \u0161irokog spektra mjera demografske politike iz razli\u010ditih podru\u010dja, svakako podrazumijeva da se i ovo dru\u0161tvo i dr\u017eava po\u010dnu graditi i upravljati njima na temelju poruka koje vode zajedni\u0161tvu, odnosno uklanjaju podjela. Podijeljena dru\u0161tva po bilo kojoj osnovi, lijevi &#8211; desni, cijepljeni &#8211; necijepljeni, zdravi &#8211; bolesni&#8230;, disfunkcionalna su te ne mogu ra\u010dunati na bolju perspektivu razvoja, pa ni na bolje demografske parametre&#8221;, zaklju\u010duje \u017divi\u0107.<\/p>\n<p><strong>Lidija Brkovi\u0107, ravnateljica DZS-a<\/strong><\/p>\n<p>Prije objave prvih rezultata popisa potrebno je provesti odre\u0111ene logi\u010dke i ra\u010dunske kontrole prikupljenih podataka. Izme\u0111u ostaloga, potrebno je prekontrolirati postoje li osobe koje su dvostruko popisane, provesti kontrolu OIB-a i drugo.<\/p>\n<p><strong>SLABA REPRODUKCIJA RADNE SNAGE<\/strong><\/p>\n<p>Demograf Dra\u017een \u017divi\u0107 tvrdi kako Hrvatska ima i jako poreme\u0107enu strukturu po radnoj sposobnosti. \u201cIz radno sposobne dobi izlazi sve ve\u0107i broj stanovnika i odlazi u ekonomski neaktivnu dob, zna\u010di mirovinu, a s druge strane imamo sve manji priljev mladog stanovni\u0161tva u radno sposobnu dob. Gotovo je dvostruko ve\u0107i broj onih koji izlaze iz radne dobi od onih koji ulaze u radnu dob. U tom kontekstu vrlo je slaba mogu\u0107nost reprodukcije radne snage. Nama \u0107e se u idu\u0107im godinama, demografski gledano, stvoriti velika praznina na tr\u017ei\u0161tu rada, jer ih ne\u0107e imati tko popunjavati od vlastitog stanovni\u0161tva, s obzirom na poreme\u0107ene dobne strukture. Poreme\u0107ene su strukture s obzirom na \u0161kolsku dob, lako je pratiti \u0161to se doga\u0111a s upisima u prve razrede osnovnih \u0161kola, s brojem upisanih u srednje \u0161kole i fakultete. Svugdje su prisutni zna\u010dajni debalansi upravo zbog niskog nataliteta, malog priljeva djece, a onda i iseljavanja cijelih obitelji. Starost je bitan \u010dimbenik koji odre\u0111uje i budu\u0107a demografska kretanja\u201d, ka\u017ee \u017divi\u0107.<\/p>\n<p><strong>\u0160IRA STRATEGIJA<\/strong><\/p>\n<p>\u201dHrvatska je demografski u takvoj situaciji da ne mo\u017ee ra\u010dunati kako \u0107e u \u010detiri godine bilo \u0161to demografski efikasno napraviti, ali mora ra\u010dunati na dugotrajnost tih mjera, mo\u017eda i na njihovu trajnu provedbu\u201d, poja\u0161njava \u017divi\u0107 novu mjeru hrvatske Vlade \u201cBiram Hrvatsku\u201d, dodaju\u0107i da je u tom kontekstu svaka aktivnost dobrodo\u0161la samo ako je dio \u0161iroke strategije provedbe razli\u010ditih mjera i aktivnosti. \u201cI ovo je korisna stvar samo ako je nadogradnja dobro utemeljenih mjera i aktivnosti na ni\u017eoj razini promatranja. Ako biste potaknuli nekoga da se vrati iz iseljeni\u0161tva, ili da se unutar zemlje preseli, osim financijskog poticaja, koji mo\u017ee do\u0107i kao nadogradnja svega onoga \u0161to je odra\u0111eno prije, mo\u017ee imati pozitivne efekte samo ako se uspostavio temelj, a to zna\u010di radno mjesto, lak\u0161e rje\u0161avanje stambenog pitanja, porezne olak\u0161ice, rje\u0161avanje institucionalne skrbi za djecu\u201d, smatra \u017divi\u0107.<\/p>\n<blockquote><p><a href=\"https:\/\/www.vegaintro-projekti.com\/pilar-stari\/biografije\/user-bio\/?my_user_id=66\">Dr. sc. Dra\u017een \u017divi\u0107<\/a><\/p>\n<p><a href=\"https:\/\/www.vegaintro-projekti.com\/pilar-stari\/2018\/04\/podruni-centar-vukovar-2\/\">Podru\u010dni centar Vukovar<\/a><\/p><\/blockquote>\n","protected":false},"excerpt":{"rendered":"<p>Glas Slavonije u tiskanom i online izdanju objavljuje 7. prosinca 2022. prilog Tomislava Prusine s komentarima dr. sc. Dra\u017eena \u017divi\u0107a pod naslovom &#8220;Ne bi bilo iznena\u0111enje da se poka\u017ee kako je u 30 godina izgubljeno milijun stanovnika&#8221; &#8211; Glas Slavonije: Ne bi bilo iznena\u0111enje da se poka\u017ee kako je u 30 godina izgubljeno milijun stanovnika,&hellip; <a class=\"continue\" href=\"https:\/\/www.vegaintro-projekti.com\/pilar-stari\/2022\/01\/dr-sc-drazen-zivic-podijeljeno-drustvo-ne-moze-racunati-na-bolje-demografske-parametre-7-1-2022\/\">Pro\u010ditaj vi\u0161e o<span> Dr. sc. Dra\u017een \u017divi\u0107: Podijeljeno dru\u0161tvo ne mo\u017ee ra\u010dunati na bolje demografske parametre, 7. 1. 2022.<\/span><\/a><\/p>\n","protected":false},"author":7,"featured_media":21372,"comment_status":"closed","ping_status":"closed","sticky":false,"template":"","format":"standard","meta":{"inline_featured_image":false,"ngg_post_thumbnail":0,"footnotes":""},"categories":[12],"tags":[],"yoast_head":"<!-- This site is optimized with the Yoast SEO plugin v21.2 - https:\/\/yoast.com\/wordpress\/plugins\/seo\/ -->\n<title>Dr. sc. Dra\u017een \u017divi\u0107: Podijeljeno dru\u0161tvo ne mo\u017ee ra\u010dunati na bolje demografske parametre, 7. 1. 2022. - Institut dru&scaron;tvenih znanosti Ivo Pilar<\/title>\n<meta name=\"robots\" content=\"noindex, follow, max-snippet:-1, max-image-preview:large, max-video-preview:-1\" \/>\n<meta property=\"og:locale\" content=\"hr_HR\" \/>\n<meta property=\"og:type\" content=\"article\" \/>\n<meta property=\"og:title\" content=\"Dr. sc. Dra\u017een \u017divi\u0107: Podijeljeno dru\u0161tvo ne mo\u017ee ra\u010dunati na bolje demografske parametre, 7. 1. 2022. - Institut dru&scaron;tvenih znanosti Ivo Pilar\" \/>\n<meta property=\"og:description\" content=\"Glas Slavonije u tiskanom i online izdanju objavljuje 7. prosinca 2022. prilog Tomislava Prusine s komentarima dr. sc. Dra\u017eena \u017divi\u0107a pod naslovom &#8220;Ne bi bilo iznena\u0111enje da se poka\u017ee kako je u 30 godina izgubljeno milijun stanovnika&#8221; &#8211; Glas Slavonije: Ne bi bilo iznena\u0111enje da se poka\u017ee kako je u 30 godina izgubljeno milijun stanovnika,&hellip; Pro\u010ditaj vi\u0161e o Dr. sc. Dra\u017een \u017divi\u0107: Podijeljeno dru\u0161tvo ne mo\u017ee ra\u010dunati na bolje demografske parametre, 7. 1. 2022.\" \/>\n<meta property=\"og:url\" content=\"https:\/\/www.vegaintro-projekti.com\/pilar-stari\/2022\/01\/dr-sc-drazen-zivic-podijeljeno-drustvo-ne-moze-racunati-na-bolje-demografske-parametre-7-1-2022\/\" \/>\n<meta property=\"og:site_name\" content=\"Institut dru&scaron;tvenih znanosti Ivo Pilar\" \/>\n<meta property=\"article:published_time\" content=\"2022-01-07T20:10:33+00:00\" \/>\n<meta property=\"article:modified_time\" content=\"2022-01-17T09:53:00+00:00\" \/>\n<meta property=\"og:image\" content=\"https:\/\/www.vegaintro-projekti.com\/pilar-stari\/wp-content\/uploads\/2022\/01\/drazen-zivic_fi.jpg\" \/>\n\t<meta property=\"og:image:width\" content=\"499\" \/>\n\t<meta property=\"og:image:height\" content=\"217\" \/>\n\t<meta property=\"og:image:type\" content=\"image\/jpeg\" \/>\n<meta name=\"author\" content=\"Boris\" \/>\n<meta name=\"twitter:card\" content=\"summary_large_image\" \/>\n<meta name=\"twitter:label1\" content=\"Napisao\/la\" \/>\n\t<meta name=\"twitter:data1\" content=\"Boris\" \/>\n\t<meta name=\"twitter:label2\" content=\"Procijenjeno vrijeme \u010ditanja\" \/>\n\t<meta name=\"twitter:data2\" content=\"7 minuta\" \/>\n<script type=\"application\/ld+json\" class=\"yoast-schema-graph\">{\"@context\":\"https:\/\/schema.org\",\"@graph\":[{\"@type\":\"WebPage\",\"@id\":\"https:\/\/www.vegaintro-projekti.com\/pilar-stari\/2022\/01\/dr-sc-drazen-zivic-podijeljeno-drustvo-ne-moze-racunati-na-bolje-demografske-parametre-7-1-2022\/\",\"url\":\"https:\/\/www.vegaintro-projekti.com\/pilar-stari\/2022\/01\/dr-sc-drazen-zivic-podijeljeno-drustvo-ne-moze-racunati-na-bolje-demografske-parametre-7-1-2022\/\",\"name\":\"Dr. sc. Dra\u017een \u017divi\u0107: Podijeljeno dru\u0161tvo ne mo\u017ee ra\u010dunati na bolje demografske parametre, 7. 1. 2022. - Institut dru&scaron;tvenih znanosti Ivo Pilar\",\"isPartOf\":{\"@id\":\"https:\/\/www.vegaintro-projekti.com\/pilar-stari\/#website\"},\"datePublished\":\"2022-01-07T20:10:33+00:00\",\"dateModified\":\"2022-01-17T09:53:00+00:00\",\"author\":{\"@id\":\"https:\/\/www.vegaintro-projekti.com\/pilar-stari\/#\/schema\/person\/ddd404c9f1e15e4ffef5986ac6a5d28b\"},\"breadcrumb\":{\"@id\":\"https:\/\/www.vegaintro-projekti.com\/pilar-stari\/2022\/01\/dr-sc-drazen-zivic-podijeljeno-drustvo-ne-moze-racunati-na-bolje-demografske-parametre-7-1-2022\/#breadcrumb\"},\"inLanguage\":\"hr\",\"potentialAction\":[{\"@type\":\"ReadAction\",\"target\":[\"https:\/\/www.vegaintro-projekti.com\/pilar-stari\/2022\/01\/dr-sc-drazen-zivic-podijeljeno-drustvo-ne-moze-racunati-na-bolje-demografske-parametre-7-1-2022\/\"]}]},{\"@type\":\"BreadcrumbList\",\"@id\":\"https:\/\/www.vegaintro-projekti.com\/pilar-stari\/2022\/01\/dr-sc-drazen-zivic-podijeljeno-drustvo-ne-moze-racunati-na-bolje-demografske-parametre-7-1-2022\/#breadcrumb\",\"itemListElement\":[{\"@type\":\"ListItem\",\"position\":1,\"name\":\"Home\",\"item\":\"https:\/\/www.vegaintro-projekti.com\/pilar-stari\/\"},{\"@type\":\"ListItem\",\"position\":2,\"name\":\"Dr. sc. Dra\u017een \u017divi\u0107: Podijeljeno dru\u0161tvo ne mo\u017ee ra\u010dunati na bolje demografske parametre, 7. 1. 2022.\"}]},{\"@type\":\"WebSite\",\"@id\":\"https:\/\/www.vegaintro-projekti.com\/pilar-stari\/#website\",\"url\":\"https:\/\/www.vegaintro-projekti.com\/pilar-stari\/\",\"name\":\"Institut dru&scaron;tvenih znanosti Ivo Pilar\",\"description\":\"Pilar\",\"potentialAction\":[{\"@type\":\"SearchAction\",\"target\":{\"@type\":\"EntryPoint\",\"urlTemplate\":\"https:\/\/www.vegaintro-projekti.com\/pilar-stari\/?s={search_term_string}\"},\"query-input\":\"required name=search_term_string\"}],\"inLanguage\":\"hr\"},{\"@type\":\"Person\",\"@id\":\"https:\/\/www.vegaintro-projekti.com\/pilar-stari\/#\/schema\/person\/ddd404c9f1e15e4ffef5986ac6a5d28b\",\"name\":\"Boris\",\"image\":{\"@type\":\"ImageObject\",\"inLanguage\":\"hr\",\"@id\":\"https:\/\/www.vegaintro-projekti.com\/pilar-stari\/#\/schema\/person\/image\/\",\"url\":\"https:\/\/secure.gravatar.com\/avatar\/29557b161a6ce6ab86ac1503164f1e90?s=96&d=mm&r=g\",\"contentUrl\":\"https:\/\/secure.gravatar.com\/avatar\/29557b161a6ce6ab86ac1503164f1e90?s=96&d=mm&r=g\",\"caption\":\"Boris\"},\"url\":\"https:\/\/www.vegaintro-projekti.com\/pilar-stari\/author\/boris\/\"}]}<\/script>\n<!-- \/ Yoast SEO plugin. -->","yoast_head_json":{"title":"Dr. sc. Dra\u017een \u017divi\u0107: Podijeljeno dru\u0161tvo ne mo\u017ee ra\u010dunati na bolje demografske parametre, 7. 1. 2022. - Institut dru&scaron;tvenih znanosti Ivo Pilar","robots":{"index":"noindex","follow":"follow","max-snippet":"max-snippet:-1","max-image-preview":"max-image-preview:large","max-video-preview":"max-video-preview:-1"},"og_locale":"hr_HR","og_type":"article","og_title":"Dr. sc. Dra\u017een \u017divi\u0107: Podijeljeno dru\u0161tvo ne mo\u017ee ra\u010dunati na bolje demografske parametre, 7. 1. 2022. - Institut dru&scaron;tvenih znanosti Ivo Pilar","og_description":"Glas Slavonije u tiskanom i online izdanju objavljuje 7. prosinca 2022. prilog Tomislava Prusine s komentarima dr. sc. Dra\u017eena \u017divi\u0107a pod naslovom &#8220;Ne bi bilo iznena\u0111enje da se poka\u017ee kako je u 30 godina izgubljeno milijun stanovnika&#8221; &#8211; Glas Slavonije: Ne bi bilo iznena\u0111enje da se poka\u017ee kako je u 30 godina izgubljeno milijun stanovnika,&hellip; Pro\u010ditaj vi\u0161e o Dr. sc. Dra\u017een \u017divi\u0107: Podijeljeno dru\u0161tvo ne mo\u017ee ra\u010dunati na bolje demografske parametre, 7. 1. 2022.","og_url":"https:\/\/www.vegaintro-projekti.com\/pilar-stari\/2022\/01\/dr-sc-drazen-zivic-podijeljeno-drustvo-ne-moze-racunati-na-bolje-demografske-parametre-7-1-2022\/","og_site_name":"Institut dru&scaron;tvenih znanosti Ivo Pilar","article_published_time":"2022-01-07T20:10:33+00:00","article_modified_time":"2022-01-17T09:53:00+00:00","og_image":[{"width":499,"height":217,"url":"https:\/\/www.vegaintro-projekti.com\/pilar-stari\/wp-content\/uploads\/2022\/01\/drazen-zivic_fi.jpg","type":"image\/jpeg"}],"author":"Boris","twitter_card":"summary_large_image","twitter_misc":{"Napisao\/la":"Boris","Procijenjeno vrijeme \u010ditanja":"7 minuta"},"schema":{"@context":"https:\/\/schema.org","@graph":[{"@type":"WebPage","@id":"https:\/\/www.vegaintro-projekti.com\/pilar-stari\/2022\/01\/dr-sc-drazen-zivic-podijeljeno-drustvo-ne-moze-racunati-na-bolje-demografske-parametre-7-1-2022\/","url":"https:\/\/www.vegaintro-projekti.com\/pilar-stari\/2022\/01\/dr-sc-drazen-zivic-podijeljeno-drustvo-ne-moze-racunati-na-bolje-demografske-parametre-7-1-2022\/","name":"Dr. sc. Dra\u017een \u017divi\u0107: Podijeljeno dru\u0161tvo ne mo\u017ee ra\u010dunati na bolje demografske parametre, 7. 1. 2022. - Institut dru&scaron;tvenih znanosti Ivo Pilar","isPartOf":{"@id":"https:\/\/www.vegaintro-projekti.com\/pilar-stari\/#website"},"datePublished":"2022-01-07T20:10:33+00:00","dateModified":"2022-01-17T09:53:00+00:00","author":{"@id":"https:\/\/www.vegaintro-projekti.com\/pilar-stari\/#\/schema\/person\/ddd404c9f1e15e4ffef5986ac6a5d28b"},"breadcrumb":{"@id":"https:\/\/www.vegaintro-projekti.com\/pilar-stari\/2022\/01\/dr-sc-drazen-zivic-podijeljeno-drustvo-ne-moze-racunati-na-bolje-demografske-parametre-7-1-2022\/#breadcrumb"},"inLanguage":"hr","potentialAction":[{"@type":"ReadAction","target":["https:\/\/www.vegaintro-projekti.com\/pilar-stari\/2022\/01\/dr-sc-drazen-zivic-podijeljeno-drustvo-ne-moze-racunati-na-bolje-demografske-parametre-7-1-2022\/"]}]},{"@type":"BreadcrumbList","@id":"https:\/\/www.vegaintro-projekti.com\/pilar-stari\/2022\/01\/dr-sc-drazen-zivic-podijeljeno-drustvo-ne-moze-racunati-na-bolje-demografske-parametre-7-1-2022\/#breadcrumb","itemListElement":[{"@type":"ListItem","position":1,"name":"Home","item":"https:\/\/www.vegaintro-projekti.com\/pilar-stari\/"},{"@type":"ListItem","position":2,"name":"Dr. sc. Dra\u017een \u017divi\u0107: Podijeljeno dru\u0161tvo ne mo\u017ee ra\u010dunati na bolje demografske parametre, 7. 1. 2022."}]},{"@type":"WebSite","@id":"https:\/\/www.vegaintro-projekti.com\/pilar-stari\/#website","url":"https:\/\/www.vegaintro-projekti.com\/pilar-stari\/","name":"Institut dru&scaron;tvenih znanosti Ivo Pilar","description":"Pilar","potentialAction":[{"@type":"SearchAction","target":{"@type":"EntryPoint","urlTemplate":"https:\/\/www.vegaintro-projekti.com\/pilar-stari\/?s={search_term_string}"},"query-input":"required name=search_term_string"}],"inLanguage":"hr"},{"@type":"Person","@id":"https:\/\/www.vegaintro-projekti.com\/pilar-stari\/#\/schema\/person\/ddd404c9f1e15e4ffef5986ac6a5d28b","name":"Boris","image":{"@type":"ImageObject","inLanguage":"hr","@id":"https:\/\/www.vegaintro-projekti.com\/pilar-stari\/#\/schema\/person\/image\/","url":"https:\/\/secure.gravatar.com\/avatar\/29557b161a6ce6ab86ac1503164f1e90?s=96&d=mm&r=g","contentUrl":"https:\/\/secure.gravatar.com\/avatar\/29557b161a6ce6ab86ac1503164f1e90?s=96&d=mm&r=g","caption":"Boris"},"url":"https:\/\/www.vegaintro-projekti.com\/pilar-stari\/author\/boris\/"}]}},"_links":{"self":[{"href":"https:\/\/www.vegaintro-projekti.com\/pilar-stari\/wp-json\/wp\/v2\/posts\/21374"}],"collection":[{"href":"https:\/\/www.vegaintro-projekti.com\/pilar-stari\/wp-json\/wp\/v2\/posts"}],"about":[{"href":"https:\/\/www.vegaintro-projekti.com\/pilar-stari\/wp-json\/wp\/v2\/types\/post"}],"author":[{"embeddable":true,"href":"https:\/\/www.vegaintro-projekti.com\/pilar-stari\/wp-json\/wp\/v2\/users\/7"}],"replies":[{"embeddable":true,"href":"https:\/\/www.vegaintro-projekti.com\/pilar-stari\/wp-json\/wp\/v2\/comments?post=21374"}],"version-history":[{"count":3,"href":"https:\/\/www.vegaintro-projekti.com\/pilar-stari\/wp-json\/wp\/v2\/posts\/21374\/revisions"}],"predecessor-version":[{"id":21378,"href":"https:\/\/www.vegaintro-projekti.com\/pilar-stari\/wp-json\/wp\/v2\/posts\/21374\/revisions\/21378"}],"wp:featuredmedia":[{"embeddable":true,"href":"https:\/\/www.vegaintro-projekti.com\/pilar-stari\/wp-json\/wp\/v2\/media\/21372"}],"wp:attachment":[{"href":"https:\/\/www.vegaintro-projekti.com\/pilar-stari\/wp-json\/wp\/v2\/media?parent=21374"}],"wp:term":[{"taxonomy":"category","embeddable":true,"href":"https:\/\/www.vegaintro-projekti.com\/pilar-stari\/wp-json\/wp\/v2\/categories?post=21374"},{"taxonomy":"post_tag","embeddable":true,"href":"https:\/\/www.vegaintro-projekti.com\/pilar-stari\/wp-json\/wp\/v2\/tags?post=21374"}],"curies":[{"name":"wp","href":"https:\/\/api.w.org\/{rel}","templated":true}]}}