{"id":214,"date":"2009-07-15T12:08:25","date_gmt":"2009-07-15T12:08:25","guid":{"rendered":"https:\/\/www.vegaintro-projekti.com\/pilar-stari\/2009\/07\/15\/in-memoriam-sreko-lipovan\/"},"modified":"2009-07-15T12:08:25","modified_gmt":"2009-07-15T12:08:25","slug":"in-memoriam-sreko-lipovan","status":"publish","type":"post","link":"https:\/\/www.vegaintro-projekti.com\/pilar-stari\/2009\/07\/in-memoriam-sreko-lipovan\/","title":{"rendered":"In memoriam: Sre\u0107ko Lipov\u010dan"},"content":{"rendered":"<p><strong>Rije\u010d ravnatelja Instituta Ivo Pilar dr. sc. Vlade \u0160aki\u0107a na posljednjem ispra\u0107aju dr. sc. Sre\u0107ka Lipov\u010dana<\/strong><\/p>\n<p>Sre\u0107ko Lipov\u010dan ro\u0111en je u Zagrebu 1942. godine. Zagreb nije samo njegov rodni grad nego i mjesto iz kojeg je odlazio i vra\u0107ao mu se i u kojem se ostvarivao kao \u010dovjek i intelektualac. Svoj ljudski, nacionalni i intelektualni identitet razvijao je, predstavljao i branio \u010desto u okolnostima u kojima je sloboda bila san, a ne stvarnost. U takvim vremenima poglavito ovisimo o sebi samima i ravnamo se prvenstveno prema svojoj savjesti. Zato i javna postignu\u0107a imaju posebnu te\u017einu.<\/p>\n<table border=\"0\">\n<tbody>\n<tr>\n<td><img decoding=\"async\" loading=\"lazy\" height=\"448\" width=\"302\" src=\"https:\/\/www.vegaintro-projekti.com\/pilar-stari\/wp-content\/images\/stories\/fotografije\/godisnjak-pilar\/lipovcan.jpg\" alt=\"lipovcan\" \/><\/td>\n<td valign=\"bottom\">\n<p><span style=\"font-size: 10pt;\"><strong>Dr. sc. Sre\u0107ko Lipov\u010dan<br \/><\/strong><\/span><span style=\"font-size: 10pt;\"><strong>Zagreb, 1942.-2009.<\/strong><\/span><\/p>\n<\/td>\n<\/tr>\n<\/tbody>\n<\/table>\n<p>Sre\u0107ko Lipov\u010dan prisutan je u hrvatskoj javnosti kao novinar ve\u0107 od ranih \u0161ezdesetih godina, kada je kao dvadesetogodi\u0161njak objavljivao tekstove u nizu tada\u0161njih kulturnih listova i listova za mlade (Kolo, Vijenac, Prolog, Studentski list, Polet, Telegram) te se bavio novinarskim i uredni\u010dkim poslom na prvom i tre\u0107em programu tada\u0161njeg Radio-Zagreba. Uz posao novinara obrazovao se i zavr\u0161io povijest na Filozofskom fakultetu u Zagrebu. Zagreb je napustio 1972. godine i oti\u0161ao u Njema\u010dku. Do 1978. boravio je u K\u00f6lnu i Berlinu, gdje je studirao njema\u010dki jezik, slavistiku, povijest jugoisto\u010dne Europe i bizantistiku. Istodobno, ondje je nastavio djelovati kao radijski novinar te je u razdoblju do 1990. objavio vi\u0161e od tisu\u0107u i pol novinarskih i publicisti\u010dkih tekstova. Krajem osamdesetih godina upisao je poslijediplomski studij\u00a0 na Filozofskom fakultetu u Zagrebu u polju znanosti o knji\u017eevnosti i 1999. stekao akademski stupanj doktora znanosti s tezom o mladom Ujevi\u0107u i njegovoj prozi. U tim prijelomnim godinama Sre\u0107ko Lipov\u010dan bio je intezivno prisutan u hrvatskoj javnosti kao novinar, povjesni\u010dar, sveu\u010dili\u0161ni profesor, kulturni djelatnik. Posebno je bio aktivan u Hrvatskom knji\u017eevnom dru\u0161tvu, Hrvatskom novinarskom dru\u0161tvu i Hrvatskoj izvje\u0161tajnoj agenciji, a kao predava\u010d na Hrvatskim studijima. Od 2000. godine do odlaska u mirovinu 2007. Sre\u0107ko Lipov\u010dan bio je zaposlen kao znanstvenik u Institutu dru\u0161tvenih znanosti Ivo Pilar. Bavio se kulturnom i politi\u010dkom problematikom 19. i 20. stolje\u0107a, povijesti medija, hrvatskim iseljeni\u0161tvom te \u017eivotom i djelom dr. Ive Pilara.<\/p>\n<p>Iz ovog kratkog presjeka Sre\u0107kovog \u017eivotnog puta razvidan je njegov \u0161iroki intelektualni horizont i stalna te\u017enja za osobnim usavr\u0161avanjem u svim podru\u010djima njegovih interesa. Sre\u0107ko nijedno podru\u010dje nije napu\u0161tao kada je prelazio na novo. Drugim rije\u010dima, on je svoje intelektualne interese neprestano \u0161irio i produbljivao, a teme kojima se bavio uvijek su bile aktualne i zna\u010dajne za hrvatsku kulturnu, politi\u010dku i dru\u0161tvenu zbilju. Stoga opus koji je ostavio iza sebe nije samo bogat nego i raznolik. Uz tisu\u0107e novinarskih uradaka autorom je sedam knjiga i jedanaest poglavlja u knjigama te urednikom pet knjiga. Objavio je \u0161ezdesetak znanstvenih i stru\u010dnih radova te sudjelovao na desetcima znanstvenih i stru\u010dnih skupova u Hrvatskoj i inozemstvu. Uz znanstvenu, novinarsku i stru\u010dnu djelatnost obavljao je niz uredni\u010dkih poslova, inicirao je i sudjelovao u nizu izdava\u010dkih projekata te preuzimao odgovorne du\u017enosti u tijelima kulturnih institucija s kojima je sura\u0111ivao. Po djelu koje je ostavio iza sebe mogli bi mu pripisati zna\u010dajno stariju dob od one u kojoj je umro.<\/p>\n<p>U Institutu Pilar Sre\u0107ko Lipov\u010dan sudjelovao je u nizu projekata i drugih znanstvenih i stru\u010dnih djelatnosti. Visoka razina na kojoj ih je obavljao priskrbljivala je zna\u010dajan ugled Institutu. Me\u0111u tim projektima i djelatnostima nezaobilazno mjesto zauzima ure\u0111ivanje dvaju godi\u0161njaka Pilar i na tim temeljima pokretanje znanstvenog \u010dasopisa za dru\u0161tvene i humanisti\u010dke studije Pilar. Osim toga ure\u0111ivao je zbornike i bio gost urednik u \u010dasopisu Dru\u0161tvena istra\u017eivanja, a posebno valja naglasiti njegov organizacijski anga\u017eman na znanstvenim skupovima Instituta. Znanstveni projekt \u201eIvo Pilar \u2013 teoreti\u010dar hrvatske modernizacije\u201c nastavio je voditi i nakon odlaska u mirovinu, te Institut ba\u0161tini njegova dosada\u0161nja postignu\u0107a i ujedno preuzima obvezu zavr\u0161iti projekt na na\u010din kako ga je on zamislio. \u010casopis Pilar ostat \u0107e njegov svojevrsni spomenik u Institutu, a budu\u0107i da je razvio vrijedan suradni\u010dki tim na \u010delu s kolegom i prijateljem Zlatkom Matijevi\u0107em, \u010dasopis \u0107e i dalje zauzimati mjesto pri vrhu publicisti\u010dke djelatnosti u Institutu.<\/p>\n<p>Svi koji su poznavali Sre\u0107ka Lipov\u010dana, a posebno znanstvenici i djelatnici Instituta Pilar, pripisuju mu brojne vrline me\u0111u kojima su se dvije osobito isticale. Prva je njegov odgovoran odnos prema svakom poslu koji je obavljao, \u0161to je zna\u010dajno nadilazilo razinu prosjeka. Druga je povezana s prvom, a odnosi se na njegovu ozbiljnost i preciznost u svakom poslu koje su poticajno djelovale na sve suradnike, a ponekad ih \u010dak i pla\u0161ile jer su im se \u010dinile nedosti\u017enim. Zato njegov odlazak u mirovinu u Institutu nikako nije do\u017eivljen kao prestanak suradnje nego je prihva\u0107en kao formalna neumitnost, \u0161to je zapravo i bila. Sre\u0107ko Lipov\u010dan do svoje je smrti ostao znanstvenik u Institutu Pilar.<\/p>\n<p>&#8211; <a target=\"_blank\" href=\"http:\/\/bib.irb.hr\/lista-radova?autor=193675\">Znanstvena bibliografija<\/a><br \/>&#8211; <a target=\"_blank\" href=\"http:\/\/www.monitor.hr\/clanci\/posljednji-ispracaj-srecka-lipovcana-na-zagrebackom-krematoriju\/19762\/\">Posljednji ispra\u0107aj<\/a><\/p>\n","protected":false},"excerpt":{"rendered":"<p>Rije\u010d ravnatelja Instituta Ivo Pilar dr. sc. Vlade \u0160aki\u0107a na posljednjem ispra\u0107aju dr. sc. Sre\u0107ka Lipov\u010dana Sre\u0107ko Lipov\u010dan ro\u0111en je u Zagrebu 1942. godine. Zagreb nije samo njegov rodni grad nego i mjesto iz kojeg je odlazio i vra\u0107ao mu se i u kojem se ostvarivao kao \u010dovjek i intelektualac. Svoj ljudski, nacionalni i intelektualni&hellip; <a class=\"continue\" href=\"https:\/\/www.vegaintro-projekti.com\/pilar-stari\/2009\/07\/in-memoriam-sreko-lipovan\/\">Pro\u010ditaj vi\u0161e o<span> In memoriam: Sre\u0107ko Lipov\u010dan<\/span><\/a><\/p>\n","protected":false},"author":1,"featured_media":0,"comment_status":"open","ping_status":"open","sticky":false,"template":"","format":"standard","meta":{"inline_featured_image":false,"ngg_post_thumbnail":0,"footnotes":""},"categories":[9],"tags":[],"yoast_head":"<!-- This site is optimized with the Yoast SEO plugin v21.2 - https:\/\/yoast.com\/wordpress\/plugins\/seo\/ -->\n<title>In memoriam: Sre\u0107ko Lipov\u010dan - Institut dru&scaron;tvenih znanosti Ivo Pilar<\/title>\n<meta name=\"robots\" content=\"noindex, follow, max-snippet:-1, max-image-preview:large, max-video-preview:-1\" \/>\n<meta property=\"og:locale\" content=\"hr_HR\" \/>\n<meta property=\"og:type\" content=\"article\" \/>\n<meta property=\"og:title\" content=\"In memoriam: Sre\u0107ko Lipov\u010dan - Institut dru&scaron;tvenih znanosti Ivo Pilar\" \/>\n<meta property=\"og:description\" content=\"Rije\u010d ravnatelja Instituta Ivo Pilar dr. sc. Vlade \u0160aki\u0107a na posljednjem ispra\u0107aju dr. sc. Sre\u0107ka Lipov\u010dana Sre\u0107ko Lipov\u010dan ro\u0111en je u Zagrebu 1942. godine. Zagreb nije samo njegov rodni grad nego i mjesto iz kojeg je odlazio i vra\u0107ao mu se i u kojem se ostvarivao kao \u010dovjek i intelektualac. Svoj ljudski, nacionalni i intelektualni&hellip; Pro\u010ditaj vi\u0161e o In memoriam: Sre\u0107ko Lipov\u010dan\" \/>\n<meta property=\"og:url\" content=\"https:\/\/www.vegaintro-projekti.com\/pilar-stari\/2009\/07\/in-memoriam-sreko-lipovan\/\" \/>\n<meta property=\"og:site_name\" content=\"Institut dru&scaron;tvenih znanosti Ivo Pilar\" \/>\n<meta property=\"article:published_time\" content=\"2009-07-15T12:08:25+00:00\" \/>\n<meta property=\"og:image\" content=\"https:\/\/www.vegaintro-projekti.com\/pilar-stari\/wp-content\/images\/stories\/fotografije\/godisnjak-pilar\/lipovcan.jpg\" \/>\n<meta name=\"author\" content=\"pilar-admin\" \/>\n<meta name=\"twitter:card\" content=\"summary_large_image\" \/>\n<meta name=\"twitter:label1\" content=\"Napisao\/la\" \/>\n\t<meta name=\"twitter:data1\" content=\"pilar-admin\" \/>\n\t<meta name=\"twitter:label2\" content=\"Procijenjeno vrijeme \u010ditanja\" \/>\n\t<meta name=\"twitter:data2\" content=\"4 minute\" \/>\n<script type=\"application\/ld+json\" class=\"yoast-schema-graph\">{\"@context\":\"https:\/\/schema.org\",\"@graph\":[{\"@type\":\"WebPage\",\"@id\":\"https:\/\/www.vegaintro-projekti.com\/pilar-stari\/2009\/07\/in-memoriam-sreko-lipovan\/\",\"url\":\"https:\/\/www.vegaintro-projekti.com\/pilar-stari\/2009\/07\/in-memoriam-sreko-lipovan\/\",\"name\":\"In memoriam: Sre\u0107ko Lipov\u010dan - Institut dru&scaron;tvenih znanosti Ivo Pilar\",\"isPartOf\":{\"@id\":\"https:\/\/www.vegaintro-projekti.com\/pilar-stari\/#website\"},\"datePublished\":\"2009-07-15T12:08:25+00:00\",\"dateModified\":\"2009-07-15T12:08:25+00:00\",\"author\":{\"@id\":\"https:\/\/www.vegaintro-projekti.com\/pilar-stari\/#\/schema\/person\/c0db50ebd77c4409e19b18044bbf10c1\"},\"breadcrumb\":{\"@id\":\"https:\/\/www.vegaintro-projekti.com\/pilar-stari\/2009\/07\/in-memoriam-sreko-lipovan\/#breadcrumb\"},\"inLanguage\":\"hr\",\"potentialAction\":[{\"@type\":\"ReadAction\",\"target\":[\"https:\/\/www.vegaintro-projekti.com\/pilar-stari\/2009\/07\/in-memoriam-sreko-lipovan\/\"]}]},{\"@type\":\"BreadcrumbList\",\"@id\":\"https:\/\/www.vegaintro-projekti.com\/pilar-stari\/2009\/07\/in-memoriam-sreko-lipovan\/#breadcrumb\",\"itemListElement\":[{\"@type\":\"ListItem\",\"position\":1,\"name\":\"Home\",\"item\":\"https:\/\/www.vegaintro-projekti.com\/pilar-stari\/\"},{\"@type\":\"ListItem\",\"position\":2,\"name\":\"In memoriam: Sre\u0107ko Lipov\u010dan\"}]},{\"@type\":\"WebSite\",\"@id\":\"https:\/\/www.vegaintro-projekti.com\/pilar-stari\/#website\",\"url\":\"https:\/\/www.vegaintro-projekti.com\/pilar-stari\/\",\"name\":\"Institut dru&scaron;tvenih znanosti Ivo Pilar\",\"description\":\"Pilar\",\"potentialAction\":[{\"@type\":\"SearchAction\",\"target\":{\"@type\":\"EntryPoint\",\"urlTemplate\":\"https:\/\/www.vegaintro-projekti.com\/pilar-stari\/?s={search_term_string}\"},\"query-input\":\"required name=search_term_string\"}],\"inLanguage\":\"hr\"},{\"@type\":\"Person\",\"@id\":\"https:\/\/www.vegaintro-projekti.com\/pilar-stari\/#\/schema\/person\/c0db50ebd77c4409e19b18044bbf10c1\",\"name\":\"pilar-admin\",\"image\":{\"@type\":\"ImageObject\",\"inLanguage\":\"hr\",\"@id\":\"https:\/\/www.vegaintro-projekti.com\/pilar-stari\/#\/schema\/person\/image\/\",\"url\":\"https:\/\/secure.gravatar.com\/avatar\/fac9e03c4db0011b9c1ad8b5e9c74b8c?s=96&d=mm&r=g\",\"contentUrl\":\"https:\/\/secure.gravatar.com\/avatar\/fac9e03c4db0011b9c1ad8b5e9c74b8c?s=96&d=mm&r=g\",\"caption\":\"pilar-admin\"},\"url\":\"https:\/\/www.vegaintro-projekti.com\/pilar-stari\/author\/pilar-admin\/\"}]}<\/script>\n<!-- \/ Yoast SEO plugin. -->","yoast_head_json":{"title":"In memoriam: Sre\u0107ko Lipov\u010dan - Institut dru&scaron;tvenih znanosti Ivo Pilar","robots":{"index":"noindex","follow":"follow","max-snippet":"max-snippet:-1","max-image-preview":"max-image-preview:large","max-video-preview":"max-video-preview:-1"},"og_locale":"hr_HR","og_type":"article","og_title":"In memoriam: Sre\u0107ko Lipov\u010dan - Institut dru&scaron;tvenih znanosti Ivo Pilar","og_description":"Rije\u010d ravnatelja Instituta Ivo Pilar dr. sc. Vlade \u0160aki\u0107a na posljednjem ispra\u0107aju dr. sc. Sre\u0107ka Lipov\u010dana Sre\u0107ko Lipov\u010dan ro\u0111en je u Zagrebu 1942. godine. Zagreb nije samo njegov rodni grad nego i mjesto iz kojeg je odlazio i vra\u0107ao mu se i u kojem se ostvarivao kao \u010dovjek i intelektualac. Svoj ljudski, nacionalni i intelektualni&hellip; Pro\u010ditaj vi\u0161e o In memoriam: Sre\u0107ko Lipov\u010dan","og_url":"https:\/\/www.vegaintro-projekti.com\/pilar-stari\/2009\/07\/in-memoriam-sreko-lipovan\/","og_site_name":"Institut dru&scaron;tvenih znanosti Ivo Pilar","article_published_time":"2009-07-15T12:08:25+00:00","og_image":[{"url":"https:\/\/www.vegaintro-projekti.com\/pilar-stari\/wp-content\/images\/stories\/fotografije\/godisnjak-pilar\/lipovcan.jpg"}],"author":"pilar-admin","twitter_card":"summary_large_image","twitter_misc":{"Napisao\/la":"pilar-admin","Procijenjeno vrijeme \u010ditanja":"4 minute"},"schema":{"@context":"https:\/\/schema.org","@graph":[{"@type":"WebPage","@id":"https:\/\/www.vegaintro-projekti.com\/pilar-stari\/2009\/07\/in-memoriam-sreko-lipovan\/","url":"https:\/\/www.vegaintro-projekti.com\/pilar-stari\/2009\/07\/in-memoriam-sreko-lipovan\/","name":"In memoriam: Sre\u0107ko Lipov\u010dan - Institut dru&scaron;tvenih znanosti Ivo Pilar","isPartOf":{"@id":"https:\/\/www.vegaintro-projekti.com\/pilar-stari\/#website"},"datePublished":"2009-07-15T12:08:25+00:00","dateModified":"2009-07-15T12:08:25+00:00","author":{"@id":"https:\/\/www.vegaintro-projekti.com\/pilar-stari\/#\/schema\/person\/c0db50ebd77c4409e19b18044bbf10c1"},"breadcrumb":{"@id":"https:\/\/www.vegaintro-projekti.com\/pilar-stari\/2009\/07\/in-memoriam-sreko-lipovan\/#breadcrumb"},"inLanguage":"hr","potentialAction":[{"@type":"ReadAction","target":["https:\/\/www.vegaintro-projekti.com\/pilar-stari\/2009\/07\/in-memoriam-sreko-lipovan\/"]}]},{"@type":"BreadcrumbList","@id":"https:\/\/www.vegaintro-projekti.com\/pilar-stari\/2009\/07\/in-memoriam-sreko-lipovan\/#breadcrumb","itemListElement":[{"@type":"ListItem","position":1,"name":"Home","item":"https:\/\/www.vegaintro-projekti.com\/pilar-stari\/"},{"@type":"ListItem","position":2,"name":"In memoriam: Sre\u0107ko Lipov\u010dan"}]},{"@type":"WebSite","@id":"https:\/\/www.vegaintro-projekti.com\/pilar-stari\/#website","url":"https:\/\/www.vegaintro-projekti.com\/pilar-stari\/","name":"Institut dru&scaron;tvenih znanosti Ivo Pilar","description":"Pilar","potentialAction":[{"@type":"SearchAction","target":{"@type":"EntryPoint","urlTemplate":"https:\/\/www.vegaintro-projekti.com\/pilar-stari\/?s={search_term_string}"},"query-input":"required name=search_term_string"}],"inLanguage":"hr"},{"@type":"Person","@id":"https:\/\/www.vegaintro-projekti.com\/pilar-stari\/#\/schema\/person\/c0db50ebd77c4409e19b18044bbf10c1","name":"pilar-admin","image":{"@type":"ImageObject","inLanguage":"hr","@id":"https:\/\/www.vegaintro-projekti.com\/pilar-stari\/#\/schema\/person\/image\/","url":"https:\/\/secure.gravatar.com\/avatar\/fac9e03c4db0011b9c1ad8b5e9c74b8c?s=96&d=mm&r=g","contentUrl":"https:\/\/secure.gravatar.com\/avatar\/fac9e03c4db0011b9c1ad8b5e9c74b8c?s=96&d=mm&r=g","caption":"pilar-admin"},"url":"https:\/\/www.vegaintro-projekti.com\/pilar-stari\/author\/pilar-admin\/"}]}},"_links":{"self":[{"href":"https:\/\/www.vegaintro-projekti.com\/pilar-stari\/wp-json\/wp\/v2\/posts\/214"}],"collection":[{"href":"https:\/\/www.vegaintro-projekti.com\/pilar-stari\/wp-json\/wp\/v2\/posts"}],"about":[{"href":"https:\/\/www.vegaintro-projekti.com\/pilar-stari\/wp-json\/wp\/v2\/types\/post"}],"author":[{"embeddable":true,"href":"https:\/\/www.vegaintro-projekti.com\/pilar-stari\/wp-json\/wp\/v2\/users\/1"}],"replies":[{"embeddable":true,"href":"https:\/\/www.vegaintro-projekti.com\/pilar-stari\/wp-json\/wp\/v2\/comments?post=214"}],"version-history":[{"count":0,"href":"https:\/\/www.vegaintro-projekti.com\/pilar-stari\/wp-json\/wp\/v2\/posts\/214\/revisions"}],"wp:attachment":[{"href":"https:\/\/www.vegaintro-projekti.com\/pilar-stari\/wp-json\/wp\/v2\/media?parent=214"}],"wp:term":[{"taxonomy":"category","embeddable":true,"href":"https:\/\/www.vegaintro-projekti.com\/pilar-stari\/wp-json\/wp\/v2\/categories?post=214"},{"taxonomy":"post_tag","embeddable":true,"href":"https:\/\/www.vegaintro-projekti.com\/pilar-stari\/wp-json\/wp\/v2\/tags?post=214"}],"curies":[{"name":"wp","href":"https:\/\/api.w.org\/{rel}","templated":true}]}}