{"id":21433,"date":"2022-01-14T10:41:51","date_gmt":"2022-01-14T10:41:51","guid":{"rendered":"https:\/\/www.vegaintro-projekti.com\/pilar-stari\/?p=21433"},"modified":"2022-01-25T21:13:51","modified_gmt":"2022-01-25T21:13:51","slug":"ivo-turk-demografska-politika-treba-biti-nadstranacka-i-nadvladina","status":"publish","type":"post","link":"https:\/\/www.vegaintro-projekti.com\/pilar-stari\/2022\/01\/ivo-turk-demografska-politika-treba-biti-nadstranacka-i-nadvladina\/","title":{"rendered":"Dr. sc. Ivo Turk: Demografska politika treba biti nadstrana\u010dka i nadvladina, 14. 1. 2022."},"content":{"rendered":"<p><strong>Portal Index.hr objavljuje razgovor s dr. sc. Ivom Turkom i dr. sc. Ivanom \u010cipinom o prvim rezultatima Popisa stanovni\u0161tva 2021.<\/strong><\/p>\n<p><a href=\"https:\/\/www.index.hr\/vijesti\/clanak\/demografi-hrvatska-bi-mogla-pasti-na-35-milijuna-stanovnika-do-kraja-desetljeca\/2332542.aspx?index_ref=clanak_procitaj_jos_d\"><img decoding=\"async\" loading=\"lazy\" class=\"alignnone wp-image-21431 size-full\" src=\"https:\/\/www.vegaintro-projekti.com\/pilar-stari\/wp-content\/uploads\/2022\/01\/Ilustr_Usporeba_2011.jpg\" alt=\"\" width=\"620\" height=\"319\" srcset=\"https:\/\/www.vegaintro-projekti.com\/pilar-stari\/wp-content\/uploads\/2022\/01\/Ilustr_Usporeba_2011.jpg 620w, https:\/\/www.vegaintro-projekti.com\/pilar-stari\/wp-content\/uploads\/2022\/01\/Ilustr_Usporeba_2011-300x154.jpg 300w\" sizes=\"(max-width: 620px) 100vw, 620px\" \/><\/a><\/p>\n<p><strong>&#8211; Index.hr:<\/strong> <a href=\"https:\/\/www.index.hr\/vijesti\/clanak\/demografi-hrvatska-bi-mogla-pasti-na-35-milijuna-stanovnika-do-kraja-desetljeca\/2332542.aspx?index_ref=clanak_procitaj_jos_d\">Demografi: Hrvatska bi mogla pasti na 3.5 milijuna stanovnika do kraja desetlje\u0107a, 14. 1. 2022.<\/a><\/p>\n<p>DEMOGRAFI Ivo Turk i Ivan \u010cipin upozorili su kako Hrvatska, prema prvim rezultatima popisa 2021. godine, bilje\u017ei najve\u0107i pad broja stanovni\u0161tva u usporedbi s drugim popisnim razdobljima te da bi do kraja desetlje\u0107a zemlja mogla imati tek 3.5 milijuna stanovnika.<\/p>\n<p>Hrvatska ima 3.89 milijuna stanovnika, \u0161to je 9.25 posto manje stanovnika nego 2011. godine, objavio je Dr\u017eavni zavod za statistiku prve rezultate popisa stanovni\u0161tva 2021. godine.<\/p>\n<p><strong>Najve\u0107i pad broja stanovnika od osamostaljenja<\/strong><\/p>\n<p>Demograf Turk s Instituta dru\u0161tvenih znanosti Ivo Pilar isti\u010de da je to najve\u0107i popisni pad od hrvatskog osamostaljenja, \u0161to zna\u010di da Hrvatska u zadnjih 10 godina gubi stanovni\u0161tvo ve\u0107im intenzitetom u usporedbi s prija\u0161njim popisnim razdobljima.<\/p>\n<p>Iako broj stanovnika Hrvatske cijelo vrijeme pada, popis stanovni\u0161tva 2011. pokazao je pad stanovnika od 3.4 posto u odnosu na 2001., a popis iz 2001. zabilje\u017eio je pad stanovnika od 7.25 posto u odnosu na 1991. godinu.<\/p>\n<p>&#8220;To samo po sebi dovoljno govori o negativnim i lo\u0161im demografskim pokazateljima u Hrvatskoj. Treba napomenuti da to nije ni najgora stvar jer treba jo\u0161 vidjeti koja je dobno-spolna struktura stanovni\u0161tva&#8221;, isti\u010de Turk.<\/p>\n<p>DZS je u \u010detvrtak objavio tek podatke o broju ukupnog stanovni\u0161tva po gradovima i \u017eupanija, a detaljniju statistiku, kao i onu o dobnoj strukturi stanovni\u0161tva, objavit \u0107e kasnije.<\/p>\n<p>No, Turk isti\u010de kako je za o\u010dekivati da \u0107e podaci o dobnoj strukturi pokazati jo\u0161 ve\u0107i broj starijih osoba (od 60 i vi\u0161e godina) u odnosu na mlade osobe (19 godina i mla\u0111e), jer je za o\u010dekivati da su mladi ti koji su se iselili.<\/p>\n<p>&#8220;Daljnji problem starenja stanovni\u0161tva imat \u0107e negativnu reperkusiju na natalitet&#8221;, isti\u010de Turk.<\/p>\n<p>Demograf \u010cipin s Ekonomskog fakulteta u Zagrebu isti\u010de da su ovakvi rezultati o\u010dekivani, a smatra i da bi se trend pada stanovni\u0161tva mogao i ubrzati.<\/p>\n<p>&#8220;Ako se nastavi ovakav trend, broj stanovnika bi mogao pasti ispod 3.5 milijuna znatno ranije nego \u0161to su to prognozirali Eurostat i UN. I to ve\u0107 do kraja ovog desetlje\u0107a&#8221;, ka\u017ee Turk.<\/p>\n<p>Smatra da \u0107e se postoje\u0107i negativni prirodan prirast, odnosno ve\u0107i broj umrlih nego ro\u0111enih, nastaviti i u narednih 10 godina te da nikako nije realno da se taj trend obrne.<\/p>\n<p><strong>Niski fertilitet i emigracija kao simptomi dru\u0161tvenih problema<\/strong><\/p>\n<p>&#8220;U zadnje dvije godine rekordno je visok negativni prirodni prirast isklju\u010divo zbog znatnog pove\u0107anja broja umrlih u pandemiji, dok je broj ro\u0111enih ostao vi\u0161e-manje sli\u010dan u zadnjih pet godina, prosje\u010dno oko 36 tisu\u0107a&#8221;, ka\u017ee \u010cipin.<\/p>\n<p>Stoga isti\u010de da postoji samo jedan demografski proces na koji se mo\u017eemo osloniti ako \u017eelimo usporiti ili preokrenuti depopulaciju, a to su migracije.<\/p>\n<p>&#8220;Ne trebamo o\u010dekivati neki zna\u010dajniji porast broja ro\u0111enih, pa \u010dak ni da dostignemo brojku od 40 tisu\u0107a ro\u0111enih godi\u0161nje. Ne mo\u017eemo smanjiti broj umrlih zna\u010dajnije ispod 50 tisu\u0107a. Ali, na migracije dr\u017eava mo\u017ee utjecati te nositelji politi\u010dke vlasti trebaju odlu\u010diti na koji na\u010din&#8221;, poru\u010duje.<\/p>\n<p>Dodaje kako bi se prije te odluke trebale napraviti ozbiljne analize, demografske, ekonomske i druge, ali i da niski fertilitet i emigraciju ne bi trebalo tretirati isklju\u010divo kao &#8220;problem koji treba rije\u0161iti&#8221;, ve\u0107 kao simptom nekih drugih dru\u0161tvenih problema.<\/p>\n<p>&#8220;Tek kad njih po\u010dnemo rje\u0161avati, onda mo\u017eemo o\u010dekivati i djelomi\u010dnu demografsku revitalizaciju&#8221;, ka\u017ee.<\/p>\n<p>Dodaje i da je Hrvatska na demografskom vrhuncu bila 1990. odnosno 1991. godine te je vrlo te\u0161ko o\u010dekivati da \u0107emo ikada, barem u ovom stolje\u0107u, imati tada\u0161nji broj od 4.78 milijuna stanovnika.<\/p>\n<p><strong>Demografska politika treba biti nadstrana\u010dka i nadvladina<\/strong><\/p>\n<p>Turk, \u010diji je znanstveni rad usmjeren na demografiju perifernih dijelova Hrvatske, isti\u010de da je jedan od najve\u0107ih problema izumiranje upravo tog, perifernog dijela i ruralnih krajeva Hrvatske.<\/p>\n<p>Tako navodi da Li\u010dko-senjska \u017eupanija, primjerice, ima manju gusto\u0107u stanovni\u0161tva od 10 stanovnika po kilometru kvadratnom, \u0161to je pust prostor.<\/p>\n<p>Izumire i Vukovarsko-srijemska \u017eupanija, a tu bi, smatra Turk, Hrvatska trebala imati sna\u017enu demografsku politiku, koja bi trebala biti strate\u0161ki postavljena i dugoro\u010dna.<\/p>\n<p>Smatra da perifernim prostorima, za ponovno naseljavanje, trebaju centralne funkcije, jer nitko ne\u0107e do\u0107i \u017eivjeti u Liku jer je ona lijepa, ve\u0107 ljudi trebaju i raditi.<\/p>\n<p>Potrebna je, isti\u010de, demografska politika koja bi bila nadstrana\u010dka i nadvladina, koja bi imala kontinuitet unato\u010d promjeni stranaka ili vlada na vlasti.<\/p>\n<p>&#8220;Mora se napraviti dugoro\u010dni strate\u0161ki plan, to ne bi trebalo biti obojena strana\u010dki ili politi\u010dki, tu bi struka trebala imati utjecaj&#8221;, ka\u017ee Turk.<\/p>\n<p>Isti\u010de i da u ovom trenutku nema brzog recepta za demografski oporavak jer se u demografiji ni\u0161ta ne mo\u017ee popraviti preko no\u0107i. &#8220;Kada biste sada i\u0161li popravljati stanje, to bi se vidjelo tek za 20 ili 30 godina&#8221;, ka\u017ee Turk, koji rje\u0161enje vidi u povratku mladog iseljenog stanovni\u0161tva.<\/p>\n<blockquote><p><a href=\"https:\/\/www.vegaintro-projekti.com\/pilar-stari\/biografije\/user-bio\/?my_user_id=60\">Dr. sc. Ivo Turk<\/a><\/p><\/blockquote>\n","protected":false},"excerpt":{"rendered":"<p>Portal Index.hr objavljuje razgovor s dr. sc. Ivom Turkom i dr. sc. Ivanom \u010cipinom o prvim rezultatima Popisa stanovni\u0161tva 2021. &#8211; Index.hr: Demografi: Hrvatska bi mogla pasti na 3.5 milijuna stanovnika do kraja desetlje\u0107a, 14. 1. 2022. DEMOGRAFI Ivo Turk i Ivan \u010cipin upozorili su kako Hrvatska, prema prvim rezultatima popisa 2021. godine, bilje\u017ei najve\u0107i&hellip; <a class=\"continue\" href=\"https:\/\/www.vegaintro-projekti.com\/pilar-stari\/2022\/01\/ivo-turk-demografska-politika-treba-biti-nadstranacka-i-nadvladina\/\">Pro\u010ditaj vi\u0161e o<span> Dr. sc. Ivo Turk: Demografska politika treba biti nadstrana\u010dka i nadvladina, 14. 1. 2022.<\/span><\/a><\/p>\n","protected":false},"author":7,"featured_media":21432,"comment_status":"closed","ping_status":"closed","sticky":false,"template":"","format":"standard","meta":{"inline_featured_image":false,"ngg_post_thumbnail":0,"footnotes":""},"categories":[48,12],"tags":[],"yoast_head":"<!-- This site is optimized with the Yoast SEO plugin v21.2 - https:\/\/yoast.com\/wordpress\/plugins\/seo\/ -->\n<title>Dr. sc. Ivo Turk: Demografska politika treba biti nadstrana\u010dka i nadvladina, 14. 1. 2022. - Institut dru&scaron;tvenih znanosti Ivo Pilar<\/title>\n<meta name=\"robots\" content=\"noindex, follow, max-snippet:-1, max-image-preview:large, max-video-preview:-1\" \/>\n<meta property=\"og:locale\" content=\"hr_HR\" \/>\n<meta property=\"og:type\" content=\"article\" \/>\n<meta property=\"og:title\" content=\"Dr. sc. Ivo Turk: Demografska politika treba biti nadstrana\u010dka i nadvladina, 14. 1. 2022. - Institut dru&scaron;tvenih znanosti Ivo Pilar\" \/>\n<meta property=\"og:description\" content=\"Portal Index.hr objavljuje razgovor s dr. sc. Ivom Turkom i dr. sc. Ivanom \u010cipinom o prvim rezultatima Popisa stanovni\u0161tva 2021. &#8211; Index.hr: Demografi: Hrvatska bi mogla pasti na 3.5 milijuna stanovnika do kraja desetlje\u0107a, 14. 1. 2022. DEMOGRAFI Ivo Turk i Ivan \u010cipin upozorili su kako Hrvatska, prema prvim rezultatima popisa 2021. godine, bilje\u017ei najve\u0107i&hellip; Pro\u010ditaj vi\u0161e o Dr. sc. Ivo Turk: Demografska politika treba biti nadstrana\u010dka i nadvladina, 14. 1. 2022.\" \/>\n<meta property=\"og:url\" content=\"https:\/\/www.vegaintro-projekti.com\/pilar-stari\/2022\/01\/ivo-turk-demografska-politika-treba-biti-nadstranacka-i-nadvladina\/\" \/>\n<meta property=\"og:site_name\" content=\"Institut dru&scaron;tvenih znanosti Ivo Pilar\" \/>\n<meta property=\"article:published_time\" content=\"2022-01-14T10:41:51+00:00\" \/>\n<meta property=\"article:modified_time\" content=\"2022-01-25T21:13:51+00:00\" \/>\n<meta property=\"og:image\" content=\"https:\/\/www.vegaintro-projekti.com\/pilar-stari\/wp-content\/uploads\/2022\/01\/Turk_fi.jpg\" \/>\n\t<meta property=\"og:image:width\" content=\"326\" \/>\n\t<meta property=\"og:image:height\" content=\"211\" \/>\n\t<meta property=\"og:image:type\" content=\"image\/jpeg\" \/>\n<meta name=\"author\" content=\"Boris\" \/>\n<meta name=\"twitter:card\" content=\"summary_large_image\" \/>\n<meta name=\"twitter:label1\" content=\"Napisao\/la\" \/>\n\t<meta name=\"twitter:data1\" content=\"Boris\" \/>\n\t<meta name=\"twitter:label2\" content=\"Procijenjeno vrijeme \u010ditanja\" \/>\n\t<meta name=\"twitter:data2\" content=\"4 minute\" \/>\n<script type=\"application\/ld+json\" class=\"yoast-schema-graph\">{\"@context\":\"https:\/\/schema.org\",\"@graph\":[{\"@type\":\"WebPage\",\"@id\":\"https:\/\/www.vegaintro-projekti.com\/pilar-stari\/2022\/01\/ivo-turk-demografska-politika-treba-biti-nadstranacka-i-nadvladina\/\",\"url\":\"https:\/\/www.vegaintro-projekti.com\/pilar-stari\/2022\/01\/ivo-turk-demografska-politika-treba-biti-nadstranacka-i-nadvladina\/\",\"name\":\"Dr. sc. Ivo Turk: Demografska politika treba biti nadstrana\u010dka i nadvladina, 14. 1. 2022. - Institut dru&scaron;tvenih znanosti Ivo Pilar\",\"isPartOf\":{\"@id\":\"https:\/\/www.vegaintro-projekti.com\/pilar-stari\/#website\"},\"datePublished\":\"2022-01-14T10:41:51+00:00\",\"dateModified\":\"2022-01-25T21:13:51+00:00\",\"author\":{\"@id\":\"https:\/\/www.vegaintro-projekti.com\/pilar-stari\/#\/schema\/person\/ddd404c9f1e15e4ffef5986ac6a5d28b\"},\"breadcrumb\":{\"@id\":\"https:\/\/www.vegaintro-projekti.com\/pilar-stari\/2022\/01\/ivo-turk-demografska-politika-treba-biti-nadstranacka-i-nadvladina\/#breadcrumb\"},\"inLanguage\":\"hr\",\"potentialAction\":[{\"@type\":\"ReadAction\",\"target\":[\"https:\/\/www.vegaintro-projekti.com\/pilar-stari\/2022\/01\/ivo-turk-demografska-politika-treba-biti-nadstranacka-i-nadvladina\/\"]}]},{\"@type\":\"BreadcrumbList\",\"@id\":\"https:\/\/www.vegaintro-projekti.com\/pilar-stari\/2022\/01\/ivo-turk-demografska-politika-treba-biti-nadstranacka-i-nadvladina\/#breadcrumb\",\"itemListElement\":[{\"@type\":\"ListItem\",\"position\":1,\"name\":\"Home\",\"item\":\"https:\/\/www.vegaintro-projekti.com\/pilar-stari\/\"},{\"@type\":\"ListItem\",\"position\":2,\"name\":\"Dr. sc. Ivo Turk: Demografska politika treba biti nadstrana\u010dka i nadvladina, 14. 1. 2022.\"}]},{\"@type\":\"WebSite\",\"@id\":\"https:\/\/www.vegaintro-projekti.com\/pilar-stari\/#website\",\"url\":\"https:\/\/www.vegaintro-projekti.com\/pilar-stari\/\",\"name\":\"Institut dru&scaron;tvenih znanosti Ivo Pilar\",\"description\":\"Pilar\",\"potentialAction\":[{\"@type\":\"SearchAction\",\"target\":{\"@type\":\"EntryPoint\",\"urlTemplate\":\"https:\/\/www.vegaintro-projekti.com\/pilar-stari\/?s={search_term_string}\"},\"query-input\":\"required name=search_term_string\"}],\"inLanguage\":\"hr\"},{\"@type\":\"Person\",\"@id\":\"https:\/\/www.vegaintro-projekti.com\/pilar-stari\/#\/schema\/person\/ddd404c9f1e15e4ffef5986ac6a5d28b\",\"name\":\"Boris\",\"image\":{\"@type\":\"ImageObject\",\"inLanguage\":\"hr\",\"@id\":\"https:\/\/www.vegaintro-projekti.com\/pilar-stari\/#\/schema\/person\/image\/\",\"url\":\"https:\/\/secure.gravatar.com\/avatar\/29557b161a6ce6ab86ac1503164f1e90?s=96&d=mm&r=g\",\"contentUrl\":\"https:\/\/secure.gravatar.com\/avatar\/29557b161a6ce6ab86ac1503164f1e90?s=96&d=mm&r=g\",\"caption\":\"Boris\"},\"url\":\"https:\/\/www.vegaintro-projekti.com\/pilar-stari\/author\/boris\/\"}]}<\/script>\n<!-- \/ Yoast SEO plugin. -->","yoast_head_json":{"title":"Dr. sc. Ivo Turk: Demografska politika treba biti nadstrana\u010dka i nadvladina, 14. 1. 2022. - Institut dru&scaron;tvenih znanosti Ivo Pilar","robots":{"index":"noindex","follow":"follow","max-snippet":"max-snippet:-1","max-image-preview":"max-image-preview:large","max-video-preview":"max-video-preview:-1"},"og_locale":"hr_HR","og_type":"article","og_title":"Dr. sc. Ivo Turk: Demografska politika treba biti nadstrana\u010dka i nadvladina, 14. 1. 2022. - Institut dru&scaron;tvenih znanosti Ivo Pilar","og_description":"Portal Index.hr objavljuje razgovor s dr. sc. Ivom Turkom i dr. sc. Ivanom \u010cipinom o prvim rezultatima Popisa stanovni\u0161tva 2021. &#8211; Index.hr: Demografi: Hrvatska bi mogla pasti na 3.5 milijuna stanovnika do kraja desetlje\u0107a, 14. 1. 2022. DEMOGRAFI Ivo Turk i Ivan \u010cipin upozorili su kako Hrvatska, prema prvim rezultatima popisa 2021. godine, bilje\u017ei najve\u0107i&hellip; Pro\u010ditaj vi\u0161e o Dr. sc. Ivo Turk: Demografska politika treba biti nadstrana\u010dka i nadvladina, 14. 1. 2022.","og_url":"https:\/\/www.vegaintro-projekti.com\/pilar-stari\/2022\/01\/ivo-turk-demografska-politika-treba-biti-nadstranacka-i-nadvladina\/","og_site_name":"Institut dru&scaron;tvenih znanosti Ivo Pilar","article_published_time":"2022-01-14T10:41:51+00:00","article_modified_time":"2022-01-25T21:13:51+00:00","og_image":[{"width":326,"height":211,"url":"https:\/\/www.vegaintro-projekti.com\/pilar-stari\/wp-content\/uploads\/2022\/01\/Turk_fi.jpg","type":"image\/jpeg"}],"author":"Boris","twitter_card":"summary_large_image","twitter_misc":{"Napisao\/la":"Boris","Procijenjeno vrijeme \u010ditanja":"4 minute"},"schema":{"@context":"https:\/\/schema.org","@graph":[{"@type":"WebPage","@id":"https:\/\/www.vegaintro-projekti.com\/pilar-stari\/2022\/01\/ivo-turk-demografska-politika-treba-biti-nadstranacka-i-nadvladina\/","url":"https:\/\/www.vegaintro-projekti.com\/pilar-stari\/2022\/01\/ivo-turk-demografska-politika-treba-biti-nadstranacka-i-nadvladina\/","name":"Dr. sc. Ivo Turk: Demografska politika treba biti nadstrana\u010dka i nadvladina, 14. 1. 2022. - Institut dru&scaron;tvenih znanosti Ivo Pilar","isPartOf":{"@id":"https:\/\/www.vegaintro-projekti.com\/pilar-stari\/#website"},"datePublished":"2022-01-14T10:41:51+00:00","dateModified":"2022-01-25T21:13:51+00:00","author":{"@id":"https:\/\/www.vegaintro-projekti.com\/pilar-stari\/#\/schema\/person\/ddd404c9f1e15e4ffef5986ac6a5d28b"},"breadcrumb":{"@id":"https:\/\/www.vegaintro-projekti.com\/pilar-stari\/2022\/01\/ivo-turk-demografska-politika-treba-biti-nadstranacka-i-nadvladina\/#breadcrumb"},"inLanguage":"hr","potentialAction":[{"@type":"ReadAction","target":["https:\/\/www.vegaintro-projekti.com\/pilar-stari\/2022\/01\/ivo-turk-demografska-politika-treba-biti-nadstranacka-i-nadvladina\/"]}]},{"@type":"BreadcrumbList","@id":"https:\/\/www.vegaintro-projekti.com\/pilar-stari\/2022\/01\/ivo-turk-demografska-politika-treba-biti-nadstranacka-i-nadvladina\/#breadcrumb","itemListElement":[{"@type":"ListItem","position":1,"name":"Home","item":"https:\/\/www.vegaintro-projekti.com\/pilar-stari\/"},{"@type":"ListItem","position":2,"name":"Dr. sc. Ivo Turk: Demografska politika treba biti nadstrana\u010dka i nadvladina, 14. 1. 2022."}]},{"@type":"WebSite","@id":"https:\/\/www.vegaintro-projekti.com\/pilar-stari\/#website","url":"https:\/\/www.vegaintro-projekti.com\/pilar-stari\/","name":"Institut dru&scaron;tvenih znanosti Ivo Pilar","description":"Pilar","potentialAction":[{"@type":"SearchAction","target":{"@type":"EntryPoint","urlTemplate":"https:\/\/www.vegaintro-projekti.com\/pilar-stari\/?s={search_term_string}"},"query-input":"required name=search_term_string"}],"inLanguage":"hr"},{"@type":"Person","@id":"https:\/\/www.vegaintro-projekti.com\/pilar-stari\/#\/schema\/person\/ddd404c9f1e15e4ffef5986ac6a5d28b","name":"Boris","image":{"@type":"ImageObject","inLanguage":"hr","@id":"https:\/\/www.vegaintro-projekti.com\/pilar-stari\/#\/schema\/person\/image\/","url":"https:\/\/secure.gravatar.com\/avatar\/29557b161a6ce6ab86ac1503164f1e90?s=96&d=mm&r=g","contentUrl":"https:\/\/secure.gravatar.com\/avatar\/29557b161a6ce6ab86ac1503164f1e90?s=96&d=mm&r=g","caption":"Boris"},"url":"https:\/\/www.vegaintro-projekti.com\/pilar-stari\/author\/boris\/"}]}},"_links":{"self":[{"href":"https:\/\/www.vegaintro-projekti.com\/pilar-stari\/wp-json\/wp\/v2\/posts\/21433"}],"collection":[{"href":"https:\/\/www.vegaintro-projekti.com\/pilar-stari\/wp-json\/wp\/v2\/posts"}],"about":[{"href":"https:\/\/www.vegaintro-projekti.com\/pilar-stari\/wp-json\/wp\/v2\/types\/post"}],"author":[{"embeddable":true,"href":"https:\/\/www.vegaintro-projekti.com\/pilar-stari\/wp-json\/wp\/v2\/users\/7"}],"replies":[{"embeddable":true,"href":"https:\/\/www.vegaintro-projekti.com\/pilar-stari\/wp-json\/wp\/v2\/comments?post=21433"}],"version-history":[{"count":4,"href":"https:\/\/www.vegaintro-projekti.com\/pilar-stari\/wp-json\/wp\/v2\/posts\/21433\/revisions"}],"predecessor-version":[{"id":21439,"href":"https:\/\/www.vegaintro-projekti.com\/pilar-stari\/wp-json\/wp\/v2\/posts\/21433\/revisions\/21439"}],"wp:featuredmedia":[{"embeddable":true,"href":"https:\/\/www.vegaintro-projekti.com\/pilar-stari\/wp-json\/wp\/v2\/media\/21432"}],"wp:attachment":[{"href":"https:\/\/www.vegaintro-projekti.com\/pilar-stari\/wp-json\/wp\/v2\/media?parent=21433"}],"wp:term":[{"taxonomy":"category","embeddable":true,"href":"https:\/\/www.vegaintro-projekti.com\/pilar-stari\/wp-json\/wp\/v2\/categories?post=21433"},{"taxonomy":"post_tag","embeddable":true,"href":"https:\/\/www.vegaintro-projekti.com\/pilar-stari\/wp-json\/wp\/v2\/tags?post=21433"}],"curies":[{"name":"wp","href":"https:\/\/api.w.org\/{rel}","templated":true}]}}