{"id":21442,"date":"2022-01-17T12:19:20","date_gmt":"2022-01-17T12:19:20","guid":{"rendered":"https:\/\/www.vegaintro-projekti.com\/pilar-stari\/?p=21442"},"modified":"2022-01-28T20:54:05","modified_gmt":"2022-01-28T20:54:05","slug":"dr-sc-nenad-pokos-nijedna-clanica-eu-a-nije-imala-gubitke-od-10-posto-stanovnistva-14-1-2022","status":"publish","type":"post","link":"https:\/\/www.vegaintro-projekti.com\/pilar-stari\/2022\/01\/dr-sc-nenad-pokos-nijedna-clanica-eu-a-nije-imala-gubitke-od-10-posto-stanovnistva-14-1-2022\/","title":{"rendered":"Dr. sc. Nenad Pokos: Nijedna \u010dlanica EU-a nije imala gubitke od 10 posto stanovni\u0161tva, 14. 1. 2022."},"content":{"rendered":"<p><strong>Dr. sc. Nenad Pokos gostovao je u Newsroomu televizije N1 u kojoj je 14. sije\u010dnja 2022. komentirao prve rezultate Popisa stanovni\u0161tva u Hrvatskoj kao i \u0161to bi se moglo ili trebalo u\u010diniti da se to promijeni.<\/strong> &#8211; <a href=\"https:\/\/youtu.be\/sLzJJUHZQvY\">Videozapis<\/a><\/p>\n<p><img decoding=\"async\" loading=\"lazy\" class=\"alignnone wp-image-21441 size-full\" src=\"https:\/\/www.vegaintro-projekti.com\/pilar-stari\/wp-content\/uploads\/2022\/01\/NPokos_video.jpg\" alt=\"\" width=\"620\" height=\"345\" srcset=\"https:\/\/www.vegaintro-projekti.com\/pilar-stari\/wp-content\/uploads\/2022\/01\/NPokos_video.jpg 620w, https:\/\/www.vegaintro-projekti.com\/pilar-stari\/wp-content\/uploads\/2022\/01\/NPokos_video-300x167.jpg 300w\" sizes=\"(max-width: 620px) 100vw, 620px\" \/><\/p>\n<p><strong>&#8211; N1 (post):<\/strong> <a href=\"https:\/\/hr.n1info.com\/vijesti\/demograf-pokos-nijedna-clanica-eu-a-nije-imala-gubitke-od-10-posto-stanovnistva\/\">Demograf Pokos: Nijedna \u010dlanica EU-a nije imala gubitke od 10 posto stanovni\u0161tva, 14. 1. 2022.<\/a><br \/>\n<strong>&#8211; N1 (videozapis):<\/strong> <a href=\"https:\/\/youtu.be\/sLzJJUHZQvY\">Demograf Pokos: Nijedna \u010dlanica EU-a nije imala gubitke od 10 posto stanovni\u0161tva, 14. 1. 2022.<\/a><\/p>\n<p>Demograf Nenad Pokos gostovao je u Newsroomu gdje je komentirao prve rezultate Popisa stanovni\u0161tva Hrvatskoj kao i \u0161to bi se moglo ili trebalo u\u010diniti da se to promijeni.<\/p>\n<p>\u201cMi ve\u0107 godinama govorimo da je broj stanovnika pao ispod \u010detiri milijuna, mnogi nam nisu vjerovali\u201d, rekao je Nenad Pokos i dodao:<\/p>\n<p>\u201cAko vam ja ka\u017eem da nas je i manje od ovog broja, mnogi \u0107e se za\u010duditi, ali oni ne znaju metode popisivanja. U popis ulaze i ljudi koji su odselili u posljednjih godinu dana i oni iz inozemstva koji barem jednom tjedno dolaze u Hrvatsku (npr. radnici u Sloveniji ili Austriji koji za vikend do\u0111u ku\u0107i). Kad bismo taj broj saznali, broj stanovnika Hrvatske bio bi jo\u0161 manji. Zna\u010dajnije je to da su mnogi pratili procjenu broja stanovnika statisti\u010dkog zavoda prema kojima smo imali vi\u0161e od \u010detiri milijuna stanovnika jer oni procjene rade na temelju prirodnog kretanja. Ispada da je oko 150.000 vi\u0161e umrlih nego ro\u0111enih, a da je migracijska bilanca negativna oko 250 tisu\u0107a.\u201d<\/p>\n<p>Na pitanje \u0161to je sve po njegovom mi\u0161ljenju potaknulo ljude da odu, rekao je:<\/p>\n<p>\u201cPremijer se \u010desto poziva na \u010dinjenicu da su mnogi slobodno mogli iseljavati u EU, nismo izuzetak, i druge zemlje su imale velike gubitke, ali 10 posto nije nijedna. Sve te zemlje kad su vidjele \u0161to se doga\u0111a, donijele su relevantne mjere populacijskih politika, mi jo\u0161 nismo donijeli ni\u0161ta sli\u010dno. Mi jo\u0161 nemamo populacijsku politiku.\u201d<\/p>\n<p>\u201cPapiri zavr\u0161avaju u ladicama i gotovo uvijek je izgovor da to previ\u0161e ko\u0161ta. Ali ako ne ula\u017eemo u djecu, tko \u0107e ovdje raditi\u201d, pita se Pokos.<\/p>\n<p>Komentiraju hitne mjere koje bi se mogle uvesti istaknuo je: \u201cZa vrijeme g\u0111e Murgani\u0107 na prvom mjestu je bila limitacija porodiljnih naknada i mnoge \u017eene su bile diskriminirane jer imaju manju pla\u0107u drugih \u0161est mjeseci rodiljnog dopusta. To tupimo godinama i obe\u0107aje se i sad je obe\u0107ano da \u0107e se od kolovoza delimitirati, za\u0161to se to nije ranije napravilo? Govorimo o o\u010devom dopustu od ministrice Opa\u010di\u0107. Sve europske dr\u017eave imaju o\u010dev dopust, mi \u0107emo ga dobiti u kolovozu 10 dana pod pritiskom EU-a. Da tog pritiska nije bilo, ni toga ne bi bilo. Nas netko mora tjerati da donesemo neke mjere. Ovaj novac za povratnike je mazanje o\u010diju. Ako netko za 50.000 kn odlu\u010di vratiti se iz ure\u0111ene zemlje gdje ima ve\u0107u pla\u0107u, mislim da se to ne\u0107e dogoditi u velikom broju.\u201d<\/p>\n<p><strong>Mjere za pomo\u0107 mladima<\/strong><\/p>\n<p>Premda se ne sla\u017ee u potpunosti s uvedenom mjerom roditelj-odgojitelj, isti\u010de da je se nije smjelo ukinuti tako naglo:<\/p>\n<p>\u201cNajve\u0107i porast cijena je u najve\u0107im gradovima. Ako svi \u017eele \u017eivjeti u \u010detiri najve\u0107a grada, cijene u njima rastu u neslu\u0107ene razmjere i kako \u0107e onda mlada osoba u Zagrebu pokriti tro\u0161kove \u017eivota i priu\u0161titi si adekvatan stan? A u tom istom Zagrebu prva od mjera koju je aktualna vlast ukinula je roditelj-odgojitelj. Ne sla\u017eem se s tom mjerom u potpunosti, ali ako je ve\u0107 uvedena, mogla se modificirati, nadograditi, a ne je ukinuti.\u201d<\/p>\n<p>Ka\u017ee da se u glavnom gradu nije pove\u0107ao ukupan broj ro\u0111ene djece, ali se pove\u0107ao broj tre\u0107eg i \u010detvrtog djeteta u obiteljima: \u201cU Zagrebu je pove\u0107an broj tre\u0107eg i \u010detvrtog djeteta u obiteljima ponajprije zbog ove mjere. Da nije bilo te mjere, u Zagrebu bi pad broja ro\u0111ene djece bio bi puno ve\u0107i.\u201d<\/p>\n<p>Na kraju je govore\u0107i o mjerama naveo nekoliko primjera kojima bi se moglo pomo\u0107i mladima: \u201cUlaganje u djecu i olak\u0161avanje roditeljima su besplatni ud\u017ebenici na dr\u017eavnoj razini, dje\u010dji doplatci na dr\u017eavnoj razini, besplatan prijevoz (tramvaj, autobus, \u017eeljeznica za redovne u\u010denike i studente), brzi internet\u2026 Sve to mo\u017ee utjecati.\u201d<\/p>\n<blockquote><p><a href=\"https:\/\/www.vegaintro-projekti.com\/pilar-stari\/biografije\/user-bio\/?my_user_id=78\">Dr. sc. Nenad Pokos<\/a><\/p><\/blockquote>\n","protected":false},"excerpt":{"rendered":"<p>Dr. sc. Nenad Pokos gostovao je u Newsroomu televizije N1 u kojoj je 14. sije\u010dnja 2022. komentirao prve rezultate Popisa stanovni\u0161tva u Hrvatskoj kao i \u0161to bi se moglo ili trebalo u\u010diniti da se to promijeni. &#8211; Videozapis &#8211; N1 (post): Demograf Pokos: Nijedna \u010dlanica EU-a nije imala gubitke od 10 posto stanovni\u0161tva, 14. 1.&hellip; <a class=\"continue\" href=\"https:\/\/www.vegaintro-projekti.com\/pilar-stari\/2022\/01\/dr-sc-nenad-pokos-nijedna-clanica-eu-a-nije-imala-gubitke-od-10-posto-stanovnistva-14-1-2022\/\">Pro\u010ditaj vi\u0161e o<span> Dr. sc. Nenad Pokos: Nijedna \u010dlanica EU-a nije imala gubitke od 10 posto stanovni\u0161tva, 14. 1. 2022.<\/span><\/a><\/p>\n","protected":false},"author":7,"featured_media":21440,"comment_status":"closed","ping_status":"closed","sticky":false,"template":"","format":"standard","meta":{"inline_featured_image":false,"ngg_post_thumbnail":0,"footnotes":""},"categories":[12],"tags":[],"yoast_head":"<!-- This site is optimized with the Yoast SEO plugin v21.2 - https:\/\/yoast.com\/wordpress\/plugins\/seo\/ -->\n<title>Dr. sc. Nenad Pokos: Nijedna \u010dlanica EU-a nije imala gubitke od 10 posto stanovni\u0161tva, 14. 1. 2022. - Institut dru&scaron;tvenih znanosti Ivo Pilar<\/title>\n<meta name=\"robots\" content=\"noindex, follow, max-snippet:-1, max-image-preview:large, max-video-preview:-1\" \/>\n<meta property=\"og:locale\" content=\"hr_HR\" \/>\n<meta property=\"og:type\" content=\"article\" \/>\n<meta property=\"og:title\" content=\"Dr. sc. Nenad Pokos: Nijedna \u010dlanica EU-a nije imala gubitke od 10 posto stanovni\u0161tva, 14. 1. 2022. - Institut dru&scaron;tvenih znanosti Ivo Pilar\" \/>\n<meta property=\"og:description\" content=\"Dr. sc. Nenad Pokos gostovao je u Newsroomu televizije N1 u kojoj je 14. sije\u010dnja 2022. komentirao prve rezultate Popisa stanovni\u0161tva u Hrvatskoj kao i \u0161to bi se moglo ili trebalo u\u010diniti da se to promijeni. &#8211; Videozapis &#8211; N1 (post): Demograf Pokos: Nijedna \u010dlanica EU-a nije imala gubitke od 10 posto stanovni\u0161tva, 14. 1.&hellip; Pro\u010ditaj vi\u0161e o Dr. sc. Nenad Pokos: Nijedna \u010dlanica EU-a nije imala gubitke od 10 posto stanovni\u0161tva, 14. 1. 2022.\" \/>\n<meta property=\"og:url\" content=\"https:\/\/www.vegaintro-projekti.com\/pilar-stari\/2022\/01\/dr-sc-nenad-pokos-nijedna-clanica-eu-a-nije-imala-gubitke-od-10-posto-stanovnistva-14-1-2022\/\" \/>\n<meta property=\"og:site_name\" content=\"Institut dru&scaron;tvenih znanosti Ivo Pilar\" \/>\n<meta property=\"article:published_time\" content=\"2022-01-17T12:19:20+00:00\" \/>\n<meta property=\"article:modified_time\" content=\"2022-01-28T20:54:05+00:00\" \/>\n<meta property=\"og:image\" content=\"https:\/\/www.vegaintro-projekti.com\/pilar-stari\/wp-content\/uploads\/2022\/01\/NPokos_fi.jpg\" \/>\n\t<meta property=\"og:image:width\" content=\"499\" \/>\n\t<meta property=\"og:image:height\" content=\"220\" \/>\n\t<meta property=\"og:image:type\" content=\"image\/jpeg\" \/>\n<meta name=\"author\" content=\"Boris\" \/>\n<meta name=\"twitter:card\" content=\"summary_large_image\" \/>\n<meta name=\"twitter:label1\" content=\"Napisao\/la\" \/>\n\t<meta name=\"twitter:data1\" content=\"Boris\" \/>\n\t<meta name=\"twitter:label2\" content=\"Procijenjeno vrijeme \u010ditanja\" \/>\n\t<meta name=\"twitter:data2\" content=\"4 minute\" \/>\n<script type=\"application\/ld+json\" class=\"yoast-schema-graph\">{\"@context\":\"https:\/\/schema.org\",\"@graph\":[{\"@type\":\"WebPage\",\"@id\":\"https:\/\/www.vegaintro-projekti.com\/pilar-stari\/2022\/01\/dr-sc-nenad-pokos-nijedna-clanica-eu-a-nije-imala-gubitke-od-10-posto-stanovnistva-14-1-2022\/\",\"url\":\"https:\/\/www.vegaintro-projekti.com\/pilar-stari\/2022\/01\/dr-sc-nenad-pokos-nijedna-clanica-eu-a-nije-imala-gubitke-od-10-posto-stanovnistva-14-1-2022\/\",\"name\":\"Dr. sc. Nenad Pokos: Nijedna \u010dlanica EU-a nije imala gubitke od 10 posto stanovni\u0161tva, 14. 1. 2022. - Institut dru&scaron;tvenih znanosti Ivo Pilar\",\"isPartOf\":{\"@id\":\"https:\/\/www.vegaintro-projekti.com\/pilar-stari\/#website\"},\"datePublished\":\"2022-01-17T12:19:20+00:00\",\"dateModified\":\"2022-01-28T20:54:05+00:00\",\"author\":{\"@id\":\"https:\/\/www.vegaintro-projekti.com\/pilar-stari\/#\/schema\/person\/ddd404c9f1e15e4ffef5986ac6a5d28b\"},\"breadcrumb\":{\"@id\":\"https:\/\/www.vegaintro-projekti.com\/pilar-stari\/2022\/01\/dr-sc-nenad-pokos-nijedna-clanica-eu-a-nije-imala-gubitke-od-10-posto-stanovnistva-14-1-2022\/#breadcrumb\"},\"inLanguage\":\"hr\",\"potentialAction\":[{\"@type\":\"ReadAction\",\"target\":[\"https:\/\/www.vegaintro-projekti.com\/pilar-stari\/2022\/01\/dr-sc-nenad-pokos-nijedna-clanica-eu-a-nije-imala-gubitke-od-10-posto-stanovnistva-14-1-2022\/\"]}]},{\"@type\":\"BreadcrumbList\",\"@id\":\"https:\/\/www.vegaintro-projekti.com\/pilar-stari\/2022\/01\/dr-sc-nenad-pokos-nijedna-clanica-eu-a-nije-imala-gubitke-od-10-posto-stanovnistva-14-1-2022\/#breadcrumb\",\"itemListElement\":[{\"@type\":\"ListItem\",\"position\":1,\"name\":\"Home\",\"item\":\"https:\/\/www.vegaintro-projekti.com\/pilar-stari\/\"},{\"@type\":\"ListItem\",\"position\":2,\"name\":\"Dr. sc. Nenad Pokos: Nijedna \u010dlanica EU-a nije imala gubitke od 10 posto stanovni\u0161tva, 14. 1. 2022.\"}]},{\"@type\":\"WebSite\",\"@id\":\"https:\/\/www.vegaintro-projekti.com\/pilar-stari\/#website\",\"url\":\"https:\/\/www.vegaintro-projekti.com\/pilar-stari\/\",\"name\":\"Institut dru&scaron;tvenih znanosti Ivo Pilar\",\"description\":\"Pilar\",\"potentialAction\":[{\"@type\":\"SearchAction\",\"target\":{\"@type\":\"EntryPoint\",\"urlTemplate\":\"https:\/\/www.vegaintro-projekti.com\/pilar-stari\/?s={search_term_string}\"},\"query-input\":\"required name=search_term_string\"}],\"inLanguage\":\"hr\"},{\"@type\":\"Person\",\"@id\":\"https:\/\/www.vegaintro-projekti.com\/pilar-stari\/#\/schema\/person\/ddd404c9f1e15e4ffef5986ac6a5d28b\",\"name\":\"Boris\",\"image\":{\"@type\":\"ImageObject\",\"inLanguage\":\"hr\",\"@id\":\"https:\/\/www.vegaintro-projekti.com\/pilar-stari\/#\/schema\/person\/image\/\",\"url\":\"https:\/\/secure.gravatar.com\/avatar\/29557b161a6ce6ab86ac1503164f1e90?s=96&d=mm&r=g\",\"contentUrl\":\"https:\/\/secure.gravatar.com\/avatar\/29557b161a6ce6ab86ac1503164f1e90?s=96&d=mm&r=g\",\"caption\":\"Boris\"},\"url\":\"https:\/\/www.vegaintro-projekti.com\/pilar-stari\/author\/boris\/\"}]}<\/script>\n<!-- \/ Yoast SEO plugin. -->","yoast_head_json":{"title":"Dr. sc. Nenad Pokos: Nijedna \u010dlanica EU-a nije imala gubitke od 10 posto stanovni\u0161tva, 14. 1. 2022. - Institut dru&scaron;tvenih znanosti Ivo Pilar","robots":{"index":"noindex","follow":"follow","max-snippet":"max-snippet:-1","max-image-preview":"max-image-preview:large","max-video-preview":"max-video-preview:-1"},"og_locale":"hr_HR","og_type":"article","og_title":"Dr. sc. Nenad Pokos: Nijedna \u010dlanica EU-a nije imala gubitke od 10 posto stanovni\u0161tva, 14. 1. 2022. - Institut dru&scaron;tvenih znanosti Ivo Pilar","og_description":"Dr. sc. Nenad Pokos gostovao je u Newsroomu televizije N1 u kojoj je 14. sije\u010dnja 2022. komentirao prve rezultate Popisa stanovni\u0161tva u Hrvatskoj kao i \u0161to bi se moglo ili trebalo u\u010diniti da se to promijeni. &#8211; Videozapis &#8211; N1 (post): Demograf Pokos: Nijedna \u010dlanica EU-a nije imala gubitke od 10 posto stanovni\u0161tva, 14. 1.&hellip; Pro\u010ditaj vi\u0161e o Dr. sc. Nenad Pokos: Nijedna \u010dlanica EU-a nije imala gubitke od 10 posto stanovni\u0161tva, 14. 1. 2022.","og_url":"https:\/\/www.vegaintro-projekti.com\/pilar-stari\/2022\/01\/dr-sc-nenad-pokos-nijedna-clanica-eu-a-nije-imala-gubitke-od-10-posto-stanovnistva-14-1-2022\/","og_site_name":"Institut dru&scaron;tvenih znanosti Ivo Pilar","article_published_time":"2022-01-17T12:19:20+00:00","article_modified_time":"2022-01-28T20:54:05+00:00","og_image":[{"width":499,"height":220,"url":"https:\/\/www.vegaintro-projekti.com\/pilar-stari\/wp-content\/uploads\/2022\/01\/NPokos_fi.jpg","type":"image\/jpeg"}],"author":"Boris","twitter_card":"summary_large_image","twitter_misc":{"Napisao\/la":"Boris","Procijenjeno vrijeme \u010ditanja":"4 minute"},"schema":{"@context":"https:\/\/schema.org","@graph":[{"@type":"WebPage","@id":"https:\/\/www.vegaintro-projekti.com\/pilar-stari\/2022\/01\/dr-sc-nenad-pokos-nijedna-clanica-eu-a-nije-imala-gubitke-od-10-posto-stanovnistva-14-1-2022\/","url":"https:\/\/www.vegaintro-projekti.com\/pilar-stari\/2022\/01\/dr-sc-nenad-pokos-nijedna-clanica-eu-a-nije-imala-gubitke-od-10-posto-stanovnistva-14-1-2022\/","name":"Dr. sc. Nenad Pokos: Nijedna \u010dlanica EU-a nije imala gubitke od 10 posto stanovni\u0161tva, 14. 1. 2022. - Institut dru&scaron;tvenih znanosti Ivo Pilar","isPartOf":{"@id":"https:\/\/www.vegaintro-projekti.com\/pilar-stari\/#website"},"datePublished":"2022-01-17T12:19:20+00:00","dateModified":"2022-01-28T20:54:05+00:00","author":{"@id":"https:\/\/www.vegaintro-projekti.com\/pilar-stari\/#\/schema\/person\/ddd404c9f1e15e4ffef5986ac6a5d28b"},"breadcrumb":{"@id":"https:\/\/www.vegaintro-projekti.com\/pilar-stari\/2022\/01\/dr-sc-nenad-pokos-nijedna-clanica-eu-a-nije-imala-gubitke-od-10-posto-stanovnistva-14-1-2022\/#breadcrumb"},"inLanguage":"hr","potentialAction":[{"@type":"ReadAction","target":["https:\/\/www.vegaintro-projekti.com\/pilar-stari\/2022\/01\/dr-sc-nenad-pokos-nijedna-clanica-eu-a-nije-imala-gubitke-od-10-posto-stanovnistva-14-1-2022\/"]}]},{"@type":"BreadcrumbList","@id":"https:\/\/www.vegaintro-projekti.com\/pilar-stari\/2022\/01\/dr-sc-nenad-pokos-nijedna-clanica-eu-a-nije-imala-gubitke-od-10-posto-stanovnistva-14-1-2022\/#breadcrumb","itemListElement":[{"@type":"ListItem","position":1,"name":"Home","item":"https:\/\/www.vegaintro-projekti.com\/pilar-stari\/"},{"@type":"ListItem","position":2,"name":"Dr. sc. Nenad Pokos: Nijedna \u010dlanica EU-a nije imala gubitke od 10 posto stanovni\u0161tva, 14. 1. 2022."}]},{"@type":"WebSite","@id":"https:\/\/www.vegaintro-projekti.com\/pilar-stari\/#website","url":"https:\/\/www.vegaintro-projekti.com\/pilar-stari\/","name":"Institut dru&scaron;tvenih znanosti Ivo Pilar","description":"Pilar","potentialAction":[{"@type":"SearchAction","target":{"@type":"EntryPoint","urlTemplate":"https:\/\/www.vegaintro-projekti.com\/pilar-stari\/?s={search_term_string}"},"query-input":"required name=search_term_string"}],"inLanguage":"hr"},{"@type":"Person","@id":"https:\/\/www.vegaintro-projekti.com\/pilar-stari\/#\/schema\/person\/ddd404c9f1e15e4ffef5986ac6a5d28b","name":"Boris","image":{"@type":"ImageObject","inLanguage":"hr","@id":"https:\/\/www.vegaintro-projekti.com\/pilar-stari\/#\/schema\/person\/image\/","url":"https:\/\/secure.gravatar.com\/avatar\/29557b161a6ce6ab86ac1503164f1e90?s=96&d=mm&r=g","contentUrl":"https:\/\/secure.gravatar.com\/avatar\/29557b161a6ce6ab86ac1503164f1e90?s=96&d=mm&r=g","caption":"Boris"},"url":"https:\/\/www.vegaintro-projekti.com\/pilar-stari\/author\/boris\/"}]}},"_links":{"self":[{"href":"https:\/\/www.vegaintro-projekti.com\/pilar-stari\/wp-json\/wp\/v2\/posts\/21442"}],"collection":[{"href":"https:\/\/www.vegaintro-projekti.com\/pilar-stari\/wp-json\/wp\/v2\/posts"}],"about":[{"href":"https:\/\/www.vegaintro-projekti.com\/pilar-stari\/wp-json\/wp\/v2\/types\/post"}],"author":[{"embeddable":true,"href":"https:\/\/www.vegaintro-projekti.com\/pilar-stari\/wp-json\/wp\/v2\/users\/7"}],"replies":[{"embeddable":true,"href":"https:\/\/www.vegaintro-projekti.com\/pilar-stari\/wp-json\/wp\/v2\/comments?post=21442"}],"version-history":[{"count":2,"href":"https:\/\/www.vegaintro-projekti.com\/pilar-stari\/wp-json\/wp\/v2\/posts\/21442\/revisions"}],"predecessor-version":[{"id":21446,"href":"https:\/\/www.vegaintro-projekti.com\/pilar-stari\/wp-json\/wp\/v2\/posts\/21442\/revisions\/21446"}],"wp:featuredmedia":[{"embeddable":true,"href":"https:\/\/www.vegaintro-projekti.com\/pilar-stari\/wp-json\/wp\/v2\/media\/21440"}],"wp:attachment":[{"href":"https:\/\/www.vegaintro-projekti.com\/pilar-stari\/wp-json\/wp\/v2\/media?parent=21442"}],"wp:term":[{"taxonomy":"category","embeddable":true,"href":"https:\/\/www.vegaintro-projekti.com\/pilar-stari\/wp-json\/wp\/v2\/categories?post=21442"},{"taxonomy":"post_tag","embeddable":true,"href":"https:\/\/www.vegaintro-projekti.com\/pilar-stari\/wp-json\/wp\/v2\/tags?post=21442"}],"curies":[{"name":"wp","href":"https:\/\/api.w.org\/{rel}","templated":true}]}}