{"id":21555,"date":"2022-01-27T21:39:45","date_gmt":"2022-01-27T21:39:45","guid":{"rendered":"https:\/\/www.vegaintro-projekti.com\/pilar-stari\/?p=21555"},"modified":"2022-01-31T21:49:53","modified_gmt":"2022-01-31T21:49:53","slug":"strucna-suradnica-u-znanosti-suzana-sakic-u-emisiji-okrugli-stol-ponedjeljkom-hrvatskog-radija-17-1-2022","status":"publish","type":"post","link":"https:\/\/www.vegaintro-projekti.com\/pilar-stari\/2022\/01\/strucna-suradnica-u-znanosti-suzana-sakic-u-emisiji-okrugli-stol-ponedjeljkom-hrvatskog-radija-17-1-2022\/","title":{"rendered":"Stru\u010dna suradnica u znanosti Suzana Saki\u0107 u emisiji \u201cOkrugli stol ponedjeljkom\u201d Hrvatskog radija, 17. 1. 2022."},"content":{"rendered":"<p><strong>Suzana Saki\u0107, \u010dlanica CSRP projektnog tima koji radi na istra\u017eivanju besku\u0107ni\u0161tva, 17. sije\u010dnja 2022. gostovala je na 3. programu Hrvatskog radija u emisiji \u201eOkrugli stol ponedjeljkom\u201c<\/strong><\/p>\n<p><a href=\"https:\/\/radio.hrt.hr\/slusaonica\/okrugli-stol-ponedjeljkom?epizoda=202201171515\"><img decoding=\"async\" loading=\"lazy\" class=\"alignnone wp-image-21554 size-full\" src=\"https:\/\/www.vegaintro-projekti.com\/pilar-stari\/wp-content\/uploads\/2022\/01\/OS.jpg\" alt=\"\" width=\"620\" height=\"291\" srcset=\"https:\/\/www.vegaintro-projekti.com\/pilar-stari\/wp-content\/uploads\/2022\/01\/OS.jpg 620w, https:\/\/www.vegaintro-projekti.com\/pilar-stari\/wp-content\/uploads\/2022\/01\/OS-300x141.jpg 300w\" sizes=\"(max-width: 620px) 100vw, 620px\" \/><\/a><\/p>\n<p>Tema emisije bilo je besku\u0107ni\u0161tvo, interes akademske zajednice za ovu temu, promjene uzrokovane korona krizom, EU i nacionalne politike vezane uz besku\u0107ni\u0161tvo te promjene koje su potrebne u sustavu skrbi o besku\u0107nicima.<\/p>\n<p><strong>&#8211; O emisiji:<\/strong> <a href=\"https:\/\/radio.hrt.hr\/slusaonica\/okrugli-stol-ponedjeljkom?epizoda=202201171515\">https:\/\/radio.hrt.hr\/slusaonica\/okrugli-stol-ponedjeljkom?epizoda=202201171515<\/a><br \/>\n<strong>&#8211; Audiozapis emisije:<\/strong> <a href=\"https:\/\/www.vegaintro-projekti.com\/pilar-stari\/wp-content\/uploads\/2022\/01\/Beskucnistvo-u-Hrvatskoj.mp3\">Besku\u0107ni\u0161tvo u Hrvatskoj, HR3, 17. 1. 2022., 15:15<\/a><\/p>\n<p><span style=\"font-size: 14pt;\">Suzana Saki\u0107 was a guest on the show &#8220;Round table on Mondays&#8221; on Croatian Radio<\/span><\/p>\n<p><em><strong>As a member of the CSRP team working on homelessness, Suzana Saki\u0107 was a guest on the show \u201cRound table on Mondays\u201d on the third programme of Croatian Radio on 17th January 2022.<\/strong><\/em><\/p>\n<p><em>The topic of the show was homelessness, the interest of academic community in homelessness, changes influenced by the corona crisis, EU and national politics related to homelessness, as well as changes necessary in the system of homeless care.<\/em><\/p>\n<p><em>The show is available at the following link:<\/em> <a href=\"https:\/\/radio.hrt.hr\/slusaonica\/okrugli-stol-ponedjeljkom?epizoda=202201171515\">https:\/\/radio.hrt.hr\/slusaonica\/okrugli-stol-ponedjeljkom?epizoda=202201171515<\/a><\/p>\n<blockquote><p><a href=\"https:\/\/www.vegaintro-projekti.com\/pilar-stari\/2019\/07\/istrazivanje-beskucnistva-i-puteva-do-socijalne-inkluzije-komparativna-studija-konteksta-i-izazova-u-svicarskim-i-hrvatskim-gradovima\/\">Istra\u017eivanje besku\u0107ni\u0161tva i puteva do socijalne inkluzije | Exploring Homelessness and Pathways to Social Inclusion<\/a><\/p><\/blockquote>\n","protected":false},"excerpt":{"rendered":"<p>Suzana Saki\u0107, \u010dlanica CSRP projektnog tima koji radi na istra\u017eivanju besku\u0107ni\u0161tva, 17. sije\u010dnja 2022. gostovala je na 3. programu Hrvatskog radija u emisiji \u201eOkrugli stol ponedjeljkom\u201c Tema emisije bilo je besku\u0107ni\u0161tvo, interes akademske zajednice za ovu temu, promjene uzrokovane korona krizom, EU i nacionalne politike vezane uz besku\u0107ni\u0161tvo te promjene koje su potrebne u sustavu&hellip; <a class=\"continue\" href=\"https:\/\/www.vegaintro-projekti.com\/pilar-stari\/2022\/01\/strucna-suradnica-u-znanosti-suzana-sakic-u-emisiji-okrugli-stol-ponedjeljkom-hrvatskog-radija-17-1-2022\/\">Pro\u010ditaj vi\u0161e o<span> Stru\u010dna suradnica u znanosti Suzana Saki\u0107 u emisiji \u201cOkrugli stol ponedjeljkom\u201d Hrvatskog radija, 17. 1. 2022.<\/span><\/a><\/p>\n","protected":false},"author":7,"featured_media":21553,"comment_status":"closed","ping_status":"closed","sticky":false,"template":"","format":"standard","meta":{"inline_featured_image":false,"ngg_post_thumbnail":0,"footnotes":""},"categories":[48,12],"tags":[],"yoast_head":"<!-- This site is optimized with the Yoast SEO plugin v21.2 - https:\/\/yoast.com\/wordpress\/plugins\/seo\/ -->\n<title>Stru\u010dna suradnica u znanosti Suzana Saki\u0107 u emisiji \u201cOkrugli stol ponedjeljkom\u201d Hrvatskog radija, 17. 1. 2022. - Institut dru&scaron;tvenih znanosti Ivo Pilar<\/title>\n<meta name=\"robots\" content=\"noindex, follow, max-snippet:-1, max-image-preview:large, max-video-preview:-1\" \/>\n<meta property=\"og:locale\" content=\"hr_HR\" \/>\n<meta property=\"og:type\" content=\"article\" \/>\n<meta property=\"og:title\" content=\"Stru\u010dna suradnica u znanosti Suzana Saki\u0107 u emisiji \u201cOkrugli stol ponedjeljkom\u201d Hrvatskog radija, 17. 1. 2022. - Institut dru&scaron;tvenih znanosti Ivo Pilar\" \/>\n<meta property=\"og:description\" content=\"Suzana Saki\u0107, \u010dlanica CSRP projektnog tima koji radi na istra\u017eivanju besku\u0107ni\u0161tva, 17. sije\u010dnja 2022. gostovala je na 3. programu Hrvatskog radija u emisiji \u201eOkrugli stol ponedjeljkom\u201c Tema emisije bilo je besku\u0107ni\u0161tvo, interes akademske zajednice za ovu temu, promjene uzrokovane korona krizom, EU i nacionalne politike vezane uz besku\u0107ni\u0161tvo te promjene koje su potrebne u sustavu&hellip; Pro\u010ditaj vi\u0161e o Stru\u010dna suradnica u znanosti Suzana Saki\u0107 u emisiji \u201cOkrugli stol ponedjeljkom\u201d Hrvatskog radija, 17. 1. 2022.\" \/>\n<meta property=\"og:url\" content=\"https:\/\/www.vegaintro-projekti.com\/pilar-stari\/2022\/01\/strucna-suradnica-u-znanosti-suzana-sakic-u-emisiji-okrugli-stol-ponedjeljkom-hrvatskog-radija-17-1-2022\/\" \/>\n<meta property=\"og:site_name\" content=\"Institut dru&scaron;tvenih znanosti Ivo Pilar\" \/>\n<meta property=\"article:published_time\" content=\"2022-01-27T21:39:45+00:00\" \/>\n<meta property=\"article:modified_time\" content=\"2022-01-31T21:49:53+00:00\" \/>\n<meta property=\"og:image\" content=\"https:\/\/www.vegaintro-projekti.com\/pilar-stari\/wp-content\/uploads\/2022\/01\/Okrugli_stol.jpg\" \/>\n\t<meta property=\"og:image:width\" content=\"330\" \/>\n\t<meta property=\"og:image:height\" content=\"248\" \/>\n\t<meta property=\"og:image:type\" content=\"image\/jpeg\" \/>\n<meta name=\"author\" content=\"Boris\" \/>\n<meta name=\"twitter:card\" content=\"summary_large_image\" \/>\n<meta name=\"twitter:label1\" content=\"Napisao\/la\" \/>\n\t<meta name=\"twitter:data1\" content=\"Boris\" \/>\n\t<meta name=\"twitter:label2\" content=\"Procijenjeno vrijeme \u010ditanja\" \/>\n\t<meta name=\"twitter:data2\" content=\"1 minuta\" \/>\n<script type=\"application\/ld+json\" class=\"yoast-schema-graph\">{\"@context\":\"https:\/\/schema.org\",\"@graph\":[{\"@type\":\"WebPage\",\"@id\":\"https:\/\/www.vegaintro-projekti.com\/pilar-stari\/2022\/01\/strucna-suradnica-u-znanosti-suzana-sakic-u-emisiji-okrugli-stol-ponedjeljkom-hrvatskog-radija-17-1-2022\/\",\"url\":\"https:\/\/www.vegaintro-projekti.com\/pilar-stari\/2022\/01\/strucna-suradnica-u-znanosti-suzana-sakic-u-emisiji-okrugli-stol-ponedjeljkom-hrvatskog-radija-17-1-2022\/\",\"name\":\"Stru\u010dna suradnica u znanosti Suzana Saki\u0107 u emisiji \u201cOkrugli stol ponedjeljkom\u201d Hrvatskog radija, 17. 1. 2022. - Institut dru&scaron;tvenih znanosti Ivo Pilar\",\"isPartOf\":{\"@id\":\"https:\/\/www.vegaintro-projekti.com\/pilar-stari\/#website\"},\"datePublished\":\"2022-01-27T21:39:45+00:00\",\"dateModified\":\"2022-01-31T21:49:53+00:00\",\"author\":{\"@id\":\"https:\/\/www.vegaintro-projekti.com\/pilar-stari\/#\/schema\/person\/ddd404c9f1e15e4ffef5986ac6a5d28b\"},\"breadcrumb\":{\"@id\":\"https:\/\/www.vegaintro-projekti.com\/pilar-stari\/2022\/01\/strucna-suradnica-u-znanosti-suzana-sakic-u-emisiji-okrugli-stol-ponedjeljkom-hrvatskog-radija-17-1-2022\/#breadcrumb\"},\"inLanguage\":\"hr\",\"potentialAction\":[{\"@type\":\"ReadAction\",\"target\":[\"https:\/\/www.vegaintro-projekti.com\/pilar-stari\/2022\/01\/strucna-suradnica-u-znanosti-suzana-sakic-u-emisiji-okrugli-stol-ponedjeljkom-hrvatskog-radija-17-1-2022\/\"]}]},{\"@type\":\"BreadcrumbList\",\"@id\":\"https:\/\/www.vegaintro-projekti.com\/pilar-stari\/2022\/01\/strucna-suradnica-u-znanosti-suzana-sakic-u-emisiji-okrugli-stol-ponedjeljkom-hrvatskog-radija-17-1-2022\/#breadcrumb\",\"itemListElement\":[{\"@type\":\"ListItem\",\"position\":1,\"name\":\"Home\",\"item\":\"https:\/\/www.vegaintro-projekti.com\/pilar-stari\/\"},{\"@type\":\"ListItem\",\"position\":2,\"name\":\"Stru\u010dna suradnica u znanosti Suzana Saki\u0107 u emisiji \u201cOkrugli stol ponedjeljkom\u201d Hrvatskog radija, 17. 1. 2022.\"}]},{\"@type\":\"WebSite\",\"@id\":\"https:\/\/www.vegaintro-projekti.com\/pilar-stari\/#website\",\"url\":\"https:\/\/www.vegaintro-projekti.com\/pilar-stari\/\",\"name\":\"Institut dru&scaron;tvenih znanosti Ivo Pilar\",\"description\":\"Pilar\",\"potentialAction\":[{\"@type\":\"SearchAction\",\"target\":{\"@type\":\"EntryPoint\",\"urlTemplate\":\"https:\/\/www.vegaintro-projekti.com\/pilar-stari\/?s={search_term_string}\"},\"query-input\":\"required name=search_term_string\"}],\"inLanguage\":\"hr\"},{\"@type\":\"Person\",\"@id\":\"https:\/\/www.vegaintro-projekti.com\/pilar-stari\/#\/schema\/person\/ddd404c9f1e15e4ffef5986ac6a5d28b\",\"name\":\"Boris\",\"image\":{\"@type\":\"ImageObject\",\"inLanguage\":\"hr\",\"@id\":\"https:\/\/www.vegaintro-projekti.com\/pilar-stari\/#\/schema\/person\/image\/\",\"url\":\"https:\/\/secure.gravatar.com\/avatar\/29557b161a6ce6ab86ac1503164f1e90?s=96&d=mm&r=g\",\"contentUrl\":\"https:\/\/secure.gravatar.com\/avatar\/29557b161a6ce6ab86ac1503164f1e90?s=96&d=mm&r=g\",\"caption\":\"Boris\"},\"url\":\"https:\/\/www.vegaintro-projekti.com\/pilar-stari\/author\/boris\/\"}]}<\/script>\n<!-- \/ Yoast SEO plugin. -->","yoast_head_json":{"title":"Stru\u010dna suradnica u znanosti Suzana Saki\u0107 u emisiji \u201cOkrugli stol ponedjeljkom\u201d Hrvatskog radija, 17. 1. 2022. - Institut dru&scaron;tvenih znanosti Ivo Pilar","robots":{"index":"noindex","follow":"follow","max-snippet":"max-snippet:-1","max-image-preview":"max-image-preview:large","max-video-preview":"max-video-preview:-1"},"og_locale":"hr_HR","og_type":"article","og_title":"Stru\u010dna suradnica u znanosti Suzana Saki\u0107 u emisiji \u201cOkrugli stol ponedjeljkom\u201d Hrvatskog radija, 17. 1. 2022. - Institut dru&scaron;tvenih znanosti Ivo Pilar","og_description":"Suzana Saki\u0107, \u010dlanica CSRP projektnog tima koji radi na istra\u017eivanju besku\u0107ni\u0161tva, 17. sije\u010dnja 2022. gostovala je na 3. programu Hrvatskog radija u emisiji \u201eOkrugli stol ponedjeljkom\u201c Tema emisije bilo je besku\u0107ni\u0161tvo, interes akademske zajednice za ovu temu, promjene uzrokovane korona krizom, EU i nacionalne politike vezane uz besku\u0107ni\u0161tvo te promjene koje su potrebne u sustavu&hellip; Pro\u010ditaj vi\u0161e o Stru\u010dna suradnica u znanosti Suzana Saki\u0107 u emisiji \u201cOkrugli stol ponedjeljkom\u201d Hrvatskog radija, 17. 1. 2022.","og_url":"https:\/\/www.vegaintro-projekti.com\/pilar-stari\/2022\/01\/strucna-suradnica-u-znanosti-suzana-sakic-u-emisiji-okrugli-stol-ponedjeljkom-hrvatskog-radija-17-1-2022\/","og_site_name":"Institut dru&scaron;tvenih znanosti Ivo Pilar","article_published_time":"2022-01-27T21:39:45+00:00","article_modified_time":"2022-01-31T21:49:53+00:00","og_image":[{"width":330,"height":248,"url":"https:\/\/www.vegaintro-projekti.com\/pilar-stari\/wp-content\/uploads\/2022\/01\/Okrugli_stol.jpg","type":"image\/jpeg"}],"author":"Boris","twitter_card":"summary_large_image","twitter_misc":{"Napisao\/la":"Boris","Procijenjeno vrijeme \u010ditanja":"1 minuta"},"schema":{"@context":"https:\/\/schema.org","@graph":[{"@type":"WebPage","@id":"https:\/\/www.vegaintro-projekti.com\/pilar-stari\/2022\/01\/strucna-suradnica-u-znanosti-suzana-sakic-u-emisiji-okrugli-stol-ponedjeljkom-hrvatskog-radija-17-1-2022\/","url":"https:\/\/www.vegaintro-projekti.com\/pilar-stari\/2022\/01\/strucna-suradnica-u-znanosti-suzana-sakic-u-emisiji-okrugli-stol-ponedjeljkom-hrvatskog-radija-17-1-2022\/","name":"Stru\u010dna suradnica u znanosti Suzana Saki\u0107 u emisiji \u201cOkrugli stol ponedjeljkom\u201d Hrvatskog radija, 17. 1. 2022. - Institut dru&scaron;tvenih znanosti Ivo Pilar","isPartOf":{"@id":"https:\/\/www.vegaintro-projekti.com\/pilar-stari\/#website"},"datePublished":"2022-01-27T21:39:45+00:00","dateModified":"2022-01-31T21:49:53+00:00","author":{"@id":"https:\/\/www.vegaintro-projekti.com\/pilar-stari\/#\/schema\/person\/ddd404c9f1e15e4ffef5986ac6a5d28b"},"breadcrumb":{"@id":"https:\/\/www.vegaintro-projekti.com\/pilar-stari\/2022\/01\/strucna-suradnica-u-znanosti-suzana-sakic-u-emisiji-okrugli-stol-ponedjeljkom-hrvatskog-radija-17-1-2022\/#breadcrumb"},"inLanguage":"hr","potentialAction":[{"@type":"ReadAction","target":["https:\/\/www.vegaintro-projekti.com\/pilar-stari\/2022\/01\/strucna-suradnica-u-znanosti-suzana-sakic-u-emisiji-okrugli-stol-ponedjeljkom-hrvatskog-radija-17-1-2022\/"]}]},{"@type":"BreadcrumbList","@id":"https:\/\/www.vegaintro-projekti.com\/pilar-stari\/2022\/01\/strucna-suradnica-u-znanosti-suzana-sakic-u-emisiji-okrugli-stol-ponedjeljkom-hrvatskog-radija-17-1-2022\/#breadcrumb","itemListElement":[{"@type":"ListItem","position":1,"name":"Home","item":"https:\/\/www.vegaintro-projekti.com\/pilar-stari\/"},{"@type":"ListItem","position":2,"name":"Stru\u010dna suradnica u znanosti Suzana Saki\u0107 u emisiji \u201cOkrugli stol ponedjeljkom\u201d Hrvatskog radija, 17. 1. 2022."}]},{"@type":"WebSite","@id":"https:\/\/www.vegaintro-projekti.com\/pilar-stari\/#website","url":"https:\/\/www.vegaintro-projekti.com\/pilar-stari\/","name":"Institut dru&scaron;tvenih znanosti Ivo Pilar","description":"Pilar","potentialAction":[{"@type":"SearchAction","target":{"@type":"EntryPoint","urlTemplate":"https:\/\/www.vegaintro-projekti.com\/pilar-stari\/?s={search_term_string}"},"query-input":"required name=search_term_string"}],"inLanguage":"hr"},{"@type":"Person","@id":"https:\/\/www.vegaintro-projekti.com\/pilar-stari\/#\/schema\/person\/ddd404c9f1e15e4ffef5986ac6a5d28b","name":"Boris","image":{"@type":"ImageObject","inLanguage":"hr","@id":"https:\/\/www.vegaintro-projekti.com\/pilar-stari\/#\/schema\/person\/image\/","url":"https:\/\/secure.gravatar.com\/avatar\/29557b161a6ce6ab86ac1503164f1e90?s=96&d=mm&r=g","contentUrl":"https:\/\/secure.gravatar.com\/avatar\/29557b161a6ce6ab86ac1503164f1e90?s=96&d=mm&r=g","caption":"Boris"},"url":"https:\/\/www.vegaintro-projekti.com\/pilar-stari\/author\/boris\/"}]}},"_links":{"self":[{"href":"https:\/\/www.vegaintro-projekti.com\/pilar-stari\/wp-json\/wp\/v2\/posts\/21555"}],"collection":[{"href":"https:\/\/www.vegaintro-projekti.com\/pilar-stari\/wp-json\/wp\/v2\/posts"}],"about":[{"href":"https:\/\/www.vegaintro-projekti.com\/pilar-stari\/wp-json\/wp\/v2\/types\/post"}],"author":[{"embeddable":true,"href":"https:\/\/www.vegaintro-projekti.com\/pilar-stari\/wp-json\/wp\/v2\/users\/7"}],"replies":[{"embeddable":true,"href":"https:\/\/www.vegaintro-projekti.com\/pilar-stari\/wp-json\/wp\/v2\/comments?post=21555"}],"version-history":[{"count":1,"href":"https:\/\/www.vegaintro-projekti.com\/pilar-stari\/wp-json\/wp\/v2\/posts\/21555\/revisions"}],"predecessor-version":[{"id":21556,"href":"https:\/\/www.vegaintro-projekti.com\/pilar-stari\/wp-json\/wp\/v2\/posts\/21555\/revisions\/21556"}],"wp:featuredmedia":[{"embeddable":true,"href":"https:\/\/www.vegaintro-projekti.com\/pilar-stari\/wp-json\/wp\/v2\/media\/21553"}],"wp:attachment":[{"href":"https:\/\/www.vegaintro-projekti.com\/pilar-stari\/wp-json\/wp\/v2\/media?parent=21555"}],"wp:term":[{"taxonomy":"category","embeddable":true,"href":"https:\/\/www.vegaintro-projekti.com\/pilar-stari\/wp-json\/wp\/v2\/categories?post=21555"},{"taxonomy":"post_tag","embeddable":true,"href":"https:\/\/www.vegaintro-projekti.com\/pilar-stari\/wp-json\/wp\/v2\/tags?post=21555"}],"curies":[{"name":"wp","href":"https:\/\/api.w.org\/{rel}","templated":true}]}}